{"id":5840,"date":"2023-05-10T09:29:37","date_gmt":"2023-05-10T08:29:37","guid":{"rendered":"https:\/\/www.montceautriathlon.com\/blog\/?p=5840"},"modified":"2023-05-25T19:27:02","modified_gmt":"2023-05-25T18:27:02","slug":"aquathlon-cest-dimanche","status":"publish","type":"post","link":"https:\/\/www.montceautriathlon.com\/blog\/2023\/05\/10\/aquathlon-cest-dimanche\/","title":{"rendered":"AQUATHLON: C&rsquo;est dimanche ! Modifications de derni\u00e8re minute \u00e0 prendre en compte&#8230;"},"content":{"rendered":"\n<h2 class=\"has-text-align-center\"><strong><span class=\"has-inline-color has-vivid-red-color\">Attention : Modifications d&rsquo;horaires pour les courses para-aquathlon             et  XXS par \u00e9quipe<\/span><\/strong><\/h2>\n\n\n\n<p><strong><span style=\"text-decoration: underline;\"><span class=\"has-inline-color has-vivid-red-color\">course para-aquathlon : d\u00e9part avanc\u00e9 avec la course open XS du matin<\/span><\/span><\/strong><\/p>\n\n\n\n<ul><li>de 08h00 \u00e0 09h00: Retrait des dossards<\/li><li>09h25: Regroupement Zone d\u2019appel<\/li><li><strong>09h30: D\u00e9part<\/strong><\/li><li>de 13h30 \u00e0 14h00: Podium<\/li><\/ul>\n\n\n\n<p><strong><span style=\"text-decoration: underline;\"><span class=\"has-inline-color has-vivid-red-color\">course XXS par \u00e9quipe en relais : <\/span><\/span><span class=\"has-inline-color has-vivid-red-color\"><span style=\"text-decoration: underline;\">d\u00e9part avanc\u00e9 car course para-aquathlon d\u00e9plac\u00e9e.<\/span><\/span><\/strong>                                                              <strong><span class=\"has-inline-color has-luminous-vivid-orange-color\">NATATION finalement en piscine pour cette course d\u00e9couverte au vu de la m\u00e9t\u00e9o annonc\u00e9e et de la temp\u00e9rature de l&rsquo;eau.<\/span><\/strong><\/p>\n\n\n\n<ul><li>de 08h00 \u00e0 13h45: Retrait des dossards<\/li><li>14h10: Regroupement Zone d\u2019appel<\/li><li><strong>14h15: D\u00e9part<\/strong><\/li><li>de 15h30 \u00e0 16h00: Podium                                                                                                                                                             <span class=\"has-inline-color has-luminous-vivid-orange-color\"><strong>Il est encore temps de vous inscrire jusqu&rsquo;\u00e0 vendredi soir ! <\/strong> <strong> attention, course limit\u00e9e \u00e0 25 \u00e9quipes   <\/strong>                                                                                              <strong>Une course ludique, conviviale \u00e0 partager ensemble pour terminer la journ\u00e9e. On peut faire une course individuelle le matin et une course pour le plaisir de se retrouver en \u00e9quipe \u00e0 ce moment !    <\/strong>        <\/span>                                                                                        <\/li><\/ul>\n\n\n\n<p><strong><span style=\"text-decoration: underline;\">RAPPEL :  <\/span><\/strong>                                                                                                                                                                           <span class=\"has-inline-color has-vivid-purple-color\"><strong>Challenge f\u00e9minin :<\/strong><\/span>                                                                                                                                                              Le club avec le plus de licenci\u00e9es f\u00e9minines sur l&rsquo;ensemble de la journ\u00e9e sera r\u00e9compens\u00e9 \u00e0 l&rsquo;issue de la journ\u00e9e !<\/p>\n\n\n\n<p>Merci de votre compr\u00e9hension !<\/p>\n","protected":false},"excerpt":{"rendered":"<p>Attention : Modifications d&rsquo;horaires pour les courses para-aquathlon et XXS par \u00e9quipe course para-aquathlon : d\u00e9part avanc\u00e9 avec la course open XS du matin de 08h00 \u00e0 09h00: Retrait des dossards 09h25: Regroupement Zone d\u2019appel 09h30: D\u00e9part de 13h30 \u00e0 14h00: Podium course XXS par \u00e9quipe en relais : d\u00e9part avanc\u00e9 car course para-aquathlon d\u00e9plac\u00e9e. [&hellip;]<\/p>\n","protected":false},"author":5,"featured_media":5819,"comment_status":"open","ping_status":"open","sticky":false,"template":"","format":"standard","meta":{"spay_email":"","jetpack_publicize_message":"","jetpack_is_tweetstorm":false},"categories":[1],"tags":[],"jetpack_featured_media_url":"https:\/\/www.montceautriathlon.com\/blog\/wp-content\/uploads\/2023\/04\/Affiche-Aquathlon-2023.png","jetpack_publicize_connections":[],"jetpack_sharing_enabled":true,"jetpack_shortlink":"https:\/\/wp.me\/p8bwIy-1wc","jetpack-related-posts":[{"id":6784,"url":"https:\/\/www.montceautriathlon.com\/blog\/2024\/05\/19\/aquathlon-de-montceau-les-resultats-de-nos-licencies\/","url_meta":{"origin":5840,"position":0},"title":"Aquathlon de Montceau: les r\u00e9sultats de nos licenci\u00e9s","date":"19 mai 2024","format":false,"excerpt":"L'\u00e9cole de triathlon de Montceau s'est retrouv\u00e9e en grand nombre sur les diff\u00e9rentes \u00e9preuves de l'aquathlon. Voici tous les r\u00e9sultats: Aquathlon 6\/9 ans:Come Pradier, 11e au scratch et 8e poussinTiana Magnien, 14e au scratch et 5e poussineEliott Rondier, 18e au scratch et 12e poussinRoxane Turpin, 21e au scratch et 7e\u2026","rel":"","context":"Dans &quot;Non class\u00e9&quot;","img":{"alt_text":"","src":"https:\/\/i0.wp.com\/www.montceautriathlon.com\/blog\/wp-content\/uploads\/2024\/05\/IMG_1148-scaled.jpg?resize=350%2C200&ssl=1","width":350,"height":200},"classes":[]},{"id":7573,"url":"https:\/\/www.montceautriathlon.com\/blog\/2025\/05\/25\/aquathlon-de-montceau-les-mines\/","url_meta":{"origin":5840,"position":1},"title":"Aquathlon de Montceau les Mines","date":"25 mai 2025","format":false,"excerpt":"De nombreux licenci\u00e9s jeunes et adultes de Montceau Triathlon ont particip\u00e9 \u00e0 notre aquathlon le 11 mai 2025. Voici tous les r\u00e9sultats: Course 6\/9 ans: Chez les mini poussines, Elina Magnien termine sur la 3e marche du podium, suivi par Ambre Th\u00e9venet (5e) et Alice Dugne (6e) Chez les mini\u2026","rel":"","context":"Dans &quot;Non class\u00e9&quot;","img":{"alt_text":"","src":"https:\/\/i1.wp.com\/www.montceautriathlon.com\/blog\/wp-content\/uploads\/2025\/05\/IMG_20831-6-scaled.jpg?resize=350%2C200&ssl=1","width":350,"height":200},"classes":[]},{"id":7548,"url":"https:\/\/www.montceautriathlon.com\/blog\/2025\/05\/22\/11-mai-2025-aquathlon-de-montceau-les-mines\/","url_meta":{"origin":5840,"position":2},"title":"11 mai 2025: aquathlon de Montceau les Mines","date":"22 mai 2025","format":false,"excerpt":"L'\u00e9quipe de Montceau triathlon a organis\u00e9 sont traditionnel aquathlon ce dimanche 11 mai sur le site du Plessis. Cette \u00e9preuve a \u00e9t\u00e9 comme les ann\u00e9es pr\u00e9c\u00e9dentes s\u00e9lective pour les championnats de France jeune d'aquathlon qui auront lieu le 5 juillet \u00e0 Angoul\u00eame. Cette nouvelle \u00e9dition s\u2019est d\u00e9roul\u00e9e sous un beau\u2026","rel":"","context":"Dans &quot;Non class\u00e9&quot;","img":{"alt_text":"","src":"https:\/\/i2.wp.com\/www.montceautriathlon.com\/blog\/wp-content\/uploads\/2025\/05\/IMG_2196-scaled.jpg?resize=350%2C200&ssl=1","width":350,"height":200},"classes":[]},{"id":4266,"url":"https:\/\/www.montceautriathlon.com\/blog\/2021\/06\/29\/aquathlon-le-plaisir-de-se-retrouver\/","url_meta":{"origin":5840,"position":3},"title":"Aquathlon : le plaisir de se retrouver !","date":"29 juin 2021","format":false,"excerpt":"Notre aquathlon a \u00e9t\u00e9 une r\u00e9ussite. La ligue, les arbitres, la municipalit\u00e9, les comp\u00e9titeurs, les parents enchant\u00e9s par cette \u00e9preuve qui plus est sous le soleil ! Une belle journ\u00e9e bien soulign\u00e9e par la presse locale. Il faut f\u00e9liciter toute notre jeune \u00e9cole de triathlon qui a particip\u00e9 en nombre\u2026","rel":"","context":"Dans &quot;Non class\u00e9&quot;","img":{"alt_text":"","src":"https:\/\/i0.wp.com\/www.montceautriathlon.com\/blog\/wp-content\/uploads\/2021\/06\/aquathlion1.jpg?resize=350%2C200&ssl=1","width":350,"height":200},"classes":[]},{"id":8765,"url":"https:\/\/www.montceautriathlon.com\/blog\/2026\/04\/01\/aquathlon-de-la-verrerie\/","url_meta":{"origin":5840,"position":4},"title":"Aquathlon de la Verrerie","date":"1 avril 2026","format":false,"excerpt":"Ce dimanche 29 mars, nos jeunes ont pris part au 1r aquathlon de la saison au Creusot avec des conditions m\u00e9t\u00e9o tr\u00e8s fraiche. Sur la course XS, Axelle Da Eira termine la course en 18min 05 (4e MIF). Jules Vinck le r\u00e9alise \u00e9galement en 18min 05 (4e BeH). Arrivent ensuite\u2026","rel":"","context":"Dans &quot;Non class\u00e9&quot;","img":{"alt_text":"","src":"https:\/\/i2.wp.com\/www.montceautriathlon.com\/blog\/wp-content\/uploads\/2026\/04\/IMG_0334.jpg?resize=350%2C200&ssl=1","width":350,"height":200},"classes":[]},{"id":3071,"url":"https:\/\/www.montceautriathlon.com\/blog\/2019\/07\/15\/14-juillet-2019-aquathlon-du-bourget-un-beau-sujet\/","url_meta":{"origin":5840,"position":5},"title":"14 juillet 2019, Aquathlon du Bourget : un beau sujet !","date":"15 juillet 2019","format":false,"excerpt":"Plus rien n 'arr\u00eate Philippe Renard ! Et il nous met l'eau \u00e0 la bouche ! On saute, on nage 3km dans le lac et on court 10km autour du lac ! Un aquathlon bien all\u00e9chant \u00e0 noter sur nos agendas. Et m\u00eame si ce fut pas un feu d'artifice\u2026","rel":"","context":"Dans &quot;Non class\u00e9&quot;","img":{"alt_text":"","src":"","width":0,"height":0},"classes":[]}],"_links":{"self":[{"href":"https:\/\/www.montceautriathlon.com\/blog\/wp-json\/wp\/v2\/posts\/5840"}],"collection":[{"href":"https:\/\/www.montceautriathlon.com\/blog\/wp-json\/wp\/v2\/posts"}],"about":[{"href":"https:\/\/www.montceautriathlon.com\/blog\/wp-json\/wp\/v2\/types\/post"}],"author":[{"embeddable":true,"href":"https:\/\/www.montceautriathlon.com\/blog\/wp-json\/wp\/v2\/users\/5"}],"replies":[{"embeddable":true,"href":"https:\/\/www.montceautriathlon.com\/blog\/wp-json\/wp\/v2\/comments?post=5840"}],"version-history":[{"count":3,"href":"https:\/\/www.montceautriathlon.com\/blog\/wp-json\/wp\/v2\/posts\/5840\/revisions"}],"predecessor-version":[{"id":5886,"href":"https:\/\/www.montceautriathlon.com\/blog\/wp-json\/wp\/v2\/posts\/5840\/revisions\/5886"}],"wp:featuredmedia":[{"embeddable":true,"href":"https:\/\/www.montceautriathlon.com\/blog\/wp-json\/wp\/v2\/media\/5819"}],"wp:attachment":[{"href":"https:\/\/www.montceautriathlon.com\/blog\/wp-json\/wp\/v2\/media?parent=5840"}],"wp:term":[{"taxonomy":"category","embeddable":true,"href":"https:\/\/www.montceautriathlon.com\/blog\/wp-json\/wp\/v2\/categories?post=5840"},{"taxonomy":"post_tag","embeddable":true,"href":"https:\/\/www.montceautriathlon.com\/blog\/wp-json\/wp\/v2\/tags?post=5840"}],"curies":[{"name":"wp","href":"https:\/\/api.w.org\/{rel}","templated":true}]}}