{"id":5740,"date":"2023-04-05T13:40:04","date_gmt":"2023-04-05T12:40:04","guid":{"rendered":"https:\/\/www.montceautriathlon.com\/blog\/?p=5740"},"modified":"2023-04-05T13:40:32","modified_gmt":"2023-04-05T12:40:32","slug":"tous-ensemble","status":"publish","type":"post","link":"https:\/\/www.montceautriathlon.com\/blog\/2023\/04\/05\/tous-ensemble\/","title":{"rendered":"TOUS ENSEMBLE !"},"content":{"rendered":"\n<p>A M\u00e2con la semaine derni\u00e8re, o\u00f9 le club s\u2019\u00e9tait d\u00e9plac\u00e9 en nombre,&nbsp;&nbsp;<strong>Jeanne Rondier<\/strong> s\u2019est qualifi\u00e9e pour l\u2019\u00e9preuve cadette des&nbsp;&nbsp;Championnats de France&nbsp;&nbsp;\u00e0 Ch\u00e2teauroux ce dimanche !<strong>&nbsp;<\/strong>Une seconde qualification apr\u00e8s celle de l\u2019ann\u00e9e derni\u00e8re&nbsp;! L\u2019occasion d\u2019effacer la d\u00e9ception d\u2019avoir d\u00fb abandonner sur chute \u00e0 sa premi\u00e8re participation. Une nouvelle belle performance pour notre championne de Bourgogne de Cross country UNSS de sa cat\u00e9gorie. Une nouvelle course au plus haut niveau en perspective qui lui apportera encore beaucoup d\u2019exp\u00e9rience. <\/p>\n\n\n\n<p><strong>Pascal Vaury<\/strong> quant \u00e0 lui s\u2019\u00e9lancera \u00e0 Ibiza \u00e0 la fin du mois\u00a0(apr\u00e8s avoir obtenu sa qualification gr\u00e2ce \u00e0 ses performances),\u00a0sur le parcours des championnats du monde de duathlon\u00a0dans sa classe d\u2019\u00e2ge des 60\/65 ans. Un vrai challenge apr\u00e8s sa 5\u00e8me place obtenue il y a 10 ans sur ces m\u00eames championnats avec de r\u00e9elles chances d\u2019approcher et d\u2019accrocher le podium.<\/p>\n\n\n\n<p>Deux beaux parcours qui m\u00e9ritent tout nos encouragements. <\/p>\n\n\n\n<figure class=\"wp-block-gallery columns-1 is-cropped\"><ul data-carousel-extra='{\"blog_id\":1,\"permalink\":\"https:\\\/\\\/www.montceautriathlon.com\\\/blog\\\/2023\\\/04\\\/05\\\/tous-ensemble\\\/\"}' class=\"blocks-gallery-grid\"><li class=\"blocks-gallery-item\"><figure><a href=\"https:\/\/www.montceautriathlon.com\/blog\/wp-content\/uploads\/2023\/04\/tous-ensemble-.png\"><img data-attachment-id=\"5741\" data-permalink=\"https:\/\/www.montceautriathlon.com\/blog\/2023\/04\/05\/tous-ensemble\/tous-ensemble\/\" data-orig-file=\"https:\/\/www.montceautriathlon.com\/blog\/wp-content\/uploads\/2023\/04\/tous-ensemble-.png\" data-orig-size=\"706,702\" data-comments-opened=\"1\" data-image-meta=\"{&quot;aperture&quot;:&quot;0&quot;,&quot;credit&quot;:&quot;&quot;,&quot;camera&quot;:&quot;&quot;,&quot;caption&quot;:&quot;&quot;,&quot;created_timestamp&quot;:&quot;0&quot;,&quot;copyright&quot;:&quot;&quot;,&quot;focal_length&quot;:&quot;0&quot;,&quot;iso&quot;:&quot;0&quot;,&quot;shutter_speed&quot;:&quot;0&quot;,&quot;title&quot;:&quot;&quot;,&quot;orientation&quot;:&quot;0&quot;}\" data-image-title=\"tous-ensemble-\" data-image-description=\"\" data-image-caption=\"\" data-medium-file=\"https:\/\/www.montceautriathlon.com\/blog\/wp-content\/uploads\/2023\/04\/tous-ensemble--300x298.png\" data-large-file=\"https:\/\/www.montceautriathlon.com\/blog\/wp-content\/uploads\/2023\/04\/tous-ensemble-.png\" loading=\"lazy\" width=\"706\" height=\"702\" src=\"https:\/\/www.montceautriathlon.com\/blog\/wp-content\/uploads\/2023\/04\/tous-ensemble-.png\" alt=\"\" data-id=\"5741\" data-full-url=\"https:\/\/www.montceautriathlon.com\/blog\/wp-content\/uploads\/2023\/04\/tous-ensemble-.png\" data-link=\"https:\/\/www.montceautriathlon.com\/blog\/?attachment_id=5741\" class=\"wp-image-5741\" srcset=\"https:\/\/www.montceautriathlon.com\/blog\/wp-content\/uploads\/2023\/04\/tous-ensemble-.png 706w, https:\/\/www.montceautriathlon.com\/blog\/wp-content\/uploads\/2023\/04\/tous-ensemble--300x298.png 300w, https:\/\/www.montceautriathlon.com\/blog\/wp-content\/uploads\/2023\/04\/tous-ensemble--150x150.png 150w\" sizes=\"(max-width: 706px) 100vw, 706px\" \/><\/a><\/figure><\/li><\/ul><\/figure>\n","protected":false},"excerpt":{"rendered":"<p>A M\u00e2con la semaine derni\u00e8re, o\u00f9 le club s\u2019\u00e9tait d\u00e9plac\u00e9 en nombre,&nbsp;&nbsp;Jeanne Rondier s\u2019est qualifi\u00e9e pour l\u2019\u00e9preuve cadette des&nbsp;&nbsp;Championnats de France&nbsp;&nbsp;\u00e0 Ch\u00e2teauroux ce dimanche !&nbsp;Une seconde qualification apr\u00e8s celle de l\u2019ann\u00e9e derni\u00e8re&nbsp;! L\u2019occasion d\u2019effacer la d\u00e9ception d\u2019avoir d\u00fb abandonner sur chute \u00e0 sa premi\u00e8re participation. Une nouvelle belle performance pour notre championne de Bourgogne de [&hellip;]<\/p>\n","protected":false},"author":2,"featured_media":5741,"comment_status":"open","ping_status":"open","sticky":false,"template":"","format":"standard","meta":{"spay_email":"","jetpack_publicize_message":"","jetpack_is_tweetstorm":false},"categories":[1],"tags":[],"jetpack_featured_media_url":"https:\/\/www.montceautriathlon.com\/blog\/wp-content\/uploads\/2023\/04\/tous-ensemble-.png","jetpack_publicize_connections":[],"jetpack_sharing_enabled":true,"jetpack_shortlink":"https:\/\/wp.me\/p8bwIy-1uA","jetpack-related-posts":[{"id":2814,"url":"https:\/\/www.montceautriathlon.com\/blog\/2019\/05\/17\/12-mai-2019-triathlon-dautun-matin-chagrin\/","url_meta":{"origin":5740,"position":0},"title":"12 mai 2019, Triathlon d&rsquo;Autun : matin chagrin !","date":"17 mai 2019","format":false,"excerpt":"L'eau du plan d'eau du Vallon \u00e0 Autun \u00e9tait particuli\u00e8rement fraiche pour ne pas dire froide(proche des 10\u00b0 !) avec pour cons\u00e9quence la transformation du triathlon S en duathlon et de\u00a0 la premi\u00e8re \u00e9preuve (benjamines et minimes F)\u00a0 des demi-finales jeunes de triathlon zone grand Est qualificatives pour les Championnats\u2026","rel":"","context":"Dans &quot;Non class\u00e9&quot;","img":{"alt_text":"","src":"https:\/\/i1.wp.com\/montceautriathlon.com\/blog\/wp-content\/uploads\/2019\/05\/Autun-12-mai-300x225.jpg?resize=350%2C200","width":350,"height":200},"classes":[]},{"id":5031,"url":"https:\/\/www.montceautriathlon.com\/blog\/2022\/05\/10\/championnat-de-france-jeunes-de-duathlon-a-chateauroux-une-nouvelle-bonne-experience-malgre-la-deception\/","url_meta":{"origin":5740,"position":1},"title":"Championnat de France jeunes de duathlon \u00e0 Ch\u00e2teauroux : une nouvelle bonne exp\u00e9rience malgr\u00e9 la d\u00e9ception.","date":"10 mai 2022","format":false,"excerpt":"Ce week-end \u00e0 Ch\u00e2teauroux, Jeanne Rondier se lan\u00e7ait sur ses deuxi\u00e8mes championnats de France minime de duathlon apr\u00e8s s'\u00eatre qualifi\u00e9e il y a peu \u00e0 M\u00e2con lors des s\u00e9lections r\u00e9gionales. Un niveau tr\u00e8s relev\u00e9 auquel est venu s'ajouter les premi\u00e8res chaleurs de la saison. Jeanne a bien n\u00e9goci\u00e9 le premier\u2026","rel":"","context":"Dans &quot;Non class\u00e9&quot;","img":{"alt_text":"","src":"https:\/\/i2.wp.com\/www.montceautriathlon.com\/blog\/wp-content\/uploads\/2022\/05\/IMG-20220508-WA0010.jpg?resize=350%2C200&ssl=1","width":350,"height":200},"classes":[]},{"id":4573,"url":"https:\/\/www.montceautriathlon.com\/blog\/2021\/09\/27\/championnat-de-france-de-duathlon-une-premiere-pour-jeanne-rondier\/","url_meta":{"origin":5740,"position":2},"title":"Championnat de France de Duathlon : Une premi\u00e8re pour Jeanne Rondier.","date":"27 septembre 2021","format":false,"excerpt":"Apr\u00e8s Zo\u00e9 Da Eira qualifi\u00e9e pour la premi\u00e8re fois aux Championnats de France d'aquathlon, ce fut le tour de Jeanne Rondier de porter haut les couleurs du club \u00e0 Noyon dans l'Oise ce dimanche matin en duathlon. Une premi\u00e8re aussi ! 72\u00e8me sur 115 participantes. Une belle exp\u00e9rience ! F\u00e9licitations\u2026","rel":"","context":"Dans &quot;Non class\u00e9&quot;","img":{"alt_text":"","src":"https:\/\/i2.wp.com\/www.montceautriathlon.com\/blog\/wp-content\/uploads\/2021\/09\/jeanne-CDF-Noyon.jpg?resize=350%2C200&ssl=1","width":350,"height":200},"classes":[]},{"id":1046,"url":"https:\/\/www.montceautriathlon.com\/blog\/2017\/01\/20\/affiche-des-championnats-de-france-daquathlon-2017\/","url_meta":{"origin":5740,"position":3},"title":"Affiche des Championnats de France d&rsquo;Aquathlon 2017","date":"20 janvier 2017","format":false,"excerpt":"Toute nouvelle, toute fra\u00eeche, voici la nouvelle affiche des championnats de France d'Aquathlon 2017 qui vont se d\u00e9rouler le week-end du 8&9 juillet 2017, \u00e0 Montceau-les-Mines. Programme: Samedi 08 juillet 2017 Championnat de France d'Aquathlon (Benjamins \u00e0 v\u00e9t\u00e9rans) Dimanche 09 juillet 2017 Triathlon pour tous (3 courses jeunes \u00e0 partir\u2026","rel":"","context":"Dans &quot;Non class\u00e9&quot;","img":{"alt_text":"","src":"https:\/\/i2.wp.com\/montceautriathlon.com\/blog\/wp-content\/uploads\/2017\/01\/Affiche_Aquathlon_2017-211x300.jpg?resize=350%2C200","width":350,"height":200},"classes":[]},{"id":4839,"url":"https:\/\/www.montceautriathlon.com\/blog\/2022\/02\/08\/class-triathlon-a-montceau-la-classe\/","url_meta":{"origin":5740,"position":4},"title":"Class Triathlon \u00e0 Montceau : la classe !","date":"8 f\u00e9vrier 2022","format":false,"excerpt":"Ce dimanche 6 f\u00e9vrier, le club avait invit\u00e9 ses homologues du d\u00e9partement \u00e0 venir tester ses benjamin(e)s, minime()s, cadet(te)s et junior(e)s sur la piste le matin et \u00e0 la piscine l'apr\u00e8s-midi. Les clubs de Bourbon, Autun, Chalon et M\u00e2con sont donc venus se mesurer aux jeunes montcelliens et v\u00e9rifier avec\u2026","rel":"","context":"Dans &quot;Non class\u00e9&quot;","img":{"alt_text":"","src":"https:\/\/i0.wp.com\/www.montceautriathlon.com\/blog\/wp-content\/uploads\/2022\/02\/78F8B5EE-C417-4E6D-A52F-E1D0C5BF82BB.jpg?resize=350%2C200&ssl=1","width":350,"height":200},"classes":[]},{"id":2663,"url":"https:\/\/www.montceautriathlon.com\/blog\/2019\/03\/26\/24-03-19-duathlon-de-macon-debut-de-saison-et-plein-demotions\/","url_meta":{"origin":5740,"position":5},"title":"24\/03\/19, Duathlon de M\u00e2con : d\u00e9but de saison et plein d&rsquo;\u00e9motions !","date":"26 mars 2019","format":false,"excerpt":"M\u00e2con \u00e9tait ce dimanche lieu des Championnats de Bourgogne Franche Comt\u00e9 de Duathlon toutes cat\u00e9gories et \u00e9preuve s\u00e9lective au Championnat de France de Duathlon Jeunes,\u00a0 \u00e0 la Coupe de France des clubs et \u00e0 la demi-finale des championnats de France de D2 f\u00e9minine et D3 masculine. Le printemps et son\u2026","rel":"","context":"Dans &quot;Non class\u00e9&quot;","img":{"alt_text":"","src":"https:\/\/i0.wp.com\/montceautriathlon.com\/blog\/wp-content\/uploads\/2019\/03\/Duathlon-Macon-03-19-38-300x225.jpg?resize=350%2C200","width":350,"height":200},"classes":[]}],"_links":{"self":[{"href":"https:\/\/www.montceautriathlon.com\/blog\/wp-json\/wp\/v2\/posts\/5740"}],"collection":[{"href":"https:\/\/www.montceautriathlon.com\/blog\/wp-json\/wp\/v2\/posts"}],"about":[{"href":"https:\/\/www.montceautriathlon.com\/blog\/wp-json\/wp\/v2\/types\/post"}],"author":[{"embeddable":true,"href":"https:\/\/www.montceautriathlon.com\/blog\/wp-json\/wp\/v2\/users\/2"}],"replies":[{"embeddable":true,"href":"https:\/\/www.montceautriathlon.com\/blog\/wp-json\/wp\/v2\/comments?post=5740"}],"version-history":[{"count":2,"href":"https:\/\/www.montceautriathlon.com\/blog\/wp-json\/wp\/v2\/posts\/5740\/revisions"}],"predecessor-version":[{"id":5743,"href":"https:\/\/www.montceautriathlon.com\/blog\/wp-json\/wp\/v2\/posts\/5740\/revisions\/5743"}],"wp:featuredmedia":[{"embeddable":true,"href":"https:\/\/www.montceautriathlon.com\/blog\/wp-json\/wp\/v2\/media\/5741"}],"wp:attachment":[{"href":"https:\/\/www.montceautriathlon.com\/blog\/wp-json\/wp\/v2\/media?parent=5740"}],"wp:term":[{"taxonomy":"category","embeddable":true,"href":"https:\/\/www.montceautriathlon.com\/blog\/wp-json\/wp\/v2\/categories?post=5740"},{"taxonomy":"post_tag","embeddable":true,"href":"https:\/\/www.montceautriathlon.com\/blog\/wp-json\/wp\/v2\/tags?post=5740"}],"curies":[{"name":"wp","href":"https:\/\/api.w.org\/{rel}","templated":true}]}}