{"id":5614,"date":"2023-03-22T16:25:34","date_gmt":"2023-03-22T15:25:34","guid":{"rendered":"https:\/\/www.montceautriathlon.com\/blog\/?p=5614"},"modified":"2023-03-22T16:25:37","modified_gmt":"2023-03-22T15:25:37","slug":"trail-du-mont-saint-romain","status":"publish","type":"post","link":"https:\/\/www.montceautriathlon.com\/blog\/2023\/03\/22\/trail-du-mont-saint-romain\/","title":{"rendered":"Trail du Mont Saint Romain"},"content":{"rendered":"\n<p>Quelques licenci\u00e9s du club se sont retrouv\u00e9s \u00e0 Cortambert ce dimanche 19 mars pour participer au trail du Mont Saint Romain, traversant plusieurs commune comme Blanot, Bray et Chissey-l\u00e8s-M\u00e2con. <\/p>\n\n\n\n<p>Pour les 17km : 61e Berthier Lionel 1h41 4e de sa cat\u00e9gorie (M4H) \/ 88e Boukhitine Kamel 1h49 4e de sa cat\u00e9gorie (M5H) \/ 144e Pelin Marie Agnes 2h06 4e de sa cat\u00e9gorie (M5F) \/ 151e Desars Laurence 2h15 8e de sa cat\u00e9gorie (M3F)<\/p>\n\n\n\n<p>Pour le 11km : 10e Louis Aerts 49:40 et 4e de sa cat\u00e9gorie (CAH) \/ 17e Pluchot Herv\u00e9 52:55 et 1er de sa cat\u00e9gorie (M1H) \/ 73e Berthier Marie Pierre 1h17 2e de sa cat\u00e9gorie (M4F) \/ 74e Lamborot Anne 1h17 et 3e de sa cat\u00e9gorie (M4F)<\/p>\n\n\n\n<p>Vive le trail ! Courir plus longtemps en t&rsquo;amusant plus ! F\u00e9licitations !<\/p>\n\n\n\n<figure class=\"wp-block-gallery columns-3 is-cropped\"><ul data-carousel-extra='{\"blog_id\":1,\"permalink\":\"https:\\\/\\\/www.montceautriathlon.com\\\/blog\\\/2023\\\/03\\\/22\\\/trail-du-mont-saint-romain\\\/\"}' class=\"blocks-gallery-grid\"><li class=\"blocks-gallery-item\"><figure><a href=\"https:\/\/www.montceautriathlon.com\/blog\/wp-content\/uploads\/2023\/03\/12-1024x682.jpg\"><img data-attachment-id=\"5615\" data-permalink=\"https:\/\/www.montceautriathlon.com\/blog\/2023\/03\/22\/trail-du-mont-saint-romain\/12-2\/\" data-orig-file=\"https:\/\/www.montceautriathlon.com\/blog\/wp-content\/uploads\/2023\/03\/12.jpg\" data-orig-size=\"1286,857\" data-comments-opened=\"1\" data-image-meta=\"{&quot;aperture&quot;:&quot;0&quot;,&quot;credit&quot;:&quot;&quot;,&quot;camera&quot;:&quot;&quot;,&quot;caption&quot;:&quot;&quot;,&quot;created_timestamp&quot;:&quot;0&quot;,&quot;copyright&quot;:&quot;&quot;,&quot;focal_length&quot;:&quot;0&quot;,&quot;iso&quot;:&quot;0&quot;,&quot;shutter_speed&quot;:&quot;0&quot;,&quot;title&quot;:&quot;&quot;,&quot;orientation&quot;:&quot;1&quot;}\" data-image-title=\"12\" data-image-description=\"\" data-image-caption=\"\" data-medium-file=\"https:\/\/www.montceautriathlon.com\/blog\/wp-content\/uploads\/2023\/03\/12-300x200.jpg\" data-large-file=\"https:\/\/www.montceautriathlon.com\/blog\/wp-content\/uploads\/2023\/03\/12-1024x682.jpg\" loading=\"lazy\" width=\"1024\" height=\"682\" src=\"https:\/\/www.montceautriathlon.com\/blog\/wp-content\/uploads\/2023\/03\/12-1024x682.jpg\" alt=\"\" data-id=\"5615\" data-link=\"https:\/\/www.montceautriathlon.com\/blog\/?attachment_id=5615\" class=\"wp-image-5615\" srcset=\"https:\/\/www.montceautriathlon.com\/blog\/wp-content\/uploads\/2023\/03\/12-1024x682.jpg 1024w, https:\/\/www.montceautriathlon.com\/blog\/wp-content\/uploads\/2023\/03\/12-300x200.jpg 300w, https:\/\/www.montceautriathlon.com\/blog\/wp-content\/uploads\/2023\/03\/12-768x512.jpg 768w, https:\/\/www.montceautriathlon.com\/blog\/wp-content\/uploads\/2023\/03\/12.jpg 1286w\" sizes=\"(max-width: 1024px) 100vw, 1024px\" \/><\/a><\/figure><\/li><li class=\"blocks-gallery-item\"><figure><a href=\"https:\/\/www.montceautriathlon.com\/blog\/wp-content\/uploads\/2023\/03\/13-1024x682.jpg\"><img data-attachment-id=\"5616\" data-permalink=\"https:\/\/www.montceautriathlon.com\/blog\/2023\/03\/22\/trail-du-mont-saint-romain\/13-2\/\" data-orig-file=\"https:\/\/www.montceautriathlon.com\/blog\/wp-content\/uploads\/2023\/03\/13.jpg\" data-orig-size=\"1286,857\" data-comments-opened=\"1\" data-image-meta=\"{&quot;aperture&quot;:&quot;0&quot;,&quot;credit&quot;:&quot;&quot;,&quot;camera&quot;:&quot;&quot;,&quot;caption&quot;:&quot;&quot;,&quot;created_timestamp&quot;:&quot;0&quot;,&quot;copyright&quot;:&quot;&quot;,&quot;focal_length&quot;:&quot;0&quot;,&quot;iso&quot;:&quot;0&quot;,&quot;shutter_speed&quot;:&quot;0&quot;,&quot;title&quot;:&quot;&quot;,&quot;orientation&quot;:&quot;1&quot;}\" data-image-title=\"13\" data-image-description=\"\" data-image-caption=\"\" data-medium-file=\"https:\/\/www.montceautriathlon.com\/blog\/wp-content\/uploads\/2023\/03\/13-300x200.jpg\" data-large-file=\"https:\/\/www.montceautriathlon.com\/blog\/wp-content\/uploads\/2023\/03\/13-1024x682.jpg\" loading=\"lazy\" width=\"1024\" height=\"682\" src=\"https:\/\/www.montceautriathlon.com\/blog\/wp-content\/uploads\/2023\/03\/13-1024x682.jpg\" alt=\"\" data-id=\"5616\" data-link=\"https:\/\/www.montceautriathlon.com\/blog\/?attachment_id=5616\" class=\"wp-image-5616\" srcset=\"https:\/\/www.montceautriathlon.com\/blog\/wp-content\/uploads\/2023\/03\/13-1024x682.jpg 1024w, https:\/\/www.montceautriathlon.com\/blog\/wp-content\/uploads\/2023\/03\/13-300x200.jpg 300w, https:\/\/www.montceautriathlon.com\/blog\/wp-content\/uploads\/2023\/03\/13-768x512.jpg 768w, https:\/\/www.montceautriathlon.com\/blog\/wp-content\/uploads\/2023\/03\/13.jpg 1286w\" sizes=\"(max-width: 1024px) 100vw, 1024px\" \/><\/a><\/figure><\/li><li class=\"blocks-gallery-item\"><figure><a href=\"https:\/\/www.montceautriathlon.com\/blog\/wp-content\/uploads\/2023\/03\/14-682x1024.jpg\"><img data-attachment-id=\"5617\" data-permalink=\"https:\/\/www.montceautriathlon.com\/blog\/2023\/03\/22\/trail-du-mont-saint-romain\/attachment\/14\/\" data-orig-file=\"https:\/\/www.montceautriathlon.com\/blog\/wp-content\/uploads\/2023\/03\/14.jpg\" data-orig-size=\"1066,1600\" data-comments-opened=\"1\" data-image-meta=\"{&quot;aperture&quot;:&quot;0&quot;,&quot;credit&quot;:&quot;&quot;,&quot;camera&quot;:&quot;&quot;,&quot;caption&quot;:&quot;&quot;,&quot;created_timestamp&quot;:&quot;0&quot;,&quot;copyright&quot;:&quot;&quot;,&quot;focal_length&quot;:&quot;0&quot;,&quot;iso&quot;:&quot;0&quot;,&quot;shutter_speed&quot;:&quot;0&quot;,&quot;title&quot;:&quot;&quot;,&quot;orientation&quot;:&quot;1&quot;}\" data-image-title=\"14\" data-image-description=\"\" data-image-caption=\"\" data-medium-file=\"https:\/\/www.montceautriathlon.com\/blog\/wp-content\/uploads\/2023\/03\/14-200x300.jpg\" data-large-file=\"https:\/\/www.montceautriathlon.com\/blog\/wp-content\/uploads\/2023\/03\/14-682x1024.jpg\" loading=\"lazy\" width=\"682\" height=\"1024\" src=\"https:\/\/www.montceautriathlon.com\/blog\/wp-content\/uploads\/2023\/03\/14-682x1024.jpg\" alt=\"\" data-id=\"5617\" data-link=\"https:\/\/www.montceautriathlon.com\/blog\/?attachment_id=5617\" class=\"wp-image-5617\" srcset=\"https:\/\/www.montceautriathlon.com\/blog\/wp-content\/uploads\/2023\/03\/14-682x1024.jpg 682w, https:\/\/www.montceautriathlon.com\/blog\/wp-content\/uploads\/2023\/03\/14-200x300.jpg 200w, https:\/\/www.montceautriathlon.com\/blog\/wp-content\/uploads\/2023\/03\/14-768x1153.jpg 768w, https:\/\/www.montceautriathlon.com\/blog\/wp-content\/uploads\/2023\/03\/14-1023x1536.jpg 1023w, https:\/\/www.montceautriathlon.com\/blog\/wp-content\/uploads\/2023\/03\/14.jpg 1066w\" sizes=\"(max-width: 682px) 100vw, 682px\" \/><\/a><\/figure><\/li><li class=\"blocks-gallery-item\"><figure><a href=\"https:\/\/www.montceautriathlon.com\/blog\/wp-content\/uploads\/2023\/03\/15-1024x682.jpg\"><img data-attachment-id=\"5618\" data-permalink=\"https:\/\/www.montceautriathlon.com\/blog\/2023\/03\/22\/trail-du-mont-saint-romain\/15-2\/\" data-orig-file=\"https:\/\/www.montceautriathlon.com\/blog\/wp-content\/uploads\/2023\/03\/15.jpg\" data-orig-size=\"1286,857\" data-comments-opened=\"1\" data-image-meta=\"{&quot;aperture&quot;:&quot;0&quot;,&quot;credit&quot;:&quot;&quot;,&quot;camera&quot;:&quot;&quot;,&quot;caption&quot;:&quot;&quot;,&quot;created_timestamp&quot;:&quot;0&quot;,&quot;copyright&quot;:&quot;&quot;,&quot;focal_length&quot;:&quot;0&quot;,&quot;iso&quot;:&quot;0&quot;,&quot;shutter_speed&quot;:&quot;0&quot;,&quot;title&quot;:&quot;&quot;,&quot;orientation&quot;:&quot;1&quot;}\" data-image-title=\"15\" data-image-description=\"\" data-image-caption=\"\" data-medium-file=\"https:\/\/www.montceautriathlon.com\/blog\/wp-content\/uploads\/2023\/03\/15-300x200.jpg\" data-large-file=\"https:\/\/www.montceautriathlon.com\/blog\/wp-content\/uploads\/2023\/03\/15-1024x682.jpg\" loading=\"lazy\" width=\"1024\" height=\"682\" src=\"https:\/\/www.montceautriathlon.com\/blog\/wp-content\/uploads\/2023\/03\/15-1024x682.jpg\" alt=\"\" data-id=\"5618\" data-link=\"https:\/\/www.montceautriathlon.com\/blog\/?attachment_id=5618\" class=\"wp-image-5618\" srcset=\"https:\/\/www.montceautriathlon.com\/blog\/wp-content\/uploads\/2023\/03\/15-1024x682.jpg 1024w, https:\/\/www.montceautriathlon.com\/blog\/wp-content\/uploads\/2023\/03\/15-300x200.jpg 300w, https:\/\/www.montceautriathlon.com\/blog\/wp-content\/uploads\/2023\/03\/15-768x512.jpg 768w, https:\/\/www.montceautriathlon.com\/blog\/wp-content\/uploads\/2023\/03\/15.jpg 1286w\" sizes=\"(max-width: 1024px) 100vw, 1024px\" \/><\/a><\/figure><\/li><li class=\"blocks-gallery-item\"><figure><a href=\"https:\/\/www.montceautriathlon.com\/blog\/wp-content\/uploads\/2023\/03\/16-682x1024.jpg\"><img data-attachment-id=\"5619\" data-permalink=\"https:\/\/www.montceautriathlon.com\/blog\/2023\/03\/22\/trail-du-mont-saint-romain\/attachment\/16\/\" data-orig-file=\"https:\/\/www.montceautriathlon.com\/blog\/wp-content\/uploads\/2023\/03\/16.jpg\" data-orig-size=\"1066,1600\" data-comments-opened=\"1\" data-image-meta=\"{&quot;aperture&quot;:&quot;0&quot;,&quot;credit&quot;:&quot;&quot;,&quot;camera&quot;:&quot;&quot;,&quot;caption&quot;:&quot;&quot;,&quot;created_timestamp&quot;:&quot;0&quot;,&quot;copyright&quot;:&quot;&quot;,&quot;focal_length&quot;:&quot;0&quot;,&quot;iso&quot;:&quot;0&quot;,&quot;shutter_speed&quot;:&quot;0&quot;,&quot;title&quot;:&quot;&quot;,&quot;orientation&quot;:&quot;1&quot;}\" data-image-title=\"16\" data-image-description=\"\" data-image-caption=\"\" data-medium-file=\"https:\/\/www.montceautriathlon.com\/blog\/wp-content\/uploads\/2023\/03\/16-200x300.jpg\" data-large-file=\"https:\/\/www.montceautriathlon.com\/blog\/wp-content\/uploads\/2023\/03\/16-682x1024.jpg\" loading=\"lazy\" width=\"682\" height=\"1024\" src=\"https:\/\/www.montceautriathlon.com\/blog\/wp-content\/uploads\/2023\/03\/16-682x1024.jpg\" alt=\"\" data-id=\"5619\" data-link=\"https:\/\/www.montceautriathlon.com\/blog\/?attachment_id=5619\" class=\"wp-image-5619\" srcset=\"https:\/\/www.montceautriathlon.com\/blog\/wp-content\/uploads\/2023\/03\/16-682x1024.jpg 682w, https:\/\/www.montceautriathlon.com\/blog\/wp-content\/uploads\/2023\/03\/16-200x300.jpg 200w, https:\/\/www.montceautriathlon.com\/blog\/wp-content\/uploads\/2023\/03\/16-768x1153.jpg 768w, https:\/\/www.montceautriathlon.com\/blog\/wp-content\/uploads\/2023\/03\/16-1023x1536.jpg 1023w, https:\/\/www.montceautriathlon.com\/blog\/wp-content\/uploads\/2023\/03\/16.jpg 1066w\" sizes=\"(max-width: 682px) 100vw, 682px\" \/><\/a><\/figure><\/li><li class=\"blocks-gallery-item\"><figure><a href=\"https:\/\/www.montceautriathlon.com\/blog\/wp-content\/uploads\/2023\/03\/17-1024x682.jpg\"><img data-attachment-id=\"5620\" data-permalink=\"https:\/\/www.montceautriathlon.com\/blog\/2023\/03\/22\/trail-du-mont-saint-romain\/attachment\/17\/\" data-orig-file=\"https:\/\/www.montceautriathlon.com\/blog\/wp-content\/uploads\/2023\/03\/17.jpg\" data-orig-size=\"1286,857\" data-comments-opened=\"1\" data-image-meta=\"{&quot;aperture&quot;:&quot;0&quot;,&quot;credit&quot;:&quot;&quot;,&quot;camera&quot;:&quot;&quot;,&quot;caption&quot;:&quot;&quot;,&quot;created_timestamp&quot;:&quot;0&quot;,&quot;copyright&quot;:&quot;&quot;,&quot;focal_length&quot;:&quot;0&quot;,&quot;iso&quot;:&quot;0&quot;,&quot;shutter_speed&quot;:&quot;0&quot;,&quot;title&quot;:&quot;&quot;,&quot;orientation&quot;:&quot;1&quot;}\" data-image-title=\"17\" data-image-description=\"\" data-image-caption=\"\" data-medium-file=\"https:\/\/www.montceautriathlon.com\/blog\/wp-content\/uploads\/2023\/03\/17-300x200.jpg\" data-large-file=\"https:\/\/www.montceautriathlon.com\/blog\/wp-content\/uploads\/2023\/03\/17-1024x682.jpg\" loading=\"lazy\" width=\"1024\" height=\"682\" src=\"https:\/\/www.montceautriathlon.com\/blog\/wp-content\/uploads\/2023\/03\/17-1024x682.jpg\" alt=\"\" data-id=\"5620\" data-link=\"https:\/\/www.montceautriathlon.com\/blog\/?attachment_id=5620\" class=\"wp-image-5620\" srcset=\"https:\/\/www.montceautriathlon.com\/blog\/wp-content\/uploads\/2023\/03\/17-1024x682.jpg 1024w, https:\/\/www.montceautriathlon.com\/blog\/wp-content\/uploads\/2023\/03\/17-300x200.jpg 300w, https:\/\/www.montceautriathlon.com\/blog\/wp-content\/uploads\/2023\/03\/17-768x512.jpg 768w, https:\/\/www.montceautriathlon.com\/blog\/wp-content\/uploads\/2023\/03\/17.jpg 1286w\" sizes=\"(max-width: 1024px) 100vw, 1024px\" \/><\/a><\/figure><\/li><li class=\"blocks-gallery-item\"><figure><a href=\"https:\/\/www.montceautriathlon.com\/blog\/wp-content\/uploads\/2023\/03\/18-682x1024.jpg\"><img data-attachment-id=\"5621\" data-permalink=\"https:\/\/www.montceautriathlon.com\/blog\/2023\/03\/22\/trail-du-mont-saint-romain\/18-2\/\" data-orig-file=\"https:\/\/www.montceautriathlon.com\/blog\/wp-content\/uploads\/2023\/03\/18.jpg\" data-orig-size=\"1066,1600\" data-comments-opened=\"1\" data-image-meta=\"{&quot;aperture&quot;:&quot;0&quot;,&quot;credit&quot;:&quot;&quot;,&quot;camera&quot;:&quot;&quot;,&quot;caption&quot;:&quot;&quot;,&quot;created_timestamp&quot;:&quot;0&quot;,&quot;copyright&quot;:&quot;&quot;,&quot;focal_length&quot;:&quot;0&quot;,&quot;iso&quot;:&quot;0&quot;,&quot;shutter_speed&quot;:&quot;0&quot;,&quot;title&quot;:&quot;&quot;,&quot;orientation&quot;:&quot;1&quot;}\" data-image-title=\"18\" data-image-description=\"\" data-image-caption=\"\" data-medium-file=\"https:\/\/www.montceautriathlon.com\/blog\/wp-content\/uploads\/2023\/03\/18-200x300.jpg\" data-large-file=\"https:\/\/www.montceautriathlon.com\/blog\/wp-content\/uploads\/2023\/03\/18-682x1024.jpg\" loading=\"lazy\" width=\"682\" height=\"1024\" src=\"https:\/\/www.montceautriathlon.com\/blog\/wp-content\/uploads\/2023\/03\/18-682x1024.jpg\" alt=\"\" data-id=\"5621\" data-link=\"https:\/\/www.montceautriathlon.com\/blog\/?attachment_id=5621\" class=\"wp-image-5621\" srcset=\"https:\/\/www.montceautriathlon.com\/blog\/wp-content\/uploads\/2023\/03\/18-682x1024.jpg 682w, https:\/\/www.montceautriathlon.com\/blog\/wp-content\/uploads\/2023\/03\/18-200x300.jpg 200w, https:\/\/www.montceautriathlon.com\/blog\/wp-content\/uploads\/2023\/03\/18-768x1153.jpg 768w, https:\/\/www.montceautriathlon.com\/blog\/wp-content\/uploads\/2023\/03\/18-1023x1536.jpg 1023w, https:\/\/www.montceautriathlon.com\/blog\/wp-content\/uploads\/2023\/03\/18.jpg 1066w\" sizes=\"(max-width: 682px) 100vw, 682px\" \/><\/a><\/figure><\/li><li class=\"blocks-gallery-item\"><figure><a href=\"https:\/\/www.montceautriathlon.com\/blog\/wp-content\/uploads\/2023\/03\/29-682x1024.jpg\"><img data-attachment-id=\"5622\" data-permalink=\"https:\/\/www.montceautriathlon.com\/blog\/2023\/03\/22\/trail-du-mont-saint-romain\/29-2\/\" data-orig-file=\"https:\/\/www.montceautriathlon.com\/blog\/wp-content\/uploads\/2023\/03\/29.jpg\" data-orig-size=\"1066,1600\" data-comments-opened=\"1\" data-image-meta=\"{&quot;aperture&quot;:&quot;0&quot;,&quot;credit&quot;:&quot;&quot;,&quot;camera&quot;:&quot;&quot;,&quot;caption&quot;:&quot;&quot;,&quot;created_timestamp&quot;:&quot;0&quot;,&quot;copyright&quot;:&quot;&quot;,&quot;focal_length&quot;:&quot;0&quot;,&quot;iso&quot;:&quot;0&quot;,&quot;shutter_speed&quot;:&quot;0&quot;,&quot;title&quot;:&quot;&quot;,&quot;orientation&quot;:&quot;0&quot;}\" data-image-title=\"29\" data-image-description=\"\" data-image-caption=\"\" data-medium-file=\"https:\/\/www.montceautriathlon.com\/blog\/wp-content\/uploads\/2023\/03\/29-200x300.jpg\" data-large-file=\"https:\/\/www.montceautriathlon.com\/blog\/wp-content\/uploads\/2023\/03\/29-682x1024.jpg\" loading=\"lazy\" width=\"682\" height=\"1024\" src=\"https:\/\/www.montceautriathlon.com\/blog\/wp-content\/uploads\/2023\/03\/29-682x1024.jpg\" alt=\"\" data-id=\"5622\" data-link=\"https:\/\/www.montceautriathlon.com\/blog\/?attachment_id=5622\" class=\"wp-image-5622\" srcset=\"https:\/\/www.montceautriathlon.com\/blog\/wp-content\/uploads\/2023\/03\/29-682x1024.jpg 682w, https:\/\/www.montceautriathlon.com\/blog\/wp-content\/uploads\/2023\/03\/29-200x300.jpg 200w, https:\/\/www.montceautriathlon.com\/blog\/wp-content\/uploads\/2023\/03\/29-768x1153.jpg 768w, https:\/\/www.montceautriathlon.com\/blog\/wp-content\/uploads\/2023\/03\/29-1023x1536.jpg 1023w, https:\/\/www.montceautriathlon.com\/blog\/wp-content\/uploads\/2023\/03\/29.jpg 1066w\" sizes=\"(max-width: 682px) 100vw, 682px\" \/><\/a><\/figure><\/li><li class=\"blocks-gallery-item\"><figure><a href=\"https:\/\/www.montceautriathlon.com\/blog\/wp-content\/uploads\/2023\/03\/19-1024x682.jpg\"><img data-attachment-id=\"5623\" data-permalink=\"https:\/\/www.montceautriathlon.com\/blog\/2023\/03\/22\/trail-du-mont-saint-romain\/attachment\/19\/\" data-orig-file=\"https:\/\/www.montceautriathlon.com\/blog\/wp-content\/uploads\/2023\/03\/19.jpg\" data-orig-size=\"1286,857\" data-comments-opened=\"1\" data-image-meta=\"{&quot;aperture&quot;:&quot;0&quot;,&quot;credit&quot;:&quot;&quot;,&quot;camera&quot;:&quot;&quot;,&quot;caption&quot;:&quot;&quot;,&quot;created_timestamp&quot;:&quot;0&quot;,&quot;copyright&quot;:&quot;&quot;,&quot;focal_length&quot;:&quot;0&quot;,&quot;iso&quot;:&quot;0&quot;,&quot;shutter_speed&quot;:&quot;0&quot;,&quot;title&quot;:&quot;&quot;,&quot;orientation&quot;:&quot;1&quot;}\" data-image-title=\"19\" data-image-description=\"\" data-image-caption=\"\" data-medium-file=\"https:\/\/www.montceautriathlon.com\/blog\/wp-content\/uploads\/2023\/03\/19-300x200.jpg\" data-large-file=\"https:\/\/www.montceautriathlon.com\/blog\/wp-content\/uploads\/2023\/03\/19-1024x682.jpg\" loading=\"lazy\" width=\"1024\" height=\"682\" src=\"https:\/\/www.montceautriathlon.com\/blog\/wp-content\/uploads\/2023\/03\/19-1024x682.jpg\" alt=\"\" data-id=\"5623\" data-link=\"https:\/\/www.montceautriathlon.com\/blog\/?attachment_id=5623\" class=\"wp-image-5623\" srcset=\"https:\/\/www.montceautriathlon.com\/blog\/wp-content\/uploads\/2023\/03\/19-1024x682.jpg 1024w, https:\/\/www.montceautriathlon.com\/blog\/wp-content\/uploads\/2023\/03\/19-300x200.jpg 300w, https:\/\/www.montceautriathlon.com\/blog\/wp-content\/uploads\/2023\/03\/19-768x512.jpg 768w, https:\/\/www.montceautriathlon.com\/blog\/wp-content\/uploads\/2023\/03\/19.jpg 1286w\" sizes=\"(max-width: 1024px) 100vw, 1024px\" \/><\/a><\/figure><\/li><li class=\"blocks-gallery-item\"><figure><a href=\"https:\/\/www.montceautriathlon.com\/blog\/wp-content\/uploads\/2023\/03\/image_6483441-11-1.jpg\"><img data-attachment-id=\"5624\" data-permalink=\"https:\/\/www.montceautriathlon.com\/blog\/2023\/03\/22\/trail-du-mont-saint-romain\/image_6483441-11-1\/\" data-orig-file=\"https:\/\/www.montceautriathlon.com\/blog\/wp-content\/uploads\/2023\/03\/image_6483441-11-1.jpg\" data-orig-size=\"1286,857\" data-comments-opened=\"1\" data-image-meta=\"{&quot;aperture&quot;:&quot;0&quot;,&quot;credit&quot;:&quot;&quot;,&quot;camera&quot;:&quot;&quot;,&quot;caption&quot;:&quot;&quot;,&quot;created_timestamp&quot;:&quot;0&quot;,&quot;copyright&quot;:&quot;&quot;,&quot;focal_length&quot;:&quot;0&quot;,&quot;iso&quot;:&quot;0&quot;,&quot;shutter_speed&quot;:&quot;0&quot;,&quot;title&quot;:&quot;&quot;,&quot;orientation&quot;:&quot;1&quot;}\" data-image-title=\"image_6483441-11-1\" data-image-description=\"\" data-image-caption=\"\" data-medium-file=\"https:\/\/www.montceautriathlon.com\/blog\/wp-content\/uploads\/2023\/03\/image_6483441-11-1-300x200.jpg\" data-large-file=\"https:\/\/www.montceautriathlon.com\/blog\/wp-content\/uploads\/2023\/03\/image_6483441-11-1-1024x682.jpg\" loading=\"lazy\" width=\"1024\" height=\"682\" src=\"https:\/\/www.montceautriathlon.com\/blog\/wp-content\/uploads\/2023\/03\/image_6483441-11-1-1024x682.jpg\" alt=\"\" data-id=\"5624\" data-full-url=\"https:\/\/www.montceautriathlon.com\/blog\/wp-content\/uploads\/2023\/03\/image_6483441-11-1.jpg\" data-link=\"https:\/\/www.montceautriathlon.com\/blog\/?attachment_id=5624\" class=\"wp-image-5624\" srcset=\"https:\/\/www.montceautriathlon.com\/blog\/wp-content\/uploads\/2023\/03\/image_6483441-11-1-1024x682.jpg 1024w, https:\/\/www.montceautriathlon.com\/blog\/wp-content\/uploads\/2023\/03\/image_6483441-11-1-300x200.jpg 300w, https:\/\/www.montceautriathlon.com\/blog\/wp-content\/uploads\/2023\/03\/image_6483441-11-1-768x512.jpg 768w, https:\/\/www.montceautriathlon.com\/blog\/wp-content\/uploads\/2023\/03\/image_6483441-11-1.jpg 1286w\" sizes=\"(max-width: 1024px) 100vw, 1024px\" \/><\/a><\/figure><\/li><\/ul><\/figure>\n","protected":false},"excerpt":{"rendered":"<p>Quelques licenci\u00e9s du club se sont retrouv\u00e9s \u00e0 Cortambert ce dimanche 19 mars pour participer au trail du Mont Saint Romain, traversant plusieurs commune comme Blanot, Bray et Chissey-l\u00e8s-M\u00e2con. Pour les 17km : 61e Berthier Lionel 1h41 4e de sa cat\u00e9gorie (M4H) \/ 88e Boukhitine Kamel 1h49 4e de sa cat\u00e9gorie (M5H) \/ 144e Pelin [&hellip;]<\/p>\n","protected":false},"author":2,"featured_media":5624,"comment_status":"open","ping_status":"open","sticky":false,"template":"","format":"standard","meta":{"spay_email":"","jetpack_publicize_message":"","jetpack_is_tweetstorm":false},"categories":[1],"tags":[],"jetpack_featured_media_url":"https:\/\/www.montceautriathlon.com\/blog\/wp-content\/uploads\/2023\/03\/image_6483441-11-1.jpg","jetpack_publicize_connections":[],"jetpack_sharing_enabled":true,"jetpack_shortlink":"https:\/\/wp.me\/p8bwIy-1sy","jetpack-related-posts":[{"id":5850,"url":"https:\/\/www.montceautriathlon.com\/blog\/2023\/05\/10\/les-foulees-de-blanzy\/","url_meta":{"origin":5614,"position":0},"title":"Les foul\u00e9es de Blanzy","date":"10 mai 2023","format":false,"excerpt":"Le club s'est retrouv\u00e9 ce lundi sur la derni\u00e8re \u00e9dition des foul\u00e9es de Blanzy. Un trail de 12km dans la for\u00eat du Plessis pour les plus courageux et 8km de randonn\u00e9e pour les touristes ! Cyrille B\u00e9rardan en 49:13\u00a0\u00a0 7e au scratch et 1r M1M Eric Vaudelin en 51:48\u00a0 13e\u2026","rel":"","context":"Dans &quot;Non class\u00e9&quot;","img":{"alt_text":"","src":"https:\/\/i1.wp.com\/www.montceautriathlon.com\/blog\/wp-content\/uploads\/2023\/05\/IMG-1930.jpg?resize=350%2C200&ssl=1","width":350,"height":200},"classes":[]},{"id":5595,"url":"https:\/\/www.montceautriathlon.com\/blog\/2023\/03\/06\/trail-des-3-chateaux\/","url_meta":{"origin":5614,"position":1},"title":"Trail des 3 ch\u00e2teaux","date":"6 mars 2023","format":false,"excerpt":"Les plus courageux ce sont r\u00e9unis ce week end du 4\/5 mars sur le trail des 3 ch\u00e2teaux au Creusot sur 4 parcours diff\u00e9rents. Pour le S'MI TRAIL (22KM) nous retrouvons Berthier Lionel qui termine 74e et 4e de sa cat\u00e9gorie (M4M). Pour le Maxi Comb' Combin\u00e9 qui se d\u00e9roulait\u2026","rel":"","context":"Dans &quot;Non class\u00e9&quot;","img":{"alt_text":"","src":"https:\/\/i1.wp.com\/www.montceautriathlon.com\/blog\/wp-content\/uploads\/2023\/03\/IMG-20230304-WA0003.jpg?resize=350%2C200&ssl=1","width":350,"height":200},"classes":[]},{"id":8854,"url":"https:\/\/www.montceautriathlon.com\/blog\/2026\/04\/26\/25-26-avril-trail-du-mont-dardon\/","url_meta":{"origin":5614,"position":2},"title":"25\/26 avril: Trail du Mont Dardon","date":"26 avril 2026","format":false,"excerpt":"Les triathl\u00e8tes montcelliens se sont retrouv\u00e9s sous le soleil \u00e0 Vendenesse sur Arroux pour participer au trail du Mont Dardon. Chez les jeunes, Louis Vinck gagne sur le 1km. Louis Vinck termine 4e au scratch du 3km et 1r de sa cat\u00e9gorie. Sur le 12km, Elodie Pistoia est 51e au\u2026","rel":"","context":"Dans &quot;Non class\u00e9&quot;","img":{"alt_text":"","src":"https:\/\/i2.wp.com\/www.montceautriathlon.com\/blog\/wp-content\/uploads\/2026\/04\/IMG-20260426-WA0000.jpg?resize=350%2C200&ssl=1","width":350,"height":200},"classes":[]},{"id":8675,"url":"https:\/\/www.montceautriathlon.com\/blog\/2026\/03\/18\/7-et-8-mars-montceau-triathlon-sur-tous-les-fronts\/","url_meta":{"origin":5614,"position":3},"title":"7 et 8 mars: Montceau Triathlon sur tous les fronts","date":"18 mars 2026","format":false,"excerpt":"Ce week end de mars, les triathl\u00e8tes de Montceau \u00e9taient sur tous les fronts: le Trail des 3 Chateaux, le duathlon de Genlis et la Course des lacs de Sanvignes. Le samedi 7, plusieurs triathl\u00e8tes se sont align\u00e9s sur les diff\u00e9rentes distances du Trail des 3 Chateaux. Sur le 15\u2026","rel":"","context":"Dans &quot;Non class\u00e9&quot;","img":{"alt_text":"","src":"https:\/\/i1.wp.com\/www.montceautriathlon.com\/blog\/wp-content\/uploads\/2026\/03\/649475710_18335741212301262_2741201008037167742_n.jpg?resize=350%2C200&ssl=1","width":350,"height":200},"classes":[]},{"id":5531,"url":"https:\/\/www.montceautriathlon.com\/blog\/2023\/01\/05\/corrida-de-rully\/","url_meta":{"origin":5614,"position":4},"title":"Corrida de Rully","date":"5 janvier 2023","format":false,"excerpt":"Quatre de nos licenci\u00e9s se sont bien battus lors de cette corrida p\u00e9destre qui a eu lieu le 17 d\u00e9cembre dernier. Voici les r\u00e9sultats : Marie Pierre Berthier 117e et 2e M4F , Irene Vulin 123e et 3e M4F , Pierre Perrin 125e et 4e M4M et Isabelle Vaury 126e\u2026","rel":"","context":"Dans &quot;Non class\u00e9&quot;","img":{"alt_text":"","src":"https:\/\/i1.wp.com\/www.montceautriathlon.com\/blog\/wp-content\/uploads\/2023\/01\/revivez-la-corrida-de-rully-2022-disputee-ce-samedi-en-images-photo-philippe-monperrus-1671303928.jpg?resize=350%2C200&ssl=1","width":350,"height":200},"classes":[]},{"id":7160,"url":"https:\/\/www.montceautriathlon.com\/blog\/2024\/12\/04\/les-triathletes-courent\/","url_meta":{"origin":5614,"position":5},"title":"Les triathl\u00e8tes courent&#8230;","date":"4 d\u00e9cembre 2024","format":false,"excerpt":"La saison des triathlons touche \u00e0 sa fin. Les triathl\u00e8tes montcelliens se retrouvent donc sur d'autres manifestations. Ils marchent...ils courent... En octobre et novembre, les montcelliens ont particip\u00e9s: Octobre Rose: des triathl\u00e8tes f\u00e9minines se sont retrouv\u00e9es \u00e0 Blanzy le 6 octobre pour participer \u00e0 la randonn\u00e9e propos\u00e9e par la ville\u2026","rel":"","context":"Dans &quot;Non class\u00e9&quot;","img":{"alt_text":"","src":"https:\/\/i0.wp.com\/www.montceautriathlon.com\/blog\/wp-content\/uploads\/2024\/12\/octobre-rose.jpg?resize=350%2C200&ssl=1","width":350,"height":200},"classes":[]}],"_links":{"self":[{"href":"https:\/\/www.montceautriathlon.com\/blog\/wp-json\/wp\/v2\/posts\/5614"}],"collection":[{"href":"https:\/\/www.montceautriathlon.com\/blog\/wp-json\/wp\/v2\/posts"}],"about":[{"href":"https:\/\/www.montceautriathlon.com\/blog\/wp-json\/wp\/v2\/types\/post"}],"author":[{"embeddable":true,"href":"https:\/\/www.montceautriathlon.com\/blog\/wp-json\/wp\/v2\/users\/2"}],"replies":[{"embeddable":true,"href":"https:\/\/www.montceautriathlon.com\/blog\/wp-json\/wp\/v2\/comments?post=5614"}],"version-history":[{"count":1,"href":"https:\/\/www.montceautriathlon.com\/blog\/wp-json\/wp\/v2\/posts\/5614\/revisions"}],"predecessor-version":[{"id":5625,"href":"https:\/\/www.montceautriathlon.com\/blog\/wp-json\/wp\/v2\/posts\/5614\/revisions\/5625"}],"wp:featuredmedia":[{"embeddable":true,"href":"https:\/\/www.montceautriathlon.com\/blog\/wp-json\/wp\/v2\/media\/5624"}],"wp:attachment":[{"href":"https:\/\/www.montceautriathlon.com\/blog\/wp-json\/wp\/v2\/media?parent=5614"}],"wp:term":[{"taxonomy":"category","embeddable":true,"href":"https:\/\/www.montceautriathlon.com\/blog\/wp-json\/wp\/v2\/categories?post=5614"},{"taxonomy":"post_tag","embeddable":true,"href":"https:\/\/www.montceautriathlon.com\/blog\/wp-json\/wp\/v2\/tags?post=5614"}],"curies":[{"name":"wp","href":"https:\/\/api.w.org\/{rel}","templated":true}]}}