{"id":5595,"date":"2023-03-06T17:53:13","date_gmt":"2023-03-06T16:53:13","guid":{"rendered":"https:\/\/www.montceautriathlon.com\/blog\/?p=5595"},"modified":"2023-03-06T17:53:20","modified_gmt":"2023-03-06T16:53:20","slug":"trail-des-3-chateaux","status":"publish","type":"post","link":"https:\/\/www.montceautriathlon.com\/blog\/2023\/03\/06\/trail-des-3-chateaux\/","title":{"rendered":"Trail des 3 ch\u00e2teaux"},"content":{"rendered":"\n<p>Les plus courageux ce sont r\u00e9unis ce week end du 4\/5 mars sur le trail des 3 ch\u00e2teaux au Creusot sur 4 parcours diff\u00e9rents. Pour le S&rsquo;MI TRAIL (22KM) nous retrouvons Berthier Lionel qui termine 74e et 4e de sa cat\u00e9gorie (M4M).<\/p>\n\n\n\n<p>Pour le Maxi Comb&rsquo; Combin\u00e9 qui se d\u00e9roulait sur 2 jours (38km) on retrouve : 16e Herv\u00e9 Pluchot 3h45 (1h30\u00a0 20e + 2h15 17e)\u00a0 4e de sa cat\u00e9gorie (M1M) , 26e Sandrine Ghesqui\u00e8re 3h59 (1h36 26e + 2h22\u00a0 28e)\u00a0 1e de sa cat\u00e9gorie (M2F) et 32e Sandrine Marchand 4h06\u00a0 (1h38\u00a0 33e + 2h27\u00a0 34e)\u00a0 1e de sa cat\u00e9gorie (M3F).<\/p>\n\n\n\n<p>Pour La Nocturne (16km) : 50e Oscar Mariez 1h38\u00a0 14e de sa cat\u00e9gorie (SEM), 104e Myl\u00e8ne Descombris\u00a0 1h51\u00a01\u00e8re de sa cat\u00e9gorie (M2F), 113e Sophie Boyer\u00a0 1h54\u00a0 5e de sa cat\u00e9gorie (M3F).<\/p>\n\n\n\n<p>Bravo ! Dans la joie et la bonne humeur.<\/p>\n\n\n\n<figure class=\"wp-block-gallery columns-1 is-cropped\"><ul data-carousel-extra='{\"blog_id\":1,\"permalink\":\"https:\\\/\\\/www.montceautriathlon.com\\\/blog\\\/2023\\\/03\\\/06\\\/trail-des-3-chateaux\\\/\"}' class=\"blocks-gallery-grid\"><li class=\"blocks-gallery-item\"><figure><a href=\"https:\/\/www.montceautriathlon.com\/blog\/wp-content\/uploads\/2023\/03\/IMG-20230304-WA0003-1.jpg\"><img data-attachment-id=\"5598\" data-permalink=\"https:\/\/www.montceautriathlon.com\/blog\/2023\/03\/06\/trail-des-3-chateaux\/img-20230304-wa0003-1\/\" data-orig-file=\"https:\/\/www.montceautriathlon.com\/blog\/wp-content\/uploads\/2023\/03\/IMG-20230304-WA0003-1.jpg\" data-orig-size=\"1600,1200\" data-comments-opened=\"1\" data-image-meta=\"{&quot;aperture&quot;:&quot;0&quot;,&quot;credit&quot;:&quot;&quot;,&quot;camera&quot;:&quot;&quot;,&quot;caption&quot;:&quot;&quot;,&quot;created_timestamp&quot;:&quot;0&quot;,&quot;copyright&quot;:&quot;&quot;,&quot;focal_length&quot;:&quot;0&quot;,&quot;iso&quot;:&quot;0&quot;,&quot;shutter_speed&quot;:&quot;0&quot;,&quot;title&quot;:&quot;&quot;,&quot;orientation&quot;:&quot;0&quot;}\" data-image-title=\"IMG-20230304-WA0003-1\" data-image-description=\"\" data-image-caption=\"\" data-medium-file=\"https:\/\/www.montceautriathlon.com\/blog\/wp-content\/uploads\/2023\/03\/IMG-20230304-WA0003-1-300x225.jpg\" data-large-file=\"https:\/\/www.montceautriathlon.com\/blog\/wp-content\/uploads\/2023\/03\/IMG-20230304-WA0003-1-1024x768.jpg\" loading=\"lazy\" width=\"1024\" height=\"768\" src=\"https:\/\/www.montceautriathlon.com\/blog\/wp-content\/uploads\/2023\/03\/IMG-20230304-WA0003-1-1024x768.jpg\" alt=\"\" data-id=\"5598\" data-full-url=\"https:\/\/www.montceautriathlon.com\/blog\/wp-content\/uploads\/2023\/03\/IMG-20230304-WA0003-1.jpg\" data-link=\"https:\/\/www.montceautriathlon.com\/blog\/?attachment_id=5598\" class=\"wp-image-5598\" srcset=\"https:\/\/www.montceautriathlon.com\/blog\/wp-content\/uploads\/2023\/03\/IMG-20230304-WA0003-1-1024x768.jpg 1024w, https:\/\/www.montceautriathlon.com\/blog\/wp-content\/uploads\/2023\/03\/IMG-20230304-WA0003-1-300x225.jpg 300w, https:\/\/www.montceautriathlon.com\/blog\/wp-content\/uploads\/2023\/03\/IMG-20230304-WA0003-1-768x576.jpg 768w, https:\/\/www.montceautriathlon.com\/blog\/wp-content\/uploads\/2023\/03\/IMG-20230304-WA0003-1-1536x1152.jpg 1536w, https:\/\/www.montceautriathlon.com\/blog\/wp-content\/uploads\/2023\/03\/IMG-20230304-WA0003-1.jpg 1600w\" sizes=\"(max-width: 1024px) 100vw, 1024px\" \/><\/a><\/figure><\/li><\/ul><\/figure>\n\n\n\n<figure class=\"wp-block-gallery columns-1 is-cropped\"><ul data-carousel-extra='{\"blog_id\":1,\"permalink\":\"https:\\\/\\\/www.montceautriathlon.com\\\/blog\\\/2023\\\/03\\\/06\\\/trail-des-3-chateaux\\\/\"}' class=\"blocks-gallery-grid\"><li class=\"blocks-gallery-item\"><figure><a href=\"https:\/\/www.montceautriathlon.com\/blog\/wp-content\/uploads\/2023\/03\/IMG-20230304-WA0004.jpg\"><img data-attachment-id=\"5597\" data-permalink=\"https:\/\/www.montceautriathlon.com\/blog\/2023\/03\/06\/trail-des-3-chateaux\/img-20230304-wa0004\/\" data-orig-file=\"https:\/\/www.montceautriathlon.com\/blog\/wp-content\/uploads\/2023\/03\/IMG-20230304-WA0004.jpg\" data-orig-size=\"1551,1500\" data-comments-opened=\"1\" data-image-meta=\"{&quot;aperture&quot;:&quot;0&quot;,&quot;credit&quot;:&quot;&quot;,&quot;camera&quot;:&quot;&quot;,&quot;caption&quot;:&quot;&quot;,&quot;created_timestamp&quot;:&quot;0&quot;,&quot;copyright&quot;:&quot;&quot;,&quot;focal_length&quot;:&quot;0&quot;,&quot;iso&quot;:&quot;0&quot;,&quot;shutter_speed&quot;:&quot;0&quot;,&quot;title&quot;:&quot;&quot;,&quot;orientation&quot;:&quot;0&quot;}\" data-image-title=\"IMG-20230304-WA0004\" data-image-description=\"\" data-image-caption=\"\" data-medium-file=\"https:\/\/www.montceautriathlon.com\/blog\/wp-content\/uploads\/2023\/03\/IMG-20230304-WA0004-300x290.jpg\" data-large-file=\"https:\/\/www.montceautriathlon.com\/blog\/wp-content\/uploads\/2023\/03\/IMG-20230304-WA0004-1024x990.jpg\" loading=\"lazy\" width=\"1024\" height=\"990\" src=\"https:\/\/www.montceautriathlon.com\/blog\/wp-content\/uploads\/2023\/03\/IMG-20230304-WA0004-1024x990.jpg\" alt=\"\" data-id=\"5597\" data-full-url=\"https:\/\/www.montceautriathlon.com\/blog\/wp-content\/uploads\/2023\/03\/IMG-20230304-WA0004.jpg\" data-link=\"https:\/\/www.montceautriathlon.com\/blog\/?attachment_id=5597\" class=\"wp-image-5597\" srcset=\"https:\/\/www.montceautriathlon.com\/blog\/wp-content\/uploads\/2023\/03\/IMG-20230304-WA0004-1024x990.jpg 1024w, https:\/\/www.montceautriathlon.com\/blog\/wp-content\/uploads\/2023\/03\/IMG-20230304-WA0004-300x290.jpg 300w, https:\/\/www.montceautriathlon.com\/blog\/wp-content\/uploads\/2023\/03\/IMG-20230304-WA0004-768x743.jpg 768w, https:\/\/www.montceautriathlon.com\/blog\/wp-content\/uploads\/2023\/03\/IMG-20230304-WA0004-1536x1485.jpg 1536w, https:\/\/www.montceautriathlon.com\/blog\/wp-content\/uploads\/2023\/03\/IMG-20230304-WA0004.jpg 1551w\" sizes=\"(max-width: 1024px) 100vw, 1024px\" \/><\/a><\/figure><\/li><\/ul><\/figure>\n","protected":false},"excerpt":{"rendered":"<p>Les plus courageux ce sont r\u00e9unis ce week end du 4\/5 mars sur le trail des 3 ch\u00e2teaux au Creusot sur 4 parcours diff\u00e9rents. Pour le S&rsquo;MI TRAIL (22KM) nous retrouvons Berthier Lionel qui termine 74e et 4e de sa cat\u00e9gorie (M4M). Pour le Maxi Comb&rsquo; Combin\u00e9 qui se d\u00e9roulait sur 2 jours (38km) on [&hellip;]<\/p>\n","protected":false},"author":2,"featured_media":5596,"comment_status":"open","ping_status":"open","sticky":false,"template":"","format":"standard","meta":{"spay_email":"","jetpack_publicize_message":"","jetpack_is_tweetstorm":false},"categories":[1],"tags":[],"jetpack_featured_media_url":"https:\/\/www.montceautriathlon.com\/blog\/wp-content\/uploads\/2023\/03\/IMG-20230304-WA0003.jpg","jetpack_publicize_connections":[],"jetpack_sharing_enabled":true,"jetpack_shortlink":"https:\/\/wp.me\/p8bwIy-1sf","jetpack-related-posts":[{"id":6612,"url":"https:\/\/www.montceautriathlon.com\/blog\/2024\/03\/19\/trail-des-3-chateaux-et-course-des-lacs\/","url_meta":{"origin":5595,"position":0},"title":"Trail des 3 ch\u00e2teaux et course des lacs","date":"19 mars 2024","format":false,"excerpt":"Samedi 9 mars 2024, certains de nos triathl\u00e8tes se sont attel\u00e9s \u00e0 la mythique course des 3 ch\u00e2teaux : Sur le 27km : Sandrine Marchand , avec un chrono de 3h19\u201951 prend une belle 134e place au scratch ce qui la place en 23e position f\u00e9minine , et a une\u2026","rel":"","context":"Dans &quot;Non class\u00e9&quot;","img":{"alt_text":"","src":"https:\/\/i0.wp.com\/www.montceautriathlon.com\/blog\/wp-content\/uploads\/2024\/03\/course-lac-9.jpg?resize=350%2C200&ssl=1","width":350,"height":200},"classes":[]},{"id":7160,"url":"https:\/\/www.montceautriathlon.com\/blog\/2024\/12\/04\/les-triathletes-courent\/","url_meta":{"origin":5595,"position":1},"title":"Les triathl\u00e8tes courent&#8230;","date":"4 d\u00e9cembre 2024","format":false,"excerpt":"La saison des triathlons touche \u00e0 sa fin. Les triathl\u00e8tes montcelliens se retrouvent donc sur d'autres manifestations. Ils marchent...ils courent... En octobre et novembre, les montcelliens ont particip\u00e9s: Octobre Rose: des triathl\u00e8tes f\u00e9minines se sont retrouv\u00e9es \u00e0 Blanzy le 6 octobre pour participer \u00e0 la randonn\u00e9e propos\u00e9e par la ville\u2026","rel":"","context":"Dans &quot;Non class\u00e9&quot;","img":{"alt_text":"","src":"https:\/\/i0.wp.com\/www.montceautriathlon.com\/blog\/wp-content\/uploads\/2024\/12\/octobre-rose.jpg?resize=350%2C200&ssl=1","width":350,"height":200},"classes":[]},{"id":8675,"url":"https:\/\/www.montceautriathlon.com\/blog\/2026\/03\/18\/7-et-8-mars-montceau-triathlon-sur-tous-les-fronts\/","url_meta":{"origin":5595,"position":2},"title":"7 et 8 mars: Montceau Triathlon sur tous les fronts","date":"18 mars 2026","format":false,"excerpt":"Ce week end de mars, les triathl\u00e8tes de Montceau \u00e9taient sur tous les fronts: le Trail des 3 Chateaux, le duathlon de Genlis et la Course des lacs de Sanvignes. Le samedi 7, plusieurs triathl\u00e8tes se sont align\u00e9s sur les diff\u00e9rentes distances du Trail des 3 Chateaux. Sur le 15\u2026","rel":"","context":"Dans &quot;Non class\u00e9&quot;","img":{"alt_text":"","src":"https:\/\/i1.wp.com\/www.montceautriathlon.com\/blog\/wp-content\/uploads\/2026\/03\/649475710_18335741212301262_2741201008037167742_n.jpg?resize=350%2C200&ssl=1","width":350,"height":200},"classes":[]},{"id":5614,"url":"https:\/\/www.montceautriathlon.com\/blog\/2023\/03\/22\/trail-du-mont-saint-romain\/","url_meta":{"origin":5595,"position":3},"title":"Trail du Mont Saint Romain","date":"22 mars 2023","format":false,"excerpt":"Quelques licenci\u00e9s du club se sont retrouv\u00e9s \u00e0 Cortambert ce dimanche 19 mars pour participer au trail du Mont Saint Romain, traversant plusieurs commune comme Blanot, Bray et Chissey-l\u00e8s-M\u00e2con. Pour les 17km : 61e Berthier Lionel 1h41 4e de sa cat\u00e9gorie (M4H) \/ 88e Boukhitine Kamel 1h49 4e de sa\u2026","rel":"","context":"Dans &quot;Non class\u00e9&quot;","img":{"alt_text":"","src":"https:\/\/i2.wp.com\/www.montceautriathlon.com\/blog\/wp-content\/uploads\/2023\/03\/image_6483441-11-1.jpg?resize=350%2C200&ssl=1","width":350,"height":200},"classes":[]},{"id":8552,"url":"https:\/\/www.montceautriathlon.com\/blog\/2025\/12\/22\/13-et-14-decembre-trail-de-santenay-corrida-de-saint-gengoux-et-10km-de-hericourt\/","url_meta":{"origin":5595,"position":4},"title":"13 et 14 d\u00e9cembre: trail de Santenay, corrida de Saint Gengoux et 10km de H\u00e9ricourt","date":"22 d\u00e9cembre 2025","format":false,"excerpt":"Les triathl\u00e8tes de Montceau ont choisi des lieux diff\u00e9rents pour courir. Le samedi 13 avait lieu le trail de Santenay, organis\u00e9 par Rougeot Beaune Triathlon. Le dimanche 14 \u00e9tait organis\u00e9 la corrida de Saint Gengoux. Claude Monnet s'est quant \u00e0 lui dirig\u00e9 vers la Haute Saone pour participer au 10km\u2026","rel":"","context":"Dans &quot;Non class\u00e9&quot;","img":{"alt_text":"","src":"https:\/\/i0.wp.com\/www.montceautriathlon.com\/blog\/wp-content\/uploads\/2025\/12\/facebook_1766415502346_7408883607153835542.jpg?resize=350%2C200&ssl=1","width":350,"height":200},"classes":[]},{"id":7785,"url":"https:\/\/www.montceautriathlon.com\/blog\/2025\/06\/01\/week-end-de-lascension-les-triathletes-montcelliens-courent\/","url_meta":{"origin":5595,"position":5},"title":"Week end de l&rsquo;ascension: les triathl\u00e8tes montcelliens courent","date":"1 juin 2025","format":false,"excerpt":"Les familles Rondier et Vinck se sont retrouv\u00e9es ce jeudi de l'ascension \u00e0 Chatenoy pour les foul\u00e9es du parc. Sur les courses jeunes, Louis Vinck termine 1r et est suivi \u00e0 la 3e place par Eliott Rondier. Sur la 2e course, Jules Vinck a la m\u00e9daille en chocolat (4e). Sur\u2026","rel":"","context":"Dans &quot;Non class\u00e9&quot;","img":{"alt_text":"","src":"https:\/\/i0.wp.com\/www.montceautriathlon.com\/blog\/wp-content\/uploads\/2025\/06\/IMG-20250530-WA0006.jpg?resize=350%2C200&ssl=1","width":350,"height":200},"classes":[]}],"_links":{"self":[{"href":"https:\/\/www.montceautriathlon.com\/blog\/wp-json\/wp\/v2\/posts\/5595"}],"collection":[{"href":"https:\/\/www.montceautriathlon.com\/blog\/wp-json\/wp\/v2\/posts"}],"about":[{"href":"https:\/\/www.montceautriathlon.com\/blog\/wp-json\/wp\/v2\/types\/post"}],"author":[{"embeddable":true,"href":"https:\/\/www.montceautriathlon.com\/blog\/wp-json\/wp\/v2\/users\/2"}],"replies":[{"embeddable":true,"href":"https:\/\/www.montceautriathlon.com\/blog\/wp-json\/wp\/v2\/comments?post=5595"}],"version-history":[{"count":1,"href":"https:\/\/www.montceautriathlon.com\/blog\/wp-json\/wp\/v2\/posts\/5595\/revisions"}],"predecessor-version":[{"id":5599,"href":"https:\/\/www.montceautriathlon.com\/blog\/wp-json\/wp\/v2\/posts\/5595\/revisions\/5599"}],"wp:featuredmedia":[{"embeddable":true,"href":"https:\/\/www.montceautriathlon.com\/blog\/wp-json\/wp\/v2\/media\/5596"}],"wp:attachment":[{"href":"https:\/\/www.montceautriathlon.com\/blog\/wp-json\/wp\/v2\/media?parent=5595"}],"wp:term":[{"taxonomy":"category","embeddable":true,"href":"https:\/\/www.montceautriathlon.com\/blog\/wp-json\/wp\/v2\/categories?post=5595"},{"taxonomy":"post_tag","embeddable":true,"href":"https:\/\/www.montceautriathlon.com\/blog\/wp-json\/wp\/v2\/tags?post=5595"}],"curies":[{"name":"wp","href":"https:\/\/api.w.org\/{rel}","templated":true}]}}