{"id":5541,"date":"2023-01-16T16:48:35","date_gmt":"2023-01-16T15:48:35","guid":{"rendered":"https:\/\/www.montceautriathlon.com\/blog\/?p=5541"},"modified":"2023-01-16T16:48:37","modified_gmt":"2023-01-16T15:48:37","slug":"corrida-de-buxy","status":"publish","type":"post","link":"https:\/\/www.montceautriathlon.com\/blog\/2023\/01\/16\/corrida-de-buxy\/","title":{"rendered":"CORRIDA DE BUXY"},"content":{"rendered":"\n<p>Quelques licenci\u00e9s du club ont particip\u00e9 \u00e0 la course des AS ce samedi 14 janvier. <\/p>\n\n\n\n<p>2,6km : Turpin Oscar 2i\u00e8me en 10min44<\/p>\n\n\n\n<p>3,9km : Devoille Simon 10i\u00e8me en 17min15<\/p>\n\n\n\n<p>10km : Marchand Sandrine 94i\u00e8me en 53min28, 165i\u00e8me Marionnet Sophie en 1h06, 166i\u00e8me Perrin Pierre en 1h06 et Liron Orlane abandon.<\/p>\n\n\n\n<p>Encore bravo \u00e0 tout les participants !<\/p>\n\n\n\n<figure class=\"wp-block-image size-large\"><a href=\"https:\/\/www.montceautriathlon.com\/blog\/wp-content\/uploads\/2023\/01\/image_16894721-scaled.jpg\"><img data-attachment-id=\"5542\" data-permalink=\"https:\/\/www.montceautriathlon.com\/blog\/2023\/01\/16\/corrida-de-buxy\/image_16894721\/\" data-orig-file=\"https:\/\/www.montceautriathlon.com\/blog\/wp-content\/uploads\/2023\/01\/image_16894721-scaled.jpg\" data-orig-size=\"2560,1920\" data-comments-opened=\"1\" data-image-meta=\"{&quot;aperture&quot;:&quot;0&quot;,&quot;credit&quot;:&quot;&quot;,&quot;camera&quot;:&quot;&quot;,&quot;caption&quot;:&quot;&quot;,&quot;created_timestamp&quot;:&quot;0&quot;,&quot;copyright&quot;:&quot;&quot;,&quot;focal_length&quot;:&quot;0&quot;,&quot;iso&quot;:&quot;0&quot;,&quot;shutter_speed&quot;:&quot;0&quot;,&quot;title&quot;:&quot;&quot;,&quot;orientation&quot;:&quot;1&quot;}\" data-image-title=\"image_16894721\" data-image-description=\"\" data-image-caption=\"\" data-medium-file=\"https:\/\/www.montceautriathlon.com\/blog\/wp-content\/uploads\/2023\/01\/image_16894721-300x225.jpg\" data-large-file=\"https:\/\/www.montceautriathlon.com\/blog\/wp-content\/uploads\/2023\/01\/image_16894721-1024x768.jpg\" loading=\"lazy\" width=\"1024\" height=\"768\" src=\"https:\/\/www.montceautriathlon.com\/blog\/wp-content\/uploads\/2023\/01\/image_16894721-1024x768.jpg\" alt=\"\" class=\"wp-image-5542\" srcset=\"https:\/\/www.montceautriathlon.com\/blog\/wp-content\/uploads\/2023\/01\/image_16894721-1024x768.jpg 1024w, https:\/\/www.montceautriathlon.com\/blog\/wp-content\/uploads\/2023\/01\/image_16894721-300x225.jpg 300w, https:\/\/www.montceautriathlon.com\/blog\/wp-content\/uploads\/2023\/01\/image_16894721-768x576.jpg 768w, https:\/\/www.montceautriathlon.com\/blog\/wp-content\/uploads\/2023\/01\/image_16894721-1536x1152.jpg 1536w, https:\/\/www.montceautriathlon.com\/blog\/wp-content\/uploads\/2023\/01\/image_16894721-2048x1536.jpg 2048w\" sizes=\"(max-width: 1024px) 100vw, 1024px\" \/><\/a><\/figure>\n","protected":false},"excerpt":{"rendered":"<p>Quelques licenci\u00e9s du club ont particip\u00e9 \u00e0 la course des AS ce samedi 14 janvier. 2,6km : Turpin Oscar 2i\u00e8me en 10min44 3,9km : Devoille Simon 10i\u00e8me en 17min15 10km : Marchand Sandrine 94i\u00e8me en 53min28, 165i\u00e8me Marionnet Sophie en 1h06, 166i\u00e8me Perrin Pierre en 1h06 et Liron Orlane abandon. Encore bravo \u00e0 tout les [&hellip;]<\/p>\n","protected":false},"author":2,"featured_media":5542,"comment_status":"open","ping_status":"open","sticky":false,"template":"","format":"standard","meta":{"spay_email":"","jetpack_publicize_message":"","jetpack_is_tweetstorm":false},"categories":[1],"tags":[],"jetpack_featured_media_url":"https:\/\/www.montceautriathlon.com\/blog\/wp-content\/uploads\/2023\/01\/image_16894721-scaled.jpg","jetpack_publicize_connections":[],"jetpack_sharing_enabled":true,"jetpack_shortlink":"https:\/\/wp.me\/p8bwIy-1rn","jetpack-related-posts":[{"id":6560,"url":"https:\/\/www.montceautriathlon.com\/blog\/2023\/12\/20\/on-ne-les-arrete-plus-ces-montcelliens\/","url_meta":{"origin":5541,"position":0},"title":"On ne les arr\u00eate plus ces Montcelliens !","date":"20 d\u00e9cembre 2023","format":false,"excerpt":"Nos triathl\u00e8tes se sont rendus, ce dimanche, \u00e0 St Gengoux pour de beaux r\u00e9sultats. Sur la course des jeunes: Rondier Titouan, en 6\u201921Devoile Simon 8e en 6\u201951Da Eira Axelle , f\u00e9minine en 7\u201906Baradand Nino, 7e benjamin en 7\u201935 Sur le 4km : Da Eira Zo\u00e9, en 18\u201936, f\u00e9minine, cadetteDa Eira\u2026","rel":"","context":"Dans &quot;Non class\u00e9&quot;","img":{"alt_text":"","src":"https:\/\/i1.wp.com\/www.montceautriathlon.com\/blog\/wp-content\/uploads\/2023\/12\/e1f6986f-3914-41ca-b632-0654a7cdc69d.jpg?resize=350%2C200&ssl=1","width":350,"height":200},"classes":[]},{"id":8679,"url":"https:\/\/www.montceautriathlon.com\/blog\/2026\/03\/17\/mois-de-fevrier-2026\/","url_meta":{"origin":5541,"position":1},"title":"Mois de F\u00e9vrier 2026","date":"17 mars 2026","format":false,"excerpt":"Tout au long du mois de f\u00e9vrier, plusieurs licenci\u00e9s se sont d\u00e9plac\u00e9s en Chartreuse, dans le Sud, \u00e0 Mornay, \u00e0 la Clayette. Le 1r f\u00e9vrier, Sammy Marc a pris le d\u00e9part du Half Winter Trail (15km) au d\u00e9part de saint Pierre de Chartreuse. Il boucle la distance en 2h01 (202e\u2026","rel":"","context":"Dans &quot;Non class\u00e9&quot;","img":{"alt_text":"","src":"https:\/\/i1.wp.com\/www.montceautriathlon.com\/blog\/wp-content\/uploads\/2026\/03\/645722133_18334680517301262_8636482174715244398_n.jpg?resize=350%2C200&ssl=1","width":350,"height":200},"classes":[]},{"id":7463,"url":"https:\/\/www.montceautriathlon.com\/blog\/2025\/05\/04\/les-triathletes-courent-2\/","url_meta":{"origin":5541,"position":2},"title":"Les triathl\u00e8tes courent&#8230;.","date":"4 mai 2025","format":false,"excerpt":"Plusieurs triathl\u00e8tes montcelliens se sont retrouv\u00e9s sur les diff\u00e9rentes \u00e9preuves du Marathon des Vins de la C\u00f4te Chalonnaise. Sur le marathon, Cyrille B\u00e9rardan fini cette course en 3h14'01 en 41e position du g\u00e9n\u00e9ral et 5e\/133 Master 2. Jean Christophe Bernigaud le suit en 3h22'10 (70e et top 10 des master1).\u2026","rel":"","context":"Dans &quot;Non class\u00e9&quot;","img":{"alt_text":"","src":"https:\/\/i0.wp.com\/www.montceautriathlon.com\/blog\/wp-content\/uploads\/2025\/05\/marathon-vins.jpg?resize=350%2C200&ssl=1","width":350,"height":200},"classes":[]},{"id":5658,"url":"https:\/\/www.montceautriathlon.com\/blog\/2023\/03\/30\/duathlon-de-macon\/","url_meta":{"origin":5541,"position":3},"title":"Duathlon de M\u00e2con","date":"30 mars 2023","format":false,"excerpt":"Certains l'attendaient avec impatience, d'autres l'appr\u00e9hendaient ! Le duathlon de M\u00e2con \u00e0 fait son grznd retour ce dimanche 26 mars. Cette comp\u00e9tition \u00e0 \u00e9t\u00e9 une r\u00e9ussite en tout point de vue. 6\/9ans : 2e Paul Ballot et 2e poussin \/ 20e Jules Vendramini et 15e poussin \/ 23e Come Pradier\u2026","rel":"","context":"Dans &quot;Non class\u00e9&quot;","img":{"alt_text":"","src":"https:\/\/i2.wp.com\/www.montceautriathlon.com\/blog\/wp-content\/uploads\/2023\/03\/IMG-0316-scaled.jpg?resize=350%2C200&ssl=1","width":350,"height":200},"classes":[]},{"id":6520,"url":"https:\/\/www.montceautriathlon.com\/blog\/2023\/12\/06\/week-end-fort-en-competitions\/","url_meta":{"origin":5541,"position":4},"title":"Week-end fort en comp\u00e9titions","date":"6 d\u00e9cembre 2023","format":false,"excerpt":"Saint\u00e9Lyon Herv\u00e9 Pluchot s'est lanc\u00e9 ce week-end sur la Saintexpress de 44km. Il termine 1078\u00e8me en 5h22. Course des sapins Jules Aerts a parcouru 10km en 46min21, il se place 50\u00e8me au scratch et 3\u00e8me cadet. Corrida Du c\u00f4t\u00e9 de Chalon-sur-Sa\u00f4ne, nos triathl\u00e8tes ont effectu\u00e9 le 10km : Jean Luc\u2026","rel":"","context":"Dans &quot;Non class\u00e9&quot;","img":{"alt_text":"","src":"https:\/\/i2.wp.com\/www.montceautriathlon.com\/blog\/wp-content\/uploads\/2023\/12\/c2a3faac-e37b-4512-98e2-e26ef8d10a0a.jpg?resize=350%2C200&ssl=1","width":350,"height":200},"classes":[]}],"_links":{"self":[{"href":"https:\/\/www.montceautriathlon.com\/blog\/wp-json\/wp\/v2\/posts\/5541"}],"collection":[{"href":"https:\/\/www.montceautriathlon.com\/blog\/wp-json\/wp\/v2\/posts"}],"about":[{"href":"https:\/\/www.montceautriathlon.com\/blog\/wp-json\/wp\/v2\/types\/post"}],"author":[{"embeddable":true,"href":"https:\/\/www.montceautriathlon.com\/blog\/wp-json\/wp\/v2\/users\/2"}],"replies":[{"embeddable":true,"href":"https:\/\/www.montceautriathlon.com\/blog\/wp-json\/wp\/v2\/comments?post=5541"}],"version-history":[{"count":1,"href":"https:\/\/www.montceautriathlon.com\/blog\/wp-json\/wp\/v2\/posts\/5541\/revisions"}],"predecessor-version":[{"id":5543,"href":"https:\/\/www.montceautriathlon.com\/blog\/wp-json\/wp\/v2\/posts\/5541\/revisions\/5543"}],"wp:featuredmedia":[{"embeddable":true,"href":"https:\/\/www.montceautriathlon.com\/blog\/wp-json\/wp\/v2\/media\/5542"}],"wp:attachment":[{"href":"https:\/\/www.montceautriathlon.com\/blog\/wp-json\/wp\/v2\/media?parent=5541"}],"wp:term":[{"taxonomy":"category","embeddable":true,"href":"https:\/\/www.montceautriathlon.com\/blog\/wp-json\/wp\/v2\/categories?post=5541"},{"taxonomy":"post_tag","embeddable":true,"href":"https:\/\/www.montceautriathlon.com\/blog\/wp-json\/wp\/v2\/tags?post=5541"}],"curies":[{"name":"wp","href":"https:\/\/api.w.org\/{rel}","templated":true}]}}