{"id":5521,"date":"2023-01-04T16:47:14","date_gmt":"2023-01-04T15:47:14","guid":{"rendered":"https:\/\/www.montceautriathlon.com\/blog\/?p=5521"},"modified":"2023-01-04T16:47:17","modified_gmt":"2023-01-04T15:47:17","slug":"le-championnat-dacademie-de-cross-country","status":"publish","type":"post","link":"https:\/\/www.montceautriathlon.com\/blog\/2023\/01\/04\/le-championnat-dacademie-de-cross-country\/","title":{"rendered":"Le championnat d&rsquo;acad\u00e9mie de cross country"},"content":{"rendered":"\n<p>Le championnat d&rsquo;acad\u00e9mie de cross-country s&rsquo;est d\u00e9roul\u00e9 le mercredi 7 d\u00e9cembre au parc Maugrand \u00e0 Montceau les Mines. De nombreux jeunes triathl\u00e8tes de notre club se sont retrouv\u00e9s sur les diff\u00e9rentes \u00e9preuves. Voici les r\u00e9sultats : <\/p>\n\n\n\n<ul><li>BENJAMINE : Da Eira Axelle (coll\u00e8ge Jean Moulin) 33e et Thierry Sarah ( coll\u00e8ge Roger Vaillan) 120e                                                     <\/li><\/ul>\n\n\n\n<ul><li>BENJAMIN : Rondier Titouan (coll\u00e8ge en Fleurette) 4e et Moreau Aristide (coll\u00e8ge Copernic) 37e                                                    <\/li><\/ul>\n\n\n\n<ul><li>MINIME H : Vandaele Joshua (coll\u00e8ge Copernic) 88e                                                                                                                         <\/li><\/ul>\n\n\n\n<ul><li>CADETTE : Rondier Jeanne (lyc\u00e9e Henri Parriat) 1i\u00e8re , Dufour Emma (lyc\u00e9e Henri Parriat) 22e , Prunel Ema (lyc\u00e9e Henri Parriat) 41e et Da Eira Zo\u00e9 (lyc\u00e9e Henri Parriat) 71e                                                                                                                         <\/li><\/ul>\n\n\n\n<ul><li>CADET : Aerts Louis (lyc\u00e9e Henri Parriat) 65e<\/li><\/ul>\n\n\n\n<ul><li>JUNIORE : Mauro Elise (lyc\u00e9e Henri Parriat) 9e et Di Giorgio Maelle (lyc\u00e9e Jeanne d&rsquo;Arc) 22e                                                         L&rsquo;\u00e9quipe du lyc\u00e9e Henri Parriat avec Jeanne, Emma, Elise, Ema, Zo\u00e9, Louis, Jean Baptiste (Autun Triathlon) et Mathieu Perroux se sont qualifi\u00e9s pour les championnats de France qui auront lieu le 27 janvier \u00e0 Dijon <\/li><\/ul>\n\n\n\n<figure class=\"wp-block-image size-full\"><a href=\"https:\/\/www.montceautriathlon.com\/blog\/wp-content\/uploads\/2023\/01\/les-cadettes-et-juniors-ont-ensuite-anime-la-troisieme-course-de-la-journee-photo-gregory-monnot-1670435783-2.jpg\"><img data-attachment-id=\"5528\" data-permalink=\"https:\/\/www.montceautriathlon.com\/blog\/2023\/01\/04\/le-championnat-dacademie-de-cross-country\/les-cadettes-et-juniors-ont-ensuite-anime-la-troisieme-course-de-la-journee-photo-gregory-monnot-1670435783-2\/\" data-orig-file=\"https:\/\/www.montceautriathlon.com\/blog\/wp-content\/uploads\/2023\/01\/les-cadettes-et-juniors-ont-ensuite-anime-la-troisieme-course-de-la-journee-photo-gregory-monnot-1670435783-2.jpg\" data-orig-size=\"643,360\" data-comments-opened=\"1\" data-image-meta=\"{&quot;aperture&quot;:&quot;0&quot;,&quot;credit&quot;:&quot;&quot;,&quot;camera&quot;:&quot;&quot;,&quot;caption&quot;:&quot;&quot;,&quot;created_timestamp&quot;:&quot;0&quot;,&quot;copyright&quot;:&quot;&quot;,&quot;focal_length&quot;:&quot;0&quot;,&quot;iso&quot;:&quot;0&quot;,&quot;shutter_speed&quot;:&quot;0&quot;,&quot;title&quot;:&quot;&quot;,&quot;orientation&quot;:&quot;1&quot;}\" data-image-title=\"les-cadettes-et-juniors-ont-ensuite-anime-la-troisieme-course-de-la-journee-photo-gregory-monnot-1670435783-2\" data-image-description=\"\" data-image-caption=\"\" data-medium-file=\"https:\/\/www.montceautriathlon.com\/blog\/wp-content\/uploads\/2023\/01\/les-cadettes-et-juniors-ont-ensuite-anime-la-troisieme-course-de-la-journee-photo-gregory-monnot-1670435783-2-300x168.jpg\" data-large-file=\"https:\/\/www.montceautriathlon.com\/blog\/wp-content\/uploads\/2023\/01\/les-cadettes-et-juniors-ont-ensuite-anime-la-troisieme-course-de-la-journee-photo-gregory-monnot-1670435783-2.jpg\" loading=\"lazy\" width=\"643\" height=\"360\" src=\"https:\/\/www.montceautriathlon.com\/blog\/wp-content\/uploads\/2023\/01\/les-cadettes-et-juniors-ont-ensuite-anime-la-troisieme-course-de-la-journee-photo-gregory-monnot-1670435783-2.jpg\" alt=\"\" class=\"wp-image-5528\" srcset=\"https:\/\/www.montceautriathlon.com\/blog\/wp-content\/uploads\/2023\/01\/les-cadettes-et-juniors-ont-ensuite-anime-la-troisieme-course-de-la-journee-photo-gregory-monnot-1670435783-2.jpg 643w, https:\/\/www.montceautriathlon.com\/blog\/wp-content\/uploads\/2023\/01\/les-cadettes-et-juniors-ont-ensuite-anime-la-troisieme-course-de-la-journee-photo-gregory-monnot-1670435783-2-300x168.jpg 300w\" sizes=\"(max-width: 643px) 100vw, 643px\" \/><\/a><\/figure>\n\n\n\n<figure class=\"wp-block-image size-full\"><a href=\"https:\/\/www.montceautriathlon.com\/blog\/wp-content\/uploads\/2023\/01\/les-benjamins-leur-ont-emboite-le-pas-dans-la-foulee-photo-gregory-monnot-1670437218-1.jpg\"><img data-attachment-id=\"5523\" data-permalink=\"https:\/\/www.montceautriathlon.com\/blog\/2023\/01\/04\/le-championnat-dacademie-de-cross-country\/les-benjamins-leur-ont-emboite-le-pas-dans-la-foulee-photo-gregory-monnot-1670437218-1\/\" data-orig-file=\"https:\/\/www.montceautriathlon.com\/blog\/wp-content\/uploads\/2023\/01\/les-benjamins-leur-ont-emboite-le-pas-dans-la-foulee-photo-gregory-monnot-1670437218-1.jpg\" data-orig-size=\"643,360\" data-comments-opened=\"1\" data-image-meta=\"{&quot;aperture&quot;:&quot;0&quot;,&quot;credit&quot;:&quot;&quot;,&quot;camera&quot;:&quot;&quot;,&quot;caption&quot;:&quot;&quot;,&quot;created_timestamp&quot;:&quot;0&quot;,&quot;copyright&quot;:&quot;&quot;,&quot;focal_length&quot;:&quot;0&quot;,&quot;iso&quot;:&quot;0&quot;,&quot;shutter_speed&quot;:&quot;0&quot;,&quot;title&quot;:&quot;&quot;,&quot;orientation&quot;:&quot;1&quot;}\" data-image-title=\"les-benjamins-leur-ont-emboite-le-pas-dans-la-foulee-photo-gregory-monnot-1670437218-1\" data-image-description=\"\" data-image-caption=\"\" data-medium-file=\"https:\/\/www.montceautriathlon.com\/blog\/wp-content\/uploads\/2023\/01\/les-benjamins-leur-ont-emboite-le-pas-dans-la-foulee-photo-gregory-monnot-1670437218-1-300x168.jpg\" data-large-file=\"https:\/\/www.montceautriathlon.com\/blog\/wp-content\/uploads\/2023\/01\/les-benjamins-leur-ont-emboite-le-pas-dans-la-foulee-photo-gregory-monnot-1670437218-1.jpg\" loading=\"lazy\" width=\"643\" height=\"360\" src=\"https:\/\/www.montceautriathlon.com\/blog\/wp-content\/uploads\/2023\/01\/les-benjamins-leur-ont-emboite-le-pas-dans-la-foulee-photo-gregory-monnot-1670437218-1.jpg\" alt=\"\" class=\"wp-image-5523\" srcset=\"https:\/\/www.montceautriathlon.com\/blog\/wp-content\/uploads\/2023\/01\/les-benjamins-leur-ont-emboite-le-pas-dans-la-foulee-photo-gregory-monnot-1670437218-1.jpg 643w, https:\/\/www.montceautriathlon.com\/blog\/wp-content\/uploads\/2023\/01\/les-benjamins-leur-ont-emboite-le-pas-dans-la-foulee-photo-gregory-monnot-1670437218-1-300x168.jpg 300w\" sizes=\"(max-width: 643px) 100vw, 643px\" \/><\/a><\/figure>\n\n\n\n<figure class=\"wp-block-image size-full\"><a href=\"https:\/\/www.montceautriathlon.com\/blog\/wp-content\/uploads\/2023\/01\/les-benjamins-leur-ont-emboite-le-pas-dans-la-foulee-photo-gregory-monnot-1670437218.jpg\"><img data-attachment-id=\"5524\" data-permalink=\"https:\/\/www.montceautriathlon.com\/blog\/2023\/01\/04\/le-championnat-dacademie-de-cross-country\/les-benjamins-leur-ont-emboite-le-pas-dans-la-foulee-photo-gregory-monnot-1670437218\/\" data-orig-file=\"https:\/\/www.montceautriathlon.com\/blog\/wp-content\/uploads\/2023\/01\/les-benjamins-leur-ont-emboite-le-pas-dans-la-foulee-photo-gregory-monnot-1670437218.jpg\" data-orig-size=\"643,360\" data-comments-opened=\"1\" data-image-meta=\"{&quot;aperture&quot;:&quot;0&quot;,&quot;credit&quot;:&quot;&quot;,&quot;camera&quot;:&quot;&quot;,&quot;caption&quot;:&quot;&quot;,&quot;created_timestamp&quot;:&quot;0&quot;,&quot;copyright&quot;:&quot;&quot;,&quot;focal_length&quot;:&quot;0&quot;,&quot;iso&quot;:&quot;0&quot;,&quot;shutter_speed&quot;:&quot;0&quot;,&quot;title&quot;:&quot;&quot;,&quot;orientation&quot;:&quot;1&quot;}\" data-image-title=\"les-benjamins-leur-ont-emboite-le-pas-dans-la-foulee-photo-gregory-monnot-1670437218\" data-image-description=\"\" data-image-caption=\"\" data-medium-file=\"https:\/\/www.montceautriathlon.com\/blog\/wp-content\/uploads\/2023\/01\/les-benjamins-leur-ont-emboite-le-pas-dans-la-foulee-photo-gregory-monnot-1670437218-300x168.jpg\" data-large-file=\"https:\/\/www.montceautriathlon.com\/blog\/wp-content\/uploads\/2023\/01\/les-benjamins-leur-ont-emboite-le-pas-dans-la-foulee-photo-gregory-monnot-1670437218.jpg\" loading=\"lazy\" width=\"643\" height=\"360\" src=\"https:\/\/www.montceautriathlon.com\/blog\/wp-content\/uploads\/2023\/01\/les-benjamins-leur-ont-emboite-le-pas-dans-la-foulee-photo-gregory-monnot-1670437218.jpg\" alt=\"\" class=\"wp-image-5524\" srcset=\"https:\/\/www.montceautriathlon.com\/blog\/wp-content\/uploads\/2023\/01\/les-benjamins-leur-ont-emboite-le-pas-dans-la-foulee-photo-gregory-monnot-1670437218.jpg 643w, https:\/\/www.montceautriathlon.com\/blog\/wp-content\/uploads\/2023\/01\/les-benjamins-leur-ont-emboite-le-pas-dans-la-foulee-photo-gregory-monnot-1670437218-300x168.jpg 300w\" sizes=\"(max-width: 643px) 100vw, 643px\" \/><\/a><\/figure>\n\n\n\n<figure class=\"wp-block-image size-full\"><a href=\"https:\/\/www.montceautriathlon.com\/blog\/wp-content\/uploads\/2023\/01\/les-cadettes-et-juniors-ont-ensuite-anime-la-troisieme-course-de-la-journee-photo-gregory-monnot-1670435783-1.jpg\"><img data-attachment-id=\"5525\" data-permalink=\"https:\/\/www.montceautriathlon.com\/blog\/2023\/01\/04\/le-championnat-dacademie-de-cross-country\/les-cadettes-et-juniors-ont-ensuite-anime-la-troisieme-course-de-la-journee-photo-gregory-monnot-1670435783-1\/\" data-orig-file=\"https:\/\/www.montceautriathlon.com\/blog\/wp-content\/uploads\/2023\/01\/les-cadettes-et-juniors-ont-ensuite-anime-la-troisieme-course-de-la-journee-photo-gregory-monnot-1670435783-1.jpg\" data-orig-size=\"643,360\" data-comments-opened=\"1\" data-image-meta=\"{&quot;aperture&quot;:&quot;0&quot;,&quot;credit&quot;:&quot;&quot;,&quot;camera&quot;:&quot;&quot;,&quot;caption&quot;:&quot;&quot;,&quot;created_timestamp&quot;:&quot;0&quot;,&quot;copyright&quot;:&quot;&quot;,&quot;focal_length&quot;:&quot;0&quot;,&quot;iso&quot;:&quot;0&quot;,&quot;shutter_speed&quot;:&quot;0&quot;,&quot;title&quot;:&quot;&quot;,&quot;orientation&quot;:&quot;1&quot;}\" data-image-title=\"les-cadettes-et-juniors-ont-ensuite-anime-la-troisieme-course-de-la-journee-photo-gregory-monnot-1670435783-1\" data-image-description=\"\" data-image-caption=\"\" data-medium-file=\"https:\/\/www.montceautriathlon.com\/blog\/wp-content\/uploads\/2023\/01\/les-cadettes-et-juniors-ont-ensuite-anime-la-troisieme-course-de-la-journee-photo-gregory-monnot-1670435783-1-300x168.jpg\" data-large-file=\"https:\/\/www.montceautriathlon.com\/blog\/wp-content\/uploads\/2023\/01\/les-cadettes-et-juniors-ont-ensuite-anime-la-troisieme-course-de-la-journee-photo-gregory-monnot-1670435783-1.jpg\" loading=\"lazy\" width=\"643\" height=\"360\" src=\"https:\/\/www.montceautriathlon.com\/blog\/wp-content\/uploads\/2023\/01\/les-cadettes-et-juniors-ont-ensuite-anime-la-troisieme-course-de-la-journee-photo-gregory-monnot-1670435783-1.jpg\" alt=\"\" class=\"wp-image-5525\" srcset=\"https:\/\/www.montceautriathlon.com\/blog\/wp-content\/uploads\/2023\/01\/les-cadettes-et-juniors-ont-ensuite-anime-la-troisieme-course-de-la-journee-photo-gregory-monnot-1670435783-1.jpg 643w, https:\/\/www.montceautriathlon.com\/blog\/wp-content\/uploads\/2023\/01\/les-cadettes-et-juniors-ont-ensuite-anime-la-troisieme-course-de-la-journee-photo-gregory-monnot-1670435783-1-300x168.jpg 300w\" sizes=\"(max-width: 643px) 100vw, 643px\" \/><\/a><\/figure>\n\n\n\n<figure class=\"wp-block-image size-full\"><a href=\"https:\/\/www.montceautriathlon.com\/blog\/wp-content\/uploads\/2023\/01\/les-cadettes-et-juniors-ont-ensuite-anime-la-troisieme-course-de-la-journee-photo-gregory-monnot-1670435783.jpg\"><img data-attachment-id=\"5526\" data-permalink=\"https:\/\/www.montceautriathlon.com\/blog\/2023\/01\/04\/le-championnat-dacademie-de-cross-country\/les-cadettes-et-juniors-ont-ensuite-anime-la-troisieme-course-de-la-journee-photo-gregory-monnot-1670435783\/\" data-orig-file=\"https:\/\/www.montceautriathlon.com\/blog\/wp-content\/uploads\/2023\/01\/les-cadettes-et-juniors-ont-ensuite-anime-la-troisieme-course-de-la-journee-photo-gregory-monnot-1670435783.jpg\" data-orig-size=\"643,360\" data-comments-opened=\"1\" data-image-meta=\"{&quot;aperture&quot;:&quot;0&quot;,&quot;credit&quot;:&quot;&quot;,&quot;camera&quot;:&quot;&quot;,&quot;caption&quot;:&quot;&quot;,&quot;created_timestamp&quot;:&quot;0&quot;,&quot;copyright&quot;:&quot;&quot;,&quot;focal_length&quot;:&quot;0&quot;,&quot;iso&quot;:&quot;0&quot;,&quot;shutter_speed&quot;:&quot;0&quot;,&quot;title&quot;:&quot;&quot;,&quot;orientation&quot;:&quot;1&quot;}\" data-image-title=\"les-cadettes-et-juniors-ont-ensuite-anime-la-troisieme-course-de-la-journee-photo-gregory-monnot-1670435783\" data-image-description=\"\" data-image-caption=\"\" data-medium-file=\"https:\/\/www.montceautriathlon.com\/blog\/wp-content\/uploads\/2023\/01\/les-cadettes-et-juniors-ont-ensuite-anime-la-troisieme-course-de-la-journee-photo-gregory-monnot-1670435783-300x168.jpg\" data-large-file=\"https:\/\/www.montceautriathlon.com\/blog\/wp-content\/uploads\/2023\/01\/les-cadettes-et-juniors-ont-ensuite-anime-la-troisieme-course-de-la-journee-photo-gregory-monnot-1670435783.jpg\" loading=\"lazy\" width=\"643\" height=\"360\" src=\"https:\/\/www.montceautriathlon.com\/blog\/wp-content\/uploads\/2023\/01\/les-cadettes-et-juniors-ont-ensuite-anime-la-troisieme-course-de-la-journee-photo-gregory-monnot-1670435783.jpg\" alt=\"\" class=\"wp-image-5526\" srcset=\"https:\/\/www.montceautriathlon.com\/blog\/wp-content\/uploads\/2023\/01\/les-cadettes-et-juniors-ont-ensuite-anime-la-troisieme-course-de-la-journee-photo-gregory-monnot-1670435783.jpg 643w, https:\/\/www.montceautriathlon.com\/blog\/wp-content\/uploads\/2023\/01\/les-cadettes-et-juniors-ont-ensuite-anime-la-troisieme-course-de-la-journee-photo-gregory-monnot-1670435783-300x168.jpg 300w\" sizes=\"(max-width: 643px) 100vw, 643px\" \/><\/a><\/figure>\n\n\n\n<figure class=\"wp-block-image\"><img alt=\"\"\/><\/figure>\n","protected":false},"excerpt":{"rendered":"<p>Le championnat d&rsquo;acad\u00e9mie de cross-country s&rsquo;est d\u00e9roul\u00e9 le mercredi 7 d\u00e9cembre au parc Maugrand \u00e0 Montceau les Mines. De nombreux jeunes triathl\u00e8tes de notre club se sont retrouv\u00e9s sur les diff\u00e9rentes \u00e9preuves. Voici les r\u00e9sultats : BENJAMINE : Da Eira Axelle (coll\u00e8ge Jean Moulin) 33e et Thierry Sarah ( coll\u00e8ge Roger Vaillan) 120e BENJAMIN : [&hellip;]<\/p>\n","protected":false},"author":2,"featured_media":5528,"comment_status":"open","ping_status":"open","sticky":false,"template":"","format":"standard","meta":{"spay_email":"","jetpack_publicize_message":"","jetpack_is_tweetstorm":false},"categories":[1],"tags":[],"jetpack_featured_media_url":"https:\/\/www.montceautriathlon.com\/blog\/wp-content\/uploads\/2023\/01\/les-cadettes-et-juniors-ont-ensuite-anime-la-troisieme-course-de-la-journee-photo-gregory-monnot-1670435783-2.jpg","jetpack_publicize_connections":[],"jetpack_sharing_enabled":true,"jetpack_shortlink":"https:\/\/wp.me\/p8bwIy-1r3","jetpack-related-posts":[{"id":6551,"url":"https:\/\/www.montceautriathlon.com\/blog\/2023\/12\/08\/cross-academique-unss\/","url_meta":{"origin":5521,"position":0},"title":"Cross acad\u00e9mique UNSS","date":"8 d\u00e9cembre 2023","format":false,"excerpt":"Plusieurs licenci\u00e9s du club ont fait le d\u00e9placement ce mercredi 6 d\u00e9cembre \u00e0 Nevers pour participer au cross acad\u00e9mique UNSS avec leur \u00e9tablissement scolaire respectif. Chez les cadets, Joshua Vandaele et Jules Aerts (lyc\u00e9e Parriat de Montceau) terminent \u00e0 la 53e et 60e place sur 118 participants. Chez les cadettes,\u2026","rel":"","context":"Dans &quot;Non class\u00e9&quot;","img":{"alt_text":"","src":"https:\/\/i2.wp.com\/www.montceautriathlon.com\/blog\/wp-content\/uploads\/2023\/12\/79915441253684842511.jpg?resize=350%2C200&ssl=1","width":350,"height":200},"classes":[]},{"id":4573,"url":"https:\/\/www.montceautriathlon.com\/blog\/2021\/09\/27\/championnat-de-france-de-duathlon-une-premiere-pour-jeanne-rondier\/","url_meta":{"origin":5521,"position":1},"title":"Championnat de France de Duathlon : Une premi\u00e8re pour Jeanne Rondier.","date":"27 septembre 2021","format":false,"excerpt":"Apr\u00e8s Zo\u00e9 Da Eira qualifi\u00e9e pour la premi\u00e8re fois aux Championnats de France d'aquathlon, ce fut le tour de Jeanne Rondier de porter haut les couleurs du club \u00e0 Noyon dans l'Oise ce dimanche matin en duathlon. Une premi\u00e8re aussi ! 72\u00e8me sur 115 participantes. Une belle exp\u00e9rience ! F\u00e9licitations\u2026","rel":"","context":"Dans &quot;Non class\u00e9&quot;","img":{"alt_text":"","src":"https:\/\/i2.wp.com\/www.montceautriathlon.com\/blog\/wp-content\/uploads\/2021\/09\/jeanne-CDF-Noyon.jpg?resize=350%2C200&ssl=1","width":350,"height":200},"classes":[]},{"id":5566,"url":"https:\/\/www.montceautriathlon.com\/blog\/2023\/02\/06\/championnats-de-france-unss\/","url_meta":{"origin":5521,"position":2},"title":"Championnats de France UNSS","date":"6 f\u00e9vrier 2023","format":false,"excerpt":"C'est le samedi 28 janvier que nos jeunes triathl\u00e8tes du club ont repr\u00e9sent\u00e9 leur lyc\u00e9e (Henri Parriat) sur le campus dijonnais. Para\u00eet-il que tous les ingr\u00e9dients \u00e9taient au rendez-vous pour une course de qualit\u00e9 dans laquelle nos jeunes triathl\u00e8tes ont parfaitement tenu leurs r\u00f4les. F\u00e9licitations \u00e0 Jean Baptiste, Elise, Ema,\u2026","rel":"","context":"Dans &quot;Non class\u00e9&quot;","img":{"alt_text":"","src":"https:\/\/i1.wp.com\/www.montceautriathlon.com\/blog\/wp-content\/uploads\/2023\/02\/image_6487327-3.jpg?resize=350%2C200&ssl=1","width":350,"height":200},"classes":[]},{"id":4777,"url":"https:\/\/www.montceautriathlon.com\/blog\/2021\/11\/29\/bike-run-de-dole-encore-des-podiums-pour-les-jeunes\/","url_meta":{"origin":5521,"position":3},"title":"Bike &#038; run de Dole : encore des podiums pour les jeunes !","date":"29 novembre 2021","format":false,"excerpt":"L'\u00e9cole de triathlon s'est encore d\u00e9plac\u00e9e en nombre \u00e0 Dole ce week-end. Il est vrai que certains bin\u00f4mes encourag\u00e9s par leurs derniers r\u00e9sultats sont motiv\u00e9s pour bien figurer \u00e0 la fin du championnat. Alors peu importe les distances, peu importe le froid et la neige, il faut marquer des points\u2026","rel":"","context":"Dans &quot;Non class\u00e9&quot;","img":{"alt_text":"","src":"https:\/\/i2.wp.com\/www.montceautriathlon.com\/blog\/wp-content\/uploads\/2021\/11\/dole10.jpg?resize=350%2C200&ssl=1","width":350,"height":200},"classes":[]},{"id":5031,"url":"https:\/\/www.montceautriathlon.com\/blog\/2022\/05\/10\/championnat-de-france-jeunes-de-duathlon-a-chateauroux-une-nouvelle-bonne-experience-malgre-la-deception\/","url_meta":{"origin":5521,"position":4},"title":"Championnat de France jeunes de duathlon \u00e0 Ch\u00e2teauroux : une nouvelle bonne exp\u00e9rience malgr\u00e9 la d\u00e9ception.","date":"10 mai 2022","format":false,"excerpt":"Ce week-end \u00e0 Ch\u00e2teauroux, Jeanne Rondier se lan\u00e7ait sur ses deuxi\u00e8mes championnats de France minime de duathlon apr\u00e8s s'\u00eatre qualifi\u00e9e il y a peu \u00e0 M\u00e2con lors des s\u00e9lections r\u00e9gionales. Un niveau tr\u00e8s relev\u00e9 auquel est venu s'ajouter les premi\u00e8res chaleurs de la saison. Jeanne a bien n\u00e9goci\u00e9 le premier\u2026","rel":"","context":"Dans &quot;Non class\u00e9&quot;","img":{"alt_text":"","src":"https:\/\/i2.wp.com\/www.montceautriathlon.com\/blog\/wp-content\/uploads\/2022\/05\/IMG-20220508-WA0010.jpg?resize=350%2C200&ssl=1","width":350,"height":200},"classes":[]},{"id":3035,"url":"https:\/\/www.montceautriathlon.com\/blog\/2019\/07\/09\/7-juillet-2019-triathlon-de-macon-un-triathlon-fecond\/","url_meta":{"origin":5521,"position":5},"title":"7 juillet 2019, triathlon de M\u00e2con: un triathlon f\u00e9cond !","date":"9 juillet 2019","format":false,"excerpt":"Ce dimanche 7 juillet, ce n'est pas le rubicond qu'il fallait franchir \u00e0 M\u00e2con mais plut\u00f4t la chaleur le long de la Sa\u00f4ne comme un peu partout sur les triathlons. C'est donc 27 courageux triathl\u00e8tes du club dont 13 jeunes de l'\u00e9cole de tri qui se sont align\u00e9s sur les\u2026","rel":"","context":"Dans &quot;Non class\u00e9&quot;","img":{"alt_text":"","src":"","width":0,"height":0},"classes":[]}],"_links":{"self":[{"href":"https:\/\/www.montceautriathlon.com\/blog\/wp-json\/wp\/v2\/posts\/5521"}],"collection":[{"href":"https:\/\/www.montceautriathlon.com\/blog\/wp-json\/wp\/v2\/posts"}],"about":[{"href":"https:\/\/www.montceautriathlon.com\/blog\/wp-json\/wp\/v2\/types\/post"}],"author":[{"embeddable":true,"href":"https:\/\/www.montceautriathlon.com\/blog\/wp-json\/wp\/v2\/users\/2"}],"replies":[{"embeddable":true,"href":"https:\/\/www.montceautriathlon.com\/blog\/wp-json\/wp\/v2\/comments?post=5521"}],"version-history":[{"count":2,"href":"https:\/\/www.montceautriathlon.com\/blog\/wp-json\/wp\/v2\/posts\/5521\/revisions"}],"predecessor-version":[{"id":5529,"href":"https:\/\/www.montceautriathlon.com\/blog\/wp-json\/wp\/v2\/posts\/5521\/revisions\/5529"}],"wp:featuredmedia":[{"embeddable":true,"href":"https:\/\/www.montceautriathlon.com\/blog\/wp-json\/wp\/v2\/media\/5528"}],"wp:attachment":[{"href":"https:\/\/www.montceautriathlon.com\/blog\/wp-json\/wp\/v2\/media?parent=5521"}],"wp:term":[{"taxonomy":"category","embeddable":true,"href":"https:\/\/www.montceautriathlon.com\/blog\/wp-json\/wp\/v2\/categories?post=5521"},{"taxonomy":"post_tag","embeddable":true,"href":"https:\/\/www.montceautriathlon.com\/blog\/wp-json\/wp\/v2\/tags?post=5521"}],"curies":[{"name":"wp","href":"https:\/\/api.w.org\/{rel}","templated":true}]}}