{"id":5509,"date":"2023-01-04T16:07:26","date_gmt":"2023-01-04T15:07:26","guid":{"rendered":"https:\/\/www.montceautriathlon.com\/blog\/?p=5509"},"modified":"2023-01-04T17:17:18","modified_gmt":"2023-01-04T16:17:18","slug":"corrida-de-saint-gengoux","status":"publish","type":"post","link":"https:\/\/www.montceautriathlon.com\/blog\/2023\/01\/04\/corrida-de-saint-gengoux\/","title":{"rendered":"Corrida de Saint Gengoux !"},"content":{"rendered":"\n<p> C&rsquo;est le 18 d\u00e9cembre en ce d\u00e9but de vacances scolaires qu&rsquo;a eu lieu la corrida p\u00e9destre ainsi que le passage du p\u00e8re no\u00ebl \u00e0 Saint Gengoux le National. On aurait aim\u00e9 qu&rsquo;il nous apporte la victoire de l&rsquo;\u00e9quipe de France sous le sapin \u00e9galement ce jour-l\u00e0. A d\u00e9faut d&rsquo;\u00eatre champion du monde, nos licenci\u00e9s ont eux aussi grimp\u00e9 les marches du podium. Course poussine (0,9km) : Berteline Marionnet 1\u00e8re                                                                                                                 Course benjamine (1,95km) : Joshua Vandaele 5e au scratch et 5e minime , Titouan Rondier 6e au scratch et 1er benjamin , Zo\u00e9 Da Eira 14e et 1i\u00e8re minime f\u00e9minine                                                                                                                        Corrida de no\u00ebl (10km) : Cyrille B\u00e9rardan 5e au scratch et 1er v\u00e9t\u00e9ran , Laurent Magnien 6e et 2e v\u00e9t\u00e9ran , Patrick Monnery 12e et 6e v\u00e9t\u00e9ran et Jeanne Rondier 14e et 1i\u00e8re cadette qui termine son premier 10km en 44min <\/p>\n\n\n\n<p>Bravo \u00e0 vous tous !       <\/p>\n\n\n\n<figure class=\"wp-block-image size-large\"><a href=\"https:\/\/www.montceautriathlon.com\/blog\/wp-content\/uploads\/2023\/01\/image_6487327-1-1-scaled.jpg\"><img data-attachment-id=\"5511\" data-permalink=\"https:\/\/www.montceautriathlon.com\/blog\/2023\/01\/04\/corrida-de-saint-gengoux\/image_6487327-1-1\/\" data-orig-file=\"https:\/\/www.montceautriathlon.com\/blog\/wp-content\/uploads\/2023\/01\/image_6487327-1-1-scaled.jpg\" data-orig-size=\"2560,1920\" data-comments-opened=\"1\" data-image-meta=\"{&quot;aperture&quot;:&quot;0&quot;,&quot;credit&quot;:&quot;&quot;,&quot;camera&quot;:&quot;&quot;,&quot;caption&quot;:&quot;&quot;,&quot;created_timestamp&quot;:&quot;0&quot;,&quot;copyright&quot;:&quot;&quot;,&quot;focal_length&quot;:&quot;0&quot;,&quot;iso&quot;:&quot;0&quot;,&quot;shutter_speed&quot;:&quot;0&quot;,&quot;title&quot;:&quot;&quot;,&quot;orientation&quot;:&quot;1&quot;}\" data-image-title=\"image_6487327-1-1\" data-image-description=\"\" data-image-caption=\"\" data-medium-file=\"https:\/\/www.montceautriathlon.com\/blog\/wp-content\/uploads\/2023\/01\/image_6487327-1-1-300x225.jpg\" data-large-file=\"https:\/\/www.montceautriathlon.com\/blog\/wp-content\/uploads\/2023\/01\/image_6487327-1-1-1024x768.jpg\" loading=\"lazy\" width=\"1024\" height=\"768\" src=\"https:\/\/www.montceautriathlon.com\/blog\/wp-content\/uploads\/2023\/01\/image_6487327-1-1-1024x768.jpg\" alt=\"\" class=\"wp-image-5511\" srcset=\"https:\/\/www.montceautriathlon.com\/blog\/wp-content\/uploads\/2023\/01\/image_6487327-1-1-1024x768.jpg 1024w, https:\/\/www.montceautriathlon.com\/blog\/wp-content\/uploads\/2023\/01\/image_6487327-1-1-300x225.jpg 300w, https:\/\/www.montceautriathlon.com\/blog\/wp-content\/uploads\/2023\/01\/image_6487327-1-1-768x576.jpg 768w, https:\/\/www.montceautriathlon.com\/blog\/wp-content\/uploads\/2023\/01\/image_6487327-1-1-1536x1152.jpg 1536w, https:\/\/www.montceautriathlon.com\/blog\/wp-content\/uploads\/2023\/01\/image_6487327-1-1-2048x1536.jpg 2048w\" sizes=\"(max-width: 1024px) 100vw, 1024px\" \/><\/a><\/figure>\n\n\n\n<figure class=\"wp-block-image size-large\"><a href=\"https:\/\/www.montceautriathlon.com\/blog\/wp-content\/uploads\/2023\/01\/image_123927839-1-scaled.jpg\"><img data-attachment-id=\"5512\" data-permalink=\"https:\/\/www.montceautriathlon.com\/blog\/2023\/01\/04\/corrida-de-saint-gengoux\/image_123927839-1\/\" data-orig-file=\"https:\/\/www.montceautriathlon.com\/blog\/wp-content\/uploads\/2023\/01\/image_123927839-1-scaled.jpg\" data-orig-size=\"1920,2560\" data-comments-opened=\"1\" data-image-meta=\"{&quot;aperture&quot;:&quot;0&quot;,&quot;credit&quot;:&quot;&quot;,&quot;camera&quot;:&quot;&quot;,&quot;caption&quot;:&quot;&quot;,&quot;created_timestamp&quot;:&quot;0&quot;,&quot;copyright&quot;:&quot;&quot;,&quot;focal_length&quot;:&quot;0&quot;,&quot;iso&quot;:&quot;0&quot;,&quot;shutter_speed&quot;:&quot;0&quot;,&quot;title&quot;:&quot;&quot;,&quot;orientation&quot;:&quot;1&quot;}\" data-image-title=\"image_123927839-1\" data-image-description=\"\" data-image-caption=\"\" data-medium-file=\"https:\/\/www.montceautriathlon.com\/blog\/wp-content\/uploads\/2023\/01\/image_123927839-1-225x300.jpg\" data-large-file=\"https:\/\/www.montceautriathlon.com\/blog\/wp-content\/uploads\/2023\/01\/image_123927839-1-768x1024.jpg\" loading=\"lazy\" width=\"768\" height=\"1024\" src=\"https:\/\/www.montceautriathlon.com\/blog\/wp-content\/uploads\/2023\/01\/image_123927839-1-768x1024.jpg\" alt=\"\" class=\"wp-image-5512\" srcset=\"https:\/\/www.montceautriathlon.com\/blog\/wp-content\/uploads\/2023\/01\/image_123927839-1-768x1024.jpg 768w, https:\/\/www.montceautriathlon.com\/blog\/wp-content\/uploads\/2023\/01\/image_123927839-1-225x300.jpg 225w, https:\/\/www.montceautriathlon.com\/blog\/wp-content\/uploads\/2023\/01\/image_123927839-1-1152x1536.jpg 1152w, https:\/\/www.montceautriathlon.com\/blog\/wp-content\/uploads\/2023\/01\/image_123927839-1-1536x2048.jpg 1536w, https:\/\/www.montceautriathlon.com\/blog\/wp-content\/uploads\/2023\/01\/image_123927839-1-scaled.jpg 1920w\" sizes=\"(max-width: 768px) 100vw, 768px\" \/><\/a><\/figure>\n\n\n\n<figure class=\"wp-block-image size-large\"><a href=\"https:\/\/www.montceautriathlon.com\/blog\/wp-content\/uploads\/2023\/01\/image_123927839-scaled.jpg\"><img data-attachment-id=\"5513\" data-permalink=\"https:\/\/www.montceautriathlon.com\/blog\/2023\/01\/04\/corrida-de-saint-gengoux\/image_123927839\/\" data-orig-file=\"https:\/\/www.montceautriathlon.com\/blog\/wp-content\/uploads\/2023\/01\/image_123927839-scaled.jpg\" data-orig-size=\"1920,2560\" data-comments-opened=\"1\" data-image-meta=\"{&quot;aperture&quot;:&quot;0&quot;,&quot;credit&quot;:&quot;&quot;,&quot;camera&quot;:&quot;&quot;,&quot;caption&quot;:&quot;&quot;,&quot;created_timestamp&quot;:&quot;0&quot;,&quot;copyright&quot;:&quot;&quot;,&quot;focal_length&quot;:&quot;0&quot;,&quot;iso&quot;:&quot;0&quot;,&quot;shutter_speed&quot;:&quot;0&quot;,&quot;title&quot;:&quot;&quot;,&quot;orientation&quot;:&quot;1&quot;}\" data-image-title=\"image_123927839\" data-image-description=\"\" data-image-caption=\"\" data-medium-file=\"https:\/\/www.montceautriathlon.com\/blog\/wp-content\/uploads\/2023\/01\/image_123927839-225x300.jpg\" data-large-file=\"https:\/\/www.montceautriathlon.com\/blog\/wp-content\/uploads\/2023\/01\/image_123927839-768x1024.jpg\" loading=\"lazy\" width=\"768\" height=\"1024\" src=\"https:\/\/www.montceautriathlon.com\/blog\/wp-content\/uploads\/2023\/01\/image_123927839-768x1024.jpg\" alt=\"\" class=\"wp-image-5513\" srcset=\"https:\/\/www.montceautriathlon.com\/blog\/wp-content\/uploads\/2023\/01\/image_123927839-768x1024.jpg 768w, https:\/\/www.montceautriathlon.com\/blog\/wp-content\/uploads\/2023\/01\/image_123927839-225x300.jpg 225w, https:\/\/www.montceautriathlon.com\/blog\/wp-content\/uploads\/2023\/01\/image_123927839-1152x1536.jpg 1152w, https:\/\/www.montceautriathlon.com\/blog\/wp-content\/uploads\/2023\/01\/image_123927839-1536x2048.jpg 1536w, https:\/\/www.montceautriathlon.com\/blog\/wp-content\/uploads\/2023\/01\/image_123927839-scaled.jpg 1920w\" sizes=\"(max-width: 768px) 100vw, 768px\" \/><\/a><\/figure>\n\n\n\n<p><\/p>\n\n\n\n<figure class=\"wp-block-image size-large\"><a href=\"https:\/\/www.montceautriathlon.com\/blog\/wp-content\/uploads\/2023\/01\/image0000011_2.jpg\"><img data-attachment-id=\"5515\" data-permalink=\"https:\/\/www.montceautriathlon.com\/blog\/2023\/01\/04\/corrida-de-saint-gengoux\/image0000011_2\/\" data-orig-file=\"https:\/\/www.montceautriathlon.com\/blog\/wp-content\/uploads\/2023\/01\/image0000011_2.jpg\" data-orig-size=\"945,2048\" data-comments-opened=\"1\" data-image-meta=\"{&quot;aperture&quot;:&quot;0&quot;,&quot;credit&quot;:&quot;&quot;,&quot;camera&quot;:&quot;&quot;,&quot;caption&quot;:&quot;&quot;,&quot;created_timestamp&quot;:&quot;0&quot;,&quot;copyright&quot;:&quot;&quot;,&quot;focal_length&quot;:&quot;0&quot;,&quot;iso&quot;:&quot;0&quot;,&quot;shutter_speed&quot;:&quot;0&quot;,&quot;title&quot;:&quot;&quot;,&quot;orientation&quot;:&quot;0&quot;}\" data-image-title=\"image0000011_2\" data-image-description=\"\" data-image-caption=\"\" data-medium-file=\"https:\/\/www.montceautriathlon.com\/blog\/wp-content\/uploads\/2023\/01\/image0000011_2-138x300.jpg\" data-large-file=\"https:\/\/www.montceautriathlon.com\/blog\/wp-content\/uploads\/2023\/01\/image0000011_2-473x1024.jpg\" loading=\"lazy\" width=\"473\" height=\"1024\" src=\"https:\/\/www.montceautriathlon.com\/blog\/wp-content\/uploads\/2023\/01\/image0000011_2-473x1024.jpg\" alt=\"\" class=\"wp-image-5515\" srcset=\"https:\/\/www.montceautriathlon.com\/blog\/wp-content\/uploads\/2023\/01\/image0000011_2-473x1024.jpg 473w, https:\/\/www.montceautriathlon.com\/blog\/wp-content\/uploads\/2023\/01\/image0000011_2-138x300.jpg 138w, https:\/\/www.montceautriathlon.com\/blog\/wp-content\/uploads\/2023\/01\/image0000011_2-768x1664.jpg 768w, https:\/\/www.montceautriathlon.com\/blog\/wp-content\/uploads\/2023\/01\/image0000011_2-709x1536.jpg 709w, https:\/\/www.montceautriathlon.com\/blog\/wp-content\/uploads\/2023\/01\/image0000011_2.jpg 945w\" sizes=\"(max-width: 473px) 100vw, 473px\" \/><\/a><\/figure>\n\n\n\n<figure class=\"wp-block-image size-large\"><a href=\"https:\/\/www.montceautriathlon.com\/blog\/wp-content\/uploads\/2023\/01\/image0000001_2.jpg\"><img data-attachment-id=\"5516\" data-permalink=\"https:\/\/www.montceautriathlon.com\/blog\/2023\/01\/04\/corrida-de-saint-gengoux\/image0000001_2\/\" data-orig-file=\"https:\/\/www.montceautriathlon.com\/blog\/wp-content\/uploads\/2023\/01\/image0000001_2.jpg\" data-orig-size=\"945,2048\" data-comments-opened=\"1\" data-image-meta=\"{&quot;aperture&quot;:&quot;0&quot;,&quot;credit&quot;:&quot;&quot;,&quot;camera&quot;:&quot;&quot;,&quot;caption&quot;:&quot;&quot;,&quot;created_timestamp&quot;:&quot;0&quot;,&quot;copyright&quot;:&quot;&quot;,&quot;focal_length&quot;:&quot;0&quot;,&quot;iso&quot;:&quot;0&quot;,&quot;shutter_speed&quot;:&quot;0&quot;,&quot;title&quot;:&quot;&quot;,&quot;orientation&quot;:&quot;0&quot;}\" data-image-title=\"image0000001_2\" data-image-description=\"\" data-image-caption=\"\" data-medium-file=\"https:\/\/www.montceautriathlon.com\/blog\/wp-content\/uploads\/2023\/01\/image0000001_2-138x300.jpg\" data-large-file=\"https:\/\/www.montceautriathlon.com\/blog\/wp-content\/uploads\/2023\/01\/image0000001_2-473x1024.jpg\" loading=\"lazy\" width=\"473\" height=\"1024\" src=\"https:\/\/www.montceautriathlon.com\/blog\/wp-content\/uploads\/2023\/01\/image0000001_2-473x1024.jpg\" alt=\"\" class=\"wp-image-5516\" srcset=\"https:\/\/www.montceautriathlon.com\/blog\/wp-content\/uploads\/2023\/01\/image0000001_2-473x1024.jpg 473w, https:\/\/www.montceautriathlon.com\/blog\/wp-content\/uploads\/2023\/01\/image0000001_2-138x300.jpg 138w, https:\/\/www.montceautriathlon.com\/blog\/wp-content\/uploads\/2023\/01\/image0000001_2-768x1664.jpg 768w, https:\/\/www.montceautriathlon.com\/blog\/wp-content\/uploads\/2023\/01\/image0000001_2-709x1536.jpg 709w, https:\/\/www.montceautriathlon.com\/blog\/wp-content\/uploads\/2023\/01\/image0000001_2.jpg 945w\" sizes=\"(max-width: 473px) 100vw, 473px\" \/><\/a><\/figure>\n\n\n\n<figure class=\"wp-block-image size-full\"><a href=\"https:\/\/www.montceautriathlon.com\/blog\/wp-content\/uploads\/2023\/01\/IMG_95721.jpg\"><img data-attachment-id=\"5517\" data-permalink=\"https:\/\/www.montceautriathlon.com\/blog\/2023\/01\/04\/corrida-de-saint-gengoux\/img_95721\/\" data-orig-file=\"https:\/\/www.montceautriathlon.com\/blog\/wp-content\/uploads\/2023\/01\/IMG_95721.jpg\" data-orig-size=\"600,800\" data-comments-opened=\"1\" data-image-meta=\"{&quot;aperture&quot;:&quot;0&quot;,&quot;credit&quot;:&quot;&quot;,&quot;camera&quot;:&quot;&quot;,&quot;caption&quot;:&quot;&quot;,&quot;created_timestamp&quot;:&quot;0&quot;,&quot;copyright&quot;:&quot;&quot;,&quot;focal_length&quot;:&quot;0&quot;,&quot;iso&quot;:&quot;0&quot;,&quot;shutter_speed&quot;:&quot;0&quot;,&quot;title&quot;:&quot;&quot;,&quot;orientation&quot;:&quot;0&quot;}\" data-image-title=\"IMG_95721\" data-image-description=\"\" data-image-caption=\"\" data-medium-file=\"https:\/\/www.montceautriathlon.com\/blog\/wp-content\/uploads\/2023\/01\/IMG_95721-225x300.jpg\" data-large-file=\"https:\/\/www.montceautriathlon.com\/blog\/wp-content\/uploads\/2023\/01\/IMG_95721.jpg\" loading=\"lazy\" width=\"600\" height=\"800\" src=\"https:\/\/www.montceautriathlon.com\/blog\/wp-content\/uploads\/2023\/01\/IMG_95721.jpg\" alt=\"\" class=\"wp-image-5517\" srcset=\"https:\/\/www.montceautriathlon.com\/blog\/wp-content\/uploads\/2023\/01\/IMG_95721.jpg 600w, https:\/\/www.montceautriathlon.com\/blog\/wp-content\/uploads\/2023\/01\/IMG_95721-225x300.jpg 225w\" sizes=\"(max-width: 600px) 100vw, 600px\" \/><\/a><\/figure>\n\n\n\n<figure class=\"wp-block-image size-full\"><a href=\"https:\/\/www.montceautriathlon.com\/blog\/wp-content\/uploads\/2023\/01\/IMG_95741.jpg\"><img data-attachment-id=\"5518\" data-permalink=\"https:\/\/www.montceautriathlon.com\/blog\/2023\/01\/04\/corrida-de-saint-gengoux\/img_95741\/\" data-orig-file=\"https:\/\/www.montceautriathlon.com\/blog\/wp-content\/uploads\/2023\/01\/IMG_95741.jpg\" data-orig-size=\"600,800\" data-comments-opened=\"1\" data-image-meta=\"{&quot;aperture&quot;:&quot;0&quot;,&quot;credit&quot;:&quot;&quot;,&quot;camera&quot;:&quot;&quot;,&quot;caption&quot;:&quot;&quot;,&quot;created_timestamp&quot;:&quot;0&quot;,&quot;copyright&quot;:&quot;&quot;,&quot;focal_length&quot;:&quot;0&quot;,&quot;iso&quot;:&quot;0&quot;,&quot;shutter_speed&quot;:&quot;0&quot;,&quot;title&quot;:&quot;&quot;,&quot;orientation&quot;:&quot;0&quot;}\" data-image-title=\"IMG_95741\" data-image-description=\"\" data-image-caption=\"\" data-medium-file=\"https:\/\/www.montceautriathlon.com\/blog\/wp-content\/uploads\/2023\/01\/IMG_95741-225x300.jpg\" data-large-file=\"https:\/\/www.montceautriathlon.com\/blog\/wp-content\/uploads\/2023\/01\/IMG_95741.jpg\" loading=\"lazy\" width=\"600\" height=\"800\" src=\"https:\/\/www.montceautriathlon.com\/blog\/wp-content\/uploads\/2023\/01\/IMG_95741.jpg\" alt=\"\" class=\"wp-image-5518\" srcset=\"https:\/\/www.montceautriathlon.com\/blog\/wp-content\/uploads\/2023\/01\/IMG_95741.jpg 600w, https:\/\/www.montceautriathlon.com\/blog\/wp-content\/uploads\/2023\/01\/IMG_95741-225x300.jpg 225w\" sizes=\"(max-width: 600px) 100vw, 600px\" \/><\/a><\/figure>\n\n\n\n<figure class=\"wp-block-image size-full\"><a href=\"https:\/\/www.montceautriathlon.com\/blog\/wp-content\/uploads\/2023\/01\/IMG_95761.jpg\"><img data-attachment-id=\"5519\" data-permalink=\"https:\/\/www.montceautriathlon.com\/blog\/2023\/01\/04\/corrida-de-saint-gengoux\/img_95761\/\" data-orig-file=\"https:\/\/www.montceautriathlon.com\/blog\/wp-content\/uploads\/2023\/01\/IMG_95761.jpg\" data-orig-size=\"600,800\" data-comments-opened=\"1\" data-image-meta=\"{&quot;aperture&quot;:&quot;0&quot;,&quot;credit&quot;:&quot;&quot;,&quot;camera&quot;:&quot;&quot;,&quot;caption&quot;:&quot;&quot;,&quot;created_timestamp&quot;:&quot;0&quot;,&quot;copyright&quot;:&quot;&quot;,&quot;focal_length&quot;:&quot;0&quot;,&quot;iso&quot;:&quot;0&quot;,&quot;shutter_speed&quot;:&quot;0&quot;,&quot;title&quot;:&quot;&quot;,&quot;orientation&quot;:&quot;0&quot;}\" data-image-title=\"IMG_95761\" data-image-description=\"\" data-image-caption=\"\" data-medium-file=\"https:\/\/www.montceautriathlon.com\/blog\/wp-content\/uploads\/2023\/01\/IMG_95761-225x300.jpg\" data-large-file=\"https:\/\/www.montceautriathlon.com\/blog\/wp-content\/uploads\/2023\/01\/IMG_95761.jpg\" loading=\"lazy\" width=\"600\" height=\"800\" src=\"https:\/\/www.montceautriathlon.com\/blog\/wp-content\/uploads\/2023\/01\/IMG_95761.jpg\" alt=\"\" class=\"wp-image-5519\" srcset=\"https:\/\/www.montceautriathlon.com\/blog\/wp-content\/uploads\/2023\/01\/IMG_95761.jpg 600w, https:\/\/www.montceautriathlon.com\/blog\/wp-content\/uploads\/2023\/01\/IMG_95761-225x300.jpg 225w\" sizes=\"(max-width: 600px) 100vw, 600px\" \/><\/a><\/figure>\n\n\n\n<figure class=\"wp-block-image\"><img alt=\"\"\/><\/figure>\n","protected":false},"excerpt":{"rendered":"<p>C&rsquo;est le 18 d\u00e9cembre en ce d\u00e9but de vacances scolaires qu&rsquo;a eu lieu la corrida p\u00e9destre ainsi que le passage du p\u00e8re no\u00ebl \u00e0 Saint Gengoux le National. On aurait aim\u00e9 qu&rsquo;il nous apporte la victoire de l&rsquo;\u00e9quipe de France sous le sapin \u00e9galement ce jour-l\u00e0. A d\u00e9faut d&rsquo;\u00eatre champion du monde, nos licenci\u00e9s ont [&hellip;]<\/p>\n","protected":false},"author":2,"featured_media":5513,"comment_status":"open","ping_status":"open","sticky":false,"template":"","format":"standard","meta":{"spay_email":"","jetpack_publicize_message":"","jetpack_is_tweetstorm":false},"categories":[1],"tags":[],"jetpack_featured_media_url":"https:\/\/www.montceautriathlon.com\/blog\/wp-content\/uploads\/2023\/01\/image_123927839-scaled.jpg","jetpack_publicize_connections":[],"jetpack_sharing_enabled":true,"jetpack_shortlink":"https:\/\/wp.me\/p8bwIy-1qR","jetpack-related-posts":[{"id":8552,"url":"https:\/\/www.montceautriathlon.com\/blog\/2025\/12\/22\/13-et-14-decembre-trail-de-santenay-corrida-de-saint-gengoux-et-10km-de-hericourt\/","url_meta":{"origin":5509,"position":0},"title":"13 et 14 d\u00e9cembre: trail de Santenay, corrida de Saint Gengoux et 10km de H\u00e9ricourt","date":"22 d\u00e9cembre 2025","format":false,"excerpt":"Les triathl\u00e8tes de Montceau ont choisi des lieux diff\u00e9rents pour courir. Le samedi 13 avait lieu le trail de Santenay, organis\u00e9 par Rougeot Beaune Triathlon. Le dimanche 14 \u00e9tait organis\u00e9 la corrida de Saint Gengoux. Claude Monnet s'est quant \u00e0 lui dirig\u00e9 vers la Haute Saone pour participer au 10km\u2026","rel":"","context":"Dans &quot;Non class\u00e9&quot;","img":{"alt_text":"","src":"https:\/\/i0.wp.com\/www.montceautriathlon.com\/blog\/wp-content\/uploads\/2025\/12\/facebook_1766415502346_7408883607153835542.jpg?resize=350%2C200&ssl=1","width":350,"height":200},"classes":[]},{"id":6967,"url":"https:\/\/www.montceautriathlon.com\/blog\/2024\/07\/16\/triathlon-autun-2\/","url_meta":{"origin":5509,"position":1},"title":"Triathlon Autun","date":"16 juillet 2024","format":false,"excerpt":"Les triathl\u00e8tes montcelliens \u00e9taient pr\u00e9sents surtoutes les \u00e9preuves du triathlon d'Autun le dimanche 23 juin. Voici les r\u00e9sultats: Course 6\/8 ans: Tiana Magnien monte sur la 3e marche du podium en poussine (5e au scratch) et Eliott Rondier sur la 2e marche en poussin (6e au scratch). Course 9\/11 ans:\u2026","rel":"","context":"Dans &quot;Non class\u00e9&quot;","img":{"alt_text":"","src":"https:\/\/i0.wp.com\/www.montceautriathlon.com\/blog\/wp-content\/uploads\/2024\/07\/448968625_1141027143604675_8033343820953004543_n.jpg?resize=350%2C200&ssl=1","width":350,"height":200},"classes":[]},{"id":7273,"url":"https:\/\/www.montceautriathlon.com\/blog\/2025\/01\/12\/bike-and-run-de-chenove-et-corrida-de-buxy\/","url_meta":{"origin":5509,"position":2},"title":"Bike and run  de Chenove et corrida de Buxy","date":"12 janvier 2025","format":false,"excerpt":"Par ce week end tr\u00e8s frais, certains licenci\u00e9s courraient \u00e0 Buxy alors que d'autres \u00e9taient \u00e0 Chenove pour le bike and run. BIKE AND RUN DE CHENOVE C'est sous un beau soleil hivernal que la journ\u00e9e s'est termin\u00e9e. Les jeunes et moins jeunes \u00e9taient pr\u00e9sents \u00e0 Chenove pour le premier\u2026","rel":"","context":"Dans &quot;Non class\u00e9&quot;","img":{"alt_text":"","src":"https:\/\/i0.wp.com\/www.montceautriathlon.com\/blog\/wp-content\/uploads\/2025\/01\/897126307000611409.jpg?resize=350%2C200&ssl=1","width":350,"height":200},"classes":[]},{"id":7260,"url":"https:\/\/www.montceautriathlon.com\/blog\/2024\/12\/23\/corrida-de-saint-gengoux-2\/","url_meta":{"origin":5509,"position":3},"title":"Corrida de Saint Gengoux","date":"23 d\u00e9cembre 2024","format":false,"excerpt":"Pendant que certains triathl\u00e8tes \u00e9taient \u00e0 Dijon pour le bike and run, d'autres courraient \u00e0 Saint Gengoux pour leur Corrida, dont Montceau Triathlon est partenaires depuis quelques ann\u00e9es.. Voici les r\u00e9sultats de nos Athl\u00e8tes: SUR LE 10km: Laurent Magnien , premier repr\u00e9sentant du club franchi la ligne en 13e position\u2026","rel":"","context":"Dans &quot;Non class\u00e9&quot;","img":{"alt_text":"","src":"https:\/\/i1.wp.com\/www.montceautriathlon.com\/blog\/wp-content\/uploads\/2024\/12\/470242708_1257452068628848_960978351182328939_n.jpg?resize=350%2C200&ssl=1","width":350,"height":200},"classes":[]},{"id":4954,"url":"https:\/\/www.montceautriathlon.com\/blog\/2022\/04\/06\/duathlon-de-macon-le-club-bien-represente-des-podiums-pour-lecole-et-une-belle-qualif\/","url_meta":{"origin":5509,"position":4},"title":"Duathlon de M\u00e2con : Le club bien repr\u00e9sent\u00e9, des podiums pour l&rsquo;\u00e9cole et une belle qualif !","date":"6 avril 2022","format":false,"excerpt":"Berteline 1\u00e8re au scratch en J1, dominatrice tout au long de la course ! Jeanne qualifi\u00e9e pour les France de duathlon pour la deuxi\u00e8me ann\u00e9e cons\u00e9cutive 2\u00e8me minime F ! Titouan 2\u00e8me au scratch des J2 apr\u00e8s avoir longtemps fait la course en t\u00eate ! Aristide 3\u00e8me pupille ! Tiana\u2026","rel":"","context":"Dans &quot;Non class\u00e9&quot;","img":{"alt_text":"","src":"https:\/\/i1.wp.com\/www.montceautriathlon.com\/blog\/wp-content\/uploads\/2022\/04\/IMG-20220403-WA0003.jpg?resize=350%2C200&ssl=1","width":350,"height":200},"classes":[]},{"id":6072,"url":"https:\/\/www.montceautriathlon.com\/blog\/2023\/07\/12\/2-juillettriathlon-de-macon-montceau-na-pas-suspendu-son-vol-au-lac-de-st-point\/","url_meta":{"origin":5509,"position":5},"title":"2 juillet,triathlon de M\u00e2con : Montceau n&rsquo;a pas suspendu son vol au lac de St Point !","date":"12 juillet 2023","format":false,"excerpt":"Le dimanche 2 juillet, une importante d\u00e9l\u00e9gation de Montceau triathlon s'est d\u00e9plac\u00e9e au lac de Saint Point en Sa\u00f4ne et Loire pour le\u00a0 Triathlon organis\u00e9 par le club de M\u00e2con.Bravo \u00e0 Delphine et Jean Luc qui se sont lanc\u00e9s pour la 1\u00e8re fois sur un M. Le club remporte le\u2026","rel":"","context":"Dans &quot;Non class\u00e9&quot;","img":{"alt_text":"","src":"https:\/\/i2.wp.com\/www.montceautriathlon.com\/blog\/wp-content\/uploads\/2023\/07\/IMG-20230702-WA0005.jpg?resize=350%2C200&ssl=1","width":350,"height":200},"classes":[]}],"_links":{"self":[{"href":"https:\/\/www.montceautriathlon.com\/blog\/wp-json\/wp\/v2\/posts\/5509"}],"collection":[{"href":"https:\/\/www.montceautriathlon.com\/blog\/wp-json\/wp\/v2\/posts"}],"about":[{"href":"https:\/\/www.montceautriathlon.com\/blog\/wp-json\/wp\/v2\/types\/post"}],"author":[{"embeddable":true,"href":"https:\/\/www.montceautriathlon.com\/blog\/wp-json\/wp\/v2\/users\/2"}],"replies":[{"embeddable":true,"href":"https:\/\/www.montceautriathlon.com\/blog\/wp-json\/wp\/v2\/comments?post=5509"}],"version-history":[{"count":3,"href":"https:\/\/www.montceautriathlon.com\/blog\/wp-json\/wp\/v2\/posts\/5509\/revisions"}],"predecessor-version":[{"id":5530,"href":"https:\/\/www.montceautriathlon.com\/blog\/wp-json\/wp\/v2\/posts\/5509\/revisions\/5530"}],"wp:featuredmedia":[{"embeddable":true,"href":"https:\/\/www.montceautriathlon.com\/blog\/wp-json\/wp\/v2\/media\/5513"}],"wp:attachment":[{"href":"https:\/\/www.montceautriathlon.com\/blog\/wp-json\/wp\/v2\/media?parent=5509"}],"wp:term":[{"taxonomy":"category","embeddable":true,"href":"https:\/\/www.montceautriathlon.com\/blog\/wp-json\/wp\/v2\/categories?post=5509"},{"taxonomy":"post_tag","embeddable":true,"href":"https:\/\/www.montceautriathlon.com\/blog\/wp-json\/wp\/v2\/tags?post=5509"}],"curies":[{"name":"wp","href":"https:\/\/api.w.org\/{rel}","templated":true}]}}