{"id":5503,"date":"2023-01-04T14:43:25","date_gmt":"2023-01-04T13:43:25","guid":{"rendered":"https:\/\/www.montceautriathlon.com\/blog\/?p=5503"},"modified":"2023-01-04T14:43:28","modified_gmt":"2023-01-04T13:43:28","slug":"retour-sur-la-course-des-as","status":"publish","type":"post","link":"https:\/\/www.montceautriathlon.com\/blog\/2023\/01\/04\/retour-sur-la-course-des-as\/","title":{"rendered":"Retour sur la course des AS !"},"content":{"rendered":"\n<p>Quelques licenci\u00e9s du club ont particip\u00e9s \u00e0 la corrida p\u00e9destre de Chalon sur Sa\u00f4ne le 04\/12\/22.                                                             Au 10km : Charline Berthier 134e au scratch et 2e SEF, Sophie Marionnet 374e et Orlane Liron 383e.  <\/p>\n\n\n\n<figure class=\"wp-block-image size-large\"><a href=\"https:\/\/www.montceautriathlon.com\/blog\/wp-content\/uploads\/2023\/01\/image_6487327-1.jpg\"><img data-attachment-id=\"5506\" data-permalink=\"https:\/\/www.montceautriathlon.com\/blog\/2023\/01\/04\/retour-sur-la-course-des-as\/image_6487327-1\/\" data-orig-file=\"https:\/\/www.montceautriathlon.com\/blog\/wp-content\/uploads\/2023\/01\/image_6487327-1.jpg\" data-orig-size=\"2048,1536\" data-comments-opened=\"1\" data-image-meta=\"{&quot;aperture&quot;:&quot;0&quot;,&quot;credit&quot;:&quot;&quot;,&quot;camera&quot;:&quot;&quot;,&quot;caption&quot;:&quot;&quot;,&quot;created_timestamp&quot;:&quot;0&quot;,&quot;copyright&quot;:&quot;&quot;,&quot;focal_length&quot;:&quot;0&quot;,&quot;iso&quot;:&quot;0&quot;,&quot;shutter_speed&quot;:&quot;0&quot;,&quot;title&quot;:&quot;&quot;,&quot;orientation&quot;:&quot;1&quot;}\" data-image-title=\"image_6487327-1\" data-image-description=\"\" data-image-caption=\"\" data-medium-file=\"https:\/\/www.montceautriathlon.com\/blog\/wp-content\/uploads\/2023\/01\/image_6487327-1-300x225.jpg\" data-large-file=\"https:\/\/www.montceautriathlon.com\/blog\/wp-content\/uploads\/2023\/01\/image_6487327-1-1024x768.jpg\" loading=\"lazy\" width=\"1024\" height=\"768\" src=\"https:\/\/www.montceautriathlon.com\/blog\/wp-content\/uploads\/2023\/01\/image_6487327-1-1024x768.jpg\" alt=\"\" class=\"wp-image-5506\" srcset=\"https:\/\/www.montceautriathlon.com\/blog\/wp-content\/uploads\/2023\/01\/image_6487327-1-1024x768.jpg 1024w, https:\/\/www.montceautriathlon.com\/blog\/wp-content\/uploads\/2023\/01\/image_6487327-1-300x225.jpg 300w, https:\/\/www.montceautriathlon.com\/blog\/wp-content\/uploads\/2023\/01\/image_6487327-1-768x576.jpg 768w, https:\/\/www.montceautriathlon.com\/blog\/wp-content\/uploads\/2023\/01\/image_6487327-1-1536x1152.jpg 1536w, https:\/\/www.montceautriathlon.com\/blog\/wp-content\/uploads\/2023\/01\/image_6487327-1.jpg 2048w\" sizes=\"(max-width: 1024px) 100vw, 1024px\" \/><\/a><\/figure>\n","protected":false},"excerpt":{"rendered":"<p>Quelques licenci\u00e9s du club ont particip\u00e9s \u00e0 la corrida p\u00e9destre de Chalon sur Sa\u00f4ne le 04\/12\/22. Au 10km : Charline Berthier 134e au scratch et 2e SEF, Sophie Marionnet 374e et Orlane Liron 383e.<\/p>\n","protected":false},"author":2,"featured_media":5504,"comment_status":"open","ping_status":"open","sticky":false,"template":"","format":"standard","meta":{"spay_email":"","jetpack_publicize_message":"","jetpack_is_tweetstorm":false},"categories":[1],"tags":[],"jetpack_featured_media_url":"https:\/\/www.montceautriathlon.com\/blog\/wp-content\/uploads\/2023\/01\/image_6487327.jpg","jetpack_publicize_connections":[],"jetpack_sharing_enabled":true,"jetpack_shortlink":"https:\/\/wp.me\/p8bwIy-1qL","jetpack-related-posts":[{"id":2635,"url":"https:\/\/www.montceautriathlon.com\/blog\/2019\/03\/11\/9-et-10-03-19-trail-des-trois-chateaux-ce-netait-pas-du-gateau\/","url_meta":{"origin":5503,"position":0},"title":"9 et 10\/03\/19, Trail des trois Ch\u00e2teaux : ce n&rsquo;\u00e9tait pas du g\u00e2teau !","date":"11 mars 2019","format":false,"excerpt":"Apr\u00e8s le caviar de Montbeliard, le g\u00e2teau des Trois Ch\u00e2teaux ! Et l\u00e0 aussi, le vent en rafales et la pluie ont oblig\u00e9 les quelques trailers du clubs \u00e0 sortir les biscotos pour un effort pas si mod\u00e9rato que \u00e7\u00e0 ! Bref une nouvelle fois une mention particuli\u00e8re \u00e0 Cyrille\u2026","rel":"","context":"Dans &quot;Non class\u00e9&quot;","img":{"alt_text":"","src":"","width":0,"height":0},"classes":[]},{"id":5189,"url":"https:\/\/www.montceautriathlon.com\/blog\/2022\/08\/16\/quelques-resultats-estivaux-entre-chaleur-et-cyanobacteries\/","url_meta":{"origin":5503,"position":1},"title":"quelques r\u00e9sultats estivaux entre chaleur et cyanobact\u00e9ries !","date":"16 ao\u00fbt 2022","format":false,"excerpt":"Les triathl\u00e8tes de Montceau se sont d\u00e9plac\u00e9s sur les \u00e9preuves de la r\u00e9gion: Triathlon Gray le 23 juillet 2022Berteline \u00e9tait la seule repr\u00e9sentante du club et termine 1e au scratch sur l'\u00e9preuve des 6\/9ans. Triathlon de Dole le 31 juillet 2022Sur les 28 participants de la course 6\/9 ans Berteline\u2026","rel":"","context":"Dans &quot;Non class\u00e9&quot;","img":{"alt_text":"","src":"https:\/\/i2.wp.com\/www.montceautriathlon.com\/blog\/wp-content\/uploads\/2022\/09\/IMG_20220814_115057-scaled.jpg?resize=350%2C200&ssl=1","width":350,"height":200},"classes":[]},{"id":8119,"url":"https:\/\/www.montceautriathlon.com\/blog\/2025\/09\/14\/7-septembre-triathlon-de-chalon-sur-saone\/","url_meta":{"origin":5503,"position":2},"title":"7 Septembre: Triathlon de Chalon sur Sa\u00f4ne","date":"14 septembre 2025","format":false,"excerpt":"Une d\u00e9l\u00e9gation montcellienne s'est retrouv\u00e9e chez nos voisins chalonnais pour leur traditionnel triathlon. Les 2 courses jeunes et le XS se faisaient en piscine. La natation du triathlon S contre la montre \u00e9tait dans la Sa\u00f4ne. Chez les plus jeunes, Louis Vinck termine 1r de la course. Gaspard Pradier est\u2026","rel":"","context":"Dans &quot;Non class\u00e9&quot;","img":{"alt_text":"","src":"https:\/\/i2.wp.com\/www.montceautriathlon.com\/blog\/wp-content\/uploads\/2025\/09\/IMG_5930.jpg?resize=350%2C200&ssl=1","width":350,"height":200},"classes":[]},{"id":6967,"url":"https:\/\/www.montceautriathlon.com\/blog\/2024\/07\/16\/triathlon-autun-2\/","url_meta":{"origin":5503,"position":3},"title":"Triathlon Autun","date":"16 juillet 2024","format":false,"excerpt":"Les triathl\u00e8tes montcelliens \u00e9taient pr\u00e9sents surtoutes les \u00e9preuves du triathlon d'Autun le dimanche 23 juin. Voici les r\u00e9sultats: Course 6\/8 ans: Tiana Magnien monte sur la 3e marche du podium en poussine (5e au scratch) et Eliott Rondier sur la 2e marche en poussin (6e au scratch). Course 9\/11 ans:\u2026","rel":"","context":"Dans &quot;Non class\u00e9&quot;","img":{"alt_text":"","src":"https:\/\/i0.wp.com\/www.montceautriathlon.com\/blog\/wp-content\/uploads\/2024\/07\/448968625_1141027143604675_8033343820953004543_n.jpg?resize=350%2C200&ssl=1","width":350,"height":200},"classes":[]},{"id":8675,"url":"https:\/\/www.montceautriathlon.com\/blog\/2026\/03\/18\/7-et-8-mars-montceau-triathlon-sur-tous-les-fronts\/","url_meta":{"origin":5503,"position":4},"title":"7 et 8 mars: Montceau Triathlon sur tous les fronts","date":"18 mars 2026","format":false,"excerpt":"Ce week end de mars, les triathl\u00e8tes de Montceau \u00e9taient sur tous les fronts: le Trail des 3 Chateaux, le duathlon de Genlis et la Course des lacs de Sanvignes. Le samedi 7, plusieurs triathl\u00e8tes se sont align\u00e9s sur les diff\u00e9rentes distances du Trail des 3 Chateaux. Sur le 15\u2026","rel":"","context":"Dans &quot;Non class\u00e9&quot;","img":{"alt_text":"","src":"https:\/\/i1.wp.com\/www.montceautriathlon.com\/blog\/wp-content\/uploads\/2026\/03\/649475710_18335741212301262_2741201008037167742_n.jpg?resize=350%2C200&ssl=1","width":350,"height":200},"classes":[]},{"id":1971,"url":"https:\/\/www.montceautriathlon.com\/blog\/2018\/05\/29\/du-cote-des-trailers\/","url_meta":{"origin":5503,"position":5},"title":"Du c\u00f4t\u00e9 des trailers","date":"29 mai 2018","format":false,"excerpt":"27 mai 2018 : A noter l'excellente performance de Cyril B\u00e9rardan sur l'ultratrial de C\u00f4te d'or \u00e0 Marsannay sur la distance des 65km (1750D+)en 7h06'01\" avec une 3\u00e8me place au scratch et une 1\u00e8re en SM. 20 mai 2018 Un groupe de v\u00e9t\u00e9rans s'est d\u00e9plac\u00e9 \u00e9galement le 20 mai sur\u2026","rel":"","context":"Dans &quot;Non class\u00e9&quot;","img":{"alt_text":"","src":"","width":0,"height":0},"classes":[]}],"_links":{"self":[{"href":"https:\/\/www.montceautriathlon.com\/blog\/wp-json\/wp\/v2\/posts\/5503"}],"collection":[{"href":"https:\/\/www.montceautriathlon.com\/blog\/wp-json\/wp\/v2\/posts"}],"about":[{"href":"https:\/\/www.montceautriathlon.com\/blog\/wp-json\/wp\/v2\/types\/post"}],"author":[{"embeddable":true,"href":"https:\/\/www.montceautriathlon.com\/blog\/wp-json\/wp\/v2\/users\/2"}],"replies":[{"embeddable":true,"href":"https:\/\/www.montceautriathlon.com\/blog\/wp-json\/wp\/v2\/comments?post=5503"}],"version-history":[{"count":2,"href":"https:\/\/www.montceautriathlon.com\/blog\/wp-json\/wp\/v2\/posts\/5503\/revisions"}],"predecessor-version":[{"id":5507,"href":"https:\/\/www.montceautriathlon.com\/blog\/wp-json\/wp\/v2\/posts\/5503\/revisions\/5507"}],"wp:featuredmedia":[{"embeddable":true,"href":"https:\/\/www.montceautriathlon.com\/blog\/wp-json\/wp\/v2\/media\/5504"}],"wp:attachment":[{"href":"https:\/\/www.montceautriathlon.com\/blog\/wp-json\/wp\/v2\/media?parent=5503"}],"wp:term":[{"taxonomy":"category","embeddable":true,"href":"https:\/\/www.montceautriathlon.com\/blog\/wp-json\/wp\/v2\/categories?post=5503"},{"taxonomy":"post_tag","embeddable":true,"href":"https:\/\/www.montceautriathlon.com\/blog\/wp-json\/wp\/v2\/tags?post=5503"}],"curies":[{"name":"wp","href":"https:\/\/api.w.org\/{rel}","templated":true}]}}