{"id":5488,"date":"2022-11-29T14:42:22","date_gmt":"2022-11-29T13:42:22","guid":{"rendered":"https:\/\/www.montceautriathlon.com\/blog\/?p=5488"},"modified":"2022-11-29T14:42:25","modified_gmt":"2022-11-29T13:42:25","slug":"br-de-dole-quelques-equipes-du-club-sur-le-circuit-et-quelques-podiums","status":"publish","type":"post","link":"https:\/\/www.montceautriathlon.com\/blog\/2022\/11\/29\/br-de-dole-quelques-equipes-du-club-sur-le-circuit-et-quelques-podiums\/","title":{"rendered":"B&#038;R de Dole : quelques \u00e9quipes du club sur le circuit  et quelques podiums."},"content":{"rendered":"\n<p>Un groupe de jeunes a fait le d\u00e9placement au bike and run de Dole le dimanche 27 novembre. Plusieurs podiums pour eux.<br><strong>R\u00e9sultats jeunes 1<\/strong>:                                                                                                                                                                 &#8211; Gabrielle et Candice (qui faisait sa premi\u00e8re comp\u00e9tition) 25e sur 42 au scratch et 7e \u00e9quipe f\u00e9minine<br>&#8211; Nino et son copain abandonnent suite \u00e0 une chute alors qu&rsquo;ils \u00e9taient tr\u00e8s bien plac\u00e9s \u00e0 la fin du 1r tour<br><strong>R\u00e9sultats jeunes 2<\/strong>:                                                                                                                                                          &#8211; Joshua et L\u00e9o terminent 2e au scrtach et en \u00e9quipe masculine.                                                                                              Ils sont suivis par Aristide et Oscar (16e au scratch et 12e \u00e9quipe masculine).                                                                                                                                                           &#8211; Emile et Simon sont 26e au scratch et 15e \u00e9quipe mixte                                                                                                    &#8211; Zo\u00e9 et El\u00e9a sont 34e au scratch et 10e f\u00e9minines<br>&#8211; Axelle et Sarah sont 41e au scratch et 12e f\u00e9minine                                                                                                                &#8211; Chlo\u00e9 et son copain terminent 45e et 10e \u00e9quipe mixte<br><strong>R\u00e9sultats XS<\/strong>:                                                                                                                                                                       Emma et Jeanne sont 31e au scratch et 2e \u00e9quipe cadette\/juniore<br><br>Sophie ROUSSEAU<\/p>\n\n\n\n<figure class=\"wp-block-gallery columns-2 is-cropped\"><ul data-carousel-extra='{\"blog_id\":1,\"permalink\":\"https:\\\/\\\/www.montceautriathlon.com\\\/blog\\\/2022\\\/11\\\/29\\\/br-de-dole-quelques-equipes-du-club-sur-le-circuit-et-quelques-podiums\\\/\"}' class=\"blocks-gallery-grid\"><li class=\"blocks-gallery-item\"><figure><a href=\"https:\/\/www.montceautriathlon.com\/blog\/wp-content\/uploads\/2022\/11\/dole-2.jpg\"><img data-attachment-id=\"5487\" data-permalink=\"https:\/\/www.montceautriathlon.com\/blog\/dole-2\/\" data-orig-file=\"https:\/\/www.montceautriathlon.com\/blog\/wp-content\/uploads\/2022\/11\/dole-2.jpg\" data-orig-size=\"1448,1086\" data-comments-opened=\"1\" data-image-meta=\"{&quot;aperture&quot;:&quot;0&quot;,&quot;credit&quot;:&quot;&quot;,&quot;camera&quot;:&quot;&quot;,&quot;caption&quot;:&quot;&quot;,&quot;created_timestamp&quot;:&quot;0&quot;,&quot;copyright&quot;:&quot;&quot;,&quot;focal_length&quot;:&quot;0&quot;,&quot;iso&quot;:&quot;0&quot;,&quot;shutter_speed&quot;:&quot;0&quot;,&quot;title&quot;:&quot;&quot;,&quot;orientation&quot;:&quot;0&quot;}\" data-image-title=\"dole 2\" data-image-description=\"\" data-image-caption=\"\" data-medium-file=\"https:\/\/www.montceautriathlon.com\/blog\/wp-content\/uploads\/2022\/11\/dole-2-300x225.jpg\" data-large-file=\"https:\/\/www.montceautriathlon.com\/blog\/wp-content\/uploads\/2022\/11\/dole-2-1024x768.jpg\" loading=\"lazy\" width=\"1024\" height=\"768\" src=\"https:\/\/www.montceautriathlon.com\/blog\/wp-content\/uploads\/2022\/11\/dole-2-1024x768.jpg\" alt=\"\" data-id=\"5487\" data-full-url=\"https:\/\/www.montceautriathlon.com\/blog\/wp-content\/uploads\/2022\/11\/dole-2.jpg\" data-link=\"https:\/\/www.montceautriathlon.com\/blog\/dole-2\/\" class=\"wp-image-5487\" srcset=\"https:\/\/www.montceautriathlon.com\/blog\/wp-content\/uploads\/2022\/11\/dole-2-1024x768.jpg 1024w, https:\/\/www.montceautriathlon.com\/blog\/wp-content\/uploads\/2022\/11\/dole-2-300x225.jpg 300w, https:\/\/www.montceautriathlon.com\/blog\/wp-content\/uploads\/2022\/11\/dole-2-768x576.jpg 768w, https:\/\/www.montceautriathlon.com\/blog\/wp-content\/uploads\/2022\/11\/dole-2.jpg 1448w\" sizes=\"(max-width: 1024px) 100vw, 1024px\" \/><\/a><\/figure><\/li><li class=\"blocks-gallery-item\"><figure><a href=\"https:\/\/www.montceautriathlon.com\/blog\/wp-content\/uploads\/2022\/11\/Dole-1.jpg\"><img data-attachment-id=\"5486\" data-permalink=\"https:\/\/www.montceautriathlon.com\/blog\/dole-1\/\" data-orig-file=\"https:\/\/www.montceautriathlon.com\/blog\/wp-content\/uploads\/2022\/11\/Dole-1.jpg\" data-orig-size=\"668,1448\" data-comments-opened=\"1\" data-image-meta=\"{&quot;aperture&quot;:&quot;0&quot;,&quot;credit&quot;:&quot;&quot;,&quot;camera&quot;:&quot;&quot;,&quot;caption&quot;:&quot;&quot;,&quot;created_timestamp&quot;:&quot;0&quot;,&quot;copyright&quot;:&quot;&quot;,&quot;focal_length&quot;:&quot;0&quot;,&quot;iso&quot;:&quot;0&quot;,&quot;shutter_speed&quot;:&quot;0&quot;,&quot;title&quot;:&quot;&quot;,&quot;orientation&quot;:&quot;0&quot;}\" data-image-title=\"Dole 1\" data-image-description=\"\" data-image-caption=\"\" data-medium-file=\"https:\/\/www.montceautriathlon.com\/blog\/wp-content\/uploads\/2022\/11\/Dole-1-138x300.jpg\" data-large-file=\"https:\/\/www.montceautriathlon.com\/blog\/wp-content\/uploads\/2022\/11\/Dole-1-472x1024.jpg\" loading=\"lazy\" width=\"472\" height=\"1024\" src=\"https:\/\/www.montceautriathlon.com\/blog\/wp-content\/uploads\/2022\/11\/Dole-1-472x1024.jpg\" alt=\"\" data-id=\"5486\" data-full-url=\"https:\/\/www.montceautriathlon.com\/blog\/wp-content\/uploads\/2022\/11\/Dole-1.jpg\" data-link=\"https:\/\/www.montceautriathlon.com\/blog\/dole-1\/\" class=\"wp-image-5486\" srcset=\"https:\/\/www.montceautriathlon.com\/blog\/wp-content\/uploads\/2022\/11\/Dole-1-472x1024.jpg 472w, https:\/\/www.montceautriathlon.com\/blog\/wp-content\/uploads\/2022\/11\/Dole-1-138x300.jpg 138w, https:\/\/www.montceautriathlon.com\/blog\/wp-content\/uploads\/2022\/11\/Dole-1.jpg 668w\" sizes=\"(max-width: 472px) 100vw, 472px\" \/><\/a><\/figure><\/li><\/ul><\/figure>\n","protected":false},"excerpt":{"rendered":"<p>Un groupe de jeunes a fait le d\u00e9placement au bike and run de Dole le dimanche 27 novembre. Plusieurs podiums pour eux.R\u00e9sultats jeunes 1: &#8211; Gabrielle et Candice (qui faisait sa premi\u00e8re comp\u00e9tition) 25e sur 42 au scratch et 7e \u00e9quipe f\u00e9minine&#8211; Nino et son copain abandonnent suite \u00e0 une chute alors qu&rsquo;ils \u00e9taient tr\u00e8s [&hellip;]<\/p>\n","protected":false},"author":5,"featured_media":5486,"comment_status":"open","ping_status":"open","sticky":false,"template":"","format":"standard","meta":{"spay_email":"","jetpack_publicize_message":"","jetpack_is_tweetstorm":false},"categories":[1],"tags":[],"jetpack_featured_media_url":"https:\/\/www.montceautriathlon.com\/blog\/wp-content\/uploads\/2022\/11\/Dole-1.jpg","jetpack_publicize_connections":[],"jetpack_sharing_enabled":true,"jetpack_shortlink":"https:\/\/wp.me\/p8bwIy-1qw","jetpack-related-posts":[{"id":8500,"url":"https:\/\/www.montceautriathlon.com\/blog\/2025\/11\/24\/23-novembre-bike-and-run-de-dole\/","url_meta":{"origin":5488,"position":0},"title":"23 Novembre: Bike and run de Dole","date":"24 novembre 2025","format":false,"excerpt":"Une \u00e9quipe de jeunes a brav\u00e9 le froid du Jura pour participer au bike and run de Dole. Voici les r\u00e9sultats: Course jeunes1: Louis Vinck et Eliott Rondier terminent 12e au scratch (10e \u00e9quipe masculine) et Come Pradier et Tim\u00e9o Kleingaertner sont 15e au scratch et 12 \u00e9quipe masculine. En\u2026","rel":"","context":"Dans &quot;Non class\u00e9&quot;","img":{"alt_text":"","src":"https:\/\/i0.wp.com\/www.montceautriathlon.com\/blog\/wp-content\/uploads\/2025\/11\/IMG-20251123-WA0017.jpg?resize=350%2C200&ssl=1","width":350,"height":200},"classes":[]},{"id":5534,"url":"https:\/\/www.montceautriathlon.com\/blog\/2023\/01\/05\/bikerun-de-dijon\/","url_meta":{"origin":5488,"position":1},"title":"Bike&#038;Run de Dijon","date":"5 janvier 2023","format":false,"excerpt":"Nos jeunes triathl\u00e8tes se sont retrouv\u00e9s sur le dernier Bike&Run de l'ann\u00e9e 2022 le 11 d\u00e9cembre dernier. Fiers de nos jeunes qui ont fait plusieurs podiums : Course jeune 2 : L\u00e9o et Joshua termine 1er au scratch , Titouan et Eliott 6e au scratch et 4e en \u00e9quipe masculine\u2026","rel":"","context":"Dans &quot;Non class\u00e9&quot;","img":{"alt_text":"","src":"https:\/\/i2.wp.com\/www.montceautriathlon.com\/blog\/wp-content\/uploads\/2023\/01\/Resized-20221211-141748.jpg?resize=350%2C200&ssl=1","width":350,"height":200},"classes":[]},{"id":4777,"url":"https:\/\/www.montceautriathlon.com\/blog\/2021\/11\/29\/bike-run-de-dole-encore-des-podiums-pour-les-jeunes\/","url_meta":{"origin":5488,"position":2},"title":"Bike &#038; run de Dole : encore des podiums pour les jeunes !","date":"29 novembre 2021","format":false,"excerpt":"L'\u00e9cole de triathlon s'est encore d\u00e9plac\u00e9e en nombre \u00e0 Dole ce week-end. Il est vrai que certains bin\u00f4mes encourag\u00e9s par leurs derniers r\u00e9sultats sont motiv\u00e9s pour bien figurer \u00e0 la fin du championnat. Alors peu importe les distances, peu importe le froid et la neige, il faut marquer des points\u2026","rel":"","context":"Dans &quot;Non class\u00e9&quot;","img":{"alt_text":"","src":"https:\/\/i2.wp.com\/www.montceautriathlon.com\/blog\/wp-content\/uploads\/2021\/11\/dole10.jpg?resize=350%2C200&ssl=1","width":350,"height":200},"classes":[]},{"id":8458,"url":"https:\/\/www.montceautriathlon.com\/blog\/2025\/11\/10\/09-11-bike-and-run-de-beaune\/","url_meta":{"origin":5488,"position":3},"title":"09\/11: bike and run de Beaune","date":"10 novembre 2025","format":false,"excerpt":"Rougoet Beaune Triathlon a organis\u00e9 son bike and run ce dimanche, sous un beau soleil, aux Etangs d'Or. Une d\u00e9l\u00e9gation montcelienne avait fait le d\u00e9placement. Voici les r\u00e9sultats: Dans la course jeunes 1, Come Pradier et Tim\u00e9o Kleingaertner, pour sa 1e participation, se classent 10e au scratch et 7e \u00e9quipe\u2026","rel":"","context":"Dans &quot;Non class\u00e9&quot;","img":{"alt_text":"","src":"https:\/\/i0.wp.com\/www.montceautriathlon.com\/blog\/wp-content\/uploads\/2025\/11\/IMG_7042.jpg?resize=350%2C200&ssl=1","width":350,"height":200},"classes":[]},{"id":5395,"url":"https:\/\/www.montceautriathlon.com\/blog\/2022\/10\/15\/9-octobre-1er-triathlon-bressan-montceau-triathlon-a-decouvert-cette-nouvelle-epreuve-10-km-de-dole-pascal-sur-le-podium\/","url_meta":{"origin":5488,"position":4},"title":"9 octobre, 1er triathlon bressan : Montceau Triathlon a d\u00e9couvert cette nouvelle \u00e9preuve.                                                          10 km de D\u00f4le : Pascal sur le podium.","date":"15 octobre 2022","format":false,"excerpt":"Le Club Nautique de Louhans organisait le week-end dernier son premier triathlon avec natation en piscine. Course classique pour les J1 et J2 et contre la montre individuel pour les courses S et XS. Quelques podiums pour les jeunes et premi\u00e8re comp\u00e9tition sous les couleurs du club pour Simon Devoille\u2026","rel":"","context":"Dans &quot;Non class\u00e9&quot;","img":{"alt_text":"","src":"https:\/\/i0.wp.com\/www.montceautriathlon.com\/blog\/wp-content\/uploads\/2022\/10\/IMG-20221010-WA0004.jpg?resize=350%2C200&ssl=1","width":350,"height":200},"classes":[]},{"id":6486,"url":"https:\/\/www.montceautriathlon.com\/blog\/2023\/11\/26\/bike-and-run-de-dole\/","url_meta":{"origin":5488,"position":5},"title":"Bike and run de Dole","date":"26 novembre 2023","format":false,"excerpt":"Une d\u00e9l\u00e9gation montcellienne s'est d\u00e9plac\u00e9e ce dernier dimanche de novembre chez nos voisins jurassiens de Dole. C'est sous un beau soleil que les diff\u00e9rentes courses se sont d\u00e9roul\u00e9es. Les r\u00e9sultats: Course jeune 1: Come Pradier et Eliott Rondier terminent 19e et 7e \u00e9quipe masculine. Roxanne et Candice, pour leur premier\u2026","rel":"","context":"Dans &quot;Non class\u00e9&quot;","img":{"alt_text":"","src":"https:\/\/i2.wp.com\/www.montceautriathlon.com\/blog\/wp-content\/uploads\/2023\/11\/20231126_124121-scaled.jpg?resize=350%2C200&ssl=1","width":350,"height":200},"classes":[]}],"_links":{"self":[{"href":"https:\/\/www.montceautriathlon.com\/blog\/wp-json\/wp\/v2\/posts\/5488"}],"collection":[{"href":"https:\/\/www.montceautriathlon.com\/blog\/wp-json\/wp\/v2\/posts"}],"about":[{"href":"https:\/\/www.montceautriathlon.com\/blog\/wp-json\/wp\/v2\/types\/post"}],"author":[{"embeddable":true,"href":"https:\/\/www.montceautriathlon.com\/blog\/wp-json\/wp\/v2\/users\/5"}],"replies":[{"embeddable":true,"href":"https:\/\/www.montceautriathlon.com\/blog\/wp-json\/wp\/v2\/comments?post=5488"}],"version-history":[{"count":1,"href":"https:\/\/www.montceautriathlon.com\/blog\/wp-json\/wp\/v2\/posts\/5488\/revisions"}],"predecessor-version":[{"id":5489,"href":"https:\/\/www.montceautriathlon.com\/blog\/wp-json\/wp\/v2\/posts\/5488\/revisions\/5489"}],"wp:featuredmedia":[{"embeddable":true,"href":"https:\/\/www.montceautriathlon.com\/blog\/wp-json\/wp\/v2\/media\/5486"}],"wp:attachment":[{"href":"https:\/\/www.montceautriathlon.com\/blog\/wp-json\/wp\/v2\/media?parent=5488"}],"wp:term":[{"taxonomy":"category","embeddable":true,"href":"https:\/\/www.montceautriathlon.com\/blog\/wp-json\/wp\/v2\/categories?post=5488"},{"taxonomy":"post_tag","embeddable":true,"href":"https:\/\/www.montceautriathlon.com\/blog\/wp-json\/wp\/v2\/tags?post=5488"}],"curies":[{"name":"wp","href":"https:\/\/api.w.org\/{rel}","templated":true}]}}