{"id":5478,"date":"2022-11-23T10:32:58","date_gmt":"2022-11-23T09:32:58","guid":{"rendered":"https:\/\/www.montceautriathlon.com\/blog\/?p=5478"},"modified":"2022-11-23T10:33:02","modified_gmt":"2022-11-23T09:33:02","slug":"demandez-les-resultats-ou-les-photos-de-novembre-demandez-roc-daluze-lecuissoise-br-de-beaune-charolaise-marathons-du-beaujolais-et-du-charolais","status":"publish","type":"post","link":"https:\/\/www.montceautriathlon.com\/blog\/2022\/11\/23\/demandez-les-resultats-ou-les-photos-de-novembre-demandez-roc-daluze-lecuissoise-br-de-beaune-charolaise-marathons-du-beaujolais-et-du-charolais\/","title":{"rendered":"Demandez les r\u00e9sultats ou les photos de novembre ! Demandez !  Roc d&rsquo;Aluze, l&rsquo;Ecuissoise, B&#038;R de Beaune, Charolaise, marathons du Beaujolais et  du Charolais,  !"},"content":{"rendered":"\n<p><\/p>\n\n\n\n<p><strong>Marathon du Charolais Bourgogne Sud\u00a0 le 05 novembre 2022<\/strong><br><strong><span class=\"has-inline-color has-vivid-red-color\">21 km:<\/span><\/strong>                                                                                                                                                                                   Pascal Vaury en 1h24                                                                                                                                                     Benoit Thierry et Fr\u00e9d\u00e9ric Ghesqui\u00e8re en 1h35                                                                                                                      Alice Vaury et Laurent Magnien en 1h44<br><span class=\"has-inline-color has-vivid-red-color\"><strong>10 km<\/strong>: <\/span>                                                                                                                                                                                  Eric Vaudelin en 40&rsquo;34                                                                                                                                                            Pierre Vaury en 40&rsquo;38                                                                                                                                                         Charline Berthier en 46&rsquo;31                                                                                                                                               Fabienne Vaudelin en 53&rsquo;17                                                                                                                                               David Michel en 57&rsquo;25                                                                                                                                                            Marie Pierre Berthier en 59&rsquo;27                                                                                                                                          Pierre Perrin en 1h00                                                                                                                                                         Isabelle Vaury, Sophie Marionnet et Ir\u00e8ne Vulin en 1h02<\/p>\n\n\n\n<p><strong>Bike and run de Beaune le 13 novembre 2022<\/strong><br><span class=\"has-inline-color has-vivid-red-color\"><strong>XS:<\/strong><\/span>                                                                                                                                                                                          Arnaud et Benoit 17e \u00e9quipe masculine en 50&rsquo;18                                                                                                            Jeanne et Emma\u00a0 2e \u00e9quipe cadette\/juniore en 52&rsquo;48                                                                                                               Elise M et Catherine P en 56&rsquo;45<br><span class=\"has-inline-color has-vivid-red-color\"><strong>Jeune 2<\/strong><\/span>:                                                                                                                                                                                 Joshua et L\u00e9o\u00a0 3e H en 15<br>Titouan et Eliott 5e H en 15&rsquo;44<br>Aristide et Oscar 7e H en 16&rsquo;51                                                                                                                                           Zo\u00e9 et El\u00e9a 5e F en 19&rsquo;08                                                                                                                                                       Axelle et Sarah 9e F en 20&rsquo;11<br><span class=\"has-inline-color has-vivid-red-color\"><strong>Jeune 1<\/strong>:<\/span>                                                                                                                                                                               Nino et son copain\u00a0 4e H en 6&rsquo;58                                                                                                                                   Gabrielle et Berteline 1e F en 7&rsquo;07<\/p>\n\n\n\n<p><\/p>\n\n\n\n<p><strong>Marathon du Beaujolais\u00a0 le 19\/11\/2022<\/strong><br><span class=\"has-inline-color has-vivid-red-color\"><strong>42 km<\/strong><\/span><br>Fr\u00e9d\u00e9ric Ghesqui\u00e8re termine en 3h58.<\/p>\n\n\n\n<p><span class=\"has-inline-color has-vivid-red-color\"><strong>21 km<\/strong>:   <\/span>                                                                                                                                                                           Sandrine Ghesqui\u00e8re termine en 1h48                                                                                                                                     Jean Christophe Bernigaud (qui semble avoir bien profit\u00e9 des ravitaillements &#x1f600; termine en 4h00<\/p>\n\n\n\n<p><strong>La Charolaise\u00a0 le 20\/11\/2022<\/strong><br><strong><span class=\"has-inline-color has-vivid-red-color\">21 km<\/span><\/strong>                                                                                                                                                                                Herv\u00e9 Pluchot termine en 1h48 et Charline Berthier (2e s\u00e9niore) en 1h51<br><strong><span class=\"has-inline-color has-vivid-red-color\">11 km<\/span><\/strong>                                                                                                                                                                                    Patrick Monnery\u00a0 en 51&rsquo;43                                                                                                                                                    Lionel Berthier et Kamel Boukhitine terminent en 1h03                                                                                                       Marie Pierre Berthier et  Marie Agn\u00e8s Pelin terminent en 1h17<\/p>\n\n\n\n<figure class=\"wp-block-gallery columns-3 is-cropped\"><ul data-carousel-extra='{\"blog_id\":1,\"permalink\":\"https:\\\/\\\/www.montceautriathlon.com\\\/blog\\\/2022\\\/11\\\/23\\\/demandez-les-resultats-ou-les-photos-de-novembre-demandez-roc-daluze-lecuissoise-br-de-beaune-charolaise-marathons-du-beaujolais-et-du-charolais\\\/\"}' class=\"blocks-gallery-grid\"><li class=\"blocks-gallery-item\"><figure><a href=\"https:\/\/www.montceautriathlon.com\/blog\/wp-content\/uploads\/2022\/11\/IMG-20221119-WA0029.jpg\"><img data-attachment-id=\"5484\" data-permalink=\"https:\/\/www.montceautriathlon.com\/blog\/img-20221119-wa0029\/\" data-orig-file=\"https:\/\/www.montceautriathlon.com\/blog\/wp-content\/uploads\/2022\/11\/IMG-20221119-WA0029.jpg\" data-orig-size=\"768,1024\" data-comments-opened=\"1\" data-image-meta=\"{&quot;aperture&quot;:&quot;0&quot;,&quot;credit&quot;:&quot;&quot;,&quot;camera&quot;:&quot;&quot;,&quot;caption&quot;:&quot;&quot;,&quot;created_timestamp&quot;:&quot;0&quot;,&quot;copyright&quot;:&quot;&quot;,&quot;focal_length&quot;:&quot;0&quot;,&quot;iso&quot;:&quot;0&quot;,&quot;shutter_speed&quot;:&quot;0&quot;,&quot;title&quot;:&quot;&quot;,&quot;orientation&quot;:&quot;0&quot;}\" data-image-title=\"IMG-20221119-WA0029\" data-image-description=\"\" data-image-caption=\"\" data-medium-file=\"https:\/\/www.montceautriathlon.com\/blog\/wp-content\/uploads\/2022\/11\/IMG-20221119-WA0029-225x300.jpg\" data-large-file=\"https:\/\/www.montceautriathlon.com\/blog\/wp-content\/uploads\/2022\/11\/IMG-20221119-WA0029.jpg\" loading=\"lazy\" width=\"768\" height=\"1024\" src=\"https:\/\/www.montceautriathlon.com\/blog\/wp-content\/uploads\/2022\/11\/IMG-20221119-WA0029.jpg\" alt=\"\" data-id=\"5484\" data-full-url=\"https:\/\/www.montceautriathlon.com\/blog\/wp-content\/uploads\/2022\/11\/IMG-20221119-WA0029.jpg\" data-link=\"https:\/\/www.montceautriathlon.com\/blog\/img-20221119-wa0029\/\" class=\"wp-image-5484\" srcset=\"https:\/\/www.montceautriathlon.com\/blog\/wp-content\/uploads\/2022\/11\/IMG-20221119-WA0029.jpg 768w, https:\/\/www.montceautriathlon.com\/blog\/wp-content\/uploads\/2022\/11\/IMG-20221119-WA0029-225x300.jpg 225w\" sizes=\"(max-width: 768px) 100vw, 768px\" \/><\/a><\/figure><\/li><li class=\"blocks-gallery-item\"><figure><a href=\"https:\/\/www.montceautriathlon.com\/blog\/wp-content\/uploads\/2022\/11\/IMG-20221119-WA0028.jpg\"><img data-attachment-id=\"5483\" data-permalink=\"https:\/\/www.montceautriathlon.com\/blog\/img-20221119-wa0028\/\" data-orig-file=\"https:\/\/www.montceautriathlon.com\/blog\/wp-content\/uploads\/2022\/11\/IMG-20221119-WA0028.jpg\" data-orig-size=\"768,1024\" data-comments-opened=\"1\" data-image-meta=\"{&quot;aperture&quot;:&quot;0&quot;,&quot;credit&quot;:&quot;&quot;,&quot;camera&quot;:&quot;&quot;,&quot;caption&quot;:&quot;&quot;,&quot;created_timestamp&quot;:&quot;0&quot;,&quot;copyright&quot;:&quot;&quot;,&quot;focal_length&quot;:&quot;0&quot;,&quot;iso&quot;:&quot;0&quot;,&quot;shutter_speed&quot;:&quot;0&quot;,&quot;title&quot;:&quot;&quot;,&quot;orientation&quot;:&quot;0&quot;}\" data-image-title=\"IMG-20221119-WA0028\" data-image-description=\"\" data-image-caption=\"\" data-medium-file=\"https:\/\/www.montceautriathlon.com\/blog\/wp-content\/uploads\/2022\/11\/IMG-20221119-WA0028-225x300.jpg\" data-large-file=\"https:\/\/www.montceautriathlon.com\/blog\/wp-content\/uploads\/2022\/11\/IMG-20221119-WA0028.jpg\" loading=\"lazy\" width=\"768\" height=\"1024\" src=\"https:\/\/www.montceautriathlon.com\/blog\/wp-content\/uploads\/2022\/11\/IMG-20221119-WA0028.jpg\" alt=\"\" data-id=\"5483\" data-full-url=\"https:\/\/www.montceautriathlon.com\/blog\/wp-content\/uploads\/2022\/11\/IMG-20221119-WA0028.jpg\" data-link=\"https:\/\/www.montceautriathlon.com\/blog\/img-20221119-wa0028\/\" class=\"wp-image-5483\" srcset=\"https:\/\/www.montceautriathlon.com\/blog\/wp-content\/uploads\/2022\/11\/IMG-20221119-WA0028.jpg 768w, https:\/\/www.montceautriathlon.com\/blog\/wp-content\/uploads\/2022\/11\/IMG-20221119-WA0028-225x300.jpg 225w\" sizes=\"(max-width: 768px) 100vw, 768px\" \/><\/a><\/figure><\/li><li class=\"blocks-gallery-item\"><figure><a href=\"https:\/\/www.montceautriathlon.com\/blog\/wp-content\/uploads\/2022\/11\/IMG-20221114-WA0000.jpg\"><img data-attachment-id=\"5482\" data-permalink=\"https:\/\/www.montceautriathlon.com\/blog\/img-20221114-wa0000\/\" data-orig-file=\"https:\/\/www.montceautriathlon.com\/blog\/wp-content\/uploads\/2022\/11\/IMG-20221114-WA0000.jpg\" data-orig-size=\"2048,1536\" data-comments-opened=\"1\" data-image-meta=\"{&quot;aperture&quot;:&quot;0&quot;,&quot;credit&quot;:&quot;&quot;,&quot;camera&quot;:&quot;&quot;,&quot;caption&quot;:&quot;&quot;,&quot;created_timestamp&quot;:&quot;0&quot;,&quot;copyright&quot;:&quot;&quot;,&quot;focal_length&quot;:&quot;0&quot;,&quot;iso&quot;:&quot;0&quot;,&quot;shutter_speed&quot;:&quot;0&quot;,&quot;title&quot;:&quot;&quot;,&quot;orientation&quot;:&quot;0&quot;}\" data-image-title=\"IMG-20221114-WA0000\" data-image-description=\"\" data-image-caption=\"\" data-medium-file=\"https:\/\/www.montceautriathlon.com\/blog\/wp-content\/uploads\/2022\/11\/IMG-20221114-WA0000-300x225.jpg\" data-large-file=\"https:\/\/www.montceautriathlon.com\/blog\/wp-content\/uploads\/2022\/11\/IMG-20221114-WA0000-1024x768.jpg\" loading=\"lazy\" width=\"1024\" height=\"768\" src=\"https:\/\/www.montceautriathlon.com\/blog\/wp-content\/uploads\/2022\/11\/IMG-20221114-WA0000-1024x768.jpg\" alt=\"\" data-id=\"5482\" data-full-url=\"https:\/\/www.montceautriathlon.com\/blog\/wp-content\/uploads\/2022\/11\/IMG-20221114-WA0000.jpg\" data-link=\"https:\/\/www.montceautriathlon.com\/blog\/img-20221114-wa0000\/\" class=\"wp-image-5482\" srcset=\"https:\/\/www.montceautriathlon.com\/blog\/wp-content\/uploads\/2022\/11\/IMG-20221114-WA0000-1024x768.jpg 1024w, https:\/\/www.montceautriathlon.com\/blog\/wp-content\/uploads\/2022\/11\/IMG-20221114-WA0000-300x225.jpg 300w, https:\/\/www.montceautriathlon.com\/blog\/wp-content\/uploads\/2022\/11\/IMG-20221114-WA0000-768x576.jpg 768w, https:\/\/www.montceautriathlon.com\/blog\/wp-content\/uploads\/2022\/11\/IMG-20221114-WA0000-1536x1152.jpg 1536w, https:\/\/www.montceautriathlon.com\/blog\/wp-content\/uploads\/2022\/11\/IMG-20221114-WA0000.jpg 2048w\" sizes=\"(max-width: 1024px) 100vw, 1024px\" \/><\/a><\/figure><\/li><li class=\"blocks-gallery-item\"><figure><a href=\"https:\/\/www.montceautriathlon.com\/blog\/wp-content\/uploads\/2022\/11\/IMG-20221113-WA0000.jpg\"><img data-attachment-id=\"5481\" data-permalink=\"https:\/\/www.montceautriathlon.com\/blog\/img-20221113-wa0000\/\" data-orig-file=\"https:\/\/www.montceautriathlon.com\/blog\/wp-content\/uploads\/2022\/11\/IMG-20221113-WA0000.jpg\" data-orig-size=\"1200,1600\" data-comments-opened=\"1\" data-image-meta=\"{&quot;aperture&quot;:&quot;0&quot;,&quot;credit&quot;:&quot;&quot;,&quot;camera&quot;:&quot;&quot;,&quot;caption&quot;:&quot;&quot;,&quot;created_timestamp&quot;:&quot;0&quot;,&quot;copyright&quot;:&quot;&quot;,&quot;focal_length&quot;:&quot;0&quot;,&quot;iso&quot;:&quot;0&quot;,&quot;shutter_speed&quot;:&quot;0&quot;,&quot;title&quot;:&quot;&quot;,&quot;orientation&quot;:&quot;0&quot;}\" data-image-title=\"IMG-20221113-WA0000\" data-image-description=\"\" data-image-caption=\"\" data-medium-file=\"https:\/\/www.montceautriathlon.com\/blog\/wp-content\/uploads\/2022\/11\/IMG-20221113-WA0000-225x300.jpg\" data-large-file=\"https:\/\/www.montceautriathlon.com\/blog\/wp-content\/uploads\/2022\/11\/IMG-20221113-WA0000-768x1024.jpg\" loading=\"lazy\" width=\"768\" height=\"1024\" src=\"https:\/\/www.montceautriathlon.com\/blog\/wp-content\/uploads\/2022\/11\/IMG-20221113-WA0000-768x1024.jpg\" alt=\"\" data-id=\"5481\" data-full-url=\"https:\/\/www.montceautriathlon.com\/blog\/wp-content\/uploads\/2022\/11\/IMG-20221113-WA0000.jpg\" data-link=\"https:\/\/www.montceautriathlon.com\/blog\/img-20221113-wa0000\/\" class=\"wp-image-5481\" srcset=\"https:\/\/www.montceautriathlon.com\/blog\/wp-content\/uploads\/2022\/11\/IMG-20221113-WA0000-768x1024.jpg 768w, https:\/\/www.montceautriathlon.com\/blog\/wp-content\/uploads\/2022\/11\/IMG-20221113-WA0000-225x300.jpg 225w, https:\/\/www.montceautriathlon.com\/blog\/wp-content\/uploads\/2022\/11\/IMG-20221113-WA0000-1152x1536.jpg 1152w, https:\/\/www.montceautriathlon.com\/blog\/wp-content\/uploads\/2022\/11\/IMG-20221113-WA0000.jpg 1200w\" sizes=\"(max-width: 768px) 100vw, 768px\" \/><\/a><\/figure><\/li><li class=\"blocks-gallery-item\"><figure><a href=\"https:\/\/www.montceautriathlon.com\/blog\/wp-content\/uploads\/2022\/11\/IMG-20221101-WA0003.jpg\"><img data-attachment-id=\"5480\" data-permalink=\"https:\/\/www.montceautriathlon.com\/blog\/img-20221101-wa0003\/\" data-orig-file=\"https:\/\/www.montceautriathlon.com\/blog\/wp-content\/uploads\/2022\/11\/IMG-20221101-WA0003.jpg\" data-orig-size=\"1468,1672\" data-comments-opened=\"1\" data-image-meta=\"{&quot;aperture&quot;:&quot;0&quot;,&quot;credit&quot;:&quot;&quot;,&quot;camera&quot;:&quot;&quot;,&quot;caption&quot;:&quot;&quot;,&quot;created_timestamp&quot;:&quot;0&quot;,&quot;copyright&quot;:&quot;&quot;,&quot;focal_length&quot;:&quot;0&quot;,&quot;iso&quot;:&quot;0&quot;,&quot;shutter_speed&quot;:&quot;0&quot;,&quot;title&quot;:&quot;&quot;,&quot;orientation&quot;:&quot;0&quot;}\" data-image-title=\"IMG-20221101-WA0003\" data-image-description=\"\" data-image-caption=\"\" data-medium-file=\"https:\/\/www.montceautriathlon.com\/blog\/wp-content\/uploads\/2022\/11\/IMG-20221101-WA0003-263x300.jpg\" data-large-file=\"https:\/\/www.montceautriathlon.com\/blog\/wp-content\/uploads\/2022\/11\/IMG-20221101-WA0003-899x1024.jpg\" loading=\"lazy\" width=\"899\" height=\"1024\" src=\"https:\/\/www.montceautriathlon.com\/blog\/wp-content\/uploads\/2022\/11\/IMG-20221101-WA0003-899x1024.jpg\" alt=\"\" data-id=\"5480\" data-full-url=\"https:\/\/www.montceautriathlon.com\/blog\/wp-content\/uploads\/2022\/11\/IMG-20221101-WA0003.jpg\" data-link=\"https:\/\/www.montceautriathlon.com\/blog\/img-20221101-wa0003\/\" class=\"wp-image-5480\" srcset=\"https:\/\/www.montceautriathlon.com\/blog\/wp-content\/uploads\/2022\/11\/IMG-20221101-WA0003-899x1024.jpg 899w, https:\/\/www.montceautriathlon.com\/blog\/wp-content\/uploads\/2022\/11\/IMG-20221101-WA0003-263x300.jpg 263w, https:\/\/www.montceautriathlon.com\/blog\/wp-content\/uploads\/2022\/11\/IMG-20221101-WA0003-768x875.jpg 768w, https:\/\/www.montceautriathlon.com\/blog\/wp-content\/uploads\/2022\/11\/IMG-20221101-WA0003-1349x1536.jpg 1349w, https:\/\/www.montceautriathlon.com\/blog\/wp-content\/uploads\/2022\/11\/IMG-20221101-WA0003.jpg 1468w\" sizes=\"(max-width: 899px) 100vw, 899px\" \/><\/a><\/figure><\/li><li class=\"blocks-gallery-item\"><figure><a href=\"https:\/\/www.montceautriathlon.com\/blog\/wp-content\/uploads\/2022\/11\/IMG-20221101-WA0002.jpg\"><img data-attachment-id=\"5479\" data-permalink=\"https:\/\/www.montceautriathlon.com\/blog\/img-20221101-wa0002\/\" data-orig-file=\"https:\/\/www.montceautriathlon.com\/blog\/wp-content\/uploads\/2022\/11\/IMG-20221101-WA0002.jpg\" data-orig-size=\"2048,1536\" data-comments-opened=\"1\" data-image-meta=\"{&quot;aperture&quot;:&quot;0&quot;,&quot;credit&quot;:&quot;&quot;,&quot;camera&quot;:&quot;&quot;,&quot;caption&quot;:&quot;&quot;,&quot;created_timestamp&quot;:&quot;0&quot;,&quot;copyright&quot;:&quot;&quot;,&quot;focal_length&quot;:&quot;0&quot;,&quot;iso&quot;:&quot;0&quot;,&quot;shutter_speed&quot;:&quot;0&quot;,&quot;title&quot;:&quot;&quot;,&quot;orientation&quot;:&quot;0&quot;}\" data-image-title=\"IMG-20221101-WA0002\" data-image-description=\"\" data-image-caption=\"\" data-medium-file=\"https:\/\/www.montceautriathlon.com\/blog\/wp-content\/uploads\/2022\/11\/IMG-20221101-WA0002-300x225.jpg\" data-large-file=\"https:\/\/www.montceautriathlon.com\/blog\/wp-content\/uploads\/2022\/11\/IMG-20221101-WA0002-1024x768.jpg\" loading=\"lazy\" width=\"1024\" height=\"768\" src=\"https:\/\/www.montceautriathlon.com\/blog\/wp-content\/uploads\/2022\/11\/IMG-20221101-WA0002-1024x768.jpg\" alt=\"\" data-id=\"5479\" data-full-url=\"https:\/\/www.montceautriathlon.com\/blog\/wp-content\/uploads\/2022\/11\/IMG-20221101-WA0002.jpg\" data-link=\"https:\/\/www.montceautriathlon.com\/blog\/img-20221101-wa0002\/\" class=\"wp-image-5479\" srcset=\"https:\/\/www.montceautriathlon.com\/blog\/wp-content\/uploads\/2022\/11\/IMG-20221101-WA0002-1024x768.jpg 1024w, https:\/\/www.montceautriathlon.com\/blog\/wp-content\/uploads\/2022\/11\/IMG-20221101-WA0002-300x225.jpg 300w, https:\/\/www.montceautriathlon.com\/blog\/wp-content\/uploads\/2022\/11\/IMG-20221101-WA0002-768x576.jpg 768w, https:\/\/www.montceautriathlon.com\/blog\/wp-content\/uploads\/2022\/11\/IMG-20221101-WA0002-1536x1152.jpg 1536w, https:\/\/www.montceautriathlon.com\/blog\/wp-content\/uploads\/2022\/11\/IMG-20221101-WA0002.jpg 2048w\" sizes=\"(max-width: 1024px) 100vw, 1024px\" \/><\/a><\/figure><\/li><\/ul><\/figure>\n","protected":false},"excerpt":{"rendered":"<p>Marathon du Charolais Bourgogne Sud\u00a0 le 05 novembre 202221 km: Pascal Vaury en 1h24 Benoit Thierry et Fr\u00e9d\u00e9ric Ghesqui\u00e8re en 1h35 Alice Vaury et Laurent Magnien en 1h4410 km: Eric Vaudelin en 40&rsquo;34 Pierre Vaury en 40&rsquo;38 Charline Berthier en 46&rsquo;31 Fabienne Vaudelin en 53&rsquo;17 David Michel en 57&rsquo;25 Marie Pierre Berthier en 59&rsquo;27 Pierre [&hellip;]<\/p>\n","protected":false},"author":5,"featured_media":5482,"comment_status":"open","ping_status":"open","sticky":false,"template":"","format":"standard","meta":{"spay_email":"","jetpack_publicize_message":"","jetpack_is_tweetstorm":false},"categories":[1],"tags":[],"jetpack_featured_media_url":"https:\/\/www.montceautriathlon.com\/blog\/wp-content\/uploads\/2022\/11\/IMG-20221114-WA0000.jpg","jetpack_publicize_connections":[],"jetpack_sharing_enabled":true,"jetpack_shortlink":"https:\/\/wp.me\/p8bwIy-1qm","jetpack-related-posts":[{"id":6444,"url":"https:\/\/www.montceautriathlon.com\/blog\/2023\/11\/12\/marathon-du-charolais\/","url_meta":{"origin":5478,"position":0},"title":"Marathon du Charolais","date":"12 novembre 2023","format":false,"excerpt":"Nos triathl\u00e8tes ont fi\u00e8rement repr\u00e9sent\u00e9s Montceau triathlon sur deux des trois courses du Marathon du charolais Une m\u00e9t\u00e9o un peu capricieuse , qui ne leur a pas emp\u00each\u00e9 d\u2019avoir le sourire et de faire de beaux chronos SUR LE 10km:- \u00c9ric Vaudelin en 41\u201921 (1er Master 5)- Alice Vaury en\u2026","rel":"","context":"Dans &quot;Non class\u00e9&quot;","img":{"alt_text":"","src":"https:\/\/i1.wp.com\/www.montceautriathlon.com\/blog\/wp-content\/uploads\/2023\/11\/trail-charolais.jpg?resize=350%2C200&ssl=1","width":350,"height":200},"classes":[]},{"id":1609,"url":"https:\/\/www.montceautriathlon.com\/blog\/2017\/11\/04\/marathon-du-charolais-samedi-04-novembre-2017\/","url_meta":{"origin":5478,"position":1},"title":"Marathon du Charolais (Samedi 04 novembre 2017)","date":"4 novembre 2017","format":false,"excerpt":"Tous les r\u00e9sultats: Epreuve marathon: Maud PERRON : 63\u00b0 scratch \/ 1\u00b0 SEF \/ 03:46:43 Corentin GUEUGNON : 83\u00b0 \/ 1\u00b0 ESM \/ 03:55:00 C\u00e9line DE SOUSA : 160\u00b0 \/ 8\u00b0 V1F \/ 04:40:40 Epreuve Semi-marathon: Fr\u00e9d\u00e9ric GHESQUIERE : 78\u00b0 scratch \/ 31\u00b0 V1M \/ 01:46:06 Lucie REYNIER : 163\u00b0\u2026","rel":"","context":"Dans &quot;Non class\u00e9&quot;","img":{"alt_text":"","src":"","width":0,"height":0},"classes":[]},{"id":2487,"url":"https:\/\/www.montceautriathlon.com\/blog\/2018\/11\/04\/3-11-18-semi-marathon-du-charolais-une-douzaine-de-licencies-au-top-depart\/","url_meta":{"origin":5478,"position":2},"title":"3\/11\/18  semi marathon du Charolais : une douzaine de licenci\u00e9s au top d\u00e9part !","date":"4 novembre 2018","format":false,"excerpt":"\u00a0 \u00a0 \u00a0 \u00a0 \u00a0 250 class\u00e9s\u00a0 dont onze triathl\u00e8tes du club et une nouvelle belle perf de Laurent de Souza avec sa 7\u00e8me place au scratch et 1er v\u00e9t\u00e9ran et jolie 6\u00e8me place en VEF pour C\u00e9line sa douce et tendre.\u00a0 Bravo \u00e0 tous les participants ! Sur le\u2026","rel":"","context":"Dans &quot;Non class\u00e9&quot;","img":{"alt_text":"","src":"","width":0,"height":0},"classes":[]},{"id":2852,"url":"https:\/\/www.montceautriathlon.com\/blog\/2019\/05\/21\/12-05-19-vitry-en-charolais-arret-buffet-sur-la-bernard-thevenet\/","url_meta":{"origin":5478,"position":3},"title":"12\/05\/19, Vitry en Charolais : arr\u00eat-buffet sur la Bernard Th\u00e9venet  !","date":"21 mai 2019","format":false,"excerpt":"Petit retour en arri\u00e8re et petit crochet du c\u00f4t\u00e9 de Vitry en Charolais la semaine derni\u00e8re pour une petite douzaine de licenci\u00e9s venus faire des bornes\u00a0 en vue des prochaines comp\u00e9titions. Petite course r\u00e9tro avec un petit c\u00f4t\u00e9 vintage. Ah !\u00a0 Bernard Th\u00e9venet ! Robert Alban !\u00a0 Cela ne nous\u2026","rel":"","context":"Dans &quot;Non class\u00e9&quot;","img":{"alt_text":"","src":"https:\/\/i1.wp.com\/montceautriathlon.com\/blog\/wp-content\/uploads\/2019\/05\/20190512_140308-e1558461537311-225x300.jpg?resize=350%2C200","width":350,"height":200},"classes":[]},{"id":4712,"url":"https:\/\/www.montceautriathlon.com\/blog\/2021\/11\/15\/une-corrida-une-charolaise-et-un-bike-run-en-dessert-de-ce-week-end-charge\/","url_meta":{"origin":5478,"position":4},"title":"Une corrida, une charolaise et un bike &#038; run en dessert de ce week-end charg\u00e9 !","date":"15 novembre 2021","format":false,"excerpt":"C'est le mois de novembre, le temps des courses a pied, corrida et autres marathons ! Derni\u00e8rement, plusieurs licenci\u00e9s s'\u00e9taient align\u00e9s sur de belles courses, trial du lac d'Annecy, marathon du Charolais et roc d'Aluze avec de belles performances \u00e0 la cl\u00e9 ! Ce week-end nos licenci\u00e9s se sont align\u00e9s\u2026","rel":"","context":"Dans &quot;Non class\u00e9&quot;","img":{"alt_text":"","src":"https:\/\/i1.wp.com\/www.montceautriathlon.com\/blog\/wp-content\/uploads\/2021\/11\/beaune-4.jpg?resize=350%2C200&ssl=1","width":350,"height":200},"classes":[]},{"id":4556,"url":"https:\/\/www.montceautriathlon.com\/blog\/2021\/09\/26\/sur-tous-les-fronts-dans-les-episodes-precedents\/","url_meta":{"origin":5478,"position":5},"title":"Sur tous les fronts : dans les \u00e9pisodes pr\u00e9c\u00e9dents !","date":"26 septembre 2021","format":false,"excerpt":"Peut-\u00eatre n'avez vous pas suivi l'actualit\u00e9 de nos licenci\u00e9s engag\u00e9s sur les comp\u00e9titions du W-E dernier et de ce dernier samedi : petit patchwork de r\u00e9sultats et d'images ! Le triathlon de Seurre dimanche dernier s'est transform\u00e9 en duathlon et quelques jeunes \u00e9taient engag\u00e9s en J2; Belle performance d'Oscar Turpin\u2026","rel":"","context":"Dans &quot;Non class\u00e9&quot;","img":{"alt_text":"","src":"https:\/\/i0.wp.com\/www.montceautriathlon.com\/blog\/wp-content\/uploads\/2021\/09\/Marius.jpg?resize=350%2C200&ssl=1","width":350,"height":200},"classes":[]}],"_links":{"self":[{"href":"https:\/\/www.montceautriathlon.com\/blog\/wp-json\/wp\/v2\/posts\/5478"}],"collection":[{"href":"https:\/\/www.montceautriathlon.com\/blog\/wp-json\/wp\/v2\/posts"}],"about":[{"href":"https:\/\/www.montceautriathlon.com\/blog\/wp-json\/wp\/v2\/types\/post"}],"author":[{"embeddable":true,"href":"https:\/\/www.montceautriathlon.com\/blog\/wp-json\/wp\/v2\/users\/5"}],"replies":[{"embeddable":true,"href":"https:\/\/www.montceautriathlon.com\/blog\/wp-json\/wp\/v2\/comments?post=5478"}],"version-history":[{"count":1,"href":"https:\/\/www.montceautriathlon.com\/blog\/wp-json\/wp\/v2\/posts\/5478\/revisions"}],"predecessor-version":[{"id":5485,"href":"https:\/\/www.montceautriathlon.com\/blog\/wp-json\/wp\/v2\/posts\/5478\/revisions\/5485"}],"wp:featuredmedia":[{"embeddable":true,"href":"https:\/\/www.montceautriathlon.com\/blog\/wp-json\/wp\/v2\/media\/5482"}],"wp:attachment":[{"href":"https:\/\/www.montceautriathlon.com\/blog\/wp-json\/wp\/v2\/media?parent=5478"}],"wp:term":[{"taxonomy":"category","embeddable":true,"href":"https:\/\/www.montceautriathlon.com\/blog\/wp-json\/wp\/v2\/categories?post=5478"},{"taxonomy":"post_tag","embeddable":true,"href":"https:\/\/www.montceautriathlon.com\/blog\/wp-json\/wp\/v2\/tags?post=5478"}],"curies":[{"name":"wp","href":"https:\/\/api.w.org\/{rel}","templated":true}]}}