{"id":5398,"date":"2022-10-18T19:24:34","date_gmt":"2022-10-18T18:24:34","guid":{"rendered":"https:\/\/www.montceautriathlon.com\/blog\/?p=5398"},"modified":"2022-10-19T09:03:23","modified_gmt":"2022-10-19T08:03:23","slug":"bike-and-run-dis-sur-tille-victoire-de-leo-et-joshua","status":"publish","type":"post","link":"https:\/\/www.montceautriathlon.com\/blog\/2022\/10\/18\/bike-and-run-dis-sur-tille-victoire-de-leo-et-joshua\/","title":{"rendered":"Bike and run d&rsquo;Is sur Tille : victoire de L\u00e9o et Joshua !"},"content":{"rendered":"\n<p>Seule \u00e9quipe montcellienne engag\u00e9e sur cette \u00e9preuve, L\u00e9o Kostine et Joshua Vandaele ont domin\u00e9 l&rsquo;\u00e9preuve J2 en 21&rsquo;27\u00a0\u00bb. De bon augure pour la suite de la saison !<\/p>\n\n\n\n<figure class=\"wp-block-gallery columns-2 is-cropped\"><ul data-carousel-extra='{\"blog_id\":1,\"permalink\":\"https:\\\/\\\/www.montceautriathlon.com\\\/blog\\\/2022\\\/10\\\/18\\\/bike-and-run-dis-sur-tille-victoire-de-leo-et-joshua\\\/\"}' class=\"blocks-gallery-grid\"><li class=\"blocks-gallery-item\"><figure><a href=\"https:\/\/www.montceautriathlon.com\/blog\/wp-content\/uploads\/2022\/10\/P1015624b.jpg\"><img data-attachment-id=\"5400\" data-permalink=\"https:\/\/www.montceautriathlon.com\/blog\/p1015624b\/\" data-orig-file=\"https:\/\/www.montceautriathlon.com\/blog\/wp-content\/uploads\/2022\/10\/P1015624b.jpg\" data-orig-size=\"600,390\" data-comments-opened=\"1\" data-image-meta=\"{&quot;aperture&quot;:&quot;0&quot;,&quot;credit&quot;:&quot;&quot;,&quot;camera&quot;:&quot;&quot;,&quot;caption&quot;:&quot;&quot;,&quot;created_timestamp&quot;:&quot;0&quot;,&quot;copyright&quot;:&quot;&quot;,&quot;focal_length&quot;:&quot;0&quot;,&quot;iso&quot;:&quot;0&quot;,&quot;shutter_speed&quot;:&quot;0&quot;,&quot;title&quot;:&quot;&quot;,&quot;orientation&quot;:&quot;0&quot;}\" data-image-title=\"P1015624b\" data-image-description=\"\" data-image-caption=\"\" data-medium-file=\"https:\/\/www.montceautriathlon.com\/blog\/wp-content\/uploads\/2022\/10\/P1015624b-300x195.jpg\" data-large-file=\"https:\/\/www.montceautriathlon.com\/blog\/wp-content\/uploads\/2022\/10\/P1015624b.jpg\" loading=\"lazy\" width=\"600\" height=\"390\" src=\"https:\/\/www.montceautriathlon.com\/blog\/wp-content\/uploads\/2022\/10\/P1015624b.jpg\" alt=\"\" data-id=\"5400\" data-full-url=\"https:\/\/www.montceautriathlon.com\/blog\/wp-content\/uploads\/2022\/10\/P1015624b.jpg\" data-link=\"https:\/\/www.montceautriathlon.com\/blog\/p1015624b\/\" class=\"wp-image-5400\" srcset=\"https:\/\/www.montceautriathlon.com\/blog\/wp-content\/uploads\/2022\/10\/P1015624b.jpg 600w, https:\/\/www.montceautriathlon.com\/blog\/wp-content\/uploads\/2022\/10\/P1015624b-300x195.jpg 300w\" sizes=\"(max-width: 600px) 100vw, 600px\" \/><\/a><\/figure><\/li><li class=\"blocks-gallery-item\"><figure><a href=\"https:\/\/www.montceautriathlon.com\/blog\/wp-content\/uploads\/2022\/10\/P1015593b.jpg\"><img data-attachment-id=\"5399\" data-permalink=\"https:\/\/www.montceautriathlon.com\/blog\/p1015593b\/\" data-orig-file=\"https:\/\/www.montceautriathlon.com\/blog\/wp-content\/uploads\/2022\/10\/P1015593b.jpg\" data-orig-size=\"600,390\" data-comments-opened=\"1\" data-image-meta=\"{&quot;aperture&quot;:&quot;0&quot;,&quot;credit&quot;:&quot;&quot;,&quot;camera&quot;:&quot;&quot;,&quot;caption&quot;:&quot;&quot;,&quot;created_timestamp&quot;:&quot;0&quot;,&quot;copyright&quot;:&quot;&quot;,&quot;focal_length&quot;:&quot;0&quot;,&quot;iso&quot;:&quot;0&quot;,&quot;shutter_speed&quot;:&quot;0&quot;,&quot;title&quot;:&quot;&quot;,&quot;orientation&quot;:&quot;0&quot;}\" data-image-title=\"P1015593b\" data-image-description=\"\" data-image-caption=\"\" data-medium-file=\"https:\/\/www.montceautriathlon.com\/blog\/wp-content\/uploads\/2022\/10\/P1015593b-300x195.jpg\" data-large-file=\"https:\/\/www.montceautriathlon.com\/blog\/wp-content\/uploads\/2022\/10\/P1015593b.jpg\" loading=\"lazy\" width=\"600\" height=\"390\" src=\"https:\/\/www.montceautriathlon.com\/blog\/wp-content\/uploads\/2022\/10\/P1015593b.jpg\" alt=\"\" data-id=\"5399\" data-full-url=\"https:\/\/www.montceautriathlon.com\/blog\/wp-content\/uploads\/2022\/10\/P1015593b.jpg\" data-link=\"https:\/\/www.montceautriathlon.com\/blog\/p1015593b\/\" class=\"wp-image-5399\" srcset=\"https:\/\/www.montceautriathlon.com\/blog\/wp-content\/uploads\/2022\/10\/P1015593b.jpg 600w, https:\/\/www.montceautriathlon.com\/blog\/wp-content\/uploads\/2022\/10\/P1015593b-300x195.jpg 300w\" sizes=\"(max-width: 600px) 100vw, 600px\" \/><\/a><\/figure><\/li><\/ul><\/figure>\n","protected":false},"excerpt":{"rendered":"<p>Seule \u00e9quipe montcellienne engag\u00e9e sur cette \u00e9preuve, L\u00e9o Kostine et Joshua Vandaele ont domin\u00e9 l&rsquo;\u00e9preuve J2 en 21&rsquo;27\u00a0\u00bb. De bon augure pour la suite de la saison !<\/p>\n","protected":false},"author":5,"featured_media":5400,"comment_status":"open","ping_status":"open","sticky":false,"template":"","format":"standard","meta":{"spay_email":"","jetpack_publicize_message":"","jetpack_is_tweetstorm":false},"categories":[1],"tags":[],"jetpack_featured_media_url":"https:\/\/www.montceautriathlon.com\/blog\/wp-content\/uploads\/2022\/10\/P1015624b.jpg","jetpack_publicize_connections":[],"jetpack_sharing_enabled":true,"jetpack_shortlink":"https:\/\/wp.me\/p8bwIy-1p4","jetpack-related-posts":[{"id":5588,"url":"https:\/\/www.montceautriathlon.com\/blog\/2023\/03\/06\/bikerun-de-varennes-vauzelles\/","url_meta":{"origin":5398,"position":0},"title":"Bike&#038;run de Varennes Vauzelles","date":"6 mars 2023","format":false,"excerpt":"Une seule \u00e9quipe a repr\u00e9sent\u00e9e le club lors du bike and run de Varennes Vauzelles : Joshua et L\u00e9o qui termine sur la plus haute place du podium. F\u00e9licitation !","rel":"","context":"Dans &quot;Non class\u00e9&quot;","img":{"alt_text":"","src":"https:\/\/i0.wp.com\/www.montceautriathlon.com\/blog\/wp-content\/uploads\/2023\/03\/image_6487327-4.jpg?resize=350%2C200&ssl=1","width":350,"height":200},"classes":[]},{"id":5534,"url":"https:\/\/www.montceautriathlon.com\/blog\/2023\/01\/05\/bikerun-de-dijon\/","url_meta":{"origin":5398,"position":1},"title":"Bike&#038;Run de Dijon","date":"5 janvier 2023","format":false,"excerpt":"Nos jeunes triathl\u00e8tes se sont retrouv\u00e9s sur le dernier Bike&Run de l'ann\u00e9e 2022 le 11 d\u00e9cembre dernier. Fiers de nos jeunes qui ont fait plusieurs podiums : Course jeune 2 : L\u00e9o et Joshua termine 1er au scratch , Titouan et Eliott 6e au scratch et 4e en \u00e9quipe masculine\u2026","rel":"","context":"Dans &quot;Non class\u00e9&quot;","img":{"alt_text":"","src":"https:\/\/i2.wp.com\/www.montceautriathlon.com\/blog\/wp-content\/uploads\/2023\/01\/Resized-20221211-141748.jpg?resize=350%2C200&ssl=1","width":350,"height":200},"classes":[]},{"id":5488,"url":"https:\/\/www.montceautriathlon.com\/blog\/2022\/11\/29\/br-de-dole-quelques-equipes-du-club-sur-le-circuit-et-quelques-podiums\/","url_meta":{"origin":5398,"position":2},"title":"B&#038;R de Dole : quelques \u00e9quipes du club sur le circuit  et quelques podiums.","date":"29 novembre 2022","format":false,"excerpt":"Un groupe de jeunes a fait le d\u00e9placement au bike and run de Dole le dimanche 27 novembre. Plusieurs podiums pour eux.R\u00e9sultats jeunes 1: - Gabrielle et Candice (qui faisait sa premi\u00e8re comp\u00e9tition) 25e sur 42 au scratch et 7e \u00e9quipe f\u00e9minine- Nino et son copain abandonnent suite \u00e0 une\u2026","rel":"","context":"Dans &quot;Non class\u00e9&quot;","img":{"alt_text":"","src":"https:\/\/i1.wp.com\/www.montceautriathlon.com\/blog\/wp-content\/uploads\/2022\/11\/Dole-1.jpg?resize=350%2C200&ssl=1","width":350,"height":200},"classes":[]},{"id":7039,"url":"https:\/\/www.montceautriathlon.com\/blog\/2024\/09\/17\/triathlon-de-seurre-2\/","url_meta":{"origin":5398,"position":3},"title":"Triathlon de Seurre","date":"17 septembre 2024","format":false,"excerpt":"SUR LE S CLM l\u2019\u00e9quipe compos\u00e9 de L\u00e9o\/ Didier et Joshua Vandaele terme au scratch avec un magnifique et honorable temps de 1h09 Laurent Beausoleil , termine 38e au scratch , 13e V en 1h14\u201951 , et signe le 21e temps sur un parcours plus que venteux Charline Berthier ,\u2026","rel":"","context":"Dans &quot;Non class\u00e9&quot;","img":{"alt_text":"","src":"https:\/\/i1.wp.com\/www.montceautriathlon.com\/blog\/wp-content\/uploads\/2024\/09\/460202053_1192594335114622_5144053632154188360_n.jpg?resize=350%2C200&ssl=1","width":350,"height":200},"classes":[]},{"id":5147,"url":"https:\/\/www.montceautriathlon.com\/blog\/2022\/07\/01\/triathlon-du-lac-de-st-point-pres-de-pontarlier-macon-cest-ce-week-end\/","url_meta":{"origin":5398,"position":4},"title":"Triathlon du lac de St Point : Pr\u00e8s de Pontarlier ! M\u00e2con c&rsquo;est ce week-end !","date":"1 juillet 2022","format":false,"excerpt":"Quelques jeunes du club ont fait le d\u00e9placement pr\u00e8s de Pontarlier avec Sophie et se sont align\u00e9s sur des courses jeunes et des courses relais. A signaler la nouvelle victoire de Berteline sur la course J1 dans sa cat\u00e9gorie(scratch M+F) . Une belle 3\u00e8me place F\u00e9minine d'Axelle en pupilles F.\u2026","rel":"","context":"Dans &quot;Non class\u00e9&quot;","img":{"alt_text":"","src":"https:\/\/i2.wp.com\/www.montceautriathlon.com\/blog\/wp-content\/uploads\/2022\/07\/St-Point-scaled.jpg?resize=350%2C200&ssl=1","width":350,"height":200},"classes":[]},{"id":5721,"url":"https:\/\/www.montceautriathlon.com\/blog\/2023\/04\/05\/aquathlon-du-creusot\/","url_meta":{"origin":5398,"position":5},"title":"Aquathlon du Creusot","date":"5 avril 2023","format":false,"excerpt":"Le club \u00e9tait repr\u00e9sent\u00e9 sur l'aquathlon de la Verrerie ce dimanche 2 avril. De nombreux licenci\u00e9s \u00e9taient pr\u00e9sents avec de beaux r\u00e9sultats \u00e0 la clef ! 8\/9ans : Jules Vendramini\u00a0 4e au scratch et 4e poussin \/ Candice Herrero 10e au scratch et 5e poussine \/ Come Dessagne 13e au\u2026","rel":"","context":"Dans &quot;Non class\u00e9&quot;","img":{"alt_text":"","src":"https:\/\/i2.wp.com\/www.montceautriathlon.com\/blog\/wp-content\/uploads\/2023\/04\/image_6487327-15.jpg?resize=350%2C200&ssl=1","width":350,"height":200},"classes":[]}],"_links":{"self":[{"href":"https:\/\/www.montceautriathlon.com\/blog\/wp-json\/wp\/v2\/posts\/5398"}],"collection":[{"href":"https:\/\/www.montceautriathlon.com\/blog\/wp-json\/wp\/v2\/posts"}],"about":[{"href":"https:\/\/www.montceautriathlon.com\/blog\/wp-json\/wp\/v2\/types\/post"}],"author":[{"embeddable":true,"href":"https:\/\/www.montceautriathlon.com\/blog\/wp-json\/wp\/v2\/users\/5"}],"replies":[{"embeddable":true,"href":"https:\/\/www.montceautriathlon.com\/blog\/wp-json\/wp\/v2\/comments?post=5398"}],"version-history":[{"count":2,"href":"https:\/\/www.montceautriathlon.com\/blog\/wp-json\/wp\/v2\/posts\/5398\/revisions"}],"predecessor-version":[{"id":5402,"href":"https:\/\/www.montceautriathlon.com\/blog\/wp-json\/wp\/v2\/posts\/5398\/revisions\/5402"}],"wp:featuredmedia":[{"embeddable":true,"href":"https:\/\/www.montceautriathlon.com\/blog\/wp-json\/wp\/v2\/media\/5400"}],"wp:attachment":[{"href":"https:\/\/www.montceautriathlon.com\/blog\/wp-json\/wp\/v2\/media?parent=5398"}],"wp:term":[{"taxonomy":"category","embeddable":true,"href":"https:\/\/www.montceautriathlon.com\/blog\/wp-json\/wp\/v2\/categories?post=5398"},{"taxonomy":"post_tag","embeddable":true,"href":"https:\/\/www.montceautriathlon.com\/blog\/wp-json\/wp\/v2\/tags?post=5398"}],"curies":[{"name":"wp","href":"https:\/\/api.w.org\/{rel}","templated":true}]}}