{"id":5395,"date":"2022-10-15T07:36:49","date_gmt":"2022-10-15T06:36:49","guid":{"rendered":"https:\/\/www.montceautriathlon.com\/blog\/?p=5395"},"modified":"2022-10-15T08:46:25","modified_gmt":"2022-10-15T07:46:25","slug":"9-octobre-1er-triathlon-bressan-montceau-triathlon-a-decouvert-cette-nouvelle-epreuve-10-km-de-dole-pascal-sur-le-podium","status":"publish","type":"post","link":"https:\/\/www.montceautriathlon.com\/blog\/2022\/10\/15\/9-octobre-1er-triathlon-bressan-montceau-triathlon-a-decouvert-cette-nouvelle-epreuve-10-km-de-dole-pascal-sur-le-podium\/","title":{"rendered":"9 octobre, 1er triathlon bressan : Montceau Triathlon a d\u00e9couvert cette nouvelle \u00e9preuve.                                                          10 km de D\u00f4le : Pascal sur le podium."},"content":{"rendered":"\n<p>Le Club Nautique de Louhans organisait le week-end dernier son premier triathlon avec natation en piscine. Course classique pour les J1 et J2 et contre la montre individuel pour les courses S et  XS. Quelques podiums pour les jeunes et premi\u00e8re comp\u00e9tition sous les couleurs du club pour Simon Devoille et Delphine Tonnin.                                                 Belle course de Titouan Rondier qui termine 2\u00e8me au scratch de la course J2, Aristide Moreau 2\u00e8me pupille, El\u00e9a B\u00e9rardan 2\u00e8me benjamine. Berteline 3\u00e8me au scratch en J1 une nouvelle fois sur le podium ! Bravo \u00e0 Axelle Da Eira, Nino B\u00e9rardan, Chlo\u00e9 Herrero, Rachel Dugne et Simon Devoille sur sa premi\u00e8re course pour leur belle participation.                                                                       Josuha  Vandaele, Jeanne Rondier(3\u00e8me minime), Emma Dufour et Zo\u00e9 da Eira ont bien sorti leur \u00e9pingle du jeu sur la course XS en clm.<\/p>\n\n\n\n<p>Quant aux adultes, on saluera la premi\u00e8re course de Delphine Tonnin sous les couleurs du club en compagnie de Cyrille B\u00e9rardan, Isabelle Vaury et Pierre Perrin sur le S en clm.<\/p>\n\n\n\n<p><\/p>\n\n\n\n<p>tous les r\u00e9sultats en suivant le lien : <a href=\"http:\/\/www.yaka-events.com\/yaka-chrono\/resultats\" target=\"_blank\" rel=\"noreferrer noopener\">http:\/\/www.yaka-events.com\/yaka-chrono\/resultats<\/a><\/p>\n\n\n\n<p>Un petit coucou \u00e0 notre duo d&rsquo;arbitres Jean da Eira et Nicole Lukowitz qui officiaient sur cette toute nouvelle comp\u00e9tition.<\/p>\n\n\n\n<p><\/p>\n\n\n\n<h2><strong>A D\u00f4le, Pascal Vaury est mont\u00e9 sur le podium masters du 10km !              Bravo le coach <\/strong>!<\/h2>\n\n\n\n<figure class=\"wp-block-gallery columns-3 is-cropped\"><ul data-carousel-extra='{\"blog_id\":1,\"permalink\":\"https:\\\/\\\/www.montceautriathlon.com\\\/blog\\\/2022\\\/10\\\/15\\\/9-octobre-1er-triathlon-bressan-montceau-triathlon-a-decouvert-cette-nouvelle-epreuve-10-km-de-dole-pascal-sur-le-podium\\\/\"}' class=\"blocks-gallery-grid\"><li class=\"blocks-gallery-item\"><figure><a href=\"https:\/\/www.montceautriathlon.com\/blog\/wp-content\/uploads\/2022\/10\/IMG-20221010-WA0004.jpg\"><img data-attachment-id=\"5393\" data-permalink=\"https:\/\/www.montceautriathlon.com\/blog\/img-20221010-wa0004\/\" data-orig-file=\"https:\/\/www.montceautriathlon.com\/blog\/wp-content\/uploads\/2022\/10\/IMG-20221010-WA0004.jpg\" data-orig-size=\"1024,1024\" data-comments-opened=\"1\" data-image-meta=\"{&quot;aperture&quot;:&quot;0&quot;,&quot;credit&quot;:&quot;&quot;,&quot;camera&quot;:&quot;&quot;,&quot;caption&quot;:&quot;&quot;,&quot;created_timestamp&quot;:&quot;0&quot;,&quot;copyright&quot;:&quot;&quot;,&quot;focal_length&quot;:&quot;0&quot;,&quot;iso&quot;:&quot;0&quot;,&quot;shutter_speed&quot;:&quot;0&quot;,&quot;title&quot;:&quot;&quot;,&quot;orientation&quot;:&quot;0&quot;}\" data-image-title=\"IMG-20221010-WA0004\" data-image-description=\"\" data-image-caption=\"\" data-medium-file=\"https:\/\/www.montceautriathlon.com\/blog\/wp-content\/uploads\/2022\/10\/IMG-20221010-WA0004-300x300.jpg\" data-large-file=\"https:\/\/www.montceautriathlon.com\/blog\/wp-content\/uploads\/2022\/10\/IMG-20221010-WA0004-1024x1024.jpg\" loading=\"lazy\" width=\"1024\" height=\"1024\" src=\"https:\/\/www.montceautriathlon.com\/blog\/wp-content\/uploads\/2022\/10\/IMG-20221010-WA0004-1024x1024.jpg\" alt=\"\" data-id=\"5393\" data-full-url=\"https:\/\/www.montceautriathlon.com\/blog\/wp-content\/uploads\/2022\/10\/IMG-20221010-WA0004.jpg\" data-link=\"https:\/\/www.montceautriathlon.com\/blog\/img-20221010-wa0004\/\" class=\"wp-image-5393\" srcset=\"https:\/\/www.montceautriathlon.com\/blog\/wp-content\/uploads\/2022\/10\/IMG-20221010-WA0004.jpg 1024w, https:\/\/www.montceautriathlon.com\/blog\/wp-content\/uploads\/2022\/10\/IMG-20221010-WA0004-300x300.jpg 300w, https:\/\/www.montceautriathlon.com\/blog\/wp-content\/uploads\/2022\/10\/IMG-20221010-WA0004-150x150.jpg 150w, https:\/\/www.montceautriathlon.com\/blog\/wp-content\/uploads\/2022\/10\/IMG-20221010-WA0004-768x768.jpg 768w\" sizes=\"(max-width: 1024px) 100vw, 1024px\" \/><\/a><\/figure><\/li><li class=\"blocks-gallery-item\"><figure><a href=\"https:\/\/www.montceautriathlon.com\/blog\/wp-content\/uploads\/2022\/10\/IMG-20221010-WA0003.jpg\"><img data-attachment-id=\"5392\" data-permalink=\"https:\/\/www.montceautriathlon.com\/blog\/img-20221010-wa0003\/\" data-orig-file=\"https:\/\/www.montceautriathlon.com\/blog\/wp-content\/uploads\/2022\/10\/IMG-20221010-WA0003.jpg\" data-orig-size=\"1024,768\" data-comments-opened=\"1\" data-image-meta=\"{&quot;aperture&quot;:&quot;0&quot;,&quot;credit&quot;:&quot;&quot;,&quot;camera&quot;:&quot;&quot;,&quot;caption&quot;:&quot;&quot;,&quot;created_timestamp&quot;:&quot;0&quot;,&quot;copyright&quot;:&quot;&quot;,&quot;focal_length&quot;:&quot;0&quot;,&quot;iso&quot;:&quot;0&quot;,&quot;shutter_speed&quot;:&quot;0&quot;,&quot;title&quot;:&quot;&quot;,&quot;orientation&quot;:&quot;0&quot;}\" data-image-title=\"IMG-20221010-WA0003\" data-image-description=\"\" data-image-caption=\"\" data-medium-file=\"https:\/\/www.montceautriathlon.com\/blog\/wp-content\/uploads\/2022\/10\/IMG-20221010-WA0003-300x225.jpg\" data-large-file=\"https:\/\/www.montceautriathlon.com\/blog\/wp-content\/uploads\/2022\/10\/IMG-20221010-WA0003.jpg\" loading=\"lazy\" width=\"1024\" height=\"768\" src=\"https:\/\/www.montceautriathlon.com\/blog\/wp-content\/uploads\/2022\/10\/IMG-20221010-WA0003.jpg\" alt=\"\" data-id=\"5392\" data-full-url=\"https:\/\/www.montceautriathlon.com\/blog\/wp-content\/uploads\/2022\/10\/IMG-20221010-WA0003.jpg\" data-link=\"https:\/\/www.montceautriathlon.com\/blog\/img-20221010-wa0003\/\" class=\"wp-image-5392\" srcset=\"https:\/\/www.montceautriathlon.com\/blog\/wp-content\/uploads\/2022\/10\/IMG-20221010-WA0003.jpg 1024w, https:\/\/www.montceautriathlon.com\/blog\/wp-content\/uploads\/2022\/10\/IMG-20221010-WA0003-300x225.jpg 300w, https:\/\/www.montceautriathlon.com\/blog\/wp-content\/uploads\/2022\/10\/IMG-20221010-WA0003-768x576.jpg 768w\" sizes=\"(max-width: 1024px) 100vw, 1024px\" \/><\/a><\/figure><\/li><li class=\"blocks-gallery-item\"><figure><a href=\"https:\/\/www.montceautriathlon.com\/blog\/wp-content\/uploads\/2022\/10\/IMG-20221010-WA0002.jpg\"><img data-attachment-id=\"5391\" data-permalink=\"https:\/\/www.montceautriathlon.com\/blog\/img-20221010-wa0002\/\" data-orig-file=\"https:\/\/www.montceautriathlon.com\/blog\/wp-content\/uploads\/2022\/10\/IMG-20221010-WA0002.jpg\" data-orig-size=\"1024,1024\" data-comments-opened=\"1\" data-image-meta=\"{&quot;aperture&quot;:&quot;0&quot;,&quot;credit&quot;:&quot;&quot;,&quot;camera&quot;:&quot;&quot;,&quot;caption&quot;:&quot;&quot;,&quot;created_timestamp&quot;:&quot;0&quot;,&quot;copyright&quot;:&quot;&quot;,&quot;focal_length&quot;:&quot;0&quot;,&quot;iso&quot;:&quot;0&quot;,&quot;shutter_speed&quot;:&quot;0&quot;,&quot;title&quot;:&quot;&quot;,&quot;orientation&quot;:&quot;0&quot;}\" data-image-title=\"IMG-20221010-WA0002\" data-image-description=\"\" data-image-caption=\"\" data-medium-file=\"https:\/\/www.montceautriathlon.com\/blog\/wp-content\/uploads\/2022\/10\/IMG-20221010-WA0002-300x300.jpg\" data-large-file=\"https:\/\/www.montceautriathlon.com\/blog\/wp-content\/uploads\/2022\/10\/IMG-20221010-WA0002-1024x1024.jpg\" loading=\"lazy\" width=\"1024\" height=\"1024\" src=\"https:\/\/www.montceautriathlon.com\/blog\/wp-content\/uploads\/2022\/10\/IMG-20221010-WA0002-1024x1024.jpg\" alt=\"\" data-id=\"5391\" data-full-url=\"https:\/\/www.montceautriathlon.com\/blog\/wp-content\/uploads\/2022\/10\/IMG-20221010-WA0002.jpg\" data-link=\"https:\/\/www.montceautriathlon.com\/blog\/img-20221010-wa0002\/\" class=\"wp-image-5391\" srcset=\"https:\/\/www.montceautriathlon.com\/blog\/wp-content\/uploads\/2022\/10\/IMG-20221010-WA0002.jpg 1024w, https:\/\/www.montceautriathlon.com\/blog\/wp-content\/uploads\/2022\/10\/IMG-20221010-WA0002-300x300.jpg 300w, https:\/\/www.montceautriathlon.com\/blog\/wp-content\/uploads\/2022\/10\/IMG-20221010-WA0002-150x150.jpg 150w, https:\/\/www.montceautriathlon.com\/blog\/wp-content\/uploads\/2022\/10\/IMG-20221010-WA0002-768x768.jpg 768w\" sizes=\"(max-width: 1024px) 100vw, 1024px\" \/><\/a><\/figure><\/li><\/ul><\/figure>\n\n\n\n<p><\/p>\n","protected":false},"excerpt":{"rendered":"<p>Le Club Nautique de Louhans organisait le week-end dernier son premier triathlon avec natation en piscine. Course classique pour les J1 et J2 et contre la montre individuel pour les courses S et XS. Quelques podiums pour les jeunes et premi\u00e8re comp\u00e9tition sous les couleurs du club pour Simon Devoille et Delphine Tonnin. Belle course [&hellip;]<\/p>\n","protected":false},"author":5,"featured_media":5393,"comment_status":"open","ping_status":"open","sticky":false,"template":"","format":"standard","meta":{"spay_email":"","jetpack_publicize_message":"","jetpack_is_tweetstorm":false},"categories":[1],"tags":[],"jetpack_featured_media_url":"https:\/\/www.montceautriathlon.com\/blog\/wp-content\/uploads\/2022\/10\/IMG-20221010-WA0004.jpg","jetpack_publicize_connections":[],"jetpack_sharing_enabled":true,"jetpack_shortlink":"https:\/\/wp.me\/p8bwIy-1p1","jetpack-related-posts":[{"id":2610,"url":"https:\/\/www.montceautriathlon.com\/blog\/2019\/02\/06\/3-02-2019-bike-run-dautun-les-jeunes-au-train\/","url_meta":{"origin":5395,"position":0},"title":"3\/02\/2019, Bike &#038; Run d&rsquo;Autun : les jeunes au train !","date":"6 f\u00e9vrier 2019","format":false,"excerpt":"Sept \u00e9quipes jeunes engag\u00e9es et cinq podiums ! Joli tir group\u00e9 de notre \u00e9cole de triathlon qui, ce dimanche \u00e0 Autun (sans \u00eatre hautain), n'a pas usurp\u00e9 sa septi\u00e8me place du classement 2018 des 26 \u00e9coles de triathlon de la r\u00e9gion. Bravo les jeunes et good job Sophie ! Quant\u2026","rel":"","context":"Dans &quot;Non class\u00e9&quot;","img":{"alt_text":"","src":"https:\/\/i2.wp.com\/montceautriathlon.com\/blog\/wp-content\/uploads\/2019\/02\/autun-pleins-feux-sur-le-bike-and-run-d-autun-triathlon-125438-300x200.jpg?resize=350%2C200","width":350,"height":200},"classes":[]},{"id":3201,"url":"https:\/\/www.montceautriathlon.com\/blog\/2019\/09\/24\/22-09-19triathlon-de-seurre-un-contre-la-montre-presqua-lheure\/","url_meta":{"origin":5395,"position":1},"title":"22\/09\/19,triathlon de Seurre : un contre la montre presqu&rsquo;\u00e0 l&rsquo;heure !","date":"24 septembre 2019","format":false,"excerpt":"Une petite dizaine de jeunes de l'\u00e9cole de triathlon ont r\u00e9pondu pr\u00e9sents sur les courses J1, J2 et XS ainsi que 6 adultes sur la course S en contre la montre. De bons r\u00e9sultats dans l'ensemble. Marion et Ludivine (et 1\u00e8re JUF) sur le podium f\u00e9minin, Marius et Antoine ratent\u2026","rel":"","context":"Dans &quot;Non class\u00e9&quot;","img":{"alt_text":"","src":"","width":0,"height":0},"classes":[]},{"id":1927,"url":"https:\/\/www.montceautriathlon.com\/blog\/2018\/04\/30\/triathlon-metal-valley-montbard-29-04-2018\/","url_meta":{"origin":5395,"position":2},"title":"Triathlon M\u00e9tal Valley MONTBARD 29\/04\/2018","date":"30 avril 2018","format":false,"excerpt":"Une forte et jeune \u00e9quipe du club s'est d\u00e9plac\u00e9e ce week-end \u00e0 Montbard. Une belle colonie de benjamin(e)s et de pupilles avec pour certains leur premier vrai triathlon. De beaux r\u00e9sultats ! Mention sp\u00e9ciale \u00e0 Marius Grivault 3\u00e8me Benjamin sur le XS avec une belle 16\u00e8me place au scratch sur\u2026","rel":"","context":"Dans &quot;Non class\u00e9&quot;","img":{"alt_text":"","src":"","width":0,"height":0},"classes":[]},{"id":2585,"url":"https:\/\/www.montceautriathlon.com\/blog\/2018\/12\/18\/16-12-18-bike-run-dijon-le-corps-en-saignant-present\/","url_meta":{"origin":5395,"position":3},"title":"16\/12\/18 Bike &#038; Run DIJON :  Le corps en saignant  pr\u00e9sent !","date":"18 d\u00e9cembre 2018","format":false,"excerpt":"Sandrine, H\u00e9l\u00e8ne, Arnaud nos profs d'\u00e9cole pr\u00e9f\u00e9r\u00e9s et Sophie notre d\u00e9vou\u00e9e coach,\u00a0 ont fait le d\u00e9placement \u00e0 Dijon. La moutarde ne leur est pas mont\u00e9e au nez malgr\u00e9 la boue, le brouillard et la fatigue ! Une plus forte pr\u00e9sence du club \u00e0 Bourbon (prochaine \u00e9tape du circuit) en janvier\u2026","rel":"","context":"Dans &quot;Non class\u00e9&quot;","img":{"alt_text":"","src":"","width":0,"height":0},"classes":[]},{"id":7368,"url":"https:\/\/www.montceautriathlon.com\/blog\/2025\/03\/12\/bike-and-run-auxonne-2\/","url_meta":{"origin":5395,"position":4},"title":"Bike and Run Auxonne","date":"12 mars 2025","format":false,"excerpt":"Ce dimanche avait lieu le Bike and Run organis\u00e9 par Triathlon Club Auxonnais. Sur un parcours plat mais boueux , de nombreuses \u00e9quipes de Montceau ont d\u00e9fendu nos couleurs\u00a0 \u00a0Voici leurs r\u00e9sultats :\u00a0 SUR LA COURSE J1 \u00a0Jules Vendramini et Jules Vinck 6e au scratch , 5e \u00e9quipe masculine en\u2026","rel":"","context":"Dans &quot;Non class\u00e9&quot;","img":{"alt_text":"","src":"","width":0,"height":0},"classes":[]},{"id":4954,"url":"https:\/\/www.montceautriathlon.com\/blog\/2022\/04\/06\/duathlon-de-macon-le-club-bien-represente-des-podiums-pour-lecole-et-une-belle-qualif\/","url_meta":{"origin":5395,"position":5},"title":"Duathlon de M\u00e2con : Le club bien repr\u00e9sent\u00e9, des podiums pour l&rsquo;\u00e9cole et une belle qualif !","date":"6 avril 2022","format":false,"excerpt":"Berteline 1\u00e8re au scratch en J1, dominatrice tout au long de la course ! Jeanne qualifi\u00e9e pour les France de duathlon pour la deuxi\u00e8me ann\u00e9e cons\u00e9cutive 2\u00e8me minime F ! Titouan 2\u00e8me au scratch des J2 apr\u00e8s avoir longtemps fait la course en t\u00eate ! Aristide 3\u00e8me pupille ! Tiana\u2026","rel":"","context":"Dans &quot;Non class\u00e9&quot;","img":{"alt_text":"","src":"https:\/\/i1.wp.com\/www.montceautriathlon.com\/blog\/wp-content\/uploads\/2022\/04\/IMG-20220403-WA0003.jpg?resize=350%2C200&ssl=1","width":350,"height":200},"classes":[]}],"_links":{"self":[{"href":"https:\/\/www.montceautriathlon.com\/blog\/wp-json\/wp\/v2\/posts\/5395"}],"collection":[{"href":"https:\/\/www.montceautriathlon.com\/blog\/wp-json\/wp\/v2\/posts"}],"about":[{"href":"https:\/\/www.montceautriathlon.com\/blog\/wp-json\/wp\/v2\/types\/post"}],"author":[{"embeddable":true,"href":"https:\/\/www.montceautriathlon.com\/blog\/wp-json\/wp\/v2\/users\/5"}],"replies":[{"embeddable":true,"href":"https:\/\/www.montceautriathlon.com\/blog\/wp-json\/wp\/v2\/comments?post=5395"}],"version-history":[{"count":2,"href":"https:\/\/www.montceautriathlon.com\/blog\/wp-json\/wp\/v2\/posts\/5395\/revisions"}],"predecessor-version":[{"id":5397,"href":"https:\/\/www.montceautriathlon.com\/blog\/wp-json\/wp\/v2\/posts\/5395\/revisions\/5397"}],"wp:featuredmedia":[{"embeddable":true,"href":"https:\/\/www.montceautriathlon.com\/blog\/wp-json\/wp\/v2\/media\/5393"}],"wp:attachment":[{"href":"https:\/\/www.montceautriathlon.com\/blog\/wp-json\/wp\/v2\/media?parent=5395"}],"wp:term":[{"taxonomy":"category","embeddable":true,"href":"https:\/\/www.montceautriathlon.com\/blog\/wp-json\/wp\/v2\/categories?post=5395"},{"taxonomy":"post_tag","embeddable":true,"href":"https:\/\/www.montceautriathlon.com\/blog\/wp-json\/wp\/v2\/tags?post=5395"}],"curies":[{"name":"wp","href":"https:\/\/api.w.org\/{rel}","templated":true}]}}