{"id":5221,"date":"2022-09-05T09:41:06","date_gmt":"2022-09-05T08:41:06","guid":{"rendered":"https:\/\/www.montceautriathlon.com\/blog\/?p=5221"},"modified":"2022-09-14T09:48:36","modified_gmt":"2022-09-14T08:48:36","slug":"cest-la-rentree-reprise-des-entrainements","status":"publish","type":"post","link":"https:\/\/www.montceautriathlon.com\/blog\/2022\/09\/05\/cest-la-rentree-reprise-des-entrainements\/","title":{"rendered":"C&rsquo;est la rentr\u00e9e !                                              reprise des entrainements !"},"content":{"rendered":"\n<p><strong>Reprise des entrainements CAP ce mardi 6 septembre \u00e0 18h30<\/strong>(horaire habituel) devant l&rsquo;entr\u00e9e du stade Jean Bouveri c\u00f4t\u00e9 lac. Comme d&rsquo;hab !                                                                                                                                        s&rsquo;encha\u00eeneront v\u00e9lo et VTT ensuite en fin de semaine (voir ci-dessous)<\/p>\n\n\n\n<p>Pour les personnes int\u00e9ress\u00e9es par le triathlon et ses disciplines encha\u00een\u00e9es, c&rsquo;est l&rsquo;occasion de prendre contact avec le club.<\/p>\n\n\n\n<p><span class=\"has-inline-color has-vivid-red-color\"><strong>la reprise des entra\u00eenements natatio<\/strong>n <strong>se fera \u00e0 partir du 12 septembre prochain<\/strong><\/span> avec les horaires suivants :     <\/p>\n\n\n\n<p><strong>Adultes<\/strong> (attention aux changements)  lundi 12h15 \u00e0 13h30 (libre)                                                                                   mercredi 19h \u00e0 20h30                                                                                                                                                             vendredi 12h15 \u00e0 13h30 (libre)                                                                                                                                        vendredi 18h30 \u00e0 20h                                                                                                                                                         samedi 9h \u00e0 10h30                                                                                                                                                               <\/p>\n\n\n\n<p><strong>Ados : <\/strong>                                                                                                                                                                                    lundi 18h \u00e0 19h                                                                                                                                                           mercredi 18h \u00e0 19h                                                                                                                                                           samedi 10h30 \u00e0 12h <\/p>\n\n\n\n<p><strong>Jeunes<\/strong>                                                                                                                                                                               mercredi de 17h \u00e0 18h ou 18h \u00e0 19h (selon le niveau)<\/p>\n\n\n\n<p><\/p>\n\n\n\n<p><strong><span class=\"has-inline-color has-vivid-red-color\">v\u00e9lo et VTT :<\/span> <\/strong>                                                                                                                                                                         pour l&rsquo;\u00e9cole de tri : samedi 10h00 \u00e0 11h30 aux Grands parcs                                                                                           pour les ados seulement  : v\u00e9lo de route aux beaux jours le vendredi de 17h30 \u00e0 19h00                                                Pour les adultes : le dimanche matin  sur rdv<\/p>\n\n\n\n<p>P<strong><span class=\"has-inline-color has-vivid-red-color\">our tout renouvellement ou prise de licence<\/span><\/strong> : <a rel=\"noreferrer noopener\" href=\"https:\/\/www.montceautriathlon.com\/blog\/\" target=\"_blank\">https:\/\/www.montceautriathlon.com\/blog\/<\/a> onglet se licencier ou en cliquant sur l&rsquo;image \u00ab\u00a0c&rsquo;est temps de nous retrouver\u00a0\u00bb<\/p>\n\n\n\n<p>contacts au 06 80 56 92 49 ou 06 03 17 76 31 ou  06 21 31 72 51<\/p>\n\n\n\n<p><strong><span class=\"has-inline-color has-vivid-red-color\">pour rappel : <\/span><\/strong><span class=\"has-inline-color has-vivid-red-color\">les tarifs de cette saison<\/span><\/p>\n\n\n\n<p>tarif licence jeunes :  100euros<\/p>\n\n\n\n<p>tarifs licence adultes : comp\u00e9tition 155 euros &#8211;  loisirs 107 euros<\/p>\n\n\n\n<p>possibilit\u00e9s de r\u00e9duction si plusieurs membres d&rsquo;une m\u00eame famille (voir site)<\/p>\n\n\n\n<p><strong>Lorsque vous aurez valid\u00e9 votre licence, nous organiserons des permanences en octobre(vous en serez averti) pour r\u00e9cup\u00e9rer tous les documents. Nous vous adresserons une facture, ce qui vous permettra d&rsquo;\u00e9tablir votre r\u00e8glement sans erreur en fonction des diff\u00e9rentes r\u00e9ductions<\/strong> <strong>et souscriptions d&rsquo;assurance<\/strong>s.<\/p>\n\n\n\n<p><strong><span class=\"has-inline-color has-vivid-red-color\">le club accepte les coupons sports et les pass&rsquo;sport si vous \u00eates \u00e9ligible.<\/span><\/strong>                                                               <strong><span class=\"has-inline-color has-vivid-cyan-blue-color\">Possibilit\u00e9 de prendre un pass club permettant un essai gratuit pendant un mois<\/span><\/strong><\/p>\n\n\n\n<p>N&rsquo;h\u00e9sitez pas \u00e0 nous contacter !<\/p>\n\n\n\n<figure class=\"wp-block-gallery columns-3 is-cropped\"><ul data-carousel-extra='{\"blog_id\":1,\"permalink\":\"https:\\\/\\\/www.montceautriathlon.com\\\/blog\\\/2022\\\/09\\\/05\\\/cest-la-rentree-reprise-des-entrainements\\\/\"}' class=\"blocks-gallery-grid\"><li class=\"blocks-gallery-item\"><figure><a href=\"https:\/\/www.montceautriathlon.com\/blog\/wp-content\/uploads\/2022\/09\/val-04092228.jpg\"><img data-attachment-id=\"5224\" data-permalink=\"https:\/\/www.montceautriathlon.com\/blog\/val-04092228\/\" data-orig-file=\"https:\/\/www.montceautriathlon.com\/blog\/wp-content\/uploads\/2022\/09\/val-04092228.jpg\" data-orig-size=\"700,702\" data-comments-opened=\"1\" data-image-meta=\"{&quot;aperture&quot;:&quot;0&quot;,&quot;credit&quot;:&quot;&quot;,&quot;camera&quot;:&quot;&quot;,&quot;caption&quot;:&quot;&quot;,&quot;created_timestamp&quot;:&quot;0&quot;,&quot;copyright&quot;:&quot;&quot;,&quot;focal_length&quot;:&quot;0&quot;,&quot;iso&quot;:&quot;0&quot;,&quot;shutter_speed&quot;:&quot;0&quot;,&quot;title&quot;:&quot;&quot;,&quot;orientation&quot;:&quot;0&quot;}\" data-image-title=\"val-04092228\" data-image-description=\"\" data-image-caption=\"\" data-medium-file=\"https:\/\/www.montceautriathlon.com\/blog\/wp-content\/uploads\/2022\/09\/val-04092228-300x300.jpg\" data-large-file=\"https:\/\/www.montceautriathlon.com\/blog\/wp-content\/uploads\/2022\/09\/val-04092228.jpg\" loading=\"lazy\" width=\"700\" height=\"702\" src=\"https:\/\/www.montceautriathlon.com\/blog\/wp-content\/uploads\/2022\/09\/val-04092228.jpg\" alt=\"\" data-id=\"5224\" data-full-url=\"https:\/\/www.montceautriathlon.com\/blog\/wp-content\/uploads\/2022\/09\/val-04092228.jpg\" data-link=\"https:\/\/www.montceautriathlon.com\/blog\/val-04092228\/\" class=\"wp-image-5224\" srcset=\"https:\/\/www.montceautriathlon.com\/blog\/wp-content\/uploads\/2022\/09\/val-04092228.jpg 700w, https:\/\/www.montceautriathlon.com\/blog\/wp-content\/uploads\/2022\/09\/val-04092228-300x300.jpg 300w, https:\/\/www.montceautriathlon.com\/blog\/wp-content\/uploads\/2022\/09\/val-04092228-150x150.jpg 150w\" sizes=\"(max-width: 700px) 100vw, 700px\" \/><\/a><\/figure><\/li><li class=\"blocks-gallery-item\"><figure><a href=\"https:\/\/www.montceautriathlon.com\/blog\/wp-content\/uploads\/2022\/09\/jlp-04092223.jpg\"><img data-attachment-id=\"5223\" data-permalink=\"https:\/\/www.montceautriathlon.com\/blog\/jlp-04092223\/\" data-orig-file=\"https:\/\/www.montceautriathlon.com\/blog\/wp-content\/uploads\/2022\/09\/jlp-04092223.jpg\" data-orig-size=\"700,649\" data-comments-opened=\"1\" data-image-meta=\"{&quot;aperture&quot;:&quot;0&quot;,&quot;credit&quot;:&quot;&quot;,&quot;camera&quot;:&quot;&quot;,&quot;caption&quot;:&quot;&quot;,&quot;created_timestamp&quot;:&quot;0&quot;,&quot;copyright&quot;:&quot;&quot;,&quot;focal_length&quot;:&quot;0&quot;,&quot;iso&quot;:&quot;0&quot;,&quot;shutter_speed&quot;:&quot;0&quot;,&quot;title&quot;:&quot;&quot;,&quot;orientation&quot;:&quot;0&quot;}\" data-image-title=\"jlp-04092223\" data-image-description=\"\" data-image-caption=\"\" data-medium-file=\"https:\/\/www.montceautriathlon.com\/blog\/wp-content\/uploads\/2022\/09\/jlp-04092223-300x278.jpg\" data-large-file=\"https:\/\/www.montceautriathlon.com\/blog\/wp-content\/uploads\/2022\/09\/jlp-04092223.jpg\" loading=\"lazy\" width=\"700\" height=\"649\" src=\"https:\/\/www.montceautriathlon.com\/blog\/wp-content\/uploads\/2022\/09\/jlp-04092223.jpg\" alt=\"\" data-id=\"5223\" data-full-url=\"https:\/\/www.montceautriathlon.com\/blog\/wp-content\/uploads\/2022\/09\/jlp-04092223.jpg\" data-link=\"https:\/\/www.montceautriathlon.com\/blog\/jlp-04092223\/\" class=\"wp-image-5223\" srcset=\"https:\/\/www.montceautriathlon.com\/blog\/wp-content\/uploads\/2022\/09\/jlp-04092223.jpg 700w, https:\/\/www.montceautriathlon.com\/blog\/wp-content\/uploads\/2022\/09\/jlp-04092223-300x278.jpg 300w\" sizes=\"(max-width: 700px) 100vw, 700px\" \/><\/a><\/figure><\/li><li class=\"blocks-gallery-item\"><figure><a href=\"https:\/\/www.montceautriathlon.com\/blog\/wp-content\/uploads\/2022\/09\/val-04092266.jpg\"><img data-attachment-id=\"5225\" data-permalink=\"https:\/\/www.montceautriathlon.com\/blog\/val-04092266\/\" data-orig-file=\"https:\/\/www.montceautriathlon.com\/blog\/wp-content\/uploads\/2022\/09\/val-04092266.jpg\" data-orig-size=\"700,534\" data-comments-opened=\"1\" data-image-meta=\"{&quot;aperture&quot;:&quot;0&quot;,&quot;credit&quot;:&quot;&quot;,&quot;camera&quot;:&quot;&quot;,&quot;caption&quot;:&quot;&quot;,&quot;created_timestamp&quot;:&quot;0&quot;,&quot;copyright&quot;:&quot;&quot;,&quot;focal_length&quot;:&quot;0&quot;,&quot;iso&quot;:&quot;0&quot;,&quot;shutter_speed&quot;:&quot;0&quot;,&quot;title&quot;:&quot;&quot;,&quot;orientation&quot;:&quot;0&quot;}\" data-image-title=\"val-04092266\" data-image-description=\"\" data-image-caption=\"\" data-medium-file=\"https:\/\/www.montceautriathlon.com\/blog\/wp-content\/uploads\/2022\/09\/val-04092266-300x229.jpg\" data-large-file=\"https:\/\/www.montceautriathlon.com\/blog\/wp-content\/uploads\/2022\/09\/val-04092266.jpg\" loading=\"lazy\" width=\"700\" height=\"534\" src=\"https:\/\/www.montceautriathlon.com\/blog\/wp-content\/uploads\/2022\/09\/val-04092266.jpg\" alt=\"\" data-id=\"5225\" data-full-url=\"https:\/\/www.montceautriathlon.com\/blog\/wp-content\/uploads\/2022\/09\/val-04092266.jpg\" data-link=\"https:\/\/www.montceautriathlon.com\/blog\/val-04092266\/\" class=\"wp-image-5225\" srcset=\"https:\/\/www.montceautriathlon.com\/blog\/wp-content\/uploads\/2022\/09\/val-04092266.jpg 700w, https:\/\/www.montceautriathlon.com\/blog\/wp-content\/uploads\/2022\/09\/val-04092266-300x229.jpg 300w\" sizes=\"(max-width: 700px) 100vw, 700px\" \/><\/a><\/figure><\/li><li class=\"blocks-gallery-item\"><figure><a href=\"https:\/\/www.montceautriathlon.com\/blog\/wp-content\/uploads\/2022\/09\/IMG-20220903-WA0002.jpg\"><img data-attachment-id=\"5222\" data-permalink=\"https:\/\/www.montceautriathlon.com\/blog\/img-20220903-wa0002\/\" data-orig-file=\"https:\/\/www.montceautriathlon.com\/blog\/wp-content\/uploads\/2022\/09\/IMG-20220903-WA0002.jpg\" data-orig-size=\"2000,1500\" data-comments-opened=\"1\" data-image-meta=\"{&quot;aperture&quot;:&quot;0&quot;,&quot;credit&quot;:&quot;&quot;,&quot;camera&quot;:&quot;&quot;,&quot;caption&quot;:&quot;&quot;,&quot;created_timestamp&quot;:&quot;0&quot;,&quot;copyright&quot;:&quot;&quot;,&quot;focal_length&quot;:&quot;0&quot;,&quot;iso&quot;:&quot;0&quot;,&quot;shutter_speed&quot;:&quot;0&quot;,&quot;title&quot;:&quot;&quot;,&quot;orientation&quot;:&quot;0&quot;}\" data-image-title=\"IMG-20220903-WA0002\" data-image-description=\"\" data-image-caption=\"\" data-medium-file=\"https:\/\/www.montceautriathlon.com\/blog\/wp-content\/uploads\/2022\/09\/IMG-20220903-WA0002-300x225.jpg\" data-large-file=\"https:\/\/www.montceautriathlon.com\/blog\/wp-content\/uploads\/2022\/09\/IMG-20220903-WA0002-1024x768.jpg\" loading=\"lazy\" width=\"1024\" height=\"768\" src=\"https:\/\/www.montceautriathlon.com\/blog\/wp-content\/uploads\/2022\/09\/IMG-20220903-WA0002-1024x768.jpg\" alt=\"\" data-id=\"5222\" data-full-url=\"https:\/\/www.montceautriathlon.com\/blog\/wp-content\/uploads\/2022\/09\/IMG-20220903-WA0002.jpg\" data-link=\"https:\/\/www.montceautriathlon.com\/blog\/img-20220903-wa0002\/\" class=\"wp-image-5222\" srcset=\"https:\/\/www.montceautriathlon.com\/blog\/wp-content\/uploads\/2022\/09\/IMG-20220903-WA0002-1024x768.jpg 1024w, https:\/\/www.montceautriathlon.com\/blog\/wp-content\/uploads\/2022\/09\/IMG-20220903-WA0002-300x225.jpg 300w, https:\/\/www.montceautriathlon.com\/blog\/wp-content\/uploads\/2022\/09\/IMG-20220903-WA0002-768x576.jpg 768w, https:\/\/www.montceautriathlon.com\/blog\/wp-content\/uploads\/2022\/09\/IMG-20220903-WA0002-1536x1152.jpg 1536w, https:\/\/www.montceautriathlon.com\/blog\/wp-content\/uploads\/2022\/09\/IMG-20220903-WA0002.jpg 2000w\" sizes=\"(max-width: 1024px) 100vw, 1024px\" \/><\/a><\/figure><\/li><\/ul><\/figure>\n\n\n\n<pre class=\"wp-block-preformatted\">\n<\/pre>\n\n\n\n<p><\/p>\n","protected":false},"excerpt":{"rendered":"<p>Reprise des entrainements CAP ce mardi 6 septembre \u00e0 18h30(horaire habituel) devant l&rsquo;entr\u00e9e du stade Jean Bouveri c\u00f4t\u00e9 lac. Comme d&rsquo;hab ! s&rsquo;encha\u00eeneront v\u00e9lo et VTT ensuite en fin de semaine (voir ci-dessous) Pour les personnes int\u00e9ress\u00e9es par le triathlon et ses disciplines encha\u00een\u00e9es, c&rsquo;est l&rsquo;occasion de prendre contact avec le club. la reprise des [&hellip;]<\/p>\n","protected":false},"author":5,"featured_media":5222,"comment_status":"open","ping_status":"open","sticky":false,"template":"","format":"standard","meta":{"spay_email":"","jetpack_publicize_message":"","jetpack_is_tweetstorm":false},"categories":[1],"tags":[],"jetpack_featured_media_url":"https:\/\/www.montceautriathlon.com\/blog\/wp-content\/uploads\/2022\/09\/IMG-20220903-WA0002.jpg","jetpack_publicize_connections":[],"jetpack_sharing_enabled":true,"jetpack_shortlink":"https:\/\/wp.me\/p8bwIy-1md","jetpack-related-posts":[{"id":8069,"url":"https:\/\/www.montceautriathlon.com\/blog\/2025\/08\/27\/montceau-triathlon-cest-la-rentree\/","url_meta":{"origin":5221,"position":0},"title":"Montceau triathlon: c&rsquo;est la rentr\u00e9e","date":"27 ao\u00fbt 2025","format":false,"excerpt":"Que vous soyez \u00e0 la recherche d'une activit\u00e9\u00a0ludique pour vos enfants, d'une pratique de loisir ou de comp\u00e9tition, notre club a une place pour chacun. Avec une seule licence, vous pouvez\u00a0pratiquer\u00a03 disciplines: la natation, le v\u00e9lo et la course\u00a0\u00e0 pied mais aussi le home trainer et le renforcement\u00a0musculaire. Les s\u00e9ances\u2026","rel":"","context":"Dans &quot;Non class\u00e9&quot;","img":{"alt_text":"","src":"https:\/\/i2.wp.com\/www.montceautriathlon.com\/blog\/wp-content\/uploads\/2025\/08\/20250826_171719-scaled.jpg?resize=350%2C200&ssl=1","width":350,"height":200},"classes":[]},{"id":3777,"url":"https:\/\/www.montceautriathlon.com\/blog\/2020\/09\/02\/reprise-des-entrainements-saison-2020-2021-a-partir-du-7-septembre\/","url_meta":{"origin":5221,"position":1},"title":"REPRISE DES ENTRAINEMENTS SAISON 2020\/2021 \u00e0 partir du 7 septembre","date":"2 septembre 2020","format":false,"excerpt":"Il faut bien reprendre !\u00a0 Avec les mesures sanitaires contre la Covid bien entendu ! Si vous \u00eates une personne int\u00e9ress\u00e9e et qui d\u00e9couvrez cette page, vous pouvez nous rejoindre aux horaires indiqu\u00e9s pour une prise de contact. Vous pouvez nous contacter \u00e9galement\u00a0 et nous apporter un pass club pour\u2026","rel":"","context":"Dans &quot;Non class\u00e9&quot;","img":{"alt_text":"","src":"","width":0,"height":0},"classes":[]},{"id":782,"url":"https:\/\/www.montceautriathlon.com\/blog\/2016\/09\/06\/cest-egalement-la-rentree-pour-le-club-de-montceau-triathlon\/","url_meta":{"origin":5221,"position":2},"title":"C&rsquo;est \u00e9galement la rentr\u00e9e pour le club de Montceau Triathlon","date":"6 septembre 2016","format":false,"excerpt":"Les entra\u00eenements pour les jeunes reprennent: CAP : mardi 06 septembre\u00a0 (d\u00e9but de l'entra\u00eenement \u00e0\u00a018h30 devant l'entr\u00e9e du stade c\u00f4t\u00e9 Lac) NATATION : mercredi 21 septembre\u00a0(RDVS 18h ou 19h selon les groupes d'\u00e2ge \u00e0 la piscine) VELO : samedi 10 septembre (RDVS 10h sur le parking de la piscine) Les\u2026","rel":"","context":"Dans &quot;Non class\u00e9&quot;","img":{"alt_text":"","src":"","width":0,"height":0},"classes":[]},{"id":3111,"url":"https:\/\/www.montceautriathlon.com\/blog\/2019\/09\/04\/cest-la-rentree\/","url_meta":{"origin":5221,"position":3},"title":"C&rsquo;est la rentr\u00e9e !","date":"4 septembre 2019","format":false,"excerpt":"Dates de reprise des entra\u00eenements: Natation : \u00e0 partir du lundi 16 septembre Adultes: lundi de 12h15 \u00e0 13h30 (cr\u00e9neau libre) mercredi de 19h \u00e0 20h30 vendredi de 19h \u00e0 20h30 samedi de 10h \u00e0 11h30 Adolescents (benjamins \u00e0 juniors): lundi de 18h00 \u00e0 19h00 mercredi de 18h00 \u00e0 19h00\u2026","rel":"","context":"Dans &quot;Non class\u00e9&quot;","img":{"alt_text":"","src":"","width":0,"height":0},"classes":[]},{"id":3703,"url":"https:\/\/www.montceautriathlon.com\/blog\/2020\/07\/23\/le-club-present-au-week-end-aux-grands-parcs-ce-dimanche-26-juillet\/","url_meta":{"origin":5221,"position":4},"title":"Le club pr\u00e9sent au Week-End aux Grands Parcs ce dimanche 26 juillet","date":"23 juillet 2020","format":false,"excerpt":"\u00a0 \u00a0 \u00a0 \u00a0 \u00a0 \u00a0 \u00a0 Le club sera pr\u00e9sent ce dimanche 26 juillet \u00e0 la ferme animali\u00e8re\u00a0 entre 14h30 et 17h30 dans le cadre du \"WEEK-END aux Grands Parcs\" initi\u00e9 par la municipalit\u00e9. Diff\u00e9rents clubs sportifs\u00a0 de la ville proposeront des animations ou des initiations. Ce sera le\u2026","rel":"","context":"Dans &quot;Non class\u00e9&quot;","img":{"alt_text":"","src":"https:\/\/i1.wp.com\/montceautriathlon.com\/blog\/wp-content\/uploads\/2020\/07\/20200722-1126-actualites-fete_de_la_musique_au_Peupliers-grands-parcs-26-300x212.jpg?resize=350%2C200","width":350,"height":200},"classes":[]},{"id":2573,"url":"https:\/\/www.montceautriathlon.com\/blog\/2018\/12\/15\/attention-creneaux-dentrainements-fin-dannee\/","url_meta":{"origin":5221,"position":5},"title":"Attention ! Cr\u00e9neaux d&rsquo;entra\u00eenements fin d&rsquo;ann\u00e9e","date":"15 d\u00e9cembre 2018","format":false,"excerpt":"Les cr\u00e9neaux d'entra\u00eenements sont les suivants : \u00e0 lire attentivement ! LUNDI 17\/12 : 12h\/13h30: natation libre 18h\/19h: natation ados MARDI 18\/12 : 18h30\/19h30: cap jeunes, ados, adultes MERCREDI 19\/12 : 18h\/19h: natation jeunes, ados 19h\/20h30: natation annul\u00e9e (tests MON) JEUDI 20\/12 : 18h\/19h15: Renforcement musculaire adultes, ados VENDREDI 21\/12\u2026","rel":"","context":"Dans &quot;Non class\u00e9&quot;","img":{"alt_text":"","src":"","width":0,"height":0},"classes":[]}],"_links":{"self":[{"href":"https:\/\/www.montceautriathlon.com\/blog\/wp-json\/wp\/v2\/posts\/5221"}],"collection":[{"href":"https:\/\/www.montceautriathlon.com\/blog\/wp-json\/wp\/v2\/posts"}],"about":[{"href":"https:\/\/www.montceautriathlon.com\/blog\/wp-json\/wp\/v2\/types\/post"}],"author":[{"embeddable":true,"href":"https:\/\/www.montceautriathlon.com\/blog\/wp-json\/wp\/v2\/users\/5"}],"replies":[{"embeddable":true,"href":"https:\/\/www.montceautriathlon.com\/blog\/wp-json\/wp\/v2\/comments?post=5221"}],"version-history":[{"count":2,"href":"https:\/\/www.montceautriathlon.com\/blog\/wp-json\/wp\/v2\/posts\/5221\/revisions"}],"predecessor-version":[{"id":5244,"href":"https:\/\/www.montceautriathlon.com\/blog\/wp-json\/wp\/v2\/posts\/5221\/revisions\/5244"}],"wp:featuredmedia":[{"embeddable":true,"href":"https:\/\/www.montceautriathlon.com\/blog\/wp-json\/wp\/v2\/media\/5222"}],"wp:attachment":[{"href":"https:\/\/www.montceautriathlon.com\/blog\/wp-json\/wp\/v2\/media?parent=5221"}],"wp:term":[{"taxonomy":"category","embeddable":true,"href":"https:\/\/www.montceautriathlon.com\/blog\/wp-json\/wp\/v2\/categories?post=5221"},{"taxonomy":"post_tag","embeddable":true,"href":"https:\/\/www.montceautriathlon.com\/blog\/wp-json\/wp\/v2\/tags?post=5221"}],"curies":[{"name":"wp","href":"https:\/\/api.w.org\/{rel}","templated":true}]}}