{"id":5219,"date":"2022-09-05T08:51:14","date_gmt":"2022-09-05T07:51:14","guid":{"rendered":"https:\/\/www.montceautriathlon.com\/blog\/?p=5219"},"modified":"2022-09-05T08:51:17","modified_gmt":"2022-09-05T07:51:17","slug":"triathlon-de-chalon-sur-saone-belle-rentree-de-lecole-de-tri","status":"publish","type":"post","link":"https:\/\/www.montceautriathlon.com\/blog\/2022\/09\/05\/triathlon-de-chalon-sur-saone-belle-rentree-de-lecole-de-tri\/","title":{"rendered":"Triathlon de Chalon sur Sa\u00f4ne : belle rentr\u00e9e  de l&rsquo;\u00e9cole de tri !"},"content":{"rendered":"\n<p>Sous un beau soleil, les triathl\u00e8tes montcelliens ont particip\u00e9 ce dimanche au triathlon de Chalons sur Sa\u00f4ne.<br>L&rsquo;\u00e9cole \u00e9tait bien repr\u00e9sent\u00e9e sur les diff\u00e9rentes courses. Plusieurs \u00e9quipes d&rsquo;adultes ont d\u00e9fendu les couleurs du club sur le S.<\/p>\n\n\n\n<p><br><strong>En 6\/9 ans:<\/strong>                                                                                                                                                                        Berteline Marionnet 3e poussine                                                                                                                                          Oscar Bernigaud\u00a0 4e mini poussin                                                                                                                                   Gabrielle Turpin\u00a0 10e poussine                                                                                                                                            Rachel Dugne 13e poussine                                                                                                                                           Come Dessagne\u00a0 6e mini poussin<br><\/p>\n\n\n\n<p><strong>En 10\/13 ans:   <\/strong>                                                                                                                                                               Titouan Rondier\u00a0 2e benjamin en 20:00                                                                                                                             Paul Cillo 7e benjamin en 21:43                                                                                                                                             Eliott Lhote 10e benjamin en 22:18                                                                                                                                 Emile Fossier 5e pupille en 22:24                                                                                                                                     Axelle Da Eira 2e pupille en 23:37                                                                                                                                    Oscar Turpin 9e pupille en 23:57                                                                                                                                      El\u00e9a B\u00e9rardan 7e benjamine en 24:30                                                                                                                                           Nino B\u00e9rardan 16e pupille en 25:20                                                                                                                                     Chlo\u00e9 Herrero 10e pupille en 28:59<\/p>\n\n\n\n<p><strong>XS: <\/strong>                                                                                                                                                                                    L\u00e9o Kostine 7e minime en 39:26                                                                                                                                   Joshua Vandaele 8e minime en 41:55                                                                                                                           Cyrille B\u00e9rardan 3e V1 en 42:23                                                                                                                                       Marine Da Eira 2e cadette en 43:16                                                                                                                                    Jeanne Rondier 4e minime en 43:43                                                                                                                                     Emma Dufour 5e minime en 47:13                                                                                                                                           Zo\u00e9 Da Eira 7e minime en 51:57                                                                                                                                               Ma\u00eblle Di Giorgio 6e cadette en 52:27<\/p>\n\n\n\n<p><strong>S<\/strong> <strong>en clm par \u00e9quipe  <\/strong>                                                                                                                                                                                                <em>Les pancakes<\/em> (Catherine, Kevin et Mickael) terminent \u00e0 la 16e place (6e \u00e9quipe mixte) en 1h20<br><em>Montceau espoir<\/em> (Sandrine M, Lionel, Arnaud et Aur\u00e9lien) se classe 23e (10e \u00e9quipe mixte) en 1h24                                  <em>Faut qu&rsquo;on se d\u00e9cide \u00e0 un moment<\/em>\u00a0 (Nicolas F et Cyrille B et les copain) termine en 1h33 \u00e0 la 32e place.<\/p>\n\n\n\n<figure class=\"wp-block-gallery columns-3 is-cropped\"><ul data-carousel-extra='{\"blog_id\":1,\"permalink\":\"https:\\\/\\\/www.montceautriathlon.com\\\/blog\\\/2022\\\/09\\\/05\\\/triathlon-de-chalon-sur-saone-belle-rentree-de-lecole-de-tri\\\/\"}' class=\"blocks-gallery-grid\"><li class=\"blocks-gallery-item\"><figure><a href=\"https:\/\/www.montceautriathlon.com\/blog\/wp-content\/uploads\/2022\/09\/2883780047150999390.jpg\"><img data-attachment-id=\"5204\" data-permalink=\"https:\/\/www.montceautriathlon.com\/blog\/2883780047150999390\/\" data-orig-file=\"https:\/\/www.montceautriathlon.com\/blog\/wp-content\/uploads\/2022\/09\/2883780047150999390.jpg\" data-orig-size=\"416,555\" data-comments-opened=\"1\" data-image-meta=\"{&quot;aperture&quot;:&quot;0&quot;,&quot;credit&quot;:&quot;&quot;,&quot;camera&quot;:&quot;&quot;,&quot;caption&quot;:&quot;&quot;,&quot;created_timestamp&quot;:&quot;0&quot;,&quot;copyright&quot;:&quot;&quot;,&quot;focal_length&quot;:&quot;0&quot;,&quot;iso&quot;:&quot;0&quot;,&quot;shutter_speed&quot;:&quot;0&quot;,&quot;title&quot;:&quot;&quot;,&quot;orientation&quot;:&quot;0&quot;}\" data-image-title=\"2883780047150999390\" data-image-description=\"\" data-image-caption=\"\" data-medium-file=\"https:\/\/www.montceautriathlon.com\/blog\/wp-content\/uploads\/2022\/09\/2883780047150999390-225x300.jpg\" data-large-file=\"https:\/\/www.montceautriathlon.com\/blog\/wp-content\/uploads\/2022\/09\/2883780047150999390.jpg\" loading=\"lazy\" width=\"416\" height=\"555\" src=\"https:\/\/www.montceautriathlon.com\/blog\/wp-content\/uploads\/2022\/09\/2883780047150999390.jpg\" alt=\"\" data-id=\"5204\" data-full-url=\"https:\/\/www.montceautriathlon.com\/blog\/wp-content\/uploads\/2022\/09\/2883780047150999390.jpg\" data-link=\"https:\/\/www.montceautriathlon.com\/blog\/2883780047150999390\/\" class=\"wp-image-5204\" srcset=\"https:\/\/www.montceautriathlon.com\/blog\/wp-content\/uploads\/2022\/09\/2883780047150999390.jpg 416w, https:\/\/www.montceautriathlon.com\/blog\/wp-content\/uploads\/2022\/09\/2883780047150999390-225x300.jpg 225w\" sizes=\"(max-width: 416px) 100vw, 416px\" \/><\/a><\/figure><\/li><li class=\"blocks-gallery-item\"><figure><a href=\"https:\/\/www.montceautriathlon.com\/blog\/wp-content\/uploads\/2022\/09\/1303824077000806869.jpg\"><img data-attachment-id=\"5203\" data-permalink=\"https:\/\/www.montceautriathlon.com\/blog\/1303824077000806869\/\" data-orig-file=\"https:\/\/www.montceautriathlon.com\/blog\/wp-content\/uploads\/2022\/09\/1303824077000806869.jpg\" data-orig-size=\"416,555\" data-comments-opened=\"1\" data-image-meta=\"{&quot;aperture&quot;:&quot;0&quot;,&quot;credit&quot;:&quot;&quot;,&quot;camera&quot;:&quot;&quot;,&quot;caption&quot;:&quot;&quot;,&quot;created_timestamp&quot;:&quot;0&quot;,&quot;copyright&quot;:&quot;&quot;,&quot;focal_length&quot;:&quot;0&quot;,&quot;iso&quot;:&quot;0&quot;,&quot;shutter_speed&quot;:&quot;0&quot;,&quot;title&quot;:&quot;&quot;,&quot;orientation&quot;:&quot;0&quot;}\" data-image-title=\"1303824077000806869\" data-image-description=\"\" data-image-caption=\"\" data-medium-file=\"https:\/\/www.montceautriathlon.com\/blog\/wp-content\/uploads\/2022\/09\/1303824077000806869-225x300.jpg\" data-large-file=\"https:\/\/www.montceautriathlon.com\/blog\/wp-content\/uploads\/2022\/09\/1303824077000806869.jpg\" loading=\"lazy\" width=\"416\" height=\"555\" src=\"https:\/\/www.montceautriathlon.com\/blog\/wp-content\/uploads\/2022\/09\/1303824077000806869.jpg\" alt=\"\" data-id=\"5203\" data-full-url=\"https:\/\/www.montceautriathlon.com\/blog\/wp-content\/uploads\/2022\/09\/1303824077000806869.jpg\" data-link=\"https:\/\/www.montceautriathlon.com\/blog\/1303824077000806869\/\" class=\"wp-image-5203\" srcset=\"https:\/\/www.montceautriathlon.com\/blog\/wp-content\/uploads\/2022\/09\/1303824077000806869.jpg 416w, https:\/\/www.montceautriathlon.com\/blog\/wp-content\/uploads\/2022\/09\/1303824077000806869-225x300.jpg 225w\" sizes=\"(max-width: 416px) 100vw, 416px\" \/><\/a><\/figure><\/li><li class=\"blocks-gallery-item\"><figure><a href=\"https:\/\/www.montceautriathlon.com\/blog\/wp-content\/uploads\/2022\/09\/8735373695281820674.jpg\"><img data-attachment-id=\"5207\" data-permalink=\"https:\/\/www.montceautriathlon.com\/blog\/8735373695281820674\/\" data-orig-file=\"https:\/\/www.montceautriathlon.com\/blog\/wp-content\/uploads\/2022\/09\/8735373695281820674.jpg\" data-orig-size=\"416,555\" data-comments-opened=\"1\" data-image-meta=\"{&quot;aperture&quot;:&quot;0&quot;,&quot;credit&quot;:&quot;&quot;,&quot;camera&quot;:&quot;&quot;,&quot;caption&quot;:&quot;&quot;,&quot;created_timestamp&quot;:&quot;0&quot;,&quot;copyright&quot;:&quot;&quot;,&quot;focal_length&quot;:&quot;0&quot;,&quot;iso&quot;:&quot;0&quot;,&quot;shutter_speed&quot;:&quot;0&quot;,&quot;title&quot;:&quot;&quot;,&quot;orientation&quot;:&quot;0&quot;}\" data-image-title=\"-8735373695281820674\" data-image-description=\"\" data-image-caption=\"\" data-medium-file=\"https:\/\/www.montceautriathlon.com\/blog\/wp-content\/uploads\/2022\/09\/8735373695281820674-225x300.jpg\" data-large-file=\"https:\/\/www.montceautriathlon.com\/blog\/wp-content\/uploads\/2022\/09\/8735373695281820674.jpg\" loading=\"lazy\" width=\"416\" height=\"555\" src=\"https:\/\/www.montceautriathlon.com\/blog\/wp-content\/uploads\/2022\/09\/8735373695281820674.jpg\" alt=\"\" data-id=\"5207\" data-full-url=\"https:\/\/www.montceautriathlon.com\/blog\/wp-content\/uploads\/2022\/09\/8735373695281820674.jpg\" data-link=\"https:\/\/www.montceautriathlon.com\/blog\/8735373695281820674\/\" class=\"wp-image-5207\" srcset=\"https:\/\/www.montceautriathlon.com\/blog\/wp-content\/uploads\/2022\/09\/8735373695281820674.jpg 416w, https:\/\/www.montceautriathlon.com\/blog\/wp-content\/uploads\/2022\/09\/8735373695281820674-225x300.jpg 225w\" sizes=\"(max-width: 416px) 100vw, 416px\" \/><\/a><\/figure><\/li><li class=\"blocks-gallery-item\"><figure><a href=\"https:\/\/www.montceautriathlon.com\/blog\/wp-content\/uploads\/2022\/09\/6676214342527963067.jpg\"><img data-attachment-id=\"5206\" data-permalink=\"https:\/\/www.montceautriathlon.com\/blog\/6676214342527963067\/\" data-orig-file=\"https:\/\/www.montceautriathlon.com\/blog\/wp-content\/uploads\/2022\/09\/6676214342527963067.jpg\" data-orig-size=\"555,416\" data-comments-opened=\"1\" data-image-meta=\"{&quot;aperture&quot;:&quot;0&quot;,&quot;credit&quot;:&quot;&quot;,&quot;camera&quot;:&quot;&quot;,&quot;caption&quot;:&quot;&quot;,&quot;created_timestamp&quot;:&quot;0&quot;,&quot;copyright&quot;:&quot;&quot;,&quot;focal_length&quot;:&quot;0&quot;,&quot;iso&quot;:&quot;0&quot;,&quot;shutter_speed&quot;:&quot;0&quot;,&quot;title&quot;:&quot;&quot;,&quot;orientation&quot;:&quot;0&quot;}\" data-image-title=\"6676214342527963067\" data-image-description=\"\" data-image-caption=\"\" data-medium-file=\"https:\/\/www.montceautriathlon.com\/blog\/wp-content\/uploads\/2022\/09\/6676214342527963067-300x225.jpg\" data-large-file=\"https:\/\/www.montceautriathlon.com\/blog\/wp-content\/uploads\/2022\/09\/6676214342527963067.jpg\" loading=\"lazy\" width=\"555\" height=\"416\" src=\"https:\/\/www.montceautriathlon.com\/blog\/wp-content\/uploads\/2022\/09\/6676214342527963067.jpg\" alt=\"\" data-id=\"5206\" data-full-url=\"https:\/\/www.montceautriathlon.com\/blog\/wp-content\/uploads\/2022\/09\/6676214342527963067.jpg\" data-link=\"https:\/\/www.montceautriathlon.com\/blog\/6676214342527963067\/\" class=\"wp-image-5206\" srcset=\"https:\/\/www.montceautriathlon.com\/blog\/wp-content\/uploads\/2022\/09\/6676214342527963067.jpg 555w, https:\/\/www.montceautriathlon.com\/blog\/wp-content\/uploads\/2022\/09\/6676214342527963067-300x225.jpg 300w\" sizes=\"(max-width: 555px) 100vw, 555px\" \/><\/a><\/figure><\/li><li class=\"blocks-gallery-item\"><figure><a href=\"https:\/\/www.montceautriathlon.com\/blog\/wp-content\/uploads\/2022\/09\/3651637294601923894.jpg\"><img data-attachment-id=\"5205\" data-permalink=\"https:\/\/www.montceautriathlon.com\/blog\/3651637294601923894\/\" data-orig-file=\"https:\/\/www.montceautriathlon.com\/blog\/wp-content\/uploads\/2022\/09\/3651637294601923894.jpg\" data-orig-size=\"555,416\" data-comments-opened=\"1\" data-image-meta=\"{&quot;aperture&quot;:&quot;0&quot;,&quot;credit&quot;:&quot;&quot;,&quot;camera&quot;:&quot;&quot;,&quot;caption&quot;:&quot;&quot;,&quot;created_timestamp&quot;:&quot;0&quot;,&quot;copyright&quot;:&quot;&quot;,&quot;focal_length&quot;:&quot;0&quot;,&quot;iso&quot;:&quot;0&quot;,&quot;shutter_speed&quot;:&quot;0&quot;,&quot;title&quot;:&quot;&quot;,&quot;orientation&quot;:&quot;0&quot;}\" data-image-title=\"-3651637294601923894\" data-image-description=\"\" data-image-caption=\"\" data-medium-file=\"https:\/\/www.montceautriathlon.com\/blog\/wp-content\/uploads\/2022\/09\/3651637294601923894-300x225.jpg\" data-large-file=\"https:\/\/www.montceautriathlon.com\/blog\/wp-content\/uploads\/2022\/09\/3651637294601923894.jpg\" loading=\"lazy\" width=\"555\" height=\"416\" src=\"https:\/\/www.montceautriathlon.com\/blog\/wp-content\/uploads\/2022\/09\/3651637294601923894.jpg\" alt=\"\" data-id=\"5205\" data-full-url=\"https:\/\/www.montceautriathlon.com\/blog\/wp-content\/uploads\/2022\/09\/3651637294601923894.jpg\" data-link=\"https:\/\/www.montceautriathlon.com\/blog\/3651637294601923894\/\" class=\"wp-image-5205\" srcset=\"https:\/\/www.montceautriathlon.com\/blog\/wp-content\/uploads\/2022\/09\/3651637294601923894.jpg 555w, https:\/\/www.montceautriathlon.com\/blog\/wp-content\/uploads\/2022\/09\/3651637294601923894-300x225.jpg 300w\" sizes=\"(max-width: 555px) 100vw, 555px\" \/><\/a><\/figure><\/li><\/ul><\/figure>\n","protected":false},"excerpt":{"rendered":"<p>Sous un beau soleil, les triathl\u00e8tes montcelliens ont particip\u00e9 ce dimanche au triathlon de Chalons sur Sa\u00f4ne.L&rsquo;\u00e9cole \u00e9tait bien repr\u00e9sent\u00e9e sur les diff\u00e9rentes courses. Plusieurs \u00e9quipes d&rsquo;adultes ont d\u00e9fendu les couleurs du club sur le S. En 6\/9 ans: Berteline Marionnet 3e poussine Oscar Bernigaud\u00a0 4e mini poussin Gabrielle Turpin\u00a0 10e poussine Rachel Dugne 13e [&hellip;]<\/p>\n","protected":false},"author":5,"featured_media":5206,"comment_status":"open","ping_status":"open","sticky":false,"template":"","format":"standard","meta":{"spay_email":"","jetpack_publicize_message":"","jetpack_is_tweetstorm":false},"categories":[1],"tags":[],"jetpack_featured_media_url":"https:\/\/www.montceautriathlon.com\/blog\/wp-content\/uploads\/2022\/09\/6676214342527963067.jpg","jetpack_publicize_connections":[],"jetpack_sharing_enabled":true,"jetpack_shortlink":"https:\/\/wp.me\/p8bwIy-1mb","jetpack-related-posts":[{"id":2300,"url":"https:\/\/www.montceautriathlon.com\/blog\/2018\/10\/02\/cross-duathlon-de-chenove-30-09-18\/","url_meta":{"origin":5219,"position":0},"title":"CROSS DUATHLON de Chen\u00f4ve 30\/09\/18","date":"2 octobre 2018","format":false,"excerpt":"Deux beaux podiums pour l'\u00e9cole de triathlon. El\u00e9a B\u00e9rardan 1\u00e8re poussine et Marius Grivault, 2\u00e8me benjamin, tous les deux tr\u00e8s en forme en cette fin de saison ! Belle 4\u00e8me place aussi pour Antoine Ballet en benjamin. Seul triathl\u00e8te du club \u00e0 se pr\u00e9senter\u00a0 sur le S, Olivier Grivault\u00a0 termine\u2026","rel":"","context":"Dans &quot;Non class\u00e9&quot;","img":{"alt_text":"","src":"https:\/\/i2.wp.com\/montceautriathlon.com\/blog\/wp-content\/uploads\/2018\/10\/IMG_7781-225x300.jpg?resize=350%2C200","width":350,"height":200},"classes":[]},{"id":8325,"url":"https:\/\/www.montceautriathlon.com\/blog\/2025\/10\/20\/week-end-du-11-12-octobre-la-bourbonienne-octobre-rose-triathlon-de-louhans\/","url_meta":{"origin":5219,"position":1},"title":"Week end du 11\/12 octobre: la Bourbonienne, octobre rose, triathlon de Louhans","date":"20 octobre 2025","format":false,"excerpt":"Th\u00e9o Michon, Eric et Fabienne Vaudelin se sont lanc\u00e9s sur les parcours exigeants en nocturne de la Bourbonienne. Sur le 10km Eric termine 16e en 44min22, Th\u00e9o est 42e en 48min46. Fabienne termine les 5km en 29min, se classe 29e au scratch et 1e M5. En mode rando gourmande, Sandrine,\u2026","rel":"","context":"Dans &quot;Non class\u00e9&quot;","img":{"alt_text":"","src":"https:\/\/i1.wp.com\/www.montceautriathlon.com\/blog\/wp-content\/uploads\/2025\/10\/20251012_122053-scaled.jpg?resize=350%2C200&ssl=1","width":350,"height":200},"classes":[]},{"id":5591,"url":"https:\/\/www.montceautriathlon.com\/blog\/2023\/03\/06\/assemblee-generale-de-la-ligue\/","url_meta":{"origin":5219,"position":2},"title":"Assembl\u00e9e g\u00e9n\u00e9rale de la Ligue","date":"6 mars 2023","format":false,"excerpt":"Samedi 04\/03 a eu lieu l'assembl\u00e9e g\u00e9n\u00e9rale de la ligue Bourgogne Franche Comt\u00e9 de triathlon o\u00f9 Christian, notre pr\u00e9sident s'est rendu. A la fin de l'AG a eu lieu les r\u00e9compenses du challenge r\u00e9gional jeune des \u00e9coles (Montceau Triathlon est 3e \u00e9cole derri\u00e8re M\u00e2con et Dole) et le challenge r\u00e9gional\u2026","rel":"","context":"Dans &quot;Non class\u00e9&quot;","img":{"alt_text":"","src":"https:\/\/i2.wp.com\/www.montceautriathlon.com\/blog\/wp-content\/uploads\/2023\/03\/IMG-20230304-WA0002-1.jpg?resize=350%2C200&ssl=1","width":350,"height":200},"classes":[]},{"id":6251,"url":"https:\/\/www.montceautriathlon.com\/blog\/2023\/10\/02\/les-triathletes-montcelliens-sur-tous-les-fronts\/","url_meta":{"origin":5219,"position":3},"title":"Les triathl\u00e8tes montcelliens sur tous les fronts.","date":"2 octobre 2023","format":false,"excerpt":"Ce premier dimanche d'octobre, les triathl\u00e8tes ont particip\u00e9 \u00e0 diverses \u00e9preuves. Nous avons pu les retrouver \u00e0 Chen\u00f4ve pour le cross duathlon organis\u00e9 par le club de Chen\u00f4ve triathlon, aux Bizots pour le cyclathlon, \u00e0 Bourg en Bresse pour la cyclosportive La Bisou ou encore dans le Jura pour le\u2026","rel":"","context":"Dans &quot;Non class\u00e9&quot;","img":{"alt_text":"","src":"https:\/\/i0.wp.com\/www.montceautriathlon.com\/blog\/wp-content\/uploads\/2023\/10\/IMG_9010-scaled.jpeg?resize=350%2C200&ssl=1","width":350,"height":200},"classes":[]},{"id":8765,"url":"https:\/\/www.montceautriathlon.com\/blog\/2026\/04\/01\/aquathlon-de-la-verrerie\/","url_meta":{"origin":5219,"position":4},"title":"Aquathlon de la Verrerie","date":"1 avril 2026","format":false,"excerpt":"Ce dimanche 29 mars, nos jeunes ont pris part au 1r aquathlon de la saison au Creusot avec des conditions m\u00e9t\u00e9o tr\u00e8s fraiche. Sur la course XS, Axelle Da Eira termine la course en 18min 05 (4e MIF). Jules Vinck le r\u00e9alise \u00e9galement en 18min 05 (4e BeH). Arrivent ensuite\u2026","rel":"","context":"Dans &quot;Non class\u00e9&quot;","img":{"alt_text":"","src":"https:\/\/i2.wp.com\/www.montceautriathlon.com\/blog\/wp-content\/uploads\/2026\/04\/IMG_0334.jpg?resize=350%2C200&ssl=1","width":350,"height":200},"classes":[]},{"id":6384,"url":"https:\/\/www.montceautriathlon.com\/blog\/2023\/10\/26\/challenge-departemental\/","url_meta":{"origin":5219,"position":5},"title":"Challenge d\u00e9partemental","date":"26 octobre 2023","format":false,"excerpt":"Lors du meeting organis\u00e9 par le comit\u00e9 d\u00e9partemental de triathlon, les titres de champions et championnes de Sa\u00f4ne et Loire ont \u00e9t\u00e9 d\u00e9cern\u00e9s. Plusieurs triathl\u00e8tes montcelliens montent sur le podium. Jules Vendramini termine 2e poussin Berteline Marionnet termine 2e poussine Titouan Rondier est 3e benjamin Chez les juniors Ma\u00eblle Di\u2026","rel":"","context":"Dans &quot;Non class\u00e9&quot;","img":{"alt_text":"","src":"https:\/\/i1.wp.com\/www.montceautriathlon.com\/blog\/wp-content\/uploads\/2023\/10\/7749789778864040237.jpg?resize=350%2C200&ssl=1","width":350,"height":200},"classes":[]}],"_links":{"self":[{"href":"https:\/\/www.montceautriathlon.com\/blog\/wp-json\/wp\/v2\/posts\/5219"}],"collection":[{"href":"https:\/\/www.montceautriathlon.com\/blog\/wp-json\/wp\/v2\/posts"}],"about":[{"href":"https:\/\/www.montceautriathlon.com\/blog\/wp-json\/wp\/v2\/types\/post"}],"author":[{"embeddable":true,"href":"https:\/\/www.montceautriathlon.com\/blog\/wp-json\/wp\/v2\/users\/5"}],"replies":[{"embeddable":true,"href":"https:\/\/www.montceautriathlon.com\/blog\/wp-json\/wp\/v2\/comments?post=5219"}],"version-history":[{"count":1,"href":"https:\/\/www.montceautriathlon.com\/blog\/wp-json\/wp\/v2\/posts\/5219\/revisions"}],"predecessor-version":[{"id":5220,"href":"https:\/\/www.montceautriathlon.com\/blog\/wp-json\/wp\/v2\/posts\/5219\/revisions\/5220"}],"wp:featuredmedia":[{"embeddable":true,"href":"https:\/\/www.montceautriathlon.com\/blog\/wp-json\/wp\/v2\/media\/5206"}],"wp:attachment":[{"href":"https:\/\/www.montceautriathlon.com\/blog\/wp-json\/wp\/v2\/media?parent=5219"}],"wp:term":[{"taxonomy":"category","embeddable":true,"href":"https:\/\/www.montceautriathlon.com\/blog\/wp-json\/wp\/v2\/categories?post=5219"},{"taxonomy":"post_tag","embeddable":true,"href":"https:\/\/www.montceautriathlon.com\/blog\/wp-json\/wp\/v2\/tags?post=5219"}],"curies":[{"name":"wp","href":"https:\/\/api.w.org\/{rel}","templated":true}]}}