{"id":5189,"date":"2022-08-16T13:14:46","date_gmt":"2022-08-16T12:14:46","guid":{"rendered":"https:\/\/www.montceautriathlon.com\/blog\/?p=5189"},"modified":"2022-09-05T08:17:50","modified_gmt":"2022-09-05T07:17:50","slug":"quelques-resultats-estivaux-entre-chaleur-et-cyanobacteries","status":"publish","type":"post","link":"https:\/\/www.montceautriathlon.com\/blog\/2022\/08\/16\/quelques-resultats-estivaux-entre-chaleur-et-cyanobacteries\/","title":{"rendered":"quelques r\u00e9sultats estivaux entre chaleur et cyanobact\u00e9ries !"},"content":{"rendered":"\n<p>Les triathl\u00e8tes de Montceau se sont d\u00e9plac\u00e9s sur les \u00e9preuves de la r\u00e9gion:<\/p>\n\n\n\n<p><em><strong>Triathlon Gray le 23 juillet 2022<\/strong><\/em><br>Berteline \u00e9tait la seule repr\u00e9sentante du club et termine 1e au scratch sur l&rsquo;\u00e9preuve des 6\/9ans.<\/p>\n\n\n\n<p><em><strong>Triathlon de Dole le 31 juillet 2022<\/strong><\/em><br>Sur les 28 participants de la course 6\/9 ans Berteline termine 1e de cette \u00e9preuve<br>Sur le XS, Joshua Vandaele termine 19e au scratch sur 68 participants et se classe 10e minime.<br>Sur le S en contre la montre:<br>Vaury Pierre 37e au scratch et 13e s\u00e9nior 1,Berthier Charline&nbsp; 177e et 5e s\u00e9niore 2, Vaury Isabelle 188e et 3e V4, Boyer Sophie 203e et 1e V3<\/p>\n\n\n\n<p>Sur le S relais, Ir\u00e8ne Vulin et Jean Jacques Boulay se classent 17e \u00e9quipe mixte.<\/p>\n\n\n\n<p><em><strong>Triathlon de Nevers le 14 ao\u00fbt 2022<\/strong><\/em><br>Suite \u00e0 des analyses d&rsquo;eau non conformes et comme le pr\u00e9voit la r\u00e9glementation f\u00e9d\u00e9rale, la partie natation a \u00e9t\u00e9 remplac\u00e9e par de la course \u00e0 pied. Les triathlons se sont donc transform\u00e9s la veille de l&rsquo;\u00e9preuve en duathlon (bravo \u00e0 l&rsquo;\u00e9quipe d&rsquo;organisation qui a d\u00fb faire au dernier moment des modifications).<br>Les jeunes qui ont du courir sous la pluie (tant attendue) mais surtout sur une route tr\u00e8s glissante se positionnent tr\u00e8s bien sur les diff\u00e9rentes courses;<br>Berteline domine toute la course et termine donc 1e en 6\/9 ans sur les 19 participants<br>Axelle termine 7e au scratch et monte sur la 3e marche du podium en pupille.<br>Zo\u00e9 termine 11e en se classe 3e f\u00e9minine.<br>Sophie&nbsp; termine 118e et 2e V2 sur la distance S.<\/p>\n\n\n\n<p>article par Sophie Rousseau<\/p>\n\n\n\n<figure class=\"wp-block-gallery columns-3 is-cropped\"><ul data-carousel-extra='{\"blog_id\":1,\"permalink\":\"https:\\\/\\\/www.montceautriathlon.com\\\/blog\\\/2022\\\/08\\\/16\\\/quelques-resultats-estivaux-entre-chaleur-et-cyanobacteries\\\/\"}' class=\"blocks-gallery-grid\"><li class=\"blocks-gallery-item\"><figure><a href=\"https:\/\/www.montceautriathlon.com\/blog\/wp-content\/uploads\/2022\/09\/IMG-20220731-WA0000.jpg\"><img data-attachment-id=\"5201\" data-permalink=\"https:\/\/www.montceautriathlon.com\/blog\/img-20220731-wa0000\/\" data-orig-file=\"https:\/\/www.montceautriathlon.com\/blog\/wp-content\/uploads\/2022\/09\/IMG-20220731-WA0000.jpg\" data-orig-size=\"1024,768\" data-comments-opened=\"1\" data-image-meta=\"{&quot;aperture&quot;:&quot;0&quot;,&quot;credit&quot;:&quot;&quot;,&quot;camera&quot;:&quot;&quot;,&quot;caption&quot;:&quot;&quot;,&quot;created_timestamp&quot;:&quot;0&quot;,&quot;copyright&quot;:&quot;&quot;,&quot;focal_length&quot;:&quot;0&quot;,&quot;iso&quot;:&quot;0&quot;,&quot;shutter_speed&quot;:&quot;0&quot;,&quot;title&quot;:&quot;&quot;,&quot;orientation&quot;:&quot;0&quot;}\" data-image-title=\"IMG-20220731-WA0000\" data-image-description=\"\" data-image-caption=\"\" data-medium-file=\"https:\/\/www.montceautriathlon.com\/blog\/wp-content\/uploads\/2022\/09\/IMG-20220731-WA0000-300x225.jpg\" data-large-file=\"https:\/\/www.montceautriathlon.com\/blog\/wp-content\/uploads\/2022\/09\/IMG-20220731-WA0000.jpg\" loading=\"lazy\" width=\"1024\" height=\"768\" src=\"https:\/\/www.montceautriathlon.com\/blog\/wp-content\/uploads\/2022\/09\/IMG-20220731-WA0000.jpg\" alt=\"\" data-id=\"5201\" data-full-url=\"https:\/\/www.montceautriathlon.com\/blog\/wp-content\/uploads\/2022\/09\/IMG-20220731-WA0000.jpg\" data-link=\"https:\/\/www.montceautriathlon.com\/blog\/img-20220731-wa0000\/\" class=\"wp-image-5201\" srcset=\"https:\/\/www.montceautriathlon.com\/blog\/wp-content\/uploads\/2022\/09\/IMG-20220731-WA0000.jpg 1024w, https:\/\/www.montceautriathlon.com\/blog\/wp-content\/uploads\/2022\/09\/IMG-20220731-WA0000-300x225.jpg 300w, https:\/\/www.montceautriathlon.com\/blog\/wp-content\/uploads\/2022\/09\/IMG-20220731-WA0000-768x576.jpg 768w\" sizes=\"(max-width: 1024px) 100vw, 1024px\" \/><\/a><\/figure><\/li><li class=\"blocks-gallery-item\"><figure><a href=\"https:\/\/www.montceautriathlon.com\/blog\/wp-content\/uploads\/2022\/09\/IMG-4925-scaled.jpg\"><img data-attachment-id=\"5200\" data-permalink=\"https:\/\/www.montceautriathlon.com\/blog\/img-4925\/\" data-orig-file=\"https:\/\/www.montceautriathlon.com\/blog\/wp-content\/uploads\/2022\/09\/IMG-4925-scaled.jpg\" data-orig-size=\"1920,2560\" data-comments-opened=\"1\" data-image-meta=\"{&quot;aperture&quot;:&quot;1.8&quot;,&quot;credit&quot;:&quot;&quot;,&quot;camera&quot;:&quot;iPhone 11&quot;,&quot;caption&quot;:&quot;&quot;,&quot;created_timestamp&quot;:&quot;1660475332&quot;,&quot;copyright&quot;:&quot;&quot;,&quot;focal_length&quot;:&quot;4.25&quot;,&quot;iso&quot;:&quot;32&quot;,&quot;shutter_speed&quot;:&quot;0.00063091482649842&quot;,&quot;title&quot;:&quot;&quot;,&quot;orientation&quot;:&quot;1&quot;}\" data-image-title=\"IMG-4925\" data-image-description=\"\" data-image-caption=\"\" data-medium-file=\"https:\/\/www.montceautriathlon.com\/blog\/wp-content\/uploads\/2022\/09\/IMG-4925-225x300.jpg\" data-large-file=\"https:\/\/www.montceautriathlon.com\/blog\/wp-content\/uploads\/2022\/09\/IMG-4925-768x1024.jpg\" loading=\"lazy\" width=\"768\" height=\"1024\" src=\"https:\/\/www.montceautriathlon.com\/blog\/wp-content\/uploads\/2022\/09\/IMG-4925-768x1024.jpg\" alt=\"\" data-id=\"5200\" data-full-url=\"https:\/\/www.montceautriathlon.com\/blog\/wp-content\/uploads\/2022\/09\/IMG-4925-scaled.jpg\" data-link=\"https:\/\/www.montceautriathlon.com\/blog\/img-4925\/\" class=\"wp-image-5200\" srcset=\"https:\/\/www.montceautriathlon.com\/blog\/wp-content\/uploads\/2022\/09\/IMG-4925-768x1024.jpg 768w, https:\/\/www.montceautriathlon.com\/blog\/wp-content\/uploads\/2022\/09\/IMG-4925-225x300.jpg 225w, https:\/\/www.montceautriathlon.com\/blog\/wp-content\/uploads\/2022\/09\/IMG-4925-1152x1536.jpg 1152w, https:\/\/www.montceautriathlon.com\/blog\/wp-content\/uploads\/2022\/09\/IMG-4925-1536x2048.jpg 1536w, https:\/\/www.montceautriathlon.com\/blog\/wp-content\/uploads\/2022\/09\/IMG-4925-scaled.jpg 1920w\" sizes=\"(max-width: 768px) 100vw, 768px\" \/><\/a><\/figure><\/li><li class=\"blocks-gallery-item\"><figure><a href=\"https:\/\/www.montceautriathlon.com\/blog\/wp-content\/uploads\/2022\/09\/IMG-4908-scaled.jpg\"><img data-attachment-id=\"5199\" data-permalink=\"https:\/\/www.montceautriathlon.com\/blog\/img-4908\/\" data-orig-file=\"https:\/\/www.montceautriathlon.com\/blog\/wp-content\/uploads\/2022\/09\/IMG-4908-scaled.jpg\" data-orig-size=\"1920,2560\" data-comments-opened=\"1\" data-image-meta=\"{&quot;aperture&quot;:&quot;1.8&quot;,&quot;credit&quot;:&quot;&quot;,&quot;camera&quot;:&quot;iPhone 11&quot;,&quot;caption&quot;:&quot;&quot;,&quot;created_timestamp&quot;:&quot;1660471456&quot;,&quot;copyright&quot;:&quot;&quot;,&quot;focal_length&quot;:&quot;4.25&quot;,&quot;iso&quot;:&quot;32&quot;,&quot;shutter_speed&quot;:&quot;0.0032467532467532&quot;,&quot;title&quot;:&quot;&quot;,&quot;orientation&quot;:&quot;1&quot;}\" data-image-title=\"IMG-4908\" data-image-description=\"\" data-image-caption=\"\" data-medium-file=\"https:\/\/www.montceautriathlon.com\/blog\/wp-content\/uploads\/2022\/09\/IMG-4908-225x300.jpg\" data-large-file=\"https:\/\/www.montceautriathlon.com\/blog\/wp-content\/uploads\/2022\/09\/IMG-4908-768x1024.jpg\" loading=\"lazy\" width=\"768\" height=\"1024\" src=\"https:\/\/www.montceautriathlon.com\/blog\/wp-content\/uploads\/2022\/09\/IMG-4908-768x1024.jpg\" alt=\"\" data-id=\"5199\" data-full-url=\"https:\/\/www.montceautriathlon.com\/blog\/wp-content\/uploads\/2022\/09\/IMG-4908-scaled.jpg\" data-link=\"https:\/\/www.montceautriathlon.com\/blog\/img-4908\/\" class=\"wp-image-5199\" srcset=\"https:\/\/www.montceautriathlon.com\/blog\/wp-content\/uploads\/2022\/09\/IMG-4908-768x1024.jpg 768w, https:\/\/www.montceautriathlon.com\/blog\/wp-content\/uploads\/2022\/09\/IMG-4908-225x300.jpg 225w, https:\/\/www.montceautriathlon.com\/blog\/wp-content\/uploads\/2022\/09\/IMG-4908-1152x1536.jpg 1152w, https:\/\/www.montceautriathlon.com\/blog\/wp-content\/uploads\/2022\/09\/IMG-4908-1536x2048.jpg 1536w, https:\/\/www.montceautriathlon.com\/blog\/wp-content\/uploads\/2022\/09\/IMG-4908-scaled.jpg 1920w\" sizes=\"(max-width: 768px) 100vw, 768px\" \/><\/a><\/figure><\/li><li class=\"blocks-gallery-item\"><figure><a href=\"https:\/\/www.montceautriathlon.com\/blog\/wp-content\/uploads\/2022\/09\/IMG_20220814_115057-scaled.jpg\"><img data-attachment-id=\"5198\" data-permalink=\"https:\/\/www.montceautriathlon.com\/blog\/img_20220814_115057\/\" data-orig-file=\"https:\/\/www.montceautriathlon.com\/blog\/wp-content\/uploads\/2022\/09\/IMG_20220814_115057-scaled.jpg\" data-orig-size=\"2560,1920\" data-comments-opened=\"1\" data-image-meta=\"{&quot;aperture&quot;:&quot;2.2&quot;,&quot;credit&quot;:&quot;&quot;,&quot;camera&quot;:&quot;ATU-L21&quot;,&quot;caption&quot;:&quot;&quot;,&quot;created_timestamp&quot;:&quot;1660477859&quot;,&quot;copyright&quot;:&quot;&quot;,&quot;focal_length&quot;:&quot;3.46&quot;,&quot;iso&quot;:&quot;102&quot;,&quot;shutter_speed&quot;:&quot;0.000408107&quot;,&quot;title&quot;:&quot;&quot;,&quot;orientation&quot;:&quot;0&quot;}\" data-image-title=\"IMG_20220814_115057\" data-image-description=\"\" data-image-caption=\"\" data-medium-file=\"https:\/\/www.montceautriathlon.com\/blog\/wp-content\/uploads\/2022\/09\/IMG_20220814_115057-300x225.jpg\" data-large-file=\"https:\/\/www.montceautriathlon.com\/blog\/wp-content\/uploads\/2022\/09\/IMG_20220814_115057-1024x768.jpg\" loading=\"lazy\" width=\"1024\" height=\"768\" src=\"https:\/\/www.montceautriathlon.com\/blog\/wp-content\/uploads\/2022\/09\/IMG_20220814_115057-1024x768.jpg\" alt=\"\" data-id=\"5198\" data-full-url=\"https:\/\/www.montceautriathlon.com\/blog\/wp-content\/uploads\/2022\/09\/IMG_20220814_115057-scaled.jpg\" data-link=\"https:\/\/www.montceautriathlon.com\/blog\/img_20220814_115057\/\" class=\"wp-image-5198\" srcset=\"https:\/\/www.montceautriathlon.com\/blog\/wp-content\/uploads\/2022\/09\/IMG_20220814_115057-1024x768.jpg 1024w, https:\/\/www.montceautriathlon.com\/blog\/wp-content\/uploads\/2022\/09\/IMG_20220814_115057-300x225.jpg 300w, https:\/\/www.montceautriathlon.com\/blog\/wp-content\/uploads\/2022\/09\/IMG_20220814_115057-768x576.jpg 768w, https:\/\/www.montceautriathlon.com\/blog\/wp-content\/uploads\/2022\/09\/IMG_20220814_115057-1536x1152.jpg 1536w, https:\/\/www.montceautriathlon.com\/blog\/wp-content\/uploads\/2022\/09\/IMG_20220814_115057-2048x1536.jpg 2048w\" sizes=\"(max-width: 1024px) 100vw, 1024px\" \/><\/a><\/figure><\/li><li class=\"blocks-gallery-item\"><figure><a href=\"https:\/\/www.montceautriathlon.com\/blog\/wp-content\/uploads\/2022\/09\/20220814_115846-scaled.jpg\"><img data-attachment-id=\"5197\" data-permalink=\"https:\/\/www.montceautriathlon.com\/blog\/20220814_115846\/\" data-orig-file=\"https:\/\/www.montceautriathlon.com\/blog\/wp-content\/uploads\/2022\/09\/20220814_115846-scaled.jpg\" data-orig-size=\"2560,2560\" data-comments-opened=\"1\" data-image-meta=\"{&quot;aperture&quot;:&quot;0&quot;,&quot;credit&quot;:&quot;&quot;,&quot;camera&quot;:&quot;&quot;,&quot;caption&quot;:&quot;&quot;,&quot;created_timestamp&quot;:&quot;0&quot;,&quot;copyright&quot;:&quot;&quot;,&quot;focal_length&quot;:&quot;0&quot;,&quot;iso&quot;:&quot;0&quot;,&quot;shutter_speed&quot;:&quot;0&quot;,&quot;title&quot;:&quot;&quot;,&quot;orientation&quot;:&quot;1&quot;}\" data-image-title=\"20220814_115846\" data-image-description=\"\" data-image-caption=\"\" data-medium-file=\"https:\/\/www.montceautriathlon.com\/blog\/wp-content\/uploads\/2022\/09\/20220814_115846-300x300.jpg\" data-large-file=\"https:\/\/www.montceautriathlon.com\/blog\/wp-content\/uploads\/2022\/09\/20220814_115846-1024x1024.jpg\" loading=\"lazy\" width=\"1024\" height=\"1024\" src=\"https:\/\/www.montceautriathlon.com\/blog\/wp-content\/uploads\/2022\/09\/20220814_115846-1024x1024.jpg\" alt=\"\" data-id=\"5197\" data-full-url=\"https:\/\/www.montceautriathlon.com\/blog\/wp-content\/uploads\/2022\/09\/20220814_115846-scaled.jpg\" data-link=\"https:\/\/www.montceautriathlon.com\/blog\/20220814_115846\/\" class=\"wp-image-5197\" srcset=\"https:\/\/www.montceautriathlon.com\/blog\/wp-content\/uploads\/2022\/09\/20220814_115846-1024x1024.jpg 1024w, https:\/\/www.montceautriathlon.com\/blog\/wp-content\/uploads\/2022\/09\/20220814_115846-300x300.jpg 300w, https:\/\/www.montceautriathlon.com\/blog\/wp-content\/uploads\/2022\/09\/20220814_115846-150x150.jpg 150w, https:\/\/www.montceautriathlon.com\/blog\/wp-content\/uploads\/2022\/09\/20220814_115846-768x768.jpg 768w, https:\/\/www.montceautriathlon.com\/blog\/wp-content\/uploads\/2022\/09\/20220814_115846-1536x1536.jpg 1536w, https:\/\/www.montceautriathlon.com\/blog\/wp-content\/uploads\/2022\/09\/20220814_115846-2048x2048.jpg 2048w\" sizes=\"(max-width: 1024px) 100vw, 1024px\" \/><\/a><\/figure><\/li><li class=\"blocks-gallery-item\"><figure><a href=\"https:\/\/www.montceautriathlon.com\/blog\/wp-content\/uploads\/2022\/09\/20220814_115544-scaled.jpg\"><img data-attachment-id=\"5196\" data-permalink=\"https:\/\/www.montceautriathlon.com\/blog\/20220814_115544\/\" data-orig-file=\"https:\/\/www.montceautriathlon.com\/blog\/wp-content\/uploads\/2022\/09\/20220814_115544-scaled.jpg\" data-orig-size=\"2560,2560\" data-comments-opened=\"1\" data-image-meta=\"{&quot;aperture&quot;:&quot;0&quot;,&quot;credit&quot;:&quot;&quot;,&quot;camera&quot;:&quot;&quot;,&quot;caption&quot;:&quot;&quot;,&quot;created_timestamp&quot;:&quot;0&quot;,&quot;copyright&quot;:&quot;&quot;,&quot;focal_length&quot;:&quot;0&quot;,&quot;iso&quot;:&quot;0&quot;,&quot;shutter_speed&quot;:&quot;0&quot;,&quot;title&quot;:&quot;&quot;,&quot;orientation&quot;:&quot;1&quot;}\" data-image-title=\"20220814_115544\" data-image-description=\"\" data-image-caption=\"\" data-medium-file=\"https:\/\/www.montceautriathlon.com\/blog\/wp-content\/uploads\/2022\/09\/20220814_115544-300x300.jpg\" data-large-file=\"https:\/\/www.montceautriathlon.com\/blog\/wp-content\/uploads\/2022\/09\/20220814_115544-1024x1024.jpg\" loading=\"lazy\" width=\"1024\" height=\"1024\" src=\"https:\/\/www.montceautriathlon.com\/blog\/wp-content\/uploads\/2022\/09\/20220814_115544-1024x1024.jpg\" alt=\"\" data-id=\"5196\" data-full-url=\"https:\/\/www.montceautriathlon.com\/blog\/wp-content\/uploads\/2022\/09\/20220814_115544-scaled.jpg\" data-link=\"https:\/\/www.montceautriathlon.com\/blog\/20220814_115544\/\" class=\"wp-image-5196\" srcset=\"https:\/\/www.montceautriathlon.com\/blog\/wp-content\/uploads\/2022\/09\/20220814_115544-1024x1024.jpg 1024w, https:\/\/www.montceautriathlon.com\/blog\/wp-content\/uploads\/2022\/09\/20220814_115544-300x300.jpg 300w, https:\/\/www.montceautriathlon.com\/blog\/wp-content\/uploads\/2022\/09\/20220814_115544-150x150.jpg 150w, https:\/\/www.montceautriathlon.com\/blog\/wp-content\/uploads\/2022\/09\/20220814_115544-768x768.jpg 768w, https:\/\/www.montceautriathlon.com\/blog\/wp-content\/uploads\/2022\/09\/20220814_115544-1536x1536.jpg 1536w, https:\/\/www.montceautriathlon.com\/blog\/wp-content\/uploads\/2022\/09\/20220814_115544-2048x2048.jpg 2048w\" sizes=\"(max-width: 1024px) 100vw, 1024px\" \/><\/a><\/figure><\/li><\/ul><\/figure>\n","protected":false},"excerpt":{"rendered":"<p>Les triathl\u00e8tes de Montceau se sont d\u00e9plac\u00e9s sur les \u00e9preuves de la r\u00e9gion: Triathlon Gray le 23 juillet 2022Berteline \u00e9tait la seule repr\u00e9sentante du club et termine 1e au scratch sur l&rsquo;\u00e9preuve des 6\/9ans. Triathlon de Dole le 31 juillet 2022Sur les 28 participants de la course 6\/9 ans Berteline termine 1e de cette \u00e9preuveSur [&hellip;]<\/p>\n","protected":false},"author":5,"featured_media":5198,"comment_status":"open","ping_status":"open","sticky":false,"template":"","format":"standard","meta":{"spay_email":"","jetpack_publicize_message":"","jetpack_is_tweetstorm":false},"categories":[1],"tags":[],"jetpack_featured_media_url":"https:\/\/www.montceautriathlon.com\/blog\/wp-content\/uploads\/2022\/09\/IMG_20220814_115057-scaled.jpg","jetpack_publicize_connections":[],"jetpack_sharing_enabled":true,"jetpack_shortlink":"https:\/\/wp.me\/p8bwIy-1lH","jetpack-related-posts":[{"id":7803,"url":"https:\/\/www.montceautriathlon.com\/blog\/2025\/06\/15\/week-end-de-la-pentecote-plusieurs-triathletes-plusieurs-epreuves\/","url_meta":{"origin":5189,"position":0},"title":"Week end de la Pentec\u00f4te: plusieurs  triathl\u00e8tes, plusieurs \u00e9preuves","date":"15 juin 2025","format":false,"excerpt":"Lors de ce long week-end de la Pentec\u00f4te, les triathl\u00e8tes montcelliens se sont d\u00e9plac\u00e9s sur diff\u00e9rentes \u00e9preuves: le triathlon de Chalain dans le Jura, le triathlon de l'\u00e9tang de Baye dans la Ni\u00e8vre, et certains sont partis dans le Forez pour le semi marathon de la bi\u00e8re, ou d'autres sont\u2026","rel":"","context":"Dans &quot;Non class\u00e9&quot;","img":{"alt_text":"","src":"https:\/\/i1.wp.com\/www.montceautriathlon.com\/blog\/wp-content\/uploads\/2025\/06\/IMG_2915-1-scaled.jpg?resize=350%2C200&ssl=1","width":350,"height":200},"classes":[]},{"id":8148,"url":"https:\/\/www.montceautriathlon.com\/blog\/2025\/09\/14\/triathlon-dauxonne-14-septembre\/","url_meta":{"origin":5189,"position":1},"title":"Triathlon d&rsquo;Auxonne: 14 septembre","date":"14 septembre 2025","format":false,"excerpt":"Ce dimanche le Triathlon Club Auxonnais organisait son triathlon , Quelques montcelliens \u00e9taient pr\u00e9sents en Cote d'Or. Sur le S, Alice Vaury termine en 1h22\u201929, 5e s\u00e9niore et 11e f\u00e9minine . Sarah Emorine , franchit la ligne peut de temps derri\u00e8re sa copine de club en 1h24\u201919, 7e s\u00e9niore et\u2026","rel":"","context":"Dans &quot;Non class\u00e9&quot;","img":{"alt_text":"","src":"https:\/\/i2.wp.com\/www.montceautriathlon.com\/blog\/wp-content\/uploads\/2025\/09\/IMG-20250914-WA0008.jpg?resize=350%2C200&ssl=1","width":350,"height":200},"classes":[]},{"id":6093,"url":"https:\/\/www.montceautriathlon.com\/blog\/2023\/08\/14\/retour-sur-le-triathlon-de-dole-et-le-triathlon-de-nevers\/","url_meta":{"origin":5189,"position":2},"title":"Retour sur le triathlon de Dole et le triathlon de Nevers","date":"14 ao\u00fbt 2023","format":false,"excerpt":"Le triathlon de Dole a eu lieu le dimanche 23 juillet. Quelques licenci\u00e9s ont fait le d\u00e9placement. Course 10\/23 ans: Berteline termine 10e au scratch (2e pupille) Course XS: Sophie Marionnet : 67e au scratch et 2e V2 Sur le S Cyrille B\u00e9rardan termine 80e en 1h14 (10e V1), Charline\u2026","rel":"","context":"Dans &quot;Non class\u00e9&quot;","img":{"alt_text":"","src":"https:\/\/i2.wp.com\/www.montceautriathlon.com\/blog\/wp-content\/uploads\/2023\/08\/IMG-20230813-WA0000.jpg?resize=350%2C200&ssl=1","width":350,"height":200},"classes":[]},{"id":6072,"url":"https:\/\/www.montceautriathlon.com\/blog\/2023\/07\/12\/2-juillettriathlon-de-macon-montceau-na-pas-suspendu-son-vol-au-lac-de-st-point\/","url_meta":{"origin":5189,"position":3},"title":"2 juillet,triathlon de M\u00e2con : Montceau n&rsquo;a pas suspendu son vol au lac de St Point !","date":"12 juillet 2023","format":false,"excerpt":"Le dimanche 2 juillet, une importante d\u00e9l\u00e9gation de Montceau triathlon s'est d\u00e9plac\u00e9e au lac de Saint Point en Sa\u00f4ne et Loire pour le\u00a0 Triathlon organis\u00e9 par le club de M\u00e2con.Bravo \u00e0 Delphine et Jean Luc qui se sont lanc\u00e9s pour la 1\u00e8re fois sur un M. Le club remporte le\u2026","rel":"","context":"Dans &quot;Non class\u00e9&quot;","img":{"alt_text":"","src":"https:\/\/i2.wp.com\/www.montceautriathlon.com\/blog\/wp-content\/uploads\/2023\/07\/IMG-20230702-WA0005.jpg?resize=350%2C200&ssl=1","width":350,"height":200},"classes":[]},{"id":8033,"url":"https:\/\/www.montceautriathlon.com\/blog\/2025\/08\/16\/triathlon-de-nevers-10-aout-2025\/","url_meta":{"origin":5189,"position":4},"title":"Triathlon de Nevers: 10 ao\u00fbt 2025","date":"16 ao\u00fbt 2025","format":false,"excerpt":"C est sous des temp\u00e9ratures caniculaires que 2 familles de Montceau Triathlon se sont retrouv\u00e9es \u00e0 Nevers pour leur triathlon. Aur\u00e9lie Agius en compagnie de Nicolas Vinck et d'un copain (non licenci\u00e9s) ont pris le d\u00e9part de la distance M sur de nouveaux parcours en raison de travaux. Ils terminent\u2026","rel":"","context":"Dans &quot;Non class\u00e9&quot;","img":{"alt_text":"","src":"https:\/\/i1.wp.com\/www.montceautriathlon.com\/blog\/wp-content\/uploads\/2025\/08\/IMG-20250811-WA0092.jpg?resize=350%2C200&ssl=1","width":350,"height":200},"classes":[]},{"id":7935,"url":"https:\/\/www.montceautriathlon.com\/blog\/2025\/07\/11\/22-juin-triathlon-dautun\/","url_meta":{"origin":5189,"position":5},"title":"22 juin: Triathlon d&rsquo;Autun","date":"11 juillet 2025","format":false,"excerpt":"Une d\u00e9l\u00e9gation montcellienne s'est d\u00e9plac\u00e9e chez nos voisins d'Autun pour leur triathlon. C'est avec un soleil tr\u00e8s pr\u00e9sent et de grosses chaleurs que les triathl\u00e8tes ont montr\u00e9 les couleurs de Montceau triathlon. Voici les r\u00e9sultats des diff\u00e9rentes courses: Sur la course XS, Titouan Rondier termine \u00e0 la 11e place au\u2026","rel":"","context":"Dans &quot;Non class\u00e9&quot;","img":{"alt_text":"","src":"https:\/\/i1.wp.com\/www.montceautriathlon.com\/blog\/wp-content\/uploads\/2025\/07\/IMG_3418-scaled.jpg?resize=350%2C200&ssl=1","width":350,"height":200},"classes":[]}],"_links":{"self":[{"href":"https:\/\/www.montceautriathlon.com\/blog\/wp-json\/wp\/v2\/posts\/5189"}],"collection":[{"href":"https:\/\/www.montceautriathlon.com\/blog\/wp-json\/wp\/v2\/posts"}],"about":[{"href":"https:\/\/www.montceautriathlon.com\/blog\/wp-json\/wp\/v2\/types\/post"}],"author":[{"embeddable":true,"href":"https:\/\/www.montceautriathlon.com\/blog\/wp-json\/wp\/v2\/users\/5"}],"replies":[{"embeddable":true,"href":"https:\/\/www.montceautriathlon.com\/blog\/wp-json\/wp\/v2\/comments?post=5189"}],"version-history":[{"count":2,"href":"https:\/\/www.montceautriathlon.com\/blog\/wp-json\/wp\/v2\/posts\/5189\/revisions"}],"predecessor-version":[{"id":5202,"href":"https:\/\/www.montceautriathlon.com\/blog\/wp-json\/wp\/v2\/posts\/5189\/revisions\/5202"}],"wp:featuredmedia":[{"embeddable":true,"href":"https:\/\/www.montceautriathlon.com\/blog\/wp-json\/wp\/v2\/media\/5198"}],"wp:attachment":[{"href":"https:\/\/www.montceautriathlon.com\/blog\/wp-json\/wp\/v2\/media?parent=5189"}],"wp:term":[{"taxonomy":"category","embeddable":true,"href":"https:\/\/www.montceautriathlon.com\/blog\/wp-json\/wp\/v2\/categories?post=5189"},{"taxonomy":"post_tag","embeddable":true,"href":"https:\/\/www.montceautriathlon.com\/blog\/wp-json\/wp\/v2\/tags?post=5189"}],"curies":[{"name":"wp","href":"https:\/\/api.w.org\/{rel}","templated":true}]}}