{"id":5048,"date":"2022-05-19T13:05:41","date_gmt":"2022-05-19T12:05:41","guid":{"rendered":"https:\/\/www.montceautriathlon.com\/blog\/?p=5048"},"modified":"2022-05-19T13:05:46","modified_gmt":"2022-05-19T12:05:46","slug":"aquathlon-de-montceau-pour-toi-patrick","status":"publish","type":"post","link":"https:\/\/www.montceautriathlon.com\/blog\/2022\/05\/19\/aquathlon-de-montceau-pour-toi-patrick\/","title":{"rendered":"Aquathlon de Montceau  : Pour toi Patrick."},"content":{"rendered":"\n<p> <strong>Toi qui as organis\u00e9 tant d&rsquo;aquathlons les premi\u00e8res ann\u00e9es  du club, pris tant de responsabilit\u00e9s dans les organisations pr\u00e9c\u00e9dentes, toujours fid\u00e8le, toujours pr\u00e9sent, disponible et jovial et encore dimanche&#8230; Tu nous as brutalement quitt\u00e9 mardi soir victime d&rsquo;un foudroyant arr\u00eat cardiaque. L&rsquo;aquathlon, le club te doivent tant. C&rsquo;est gr\u00e2ce \u00e0 de belles personnes comme toi que le club est devenu ce qu&rsquo;il est et que ses organisations comme celle de dimanche sont de belles r\u00e9ussites. Tu nous manques d\u00e9j\u00e0.<\/strong><\/p>\n\n\n\n<p><\/p>\n\n\n\n<p><strong>Aquathlon de ce dimanche  15 mai 2022:<\/strong><\/p>\n\n\n\n<p>Je vous laisse regarder les belles photos de Christelle :<a rel=\"noreferrer noopener\" href=\"https:\/\/photos.google.com\/share\/AF1QipMNPoV-YYHoWivvL2TkekywJyu_Lg4Mh-MBg6UgYJGQmGxStcKOFeaYPMeo56qgZg?pli=1&amp;key=d2NfZW50OU5LRHZWeW94cnZicDRROUVQdGVGU0pn\" target=\"_blank\">https:\/\/photos.google.com\/share\/AF1QipMNPoV-YYHoWivvL2TkekywJyu_Lg4Mh-MBg6UgYJGQmGxStcKOFeaYPMeo56qgZg?pli=1&amp;key=d2NfZW50OU5LRHZWeW94cnZicDRROUVQdGVGU0pn<\/a><\/p>\n\n\n\n<p>lire les articles de l&rsquo;Informateur :<a href=\"https:\/\/linformateurdebourgogne.com\/montceau-la-fete-de-laquathlon-au-plessis-avec-montceau-triathlon\/\" target=\"_blank\" rel=\"noreferrer noopener\">https:\/\/linformateurdebourgogne.com\/montceau-la-fete-de-laquathlon-au-plessis-avec-montceau-triathlon\/<\/a><\/p>\n\n\n\n<p>et de Montceau News(podiums): <a rel=\"noreferrer noopener\" href=\"https:\/\/montceau-news.com\/montceau_et_sa_region\/690799-montceau-les-mines-montceau-triathlon-20.html\" target=\"_blank\">https:\/\/montceau-news.com\/montceau_et_sa_region\/690799-montceau-les-mines-montceau-triathlon-20.html<\/a><\/p>\n\n\n\n<p>(course) : <a rel=\"noreferrer noopener\" href=\"https:\/\/montceau-news.com\/montceau_et_sa_region\/690648-montceau-les-mines-montceau-triathlon-19.html\" target=\"_blank\">https:\/\/montceau-news.com\/montceau_et_sa_region\/690648-montceau-les-mines-montceau-triathlon-19.html<\/a><\/p>\n\n\n\n<p>tous les r\u00e9sultats ici : <a rel=\"noreferrer noopener\" href=\"http:\/\/www.yaka-events.com\/yaka-chrono\/resultats\" target=\"_blank\">http:\/\/www.yaka-events.com\/yaka-chrono\/resultats<\/a><\/p>\n\n\n\n<figure class=\"wp-block-gallery columns-3 is-cropped\"><ul data-carousel-extra='{\"blog_id\":1,\"permalink\":\"https:\\\/\\\/www.montceautriathlon.com\\\/blog\\\/2022\\\/05\\\/19\\\/aquathlon-de-montceau-pour-toi-patrick\\\/\"}' class=\"blocks-gallery-grid\"><li class=\"blocks-gallery-item\"><figure><a href=\"https:\/\/www.montceautriathlon.com\/blog\/wp-content\/uploads\/2022\/05\/P3.jpg\"><img data-attachment-id=\"5054\" data-permalink=\"https:\/\/www.montceautriathlon.com\/blog\/2022\/05\/19\/aquathlon-de-montceau-pour-toi-patrick\/p3\/\" data-orig-file=\"https:\/\/www.montceautriathlon.com\/blog\/wp-content\/uploads\/2022\/05\/P3.jpg\" data-orig-size=\"759,505\" data-comments-opened=\"1\" data-image-meta=\"{&quot;aperture&quot;:&quot;0&quot;,&quot;credit&quot;:&quot;&quot;,&quot;camera&quot;:&quot;&quot;,&quot;caption&quot;:&quot;&quot;,&quot;created_timestamp&quot;:&quot;0&quot;,&quot;copyright&quot;:&quot;&quot;,&quot;focal_length&quot;:&quot;0&quot;,&quot;iso&quot;:&quot;0&quot;,&quot;shutter_speed&quot;:&quot;0&quot;,&quot;title&quot;:&quot;&quot;,&quot;orientation&quot;:&quot;1&quot;}\" data-image-title=\"P3\" data-image-description=\"\" data-image-caption=\"\" data-medium-file=\"https:\/\/www.montceautriathlon.com\/blog\/wp-content\/uploads\/2022\/05\/P3-300x200.jpg\" data-large-file=\"https:\/\/www.montceautriathlon.com\/blog\/wp-content\/uploads\/2022\/05\/P3.jpg\" loading=\"lazy\" width=\"759\" height=\"505\" src=\"https:\/\/www.montceautriathlon.com\/blog\/wp-content\/uploads\/2022\/05\/P3.jpg\" alt=\"\" data-id=\"5054\" data-full-url=\"https:\/\/www.montceautriathlon.com\/blog\/wp-content\/uploads\/2022\/05\/P3.jpg\" data-link=\"https:\/\/www.montceautriathlon.com\/blog\/?attachment_id=5054\" class=\"wp-image-5054\" srcset=\"https:\/\/www.montceautriathlon.com\/blog\/wp-content\/uploads\/2022\/05\/P3.jpg 759w, https:\/\/www.montceautriathlon.com\/blog\/wp-content\/uploads\/2022\/05\/P3-300x200.jpg 300w\" sizes=\"(max-width: 759px) 100vw, 759px\" \/><\/a><\/figure><\/li><li class=\"blocks-gallery-item\"><figure><a href=\"https:\/\/www.montceautriathlon.com\/blog\/wp-content\/uploads\/2022\/05\/P2.jpg\"><img data-attachment-id=\"5053\" data-permalink=\"https:\/\/www.montceautriathlon.com\/blog\/2022\/05\/19\/aquathlon-de-montceau-pour-toi-patrick\/p2\/\" data-orig-file=\"https:\/\/www.montceautriathlon.com\/blog\/wp-content\/uploads\/2022\/05\/P2.jpg\" data-orig-size=\"764,511\" data-comments-opened=\"1\" data-image-meta=\"{&quot;aperture&quot;:&quot;0&quot;,&quot;credit&quot;:&quot;&quot;,&quot;camera&quot;:&quot;&quot;,&quot;caption&quot;:&quot;&quot;,&quot;created_timestamp&quot;:&quot;0&quot;,&quot;copyright&quot;:&quot;&quot;,&quot;focal_length&quot;:&quot;0&quot;,&quot;iso&quot;:&quot;0&quot;,&quot;shutter_speed&quot;:&quot;0&quot;,&quot;title&quot;:&quot;&quot;,&quot;orientation&quot;:&quot;1&quot;}\" data-image-title=\"P2\" data-image-description=\"\" data-image-caption=\"\" data-medium-file=\"https:\/\/www.montceautriathlon.com\/blog\/wp-content\/uploads\/2022\/05\/P2-300x201.jpg\" data-large-file=\"https:\/\/www.montceautriathlon.com\/blog\/wp-content\/uploads\/2022\/05\/P2.jpg\" loading=\"lazy\" width=\"764\" height=\"511\" src=\"https:\/\/www.montceautriathlon.com\/blog\/wp-content\/uploads\/2022\/05\/P2.jpg\" alt=\"\" data-id=\"5053\" data-full-url=\"https:\/\/www.montceautriathlon.com\/blog\/wp-content\/uploads\/2022\/05\/P2.jpg\" data-link=\"https:\/\/www.montceautriathlon.com\/blog\/?attachment_id=5053\" class=\"wp-image-5053\" srcset=\"https:\/\/www.montceautriathlon.com\/blog\/wp-content\/uploads\/2022\/05\/P2.jpg 764w, https:\/\/www.montceautriathlon.com\/blog\/wp-content\/uploads\/2022\/05\/P2-300x201.jpg 300w\" sizes=\"(max-width: 764px) 100vw, 764px\" \/><\/a><\/figure><\/li><li class=\"blocks-gallery-item\"><figure><a href=\"https:\/\/www.montceautriathlon.com\/blog\/wp-content\/uploads\/2022\/05\/P1.jpg\"><img data-attachment-id=\"5052\" data-permalink=\"https:\/\/www.montceautriathlon.com\/blog\/2022\/05\/19\/aquathlon-de-montceau-pour-toi-patrick\/p1\/\" data-orig-file=\"https:\/\/www.montceautriathlon.com\/blog\/wp-content\/uploads\/2022\/05\/P1.jpg\" data-orig-size=\"516,998\" data-comments-opened=\"1\" data-image-meta=\"{&quot;aperture&quot;:&quot;0&quot;,&quot;credit&quot;:&quot;&quot;,&quot;camera&quot;:&quot;&quot;,&quot;caption&quot;:&quot;&quot;,&quot;created_timestamp&quot;:&quot;0&quot;,&quot;copyright&quot;:&quot;&quot;,&quot;focal_length&quot;:&quot;0&quot;,&quot;iso&quot;:&quot;0&quot;,&quot;shutter_speed&quot;:&quot;0&quot;,&quot;title&quot;:&quot;&quot;,&quot;orientation&quot;:&quot;1&quot;}\" data-image-title=\"P1\" data-image-description=\"\" data-image-caption=\"\" data-medium-file=\"https:\/\/www.montceautriathlon.com\/blog\/wp-content\/uploads\/2022\/05\/P1-155x300.jpg\" data-large-file=\"https:\/\/www.montceautriathlon.com\/blog\/wp-content\/uploads\/2022\/05\/P1.jpg\" loading=\"lazy\" width=\"516\" height=\"998\" src=\"https:\/\/www.montceautriathlon.com\/blog\/wp-content\/uploads\/2022\/05\/P1.jpg\" alt=\"\" data-id=\"5052\" data-full-url=\"https:\/\/www.montceautriathlon.com\/blog\/wp-content\/uploads\/2022\/05\/P1.jpg\" data-link=\"https:\/\/www.montceautriathlon.com\/blog\/?attachment_id=5052\" class=\"wp-image-5052\" srcset=\"https:\/\/www.montceautriathlon.com\/blog\/wp-content\/uploads\/2022\/05\/P1.jpg 516w, https:\/\/www.montceautriathlon.com\/blog\/wp-content\/uploads\/2022\/05\/P1-155x300.jpg 155w\" sizes=\"(max-width: 516px) 100vw, 516px\" \/><\/a><\/figure><\/li><\/ul><\/figure>\n","protected":false},"excerpt":{"rendered":"<p>Toi qui as organis\u00e9 tant d&rsquo;aquathlons les premi\u00e8res ann\u00e9es du club, pris tant de responsabilit\u00e9s dans les organisations pr\u00e9c\u00e9dentes, toujours fid\u00e8le, toujours pr\u00e9sent, disponible et jovial et encore dimanche&#8230; Tu nous as brutalement quitt\u00e9 mardi soir victime d&rsquo;un foudroyant arr\u00eat cardiaque. L&rsquo;aquathlon, le club te doivent tant. C&rsquo;est gr\u00e2ce \u00e0 de belles personnes comme toi [&hellip;]<\/p>\n","protected":false},"author":5,"featured_media":5054,"comment_status":"open","ping_status":"open","sticky":false,"template":"","format":"standard","meta":{"spay_email":"","jetpack_publicize_message":"","jetpack_is_tweetstorm":false},"categories":[1],"tags":[],"jetpack_featured_media_url":"https:\/\/www.montceautriathlon.com\/blog\/wp-content\/uploads\/2022\/05\/P3.jpg","jetpack_publicize_connections":[],"jetpack_sharing_enabled":true,"jetpack_shortlink":"https:\/\/wp.me\/p8bwIy-1jq","jetpack-related-posts":[{"id":1892,"url":"https:\/\/www.montceautriathlon.com\/blog\/2018\/04\/23\/aquathlon-dachicourt-15-avril-2018\/","url_meta":{"origin":5048,"position":0},"title":"Aquathlon d&rsquo;Achicourt 15 avril 2018","date":"23 avril 2018","format":false,"excerpt":"La famille B\u00e9rardan \u00e9tait dans les Hauts de France en ce 15 avril. El\u00e9a a goutt\u00e9 \u00e0 son premier aquathlon et termine 1\u00e8re \"poussine\" en 9'53\" tandis que son papa sur le format XS\u00a0 finissait 15\u00e8me au scratch et 3\u00e8me SEM en 18'44\". De belles performances et les couleurs du\u2026","rel":"","context":"Dans &quot;Non class\u00e9&quot;","img":{"alt_text":"","src":"","width":0,"height":0},"classes":[]},{"id":5840,"url":"https:\/\/www.montceautriathlon.com\/blog\/2023\/05\/10\/aquathlon-cest-dimanche\/","url_meta":{"origin":5048,"position":1},"title":"AQUATHLON: C&rsquo;est dimanche ! Modifications de derni\u00e8re minute \u00e0 prendre en compte&#8230;","date":"10 mai 2023","format":false,"excerpt":"Attention : Modifications d'horaires pour les courses para-aquathlon et XXS par \u00e9quipe course para-aquathlon : d\u00e9part avanc\u00e9 avec la course open XS du matin de 08h00 \u00e0 09h00: Retrait des dossards09h25: Regroupement Zone d\u2019appel09h30: D\u00e9partde 13h30 \u00e0 14h00: Podium course XXS par \u00e9quipe en relais : d\u00e9part avanc\u00e9 car course\u2026","rel":"","context":"Dans &quot;Non class\u00e9&quot;","img":{"alt_text":"","src":"https:\/\/i2.wp.com\/www.montceautriathlon.com\/blog\/wp-content\/uploads\/2023\/04\/Affiche-Aquathlon-2023.png?resize=350%2C200&ssl=1","width":350,"height":200},"classes":[]},{"id":4143,"url":"https:\/\/www.montceautriathlon.com\/blog\/2021\/06\/03\/fouthiaux-plouf-premiere\/","url_meta":{"origin":5048,"position":2},"title":"Fouthiaux plouf ! Premi\u00e8re !","date":"3 juin 2021","format":false,"excerpt":"Ce dimanche matin, en accord avec le club de Thalassa comme tous les ans, le club pouvait enfin renouer avec la natation en eau libre. Un parfum d'excitation pour cette premi\u00e8re sortie de l'ann\u00e9e alors que les entra\u00eenements \u00e0 la piscine n'ont pas encore repris pour les adultes. Bon, ils\u2026","rel":"","context":"Dans &quot;Non class\u00e9&quot;","img":{"alt_text":"","src":"https:\/\/i2.wp.com\/www.montceautriathlon.com\/blog\/wp-content\/uploads\/2021\/06\/IMG-20210530-WA0000.jpg?resize=350%2C200&ssl=1","width":350,"height":200},"classes":[]},{"id":5915,"url":"https:\/\/www.montceautriathlon.com\/blog\/2023\/05\/25\/aquathlon-montceau-2023\/","url_meta":{"origin":5048,"position":3},"title":"Aquathlon Montceau 2023","date":"25 mai 2023","format":false,"excerpt":"L'aquathlon du club a eu lieu le dimanche 14 mai dernier au centre nautique de Montceau les Mines. Plusieurs clubs de la r\u00e9gion se sont retrouv\u00e9s lors cette journ\u00e9e sportive. Malgr\u00e9 un temps difficile \u00e0 dompter et une eau plus que fra\u00eeche, joie et bonne humeur \u00e9taient au rendez-vous !\u2026","rel":"","context":"Dans &quot;Non class\u00e9&quot;","img":{"alt_text":"","src":"https:\/\/i0.wp.com\/www.montceautriathlon.com\/blog\/wp-content\/uploads\/2023\/05\/IMG_8364-scaled.jpg?resize=350%2C200&ssl=1","width":350,"height":200},"classes":[]},{"id":2686,"url":"https:\/\/www.montceautriathlon.com\/blog\/2019\/04\/02\/31-03-19-aquathlon-du-creusot-merci-montceautriathlon\/","url_meta":{"origin":5048,"position":4},"title":"31\/03\/19, Aquathlon du Creusot : merci MontceauTriathlon !","date":"2 avril 2019","format":false,"excerpt":"Creusot Triathlon organisait ce dimanche son premier aquathlon sous un soleil resplendissant. Le club s'est d\u00e9plac\u00e9 en nombre dans toutes les courses du programme de la journ\u00e9e. Il y avait du rouge et blanc partout autour de la piscine r\u00e9nov\u00e9e !\u00a0 39 licenci\u00e9s du club ont particip\u00e9 \u00e0 une ou\u2026","rel":"","context":"Dans &quot;Non class\u00e9&quot;","img":{"alt_text":"","src":"https:\/\/i0.wp.com\/montceautriathlon.com\/blog\/wp-content\/uploads\/2019\/04\/aquathlon-3-300x211.jpg?resize=350%2C200","width":350,"height":200},"classes":[]},{"id":4419,"url":"https:\/\/www.montceautriathlon.com\/blog\/2021\/08\/31\/championnats-de-france-aquathlon-et-triathlon-elles-en-ont-bave-dans-le-blavet\/","url_meta":{"origin":5048,"position":5},"title":"Championnats de France aquathlon et triathlon : elles en ont bav\u00e9 dans le Blavet !","date":"31 ao\u00fbt 2021","format":false,"excerpt":"Zo\u00e9 Da Eira \u00e9tait la seule jeune du club qualifi\u00e9e sur les France Jeunes d'aquathlon \u00e0 Pontivy (pr\u00e8s de Rennes). C'est avec courage qu'elle s'est \u00e9lanc\u00e9e de bonne heure samedi matin dans le Blavet, pittoresque fleuve breton aux eaux tr\u00e8s froides.15,5\u00b0 ! De quoi avoir le souffle coup\u00e9 ! Course\u2026","rel":"","context":"Dans &quot;Non class\u00e9&quot;","img":{"alt_text":"","src":"https:\/\/i0.wp.com\/www.montceautriathlon.com\/blog\/wp-content\/uploads\/2021\/08\/16231744260.jpg?resize=350%2C200&ssl=1","width":350,"height":200},"classes":[]}],"_links":{"self":[{"href":"https:\/\/www.montceautriathlon.com\/blog\/wp-json\/wp\/v2\/posts\/5048"}],"collection":[{"href":"https:\/\/www.montceautriathlon.com\/blog\/wp-json\/wp\/v2\/posts"}],"about":[{"href":"https:\/\/www.montceautriathlon.com\/blog\/wp-json\/wp\/v2\/types\/post"}],"author":[{"embeddable":true,"href":"https:\/\/www.montceautriathlon.com\/blog\/wp-json\/wp\/v2\/users\/5"}],"replies":[{"embeddable":true,"href":"https:\/\/www.montceautriathlon.com\/blog\/wp-json\/wp\/v2\/comments?post=5048"}],"version-history":[{"count":3,"href":"https:\/\/www.montceautriathlon.com\/blog\/wp-json\/wp\/v2\/posts\/5048\/revisions"}],"predecessor-version":[{"id":5055,"href":"https:\/\/www.montceautriathlon.com\/blog\/wp-json\/wp\/v2\/posts\/5048\/revisions\/5055"}],"wp:featuredmedia":[{"embeddable":true,"href":"https:\/\/www.montceautriathlon.com\/blog\/wp-json\/wp\/v2\/media\/5054"}],"wp:attachment":[{"href":"https:\/\/www.montceautriathlon.com\/blog\/wp-json\/wp\/v2\/media?parent=5048"}],"wp:term":[{"taxonomy":"category","embeddable":true,"href":"https:\/\/www.montceautriathlon.com\/blog\/wp-json\/wp\/v2\/categories?post=5048"},{"taxonomy":"post_tag","embeddable":true,"href":"https:\/\/www.montceautriathlon.com\/blog\/wp-json\/wp\/v2\/tags?post=5048"}],"curies":[{"name":"wp","href":"https:\/\/api.w.org\/{rel}","templated":true}]}}