{"id":5031,"date":"2022-05-10T13:51:22","date_gmt":"2022-05-10T12:51:22","guid":{"rendered":"https:\/\/www.montceautriathlon.com\/blog\/?p=5031"},"modified":"2022-05-10T13:51:24","modified_gmt":"2022-05-10T12:51:24","slug":"championnat-de-france-jeunes-de-duathlon-a-chateauroux-une-nouvelle-bonne-experience-malgre-la-deception","status":"publish","type":"post","link":"https:\/\/www.montceautriathlon.com\/blog\/2022\/05\/10\/championnat-de-france-jeunes-de-duathlon-a-chateauroux-une-nouvelle-bonne-experience-malgre-la-deception\/","title":{"rendered":"Championnat de France jeunes de duathlon \u00e0 Ch\u00e2teauroux : une nouvelle bonne exp\u00e9rience malgr\u00e9 la d\u00e9ception."},"content":{"rendered":"\n<p>Ce week-end \u00e0 Ch\u00e2teauroux, Jeanne Rondier se lan\u00e7ait sur ses deuxi\u00e8mes championnats de France minime de duathlon apr\u00e8s s&rsquo;\u00eatre qualifi\u00e9e il y a peu \u00e0 M\u00e2con lors des s\u00e9lections r\u00e9gionales. Un niveau tr\u00e8s relev\u00e9 auquel est venu s&rsquo;ajouter les premi\u00e8res chaleurs de la saison. Jeanne a bien n\u00e9goci\u00e9 le premier tour de CAP en signant le 36\u00e8me temps sur environ 120 concurrentes ce qui laissait augurer d&rsquo;une belle performance. Elle attaquait le v\u00e9lo avec le deuxi\u00e8me groupe, mais malheureusement, prise dans une chute collective elle n&rsquo;a pu repartir malgr\u00e9 quelques bobos, son v\u00e9lo n&rsquo;ayant pu supporter la chute. Un grosse d\u00e9ception bien \u00e9videmment et une belle frayeur pour le papa accompagnateur s\u00fbrement ! <\/p>\n\n\n\n<p>Jeanne depuis l&rsquo;ann\u00e9e derni\u00e8re accumule de l&rsquo;exp\u00e9rience. Avec un peu plus de maturit\u00e9, elle  saura \u00e9viter les pi\u00e8ges de ces importantes comp\u00e9titions auxquelles elle se qualifiera encore. F\u00e9licitations pour ce beau parcours ! Et la saison n&rsquo;est pas termin\u00e9e !<\/p>\n\n\n\n<p>Le papa \u00e9tant pr\u00e9sent, s&rsquo;est inscrit sur les France Master et termine \u00e0 une belle et honorable 45\u00e8me place sur les 79 participants mais 10\u00e8me dans sa tranche d&rsquo;\u00e2ge ! Bravo \u00e0 lui aussi !<\/p>\n\n\n\n<figure class=\"wp-block-gallery columns-3 is-cropped\"><ul data-carousel-extra='{\"blog_id\":1,\"permalink\":\"https:\\\/\\\/www.montceautriathlon.com\\\/blog\\\/2022\\\/05\\\/10\\\/championnat-de-france-jeunes-de-duathlon-a-chateauroux-une-nouvelle-bonne-experience-malgre-la-deception\\\/\"}' class=\"blocks-gallery-grid\"><li class=\"blocks-gallery-item\"><figure><a href=\"https:\/\/www.montceautriathlon.com\/blog\/wp-content\/uploads\/2022\/05\/IMG-20220509-WA0005.jpg\"><img data-attachment-id=\"5039\" data-permalink=\"https:\/\/www.montceautriathlon.com\/blog\/img-20220509-wa0005\/\" data-orig-file=\"https:\/\/www.montceautriathlon.com\/blog\/wp-content\/uploads\/2022\/05\/IMG-20220509-WA0005.jpg\" data-orig-size=\"1231,1011\" data-comments-opened=\"1\" data-image-meta=\"{&quot;aperture&quot;:&quot;0&quot;,&quot;credit&quot;:&quot;&quot;,&quot;camera&quot;:&quot;&quot;,&quot;caption&quot;:&quot;&quot;,&quot;created_timestamp&quot;:&quot;0&quot;,&quot;copyright&quot;:&quot;&quot;,&quot;focal_length&quot;:&quot;0&quot;,&quot;iso&quot;:&quot;0&quot;,&quot;shutter_speed&quot;:&quot;0&quot;,&quot;title&quot;:&quot;&quot;,&quot;orientation&quot;:&quot;0&quot;}\" data-image-title=\"IMG-20220509-WA0005\" data-image-description=\"\" data-image-caption=\"\" data-medium-file=\"https:\/\/www.montceautriathlon.com\/blog\/wp-content\/uploads\/2022\/05\/IMG-20220509-WA0005-300x246.jpg\" data-large-file=\"https:\/\/www.montceautriathlon.com\/blog\/wp-content\/uploads\/2022\/05\/IMG-20220509-WA0005-1024x841.jpg\" loading=\"lazy\" width=\"1024\" height=\"841\" src=\"https:\/\/www.montceautriathlon.com\/blog\/wp-content\/uploads\/2022\/05\/IMG-20220509-WA0005-1024x841.jpg\" alt=\"\" data-id=\"5039\" data-full-url=\"https:\/\/www.montceautriathlon.com\/blog\/wp-content\/uploads\/2022\/05\/IMG-20220509-WA0005.jpg\" data-link=\"https:\/\/www.montceautriathlon.com\/blog\/img-20220509-wa0005\/\" class=\"wp-image-5039\" srcset=\"https:\/\/www.montceautriathlon.com\/blog\/wp-content\/uploads\/2022\/05\/IMG-20220509-WA0005-1024x841.jpg 1024w, https:\/\/www.montceautriathlon.com\/blog\/wp-content\/uploads\/2022\/05\/IMG-20220509-WA0005-300x246.jpg 300w, https:\/\/www.montceautriathlon.com\/blog\/wp-content\/uploads\/2022\/05\/IMG-20220509-WA0005-768x631.jpg 768w, https:\/\/www.montceautriathlon.com\/blog\/wp-content\/uploads\/2022\/05\/IMG-20220509-WA0005.jpg 1231w\" sizes=\"(max-width: 1024px) 100vw, 1024px\" \/><\/a><\/figure><\/li><li class=\"blocks-gallery-item\"><figure><a href=\"https:\/\/www.montceautriathlon.com\/blog\/wp-content\/uploads\/2022\/05\/IMG-20220509-WA0003.jpg\"><img data-attachment-id=\"5037\" data-permalink=\"https:\/\/www.montceautriathlon.com\/blog\/img-20220509-wa0003\/\" data-orig-file=\"https:\/\/www.montceautriathlon.com\/blog\/wp-content\/uploads\/2022\/05\/IMG-20220509-WA0003.jpg\" data-orig-size=\"1479,1110\" data-comments-opened=\"1\" data-image-meta=\"{&quot;aperture&quot;:&quot;0&quot;,&quot;credit&quot;:&quot;&quot;,&quot;camera&quot;:&quot;&quot;,&quot;caption&quot;:&quot;&quot;,&quot;created_timestamp&quot;:&quot;0&quot;,&quot;copyright&quot;:&quot;&quot;,&quot;focal_length&quot;:&quot;0&quot;,&quot;iso&quot;:&quot;0&quot;,&quot;shutter_speed&quot;:&quot;0&quot;,&quot;title&quot;:&quot;&quot;,&quot;orientation&quot;:&quot;0&quot;}\" data-image-title=\"IMG-20220509-WA0003\" data-image-description=\"\" data-image-caption=\"\" data-medium-file=\"https:\/\/www.montceautriathlon.com\/blog\/wp-content\/uploads\/2022\/05\/IMG-20220509-WA0003-300x225.jpg\" data-large-file=\"https:\/\/www.montceautriathlon.com\/blog\/wp-content\/uploads\/2022\/05\/IMG-20220509-WA0003-1024x769.jpg\" loading=\"lazy\" width=\"1024\" height=\"769\" src=\"https:\/\/www.montceautriathlon.com\/blog\/wp-content\/uploads\/2022\/05\/IMG-20220509-WA0003-1024x769.jpg\" alt=\"\" data-id=\"5037\" data-full-url=\"https:\/\/www.montceautriathlon.com\/blog\/wp-content\/uploads\/2022\/05\/IMG-20220509-WA0003.jpg\" data-link=\"https:\/\/www.montceautriathlon.com\/blog\/img-20220509-wa0003\/\" class=\"wp-image-5037\" srcset=\"https:\/\/www.montceautriathlon.com\/blog\/wp-content\/uploads\/2022\/05\/IMG-20220509-WA0003-1024x769.jpg 1024w, https:\/\/www.montceautriathlon.com\/blog\/wp-content\/uploads\/2022\/05\/IMG-20220509-WA0003-300x225.jpg 300w, https:\/\/www.montceautriathlon.com\/blog\/wp-content\/uploads\/2022\/05\/IMG-20220509-WA0003-768x576.jpg 768w, https:\/\/www.montceautriathlon.com\/blog\/wp-content\/uploads\/2022\/05\/IMG-20220509-WA0003.jpg 1479w\" sizes=\"(max-width: 1024px) 100vw, 1024px\" \/><\/a><\/figure><\/li><li class=\"blocks-gallery-item\"><figure><a href=\"https:\/\/www.montceautriathlon.com\/blog\/wp-content\/uploads\/2022\/05\/IMG-20220509-WA0002.jpg\"><img data-attachment-id=\"5036\" data-permalink=\"https:\/\/www.montceautriathlon.com\/blog\/img-20220509-wa0002\/\" data-orig-file=\"https:\/\/www.montceautriathlon.com\/blog\/wp-content\/uploads\/2022\/05\/IMG-20220509-WA0002.jpg\" data-orig-size=\"1600,1200\" data-comments-opened=\"1\" data-image-meta=\"{&quot;aperture&quot;:&quot;0&quot;,&quot;credit&quot;:&quot;&quot;,&quot;camera&quot;:&quot;&quot;,&quot;caption&quot;:&quot;&quot;,&quot;created_timestamp&quot;:&quot;0&quot;,&quot;copyright&quot;:&quot;&quot;,&quot;focal_length&quot;:&quot;0&quot;,&quot;iso&quot;:&quot;0&quot;,&quot;shutter_speed&quot;:&quot;0&quot;,&quot;title&quot;:&quot;&quot;,&quot;orientation&quot;:&quot;0&quot;}\" data-image-title=\"IMG-20220509-WA0002\" data-image-description=\"\" data-image-caption=\"\" data-medium-file=\"https:\/\/www.montceautriathlon.com\/blog\/wp-content\/uploads\/2022\/05\/IMG-20220509-WA0002-300x225.jpg\" data-large-file=\"https:\/\/www.montceautriathlon.com\/blog\/wp-content\/uploads\/2022\/05\/IMG-20220509-WA0002-1024x768.jpg\" loading=\"lazy\" width=\"1024\" height=\"768\" src=\"https:\/\/www.montceautriathlon.com\/blog\/wp-content\/uploads\/2022\/05\/IMG-20220509-WA0002-1024x768.jpg\" alt=\"\" data-id=\"5036\" data-full-url=\"https:\/\/www.montceautriathlon.com\/blog\/wp-content\/uploads\/2022\/05\/IMG-20220509-WA0002.jpg\" data-link=\"https:\/\/www.montceautriathlon.com\/blog\/img-20220509-wa0002\/\" class=\"wp-image-5036\" srcset=\"https:\/\/www.montceautriathlon.com\/blog\/wp-content\/uploads\/2022\/05\/IMG-20220509-WA0002-1024x768.jpg 1024w, https:\/\/www.montceautriathlon.com\/blog\/wp-content\/uploads\/2022\/05\/IMG-20220509-WA0002-300x225.jpg 300w, https:\/\/www.montceautriathlon.com\/blog\/wp-content\/uploads\/2022\/05\/IMG-20220509-WA0002-768x576.jpg 768w, https:\/\/www.montceautriathlon.com\/blog\/wp-content\/uploads\/2022\/05\/IMG-20220509-WA0002-1536x1152.jpg 1536w, https:\/\/www.montceautriathlon.com\/blog\/wp-content\/uploads\/2022\/05\/IMG-20220509-WA0002.jpg 1600w\" sizes=\"(max-width: 1024px) 100vw, 1024px\" \/><\/a><\/figure><\/li><li class=\"blocks-gallery-item\"><figure><a href=\"https:\/\/www.montceautriathlon.com\/blog\/wp-content\/uploads\/2022\/05\/IMG-20220509-WA0001.jpg\"><img data-attachment-id=\"5035\" data-permalink=\"https:\/\/www.montceautriathlon.com\/blog\/img-20220509-wa0001\/\" data-orig-file=\"https:\/\/www.montceautriathlon.com\/blog\/wp-content\/uploads\/2022\/05\/IMG-20220509-WA0001.jpg\" data-orig-size=\"1600,1200\" data-comments-opened=\"1\" data-image-meta=\"{&quot;aperture&quot;:&quot;0&quot;,&quot;credit&quot;:&quot;&quot;,&quot;camera&quot;:&quot;&quot;,&quot;caption&quot;:&quot;&quot;,&quot;created_timestamp&quot;:&quot;0&quot;,&quot;copyright&quot;:&quot;&quot;,&quot;focal_length&quot;:&quot;0&quot;,&quot;iso&quot;:&quot;0&quot;,&quot;shutter_speed&quot;:&quot;0&quot;,&quot;title&quot;:&quot;&quot;,&quot;orientation&quot;:&quot;0&quot;}\" data-image-title=\"IMG-20220509-WA0001\" data-image-description=\"\" data-image-caption=\"\" data-medium-file=\"https:\/\/www.montceautriathlon.com\/blog\/wp-content\/uploads\/2022\/05\/IMG-20220509-WA0001-300x225.jpg\" data-large-file=\"https:\/\/www.montceautriathlon.com\/blog\/wp-content\/uploads\/2022\/05\/IMG-20220509-WA0001-1024x768.jpg\" loading=\"lazy\" width=\"1024\" height=\"768\" src=\"https:\/\/www.montceautriathlon.com\/blog\/wp-content\/uploads\/2022\/05\/IMG-20220509-WA0001-1024x768.jpg\" alt=\"\" data-id=\"5035\" data-full-url=\"https:\/\/www.montceautriathlon.com\/blog\/wp-content\/uploads\/2022\/05\/IMG-20220509-WA0001.jpg\" data-link=\"https:\/\/www.montceautriathlon.com\/blog\/img-20220509-wa0001\/\" class=\"wp-image-5035\" srcset=\"https:\/\/www.montceautriathlon.com\/blog\/wp-content\/uploads\/2022\/05\/IMG-20220509-WA0001-1024x768.jpg 1024w, https:\/\/www.montceautriathlon.com\/blog\/wp-content\/uploads\/2022\/05\/IMG-20220509-WA0001-300x225.jpg 300w, https:\/\/www.montceautriathlon.com\/blog\/wp-content\/uploads\/2022\/05\/IMG-20220509-WA0001-768x576.jpg 768w, https:\/\/www.montceautriathlon.com\/blog\/wp-content\/uploads\/2022\/05\/IMG-20220509-WA0001-1536x1152.jpg 1536w, https:\/\/www.montceautriathlon.com\/blog\/wp-content\/uploads\/2022\/05\/IMG-20220509-WA0001.jpg 1600w\" sizes=\"(max-width: 1024px) 100vw, 1024px\" \/><\/a><\/figure><\/li><li class=\"blocks-gallery-item\"><figure><a href=\"https:\/\/www.montceautriathlon.com\/blog\/wp-content\/uploads\/2022\/05\/IMG-20220509-WA0000.jpg\"><img data-attachment-id=\"5034\" data-permalink=\"https:\/\/www.montceautriathlon.com\/blog\/img-20220509-wa0000\/\" data-orig-file=\"https:\/\/www.montceautriathlon.com\/blog\/wp-content\/uploads\/2022\/05\/IMG-20220509-WA0000.jpg\" data-orig-size=\"828,1104\" data-comments-opened=\"1\" data-image-meta=\"{&quot;aperture&quot;:&quot;0&quot;,&quot;credit&quot;:&quot;&quot;,&quot;camera&quot;:&quot;&quot;,&quot;caption&quot;:&quot;&quot;,&quot;created_timestamp&quot;:&quot;0&quot;,&quot;copyright&quot;:&quot;&quot;,&quot;focal_length&quot;:&quot;0&quot;,&quot;iso&quot;:&quot;0&quot;,&quot;shutter_speed&quot;:&quot;0&quot;,&quot;title&quot;:&quot;&quot;,&quot;orientation&quot;:&quot;0&quot;}\" data-image-title=\"IMG-20220509-WA0000\" data-image-description=\"\" data-image-caption=\"\" data-medium-file=\"https:\/\/www.montceautriathlon.com\/blog\/wp-content\/uploads\/2022\/05\/IMG-20220509-WA0000-225x300.jpg\" data-large-file=\"https:\/\/www.montceautriathlon.com\/blog\/wp-content\/uploads\/2022\/05\/IMG-20220509-WA0000-768x1024.jpg\" loading=\"lazy\" width=\"768\" height=\"1024\" src=\"https:\/\/www.montceautriathlon.com\/blog\/wp-content\/uploads\/2022\/05\/IMG-20220509-WA0000-768x1024.jpg\" alt=\"\" data-id=\"5034\" data-full-url=\"https:\/\/www.montceautriathlon.com\/blog\/wp-content\/uploads\/2022\/05\/IMG-20220509-WA0000.jpg\" data-link=\"https:\/\/www.montceautriathlon.com\/blog\/img-20220509-wa0000\/\" class=\"wp-image-5034\" srcset=\"https:\/\/www.montceautriathlon.com\/blog\/wp-content\/uploads\/2022\/05\/IMG-20220509-WA0000-768x1024.jpg 768w, https:\/\/www.montceautriathlon.com\/blog\/wp-content\/uploads\/2022\/05\/IMG-20220509-WA0000-225x300.jpg 225w, https:\/\/www.montceautriathlon.com\/blog\/wp-content\/uploads\/2022\/05\/IMG-20220509-WA0000.jpg 828w\" sizes=\"(max-width: 768px) 100vw, 768px\" \/><\/a><\/figure><\/li><li class=\"blocks-gallery-item\"><figure><a href=\"https:\/\/www.montceautriathlon.com\/blog\/wp-content\/uploads\/2022\/05\/IMG-20220508-WA0010.jpg\"><img data-attachment-id=\"5030\" data-permalink=\"https:\/\/www.montceautriathlon.com\/blog\/img-20220508-wa0010\/\" data-orig-file=\"https:\/\/www.montceautriathlon.com\/blog\/wp-content\/uploads\/2022\/05\/IMG-20220508-WA0010.jpg\" data-orig-size=\"2048,1536\" data-comments-opened=\"1\" data-image-meta=\"{&quot;aperture&quot;:&quot;0&quot;,&quot;credit&quot;:&quot;&quot;,&quot;camera&quot;:&quot;&quot;,&quot;caption&quot;:&quot;&quot;,&quot;created_timestamp&quot;:&quot;0&quot;,&quot;copyright&quot;:&quot;&quot;,&quot;focal_length&quot;:&quot;0&quot;,&quot;iso&quot;:&quot;0&quot;,&quot;shutter_speed&quot;:&quot;0&quot;,&quot;title&quot;:&quot;&quot;,&quot;orientation&quot;:&quot;0&quot;}\" data-image-title=\"IMG-20220508-WA0010\" data-image-description=\"\" data-image-caption=\"\" data-medium-file=\"https:\/\/www.montceautriathlon.com\/blog\/wp-content\/uploads\/2022\/05\/IMG-20220508-WA0010-300x225.jpg\" data-large-file=\"https:\/\/www.montceautriathlon.com\/blog\/wp-content\/uploads\/2022\/05\/IMG-20220508-WA0010-1024x768.jpg\" loading=\"lazy\" width=\"1024\" height=\"768\" src=\"https:\/\/www.montceautriathlon.com\/blog\/wp-content\/uploads\/2022\/05\/IMG-20220508-WA0010-1024x768.jpg\" alt=\"\" data-id=\"5030\" data-full-url=\"https:\/\/www.montceautriathlon.com\/blog\/wp-content\/uploads\/2022\/05\/IMG-20220508-WA0010.jpg\" data-link=\"https:\/\/www.montceautriathlon.com\/blog\/img-20220508-wa0010\/\" class=\"wp-image-5030\" srcset=\"https:\/\/www.montceautriathlon.com\/blog\/wp-content\/uploads\/2022\/05\/IMG-20220508-WA0010-1024x768.jpg 1024w, https:\/\/www.montceautriathlon.com\/blog\/wp-content\/uploads\/2022\/05\/IMG-20220508-WA0010-300x225.jpg 300w, https:\/\/www.montceautriathlon.com\/blog\/wp-content\/uploads\/2022\/05\/IMG-20220508-WA0010-768x576.jpg 768w, https:\/\/www.montceautriathlon.com\/blog\/wp-content\/uploads\/2022\/05\/IMG-20220508-WA0010-1536x1152.jpg 1536w, https:\/\/www.montceautriathlon.com\/blog\/wp-content\/uploads\/2022\/05\/IMG-20220508-WA0010.jpg 2048w\" sizes=\"(max-width: 1024px) 100vw, 1024px\" \/><\/a><\/figure><\/li><\/ul><\/figure>\n","protected":false},"excerpt":{"rendered":"<p>Ce week-end \u00e0 Ch\u00e2teauroux, Jeanne Rondier se lan\u00e7ait sur ses deuxi\u00e8mes championnats de France minime de duathlon apr\u00e8s s&rsquo;\u00eatre qualifi\u00e9e il y a peu \u00e0 M\u00e2con lors des s\u00e9lections r\u00e9gionales. Un niveau tr\u00e8s relev\u00e9 auquel est venu s&rsquo;ajouter les premi\u00e8res chaleurs de la saison. Jeanne a bien n\u00e9goci\u00e9 le premier tour de CAP en signant [&hellip;]<\/p>\n","protected":false},"author":5,"featured_media":5030,"comment_status":"open","ping_status":"open","sticky":false,"template":"","format":"standard","meta":{"spay_email":"","jetpack_publicize_message":"","jetpack_is_tweetstorm":false},"categories":[1],"tags":[],"jetpack_featured_media_url":"https:\/\/www.montceautriathlon.com\/blog\/wp-content\/uploads\/2022\/05\/IMG-20220508-WA0010.jpg","jetpack_publicize_connections":[],"jetpack_sharing_enabled":true,"jetpack_shortlink":"https:\/\/wp.me\/p8bwIy-1j9","jetpack-related-posts":[{"id":5904,"url":"https:\/\/www.montceautriathlon.com\/blog\/2023\/05\/10\/championnat-de-france-de-duathlon\/","url_meta":{"origin":5031,"position":0},"title":"Championnat de France de Duathlon","date":"10 mai 2023","format":false,"excerpt":"Jeanne Rondier s'est qualifi\u00e9e aux championnats de France lors du duathlon de M\u00e2con le 26 mars.Ce Championnats de France de duathlon a eu lieu \u00e0 Ch\u00e2teauroux le 9 avril. Jeanne est 49e \u00e0 la fin de la 1e cap. La partie v\u00e9lo d\u00e9bute bien, jeanne est dans un groupe d'une\u2026","rel":"","context":"Dans &quot;Non class\u00e9&quot;","img":{"alt_text":"","src":"https:\/\/i0.wp.com\/www.montceautriathlon.com\/blog\/wp-content\/uploads\/2023\/05\/410fcbcc-4073-450e-b751-da1a72a57702.jpg?resize=350%2C200&ssl=1","width":350,"height":200},"classes":[]},{"id":5740,"url":"https:\/\/www.montceautriathlon.com\/blog\/2023\/04\/05\/tous-ensemble\/","url_meta":{"origin":5031,"position":1},"title":"TOUS ENSEMBLE !","date":"5 avril 2023","format":false,"excerpt":"A M\u00e2con la semaine derni\u00e8re, o\u00f9 le club s\u2019\u00e9tait d\u00e9plac\u00e9 en nombre,\u00a0\u00a0Jeanne Rondier s\u2019est qualifi\u00e9e pour l\u2019\u00e9preuve cadette des\u00a0\u00a0Championnats de France\u00a0\u00a0\u00e0 Ch\u00e2teauroux ce dimanche !\u00a0Une seconde qualification apr\u00e8s celle de l\u2019ann\u00e9e derni\u00e8re\u00a0! L\u2019occasion d\u2019effacer la d\u00e9ception d\u2019avoir d\u00fb abandonner sur chute \u00e0 sa premi\u00e8re participation. Une nouvelle belle performance pour\u2026","rel":"","context":"Dans &quot;Non class\u00e9&quot;","img":{"alt_text":"","src":"https:\/\/i2.wp.com\/www.montceautriathlon.com\/blog\/wp-content\/uploads\/2023\/04\/tous-ensemble-.png?resize=350%2C200&ssl=1","width":350,"height":200},"classes":[]},{"id":906,"url":"https:\/\/www.montceautriathlon.com\/blog\/2016\/10\/12\/coupe-de-france-de-triathlon-et-duathlon-a-la-roche-sur-yon-0809-octobre-2016\/","url_meta":{"origin":5031,"position":2},"title":"Coupe de France de Triathlon et Duathlon \u00e0 La Roche-sur-Yon (08&#038;09 octobre 2016)","date":"12 octobre 2016","format":false,"excerpt":"La coupe de France des clubs s'est d\u00e9roul\u00e9e cette ann\u00e9e \u00e0 la Roche-sur-Yon. 3 \u00e9quipes ont fait le d\u00e9placement. Une \u00e9quipe de Triathlon f\u00e9minin, une \u00e9quipe de Duathlon f\u00e9minin et une \u00e9quipe jeune. L'\u00e9quipe de Triathlon compos\u00e9e de Nicole Lukowitz, Sophie Rousseau, Fabienne Vaudelin et H\u00e9l\u00e8ne Touillon a ouvert le\u2026","rel":"","context":"Dans &quot;Non class\u00e9&quot;","img":{"alt_text":"","src":"","width":0,"height":0},"classes":[]},{"id":4573,"url":"https:\/\/www.montceautriathlon.com\/blog\/2021\/09\/27\/championnat-de-france-de-duathlon-une-premiere-pour-jeanne-rondier\/","url_meta":{"origin":5031,"position":3},"title":"Championnat de France de Duathlon : Une premi\u00e8re pour Jeanne Rondier.","date":"27 septembre 2021","format":false,"excerpt":"Apr\u00e8s Zo\u00e9 Da Eira qualifi\u00e9e pour la premi\u00e8re fois aux Championnats de France d'aquathlon, ce fut le tour de Jeanne Rondier de porter haut les couleurs du club \u00e0 Noyon dans l'Oise ce dimanche matin en duathlon. Une premi\u00e8re aussi ! 72\u00e8me sur 115 participantes. Une belle exp\u00e9rience ! F\u00e9licitations\u2026","rel":"","context":"Dans &quot;Non class\u00e9&quot;","img":{"alt_text":"","src":"https:\/\/i2.wp.com\/www.montceautriathlon.com\/blog\/wp-content\/uploads\/2021\/09\/jeanne-CDF-Noyon.jpg?resize=350%2C200&ssl=1","width":350,"height":200},"classes":[]},{"id":7386,"url":"https:\/\/www.montceautriathlon.com\/blog\/2025\/03\/20\/duathlon-dauxonne-2\/","url_meta":{"origin":5031,"position":4},"title":"Duathlon d&rsquo;Auxonne","date":"20 mars 2025","format":false,"excerpt":"Nos\u00a0triathl\u00e8tes \u00e9taient pr\u00e9sents en nombre au duathlon organis\u00e9 par Triathlon Club Auxonnais, et m\u00eame si les conditions m\u00e9t\u00e9o n\u2019\u00e9taient au d\u00e9part pas en leur faveur\u00a0les rayons de\u00a0soleil ont quand m\u00eame rendu la course agr\u00e9able pour tous. Voici les r\u00e9sultats de nos champions du WE : Course S : Laurent Magnien\u2026","rel":"","context":"Dans &quot;Non class\u00e9&quot;","img":{"alt_text":"","src":"https:\/\/i2.wp.com\/www.montceautriathlon.com\/blog\/wp-content\/uploads\/2025\/03\/IMG_2599.jpeg?resize=350%2C200&ssl=1","width":350,"height":200},"classes":[]},{"id":7475,"url":"https:\/\/www.montceautriathlon.com\/blog\/2025\/05\/04\/championnat-de-france-individuel-de-duathlon-macon-le-5-avril\/","url_meta":{"origin":5031,"position":5},"title":"Championnat de France individuel de duathlon &#8211; Macon le 5 avril","date":"4 mai 2025","format":false,"excerpt":"Deux licenci\u00e9s de Montceau Triathlon se sont retrouv\u00e9s \u00e0 Macon ce samedi pour participer au championnat de France individuel de duathlon distance S. Laurent Magnien et Patrick Monnery ont pris le d\u00e9part parmi 122 athl\u00e8tes sous un beau soleil maconnais. Laurent termine 50e en 1h02'02 ce qui lui permet une\u2026","rel":"","context":"Dans &quot;Non class\u00e9&quot;","img":{"alt_text":"","src":"https:\/\/i2.wp.com\/www.montceautriathlon.com\/blog\/wp-content\/uploads\/2025\/05\/IMG-20250405-WA0006.jpg?resize=350%2C200&ssl=1","width":350,"height":200},"classes":[]}],"_links":{"self":[{"href":"https:\/\/www.montceautriathlon.com\/blog\/wp-json\/wp\/v2\/posts\/5031"}],"collection":[{"href":"https:\/\/www.montceautriathlon.com\/blog\/wp-json\/wp\/v2\/posts"}],"about":[{"href":"https:\/\/www.montceautriathlon.com\/blog\/wp-json\/wp\/v2\/types\/post"}],"author":[{"embeddable":true,"href":"https:\/\/www.montceautriathlon.com\/blog\/wp-json\/wp\/v2\/users\/5"}],"replies":[{"embeddable":true,"href":"https:\/\/www.montceautriathlon.com\/blog\/wp-json\/wp\/v2\/comments?post=5031"}],"version-history":[{"count":3,"href":"https:\/\/www.montceautriathlon.com\/blog\/wp-json\/wp\/v2\/posts\/5031\/revisions"}],"predecessor-version":[{"id":5040,"href":"https:\/\/www.montceautriathlon.com\/blog\/wp-json\/wp\/v2\/posts\/5031\/revisions\/5040"}],"wp:featuredmedia":[{"embeddable":true,"href":"https:\/\/www.montceautriathlon.com\/blog\/wp-json\/wp\/v2\/media\/5030"}],"wp:attachment":[{"href":"https:\/\/www.montceautriathlon.com\/blog\/wp-json\/wp\/v2\/media?parent=5031"}],"wp:term":[{"taxonomy":"category","embeddable":true,"href":"https:\/\/www.montceautriathlon.com\/blog\/wp-json\/wp\/v2\/categories?post=5031"},{"taxonomy":"post_tag","embeddable":true,"href":"https:\/\/www.montceautriathlon.com\/blog\/wp-json\/wp\/v2\/tags?post=5031"}],"curies":[{"name":"wp","href":"https:\/\/api.w.org\/{rel}","templated":true}]}}