{"id":5017,"date":"2022-04-15T09:51:22","date_gmt":"2022-04-15T08:51:22","guid":{"rendered":"https:\/\/www.montceautriathlon.com\/blog\/?p=5017"},"modified":"2022-04-15T09:51:27","modified_gmt":"2022-04-15T08:51:27","slug":"sensibilisation-arbitrage-les-jeunes-de-lecole-ont-bien-repondu","status":"publish","type":"post","link":"https:\/\/www.montceautriathlon.com\/blog\/2022\/04\/15\/sensibilisation-arbitrage-les-jeunes-de-lecole-ont-bien-repondu\/","title":{"rendered":"Sensibilisation arbitrage : les jeunes de l&rsquo;\u00e9cole ont bien r\u00e9pondu !"},"content":{"rendered":"\n<p>Plusieurs fois report\u00e9e, cette sensibilisation a pu finalement se tenir ce mercredi soir en l&rsquo;absence d&rsquo;entra\u00eenement de natation due \u00e0 la fermeture de la piscine&#8230;<\/p>\n\n\n\n<p>Jean Da Eira formateur des arbitres au sein de la Ligue , accompagn\u00e9 de Nicole Lukowitz nouvelle arbitre du club et des \u00e9ducateurs : Sophie, Beno\u00eet, Arnaud et Aur\u00e9lien. quelques parents \u00e9taient aussi pr\u00e9sents. Jean a rappel\u00e9 les principales r\u00e8gles qui r\u00e9gissent une \u00e9preuve (duathlon, triathlon et aquathlon) en soulignant que ces r\u00e8gles \u00e9taient dict\u00e9es par la s\u00e9curit\u00e9 principalement. Entr\u00e9e et sortie du parc, place du dossard, port du casque, cartons jaune,rouge et bleu, abri-aspiration, entretien du mat\u00e9riel et aide ext\u00e9rieure ont \u00e9t\u00e9 expliqu\u00e9s avec quelques moments de pratique comme le r\u00e9glage du casque ou l&rsquo;utilisation de la ceinture porte-dossard. Quelques questions concernant des points plus pr\u00e9cis ont \u00e9t\u00e9 abord\u00e9s comme la p\u00e9nality box ou les distances d&rsquo;abri aspiration que certains adultes pratiquants ne connaissaient pas&#8230; Jean s&rsquo;est aussi adress\u00e9 aux parents qui parfois, en voulant bien faire, accompagnent leur enfant pendant la course. Cela est interdit et consid\u00e9r\u00e9 comme une aide ext\u00e9rieure qui peut aboutir \u00e0 une disqualification.<\/p>\n\n\n\n<p>Pour terminer, un mini duathlon a \u00e9t\u00e9 organis\u00e9 pour mettre en pratique les r\u00e8gles principales. <\/p>\n\n\n\n<p>Un grand merci \u00e0 Jean pour sa disponibilit\u00e9.<\/p>\n\n\n\n<figure class=\"wp-block-gallery columns-3 is-cropped\"><ul data-carousel-extra='{\"blog_id\":1,\"permalink\":\"https:\\\/\\\/www.montceautriathlon.com\\\/blog\\\/2022\\\/04\\\/15\\\/sensibilisation-arbitrage-les-jeunes-de-lecole-ont-bien-repondu\\\/\"}' class=\"blocks-gallery-grid\"><li class=\"blocks-gallery-item\"><figure><a href=\"https:\/\/www.montceautriathlon.com\/blog\/wp-content\/uploads\/2022\/04\/arbitrage-6-scaled.jpg\"><img data-attachment-id=\"5023\" data-permalink=\"https:\/\/www.montceautriathlon.com\/blog\/arbitrage-6\/\" data-orig-file=\"https:\/\/www.montceautriathlon.com\/blog\/wp-content\/uploads\/2022\/04\/arbitrage-6-scaled.jpg\" data-orig-size=\"2560,1179\" data-comments-opened=\"1\" data-image-meta=\"{&quot;aperture&quot;:&quot;1.8&quot;,&quot;credit&quot;:&quot;&quot;,&quot;camera&quot;:&quot;ELE-L29&quot;,&quot;caption&quot;:&quot;&quot;,&quot;created_timestamp&quot;:&quot;1649877480&quot;,&quot;copyright&quot;:&quot;&quot;,&quot;focal_length&quot;:&quot;5.58&quot;,&quot;iso&quot;:&quot;50&quot;,&quot;shutter_speed&quot;:&quot;0.00168&quot;,&quot;title&quot;:&quot;&quot;,&quot;orientation&quot;:&quot;0&quot;}\" data-image-title=\"arbitrage 6\" data-image-description=\"\" data-image-caption=\"\" data-medium-file=\"https:\/\/www.montceautriathlon.com\/blog\/wp-content\/uploads\/2022\/04\/arbitrage-6-300x138.jpg\" data-large-file=\"https:\/\/www.montceautriathlon.com\/blog\/wp-content\/uploads\/2022\/04\/arbitrage-6-1024x472.jpg\" loading=\"lazy\" width=\"1024\" height=\"472\" src=\"https:\/\/www.montceautriathlon.com\/blog\/wp-content\/uploads\/2022\/04\/arbitrage-6-1024x472.jpg\" alt=\"\" data-id=\"5023\" data-full-url=\"https:\/\/www.montceautriathlon.com\/blog\/wp-content\/uploads\/2022\/04\/arbitrage-6-scaled.jpg\" data-link=\"https:\/\/www.montceautriathlon.com\/blog\/arbitrage-6\/\" class=\"wp-image-5023\" srcset=\"https:\/\/www.montceautriathlon.com\/blog\/wp-content\/uploads\/2022\/04\/arbitrage-6-1024x472.jpg 1024w, https:\/\/www.montceautriathlon.com\/blog\/wp-content\/uploads\/2022\/04\/arbitrage-6-300x138.jpg 300w, https:\/\/www.montceautriathlon.com\/blog\/wp-content\/uploads\/2022\/04\/arbitrage-6-768x354.jpg 768w, https:\/\/www.montceautriathlon.com\/blog\/wp-content\/uploads\/2022\/04\/arbitrage-6-1536x707.jpg 1536w, https:\/\/www.montceautriathlon.com\/blog\/wp-content\/uploads\/2022\/04\/arbitrage-6-2048x943.jpg 2048w\" sizes=\"(max-width: 1024px) 100vw, 1024px\" \/><\/a><\/figure><\/li><li class=\"blocks-gallery-item\"><figure><a href=\"https:\/\/www.montceautriathlon.com\/blog\/wp-content\/uploads\/2022\/04\/arbitrage-5-scaled.jpg\"><img data-attachment-id=\"5022\" data-permalink=\"https:\/\/www.montceautriathlon.com\/blog\/arbitrage-5\/\" data-orig-file=\"https:\/\/www.montceautriathlon.com\/blog\/wp-content\/uploads\/2022\/04\/arbitrage-5-scaled.jpg\" data-orig-size=\"1179,2560\" data-comments-opened=\"1\" data-image-meta=\"{&quot;aperture&quot;:&quot;1.8&quot;,&quot;credit&quot;:&quot;&quot;,&quot;camera&quot;:&quot;ELE-L29&quot;,&quot;caption&quot;:&quot;&quot;,&quot;created_timestamp&quot;:&quot;1649876062&quot;,&quot;copyright&quot;:&quot;&quot;,&quot;focal_length&quot;:&quot;5.58&quot;,&quot;iso&quot;:&quot;50&quot;,&quot;shutter_speed&quot;:&quot;0.00122&quot;,&quot;title&quot;:&quot;&quot;,&quot;orientation&quot;:&quot;0&quot;}\" data-image-title=\"arbitrage 5\" data-image-description=\"\" data-image-caption=\"\" data-medium-file=\"https:\/\/www.montceautriathlon.com\/blog\/wp-content\/uploads\/2022\/04\/arbitrage-5-138x300.jpg\" data-large-file=\"https:\/\/www.montceautriathlon.com\/blog\/wp-content\/uploads\/2022\/04\/arbitrage-5-472x1024.jpg\" loading=\"lazy\" width=\"472\" height=\"1024\" src=\"https:\/\/www.montceautriathlon.com\/blog\/wp-content\/uploads\/2022\/04\/arbitrage-5-472x1024.jpg\" alt=\"\" data-id=\"5022\" data-full-url=\"https:\/\/www.montceautriathlon.com\/blog\/wp-content\/uploads\/2022\/04\/arbitrage-5-scaled.jpg\" data-link=\"https:\/\/www.montceautriathlon.com\/blog\/arbitrage-5\/\" class=\"wp-image-5022\" srcset=\"https:\/\/www.montceautriathlon.com\/blog\/wp-content\/uploads\/2022\/04\/arbitrage-5-472x1024.jpg 472w, https:\/\/www.montceautriathlon.com\/blog\/wp-content\/uploads\/2022\/04\/arbitrage-5-138x300.jpg 138w, https:\/\/www.montceautriathlon.com\/blog\/wp-content\/uploads\/2022\/04\/arbitrage-5-768x1668.jpg 768w, https:\/\/www.montceautriathlon.com\/blog\/wp-content\/uploads\/2022\/04\/arbitrage-5-707x1536.jpg 707w, https:\/\/www.montceautriathlon.com\/blog\/wp-content\/uploads\/2022\/04\/arbitrage-5-943x2048.jpg 943w, https:\/\/www.montceautriathlon.com\/blog\/wp-content\/uploads\/2022\/04\/arbitrage-5-scaled.jpg 1179w\" sizes=\"(max-width: 472px) 100vw, 472px\" \/><\/a><\/figure><\/li><li class=\"blocks-gallery-item\"><figure><a href=\"https:\/\/www.montceautriathlon.com\/blog\/wp-content\/uploads\/2022\/04\/arbitrage-4-scaled.jpg\"><img data-attachment-id=\"5021\" data-permalink=\"https:\/\/www.montceautriathlon.com\/blog\/arbitrage-4\/\" data-orig-file=\"https:\/\/www.montceautriathlon.com\/blog\/wp-content\/uploads\/2022\/04\/arbitrage-4-scaled.jpg\" data-orig-size=\"1179,2560\" data-comments-opened=\"1\" data-image-meta=\"{&quot;aperture&quot;:&quot;2.4&quot;,&quot;credit&quot;:&quot;&quot;,&quot;camera&quot;:&quot;ELE-L29&quot;,&quot;caption&quot;:&quot;&quot;,&quot;created_timestamp&quot;:&quot;1649874180&quot;,&quot;copyright&quot;:&quot;&quot;,&quot;focal_length&quot;:&quot;7.48&quot;,&quot;iso&quot;:&quot;50&quot;,&quot;shutter_speed&quot;:&quot;0.00758&quot;,&quot;title&quot;:&quot;&quot;,&quot;orientation&quot;:&quot;0&quot;}\" data-image-title=\"arbitrage 4\" data-image-description=\"\" data-image-caption=\"\" data-medium-file=\"https:\/\/www.montceautriathlon.com\/blog\/wp-content\/uploads\/2022\/04\/arbitrage-4-138x300.jpg\" data-large-file=\"https:\/\/www.montceautriathlon.com\/blog\/wp-content\/uploads\/2022\/04\/arbitrage-4-472x1024.jpg\" loading=\"lazy\" width=\"472\" height=\"1024\" src=\"https:\/\/www.montceautriathlon.com\/blog\/wp-content\/uploads\/2022\/04\/arbitrage-4-472x1024.jpg\" alt=\"\" data-id=\"5021\" data-full-url=\"https:\/\/www.montceautriathlon.com\/blog\/wp-content\/uploads\/2022\/04\/arbitrage-4-scaled.jpg\" data-link=\"https:\/\/www.montceautriathlon.com\/blog\/arbitrage-4\/\" class=\"wp-image-5021\" srcset=\"https:\/\/www.montceautriathlon.com\/blog\/wp-content\/uploads\/2022\/04\/arbitrage-4-472x1024.jpg 472w, https:\/\/www.montceautriathlon.com\/blog\/wp-content\/uploads\/2022\/04\/arbitrage-4-138x300.jpg 138w, https:\/\/www.montceautriathlon.com\/blog\/wp-content\/uploads\/2022\/04\/arbitrage-4-768x1668.jpg 768w, https:\/\/www.montceautriathlon.com\/blog\/wp-content\/uploads\/2022\/04\/arbitrage-4-707x1536.jpg 707w, https:\/\/www.montceautriathlon.com\/blog\/wp-content\/uploads\/2022\/04\/arbitrage-4-943x2048.jpg 943w, https:\/\/www.montceautriathlon.com\/blog\/wp-content\/uploads\/2022\/04\/arbitrage-4-scaled.jpg 1179w\" sizes=\"(max-width: 472px) 100vw, 472px\" \/><\/a><\/figure><\/li><li class=\"blocks-gallery-item\"><figure><a href=\"https:\/\/www.montceautriathlon.com\/blog\/wp-content\/uploads\/2022\/04\/arbitrage-3-scaled.jpg\"><img data-attachment-id=\"5020\" data-permalink=\"https:\/\/www.montceautriathlon.com\/blog\/arbitrage-3\/\" data-orig-file=\"https:\/\/www.montceautriathlon.com\/blog\/wp-content\/uploads\/2022\/04\/arbitrage-3-scaled.jpg\" data-orig-size=\"1179,2560\" data-comments-opened=\"1\" data-image-meta=\"{&quot;aperture&quot;:&quot;2.4&quot;,&quot;credit&quot;:&quot;&quot;,&quot;camera&quot;:&quot;ELE-L29&quot;,&quot;caption&quot;:&quot;&quot;,&quot;created_timestamp&quot;:&quot;1649874158&quot;,&quot;copyright&quot;:&quot;&quot;,&quot;focal_length&quot;:&quot;7.48&quot;,&quot;iso&quot;:&quot;64&quot;,&quot;shutter_speed&quot;:&quot;0.01&quot;,&quot;title&quot;:&quot;&quot;,&quot;orientation&quot;:&quot;0&quot;}\" data-image-title=\"arbitrage 3\" data-image-description=\"\" data-image-caption=\"\" data-medium-file=\"https:\/\/www.montceautriathlon.com\/blog\/wp-content\/uploads\/2022\/04\/arbitrage-3-138x300.jpg\" data-large-file=\"https:\/\/www.montceautriathlon.com\/blog\/wp-content\/uploads\/2022\/04\/arbitrage-3-472x1024.jpg\" loading=\"lazy\" width=\"472\" height=\"1024\" src=\"https:\/\/www.montceautriathlon.com\/blog\/wp-content\/uploads\/2022\/04\/arbitrage-3-472x1024.jpg\" alt=\"\" data-id=\"5020\" data-full-url=\"https:\/\/www.montceautriathlon.com\/blog\/wp-content\/uploads\/2022\/04\/arbitrage-3-scaled.jpg\" data-link=\"https:\/\/www.montceautriathlon.com\/blog\/arbitrage-3\/\" class=\"wp-image-5020\" srcset=\"https:\/\/www.montceautriathlon.com\/blog\/wp-content\/uploads\/2022\/04\/arbitrage-3-472x1024.jpg 472w, https:\/\/www.montceautriathlon.com\/blog\/wp-content\/uploads\/2022\/04\/arbitrage-3-138x300.jpg 138w, https:\/\/www.montceautriathlon.com\/blog\/wp-content\/uploads\/2022\/04\/arbitrage-3-768x1668.jpg 768w, https:\/\/www.montceautriathlon.com\/blog\/wp-content\/uploads\/2022\/04\/arbitrage-3-707x1536.jpg 707w, https:\/\/www.montceautriathlon.com\/blog\/wp-content\/uploads\/2022\/04\/arbitrage-3-943x2048.jpg 943w, https:\/\/www.montceautriathlon.com\/blog\/wp-content\/uploads\/2022\/04\/arbitrage-3-scaled.jpg 1179w\" sizes=\"(max-width: 472px) 100vw, 472px\" \/><\/a><\/figure><\/li><li class=\"blocks-gallery-item\"><figure><a href=\"https:\/\/www.montceautriathlon.com\/blog\/wp-content\/uploads\/2022\/04\/arbitrage-2-scaled.jpg\"><img data-attachment-id=\"5019\" data-permalink=\"https:\/\/www.montceautriathlon.com\/blog\/arbitrage-2\/\" data-orig-file=\"https:\/\/www.montceautriathlon.com\/blog\/wp-content\/uploads\/2022\/04\/arbitrage-2-scaled.jpg\" data-orig-size=\"2560,1179\" data-comments-opened=\"1\" data-image-meta=\"{&quot;aperture&quot;:&quot;1.8&quot;,&quot;credit&quot;:&quot;&quot;,&quot;camera&quot;:&quot;ELE-L29&quot;,&quot;caption&quot;:&quot;&quot;,&quot;created_timestamp&quot;:&quot;1649873256&quot;,&quot;copyright&quot;:&quot;&quot;,&quot;focal_length&quot;:&quot;5.58&quot;,&quot;iso&quot;:&quot;50&quot;,&quot;shutter_speed&quot;:&quot;0.000909&quot;,&quot;title&quot;:&quot;&quot;,&quot;orientation&quot;:&quot;0&quot;}\" data-image-title=\"arbitrage 2\" data-image-description=\"\" data-image-caption=\"\" data-medium-file=\"https:\/\/www.montceautriathlon.com\/blog\/wp-content\/uploads\/2022\/04\/arbitrage-2-300x138.jpg\" data-large-file=\"https:\/\/www.montceautriathlon.com\/blog\/wp-content\/uploads\/2022\/04\/arbitrage-2-1024x472.jpg\" loading=\"lazy\" width=\"1024\" height=\"472\" src=\"https:\/\/www.montceautriathlon.com\/blog\/wp-content\/uploads\/2022\/04\/arbitrage-2-1024x472.jpg\" alt=\"\" data-id=\"5019\" data-full-url=\"https:\/\/www.montceautriathlon.com\/blog\/wp-content\/uploads\/2022\/04\/arbitrage-2-scaled.jpg\" data-link=\"https:\/\/www.montceautriathlon.com\/blog\/arbitrage-2\/\" class=\"wp-image-5019\" srcset=\"https:\/\/www.montceautriathlon.com\/blog\/wp-content\/uploads\/2022\/04\/arbitrage-2-1024x472.jpg 1024w, https:\/\/www.montceautriathlon.com\/blog\/wp-content\/uploads\/2022\/04\/arbitrage-2-300x138.jpg 300w, https:\/\/www.montceautriathlon.com\/blog\/wp-content\/uploads\/2022\/04\/arbitrage-2-768x354.jpg 768w, https:\/\/www.montceautriathlon.com\/blog\/wp-content\/uploads\/2022\/04\/arbitrage-2-1536x707.jpg 1536w, https:\/\/www.montceautriathlon.com\/blog\/wp-content\/uploads\/2022\/04\/arbitrage-2-2048x943.jpg 2048w\" sizes=\"(max-width: 1024px) 100vw, 1024px\" \/><\/a><\/figure><\/li><li class=\"blocks-gallery-item\"><figure><a href=\"https:\/\/www.montceautriathlon.com\/blog\/wp-content\/uploads\/2022\/04\/arbitrage-1-scaled.jpg\"><img data-attachment-id=\"5018\" data-permalink=\"https:\/\/www.montceautriathlon.com\/blog\/arbitrage-1\/\" data-orig-file=\"https:\/\/www.montceautriathlon.com\/blog\/wp-content\/uploads\/2022\/04\/arbitrage-1-scaled.jpg\" data-orig-size=\"2560,1182\" data-comments-opened=\"1\" data-image-meta=\"{&quot;aperture&quot;:&quot;2.2&quot;,&quot;credit&quot;:&quot;&quot;,&quot;camera&quot;:&quot;ELE-L29&quot;,&quot;caption&quot;:&quot;&quot;,&quot;created_timestamp&quot;:&quot;1649873232&quot;,&quot;copyright&quot;:&quot;&quot;,&quot;focal_length&quot;:&quot;2.26&quot;,&quot;iso&quot;:&quot;50&quot;,&quot;shutter_speed&quot;:&quot;0.005327&quot;,&quot;title&quot;:&quot;&quot;,&quot;orientation&quot;:&quot;0&quot;}\" data-image-title=\"arbitrage 1\" data-image-description=\"\" data-image-caption=\"\" data-medium-file=\"https:\/\/www.montceautriathlon.com\/blog\/wp-content\/uploads\/2022\/04\/arbitrage-1-300x139.jpg\" data-large-file=\"https:\/\/www.montceautriathlon.com\/blog\/wp-content\/uploads\/2022\/04\/arbitrage-1-1024x473.jpg\" loading=\"lazy\" width=\"1024\" height=\"473\" src=\"https:\/\/www.montceautriathlon.com\/blog\/wp-content\/uploads\/2022\/04\/arbitrage-1-1024x473.jpg\" alt=\"\" data-id=\"5018\" data-full-url=\"https:\/\/www.montceautriathlon.com\/blog\/wp-content\/uploads\/2022\/04\/arbitrage-1-scaled.jpg\" data-link=\"https:\/\/www.montceautriathlon.com\/blog\/arbitrage-1\/\" class=\"wp-image-5018\" srcset=\"https:\/\/www.montceautriathlon.com\/blog\/wp-content\/uploads\/2022\/04\/arbitrage-1-1024x473.jpg 1024w, https:\/\/www.montceautriathlon.com\/blog\/wp-content\/uploads\/2022\/04\/arbitrage-1-300x139.jpg 300w, https:\/\/www.montceautriathlon.com\/blog\/wp-content\/uploads\/2022\/04\/arbitrage-1-768x355.jpg 768w, https:\/\/www.montceautriathlon.com\/blog\/wp-content\/uploads\/2022\/04\/arbitrage-1-1536x709.jpg 1536w, https:\/\/www.montceautriathlon.com\/blog\/wp-content\/uploads\/2022\/04\/arbitrage-1-2048x946.jpg 2048w\" sizes=\"(max-width: 1024px) 100vw, 1024px\" \/><\/a><\/figure><\/li><\/ul><\/figure>\n\n\n\n<p><\/p>\n","protected":false},"excerpt":{"rendered":"<p>Plusieurs fois report\u00e9e, cette sensibilisation a pu finalement se tenir ce mercredi soir en l&rsquo;absence d&rsquo;entra\u00eenement de natation due \u00e0 la fermeture de la piscine&#8230; Jean Da Eira formateur des arbitres au sein de la Ligue , accompagn\u00e9 de Nicole Lukowitz nouvelle arbitre du club et des \u00e9ducateurs : Sophie, Beno\u00eet, Arnaud et Aur\u00e9lien. quelques [&hellip;]<\/p>\n","protected":false},"author":5,"featured_media":5021,"comment_status":"open","ping_status":"open","sticky":false,"template":"","format":"standard","meta":{"spay_email":"","jetpack_publicize_message":"","jetpack_is_tweetstorm":false},"categories":[1],"tags":[],"jetpack_featured_media_url":"https:\/\/www.montceautriathlon.com\/blog\/wp-content\/uploads\/2022\/04\/arbitrage-4-scaled.jpg","jetpack_publicize_connections":[],"jetpack_sharing_enabled":true,"jetpack_shortlink":"https:\/\/wp.me\/p8bwIy-1iV","jetpack-related-posts":[{"id":5108,"url":"https:\/\/www.montceautriathlon.com\/blog\/2022\/06\/08\/france-unss-de-triathlon-trois-jeunes-du-club-presents\/","url_meta":{"origin":5017,"position":0},"title":"France UNSS de triathlon : trois jeunes du club pr\u00e9sents !","date":"8 juin 2022","format":false,"excerpt":"Les Championnats de France UNSS de Triathlon ont eu lieu les 31 mai et 1er juin \u00e0 Ch\u00e2teauroux. Trois jeunes de Montceau Triathlon \u00e9taient pr\u00e9sents:\u00b0 Zo\u00e9 Da Eira\u00a0 avec ses 3 partenaires non licenci\u00e9s: Eug\u00e9nie, Maxime et Simon repr\u00e9sentant le coll\u00e8ge Jean Moulin de Montceau les Mines. Ils \u00e9taient accompagn\u00e9s\u2026","rel":"","context":"Dans &quot;Non class\u00e9&quot;","img":{"alt_text":"","src":"https:\/\/i1.wp.com\/www.montceautriathlon.com\/blog\/wp-content\/uploads\/2022\/06\/IMG_7417.jpg?resize=350%2C200&ssl=1","width":350,"height":200},"classes":[]},{"id":4937,"url":"https:\/\/www.montceautriathlon.com\/blog\/2022\/03\/30\/mercredi-23-mars-intervention-de-lassociation-le-colosse-aux-pieds-dargile\/","url_meta":{"origin":5017,"position":1},"title":"Mercredi 23 mars, intervention de l&rsquo;association Le Colosse aux Pieds d&rsquo;argile.","date":"30 mars 2022","format":false,"excerpt":"NE LAISSONS PAS LES VIOLENCES GAGNER DU TERRAIN ! Le club a organis\u00e9 une demi-journ\u00e9e d'information et de sensibilisation sur les violences et agressions sexuelles dans le sport en collaboration avec l'Internat d'Excellence du lyc\u00e9e H. Parriat. Cette sensibilisation visait \u00e0 informer, expliquer, sensibiliser et prot\u00e9ger les jeunes mais aussi\u2026","rel":"","context":"Dans &quot;Non class\u00e9&quot;","img":{"alt_text":"","src":"https:\/\/i2.wp.com\/www.montceautriathlon.com\/blog\/wp-content\/uploads\/2022\/03\/sport-2403223.jpg?resize=350%2C200&ssl=1","width":350,"height":200},"classes":[]},{"id":5569,"url":"https:\/\/www.montceautriathlon.com\/blog\/2023\/02\/06\/rando-pedestre-la-jean-moulin\/","url_meta":{"origin":5017,"position":2},"title":"Rando P\u00e9destre \u00ab\u00a0La Jean Moulin\u00a0\u00bb","date":"6 f\u00e9vrier 2023","format":false,"excerpt":"C'est le dimanche 29 janvier que certains licenci\u00e9s du club se sont r\u00e9unis pour cet \u00e9v\u00e9nement. Une marche gourmande transform\u00e9e en course gourmande. 13km ou 20km ils ont brav\u00e9 le froid et la boue pour courir dans la joie et la bonne humeur. Sans compter sur les ravitos qui \u00e9taient\u2026","rel":"","context":"Dans &quot;Non class\u00e9&quot;","img":{"alt_text":"","src":"https:\/\/i0.wp.com\/www.montceautriathlon.com\/blog\/wp-content\/uploads\/2023\/02\/image_50728193-scaled.jpg?resize=350%2C200&ssl=1","width":350,"height":200},"classes":[]},{"id":5189,"url":"https:\/\/www.montceautriathlon.com\/blog\/2022\/08\/16\/quelques-resultats-estivaux-entre-chaleur-et-cyanobacteries\/","url_meta":{"origin":5017,"position":3},"title":"quelques r\u00e9sultats estivaux entre chaleur et cyanobact\u00e9ries !","date":"16 ao\u00fbt 2022","format":false,"excerpt":"Les triathl\u00e8tes de Montceau se sont d\u00e9plac\u00e9s sur les \u00e9preuves de la r\u00e9gion: Triathlon Gray le 23 juillet 2022Berteline \u00e9tait la seule repr\u00e9sentante du club et termine 1e au scratch sur l'\u00e9preuve des 6\/9ans. Triathlon de Dole le 31 juillet 2022Sur les 28 participants de la course 6\/9 ans Berteline\u2026","rel":"","context":"Dans &quot;Non class\u00e9&quot;","img":{"alt_text":"","src":"https:\/\/i2.wp.com\/www.montceautriathlon.com\/blog\/wp-content\/uploads\/2022\/09\/IMG_20220814_115057-scaled.jpg?resize=350%2C200&ssl=1","width":350,"height":200},"classes":[]},{"id":1840,"url":"https:\/\/www.montceautriathlon.com\/blog\/2018\/03\/26\/bike-run-de-vauzelles-25-03-2018\/","url_meta":{"origin":5017,"position":4},"title":"Bike &#038; Run de Vauzelles 25\/03\/2018","date":"26 mars 2018","format":false,"excerpt":"D\u00e9placement pr\u00e8s de Nevers ce dimanche 25 mars pour trois duos du club qui affichent leurs pr\u00e9tentions dans les diff\u00e9rents classements propos\u00e9s. 75 \u00e9quipes class\u00e9es sur un parcours de 13km. Les Touristes Montceliennes auront ram\u00e9 dur en ce jour des rameaux pour finir \u00e0 la premi\u00e8re place des v\u00e9t\u00e9ranes. Elles\u2026","rel":"","context":"Dans &quot;Non class\u00e9&quot;","img":{"alt_text":"","src":"","width":0,"height":0},"classes":[]},{"id":3717,"url":"https:\/\/www.montceautriathlon.com\/blog\/2020\/07\/28\/26-juilletweek-end-aux-grands-parcs-succes-de-lanimation-duathlon\/","url_meta":{"origin":5017,"position":5},"title":"26 juillet,week-end aux Grands Parcs : succ\u00e8s de l&rsquo;animation duathlon","date":"28 juillet 2020","format":false,"excerpt":"Ce dimanche 26 juillet, le club a propos\u00e9 une initiation duathlon dans le cadre de l'animation propos\u00e9e par la municipalit\u00e9 de Montceau au beau milieu de la petite ferme. De nombreuses familles \u00e9taient pr\u00e9sentes sur site. Cette animation avec parcours de maniabilit\u00e9 du v\u00e9lo et mini encha\u00eenement duathlon a \u00e9t\u00e9\u2026","rel":"","context":"Dans &quot;Non class\u00e9&quot;","img":{"alt_text":"","src":"https:\/\/i1.wp.com\/montceautriathlon.com\/blog\/wp-content\/uploads\/2020\/07\/WE-GP-1-300x225.jpg?resize=350%2C200","width":350,"height":200},"classes":[]}],"_links":{"self":[{"href":"https:\/\/www.montceautriathlon.com\/blog\/wp-json\/wp\/v2\/posts\/5017"}],"collection":[{"href":"https:\/\/www.montceautriathlon.com\/blog\/wp-json\/wp\/v2\/posts"}],"about":[{"href":"https:\/\/www.montceautriathlon.com\/blog\/wp-json\/wp\/v2\/types\/post"}],"author":[{"embeddable":true,"href":"https:\/\/www.montceautriathlon.com\/blog\/wp-json\/wp\/v2\/users\/5"}],"replies":[{"embeddable":true,"href":"https:\/\/www.montceautriathlon.com\/blog\/wp-json\/wp\/v2\/comments?post=5017"}],"version-history":[{"count":1,"href":"https:\/\/www.montceautriathlon.com\/blog\/wp-json\/wp\/v2\/posts\/5017\/revisions"}],"predecessor-version":[{"id":5024,"href":"https:\/\/www.montceautriathlon.com\/blog\/wp-json\/wp\/v2\/posts\/5017\/revisions\/5024"}],"wp:featuredmedia":[{"embeddable":true,"href":"https:\/\/www.montceautriathlon.com\/blog\/wp-json\/wp\/v2\/media\/5021"}],"wp:attachment":[{"href":"https:\/\/www.montceautriathlon.com\/blog\/wp-json\/wp\/v2\/media?parent=5017"}],"wp:term":[{"taxonomy":"category","embeddable":true,"href":"https:\/\/www.montceautriathlon.com\/blog\/wp-json\/wp\/v2\/categories?post=5017"},{"taxonomy":"post_tag","embeddable":true,"href":"https:\/\/www.montceautriathlon.com\/blog\/wp-json\/wp\/v2\/tags?post=5017"}],"curies":[{"name":"wp","href":"https:\/\/api.w.org\/{rel}","templated":true}]}}