{"id":4954,"date":"2022-04-06T17:06:16","date_gmt":"2022-04-06T16:06:16","guid":{"rendered":"https:\/\/www.montceautriathlon.com\/blog\/?p=4954"},"modified":"2022-04-06T17:06:22","modified_gmt":"2022-04-06T16:06:22","slug":"duathlon-de-macon-le-club-bien-represente-des-podiums-pour-lecole-et-une-belle-qualif","status":"publish","type":"post","link":"https:\/\/www.montceautriathlon.com\/blog\/2022\/04\/06\/duathlon-de-macon-le-club-bien-represente-des-podiums-pour-lecole-et-une-belle-qualif\/","title":{"rendered":"Duathlon de M\u00e2con : Le club bien repr\u00e9sent\u00e9, des podiums pour l&rsquo;\u00e9cole et une belle qualif !"},"content":{"rendered":"\n<p>Berteline 1\u00e8re au scratch en J1,  dominatrice tout au long de la course !<\/p>\n\n\n\n<p>Jeanne qualifi\u00e9e pour les France de duathlon  pour la deuxi\u00e8me ann\u00e9e cons\u00e9cutive  2\u00e8me minime F !<\/p>\n\n\n\n<p>Titouan 2\u00e8me au scratch des J2 apr\u00e8s avoir longtemps fait la course en t\u00eate !<\/p>\n\n\n\n<p>Aristide 3\u00e8me pupille ! <\/p>\n\n\n\n<p>Tiana Magnien  2\u00e8me mini poussine !<\/p>\n\n\n\n<p>Beaucoup d&rsquo;encouragements \u00e0 Maelle qui a d\u00e9couvert le duathlon sur une course XS tr\u00e8s relev\u00e9e.<\/p>\n\n\n\n<p>Bravo aux adultes sur les courses XS et S qui ont eu fort \u00e0 faire au milieu de tant de jeunesse ! !<\/p>\n\n\n\n<p><span style=\"text-decoration: underline;\">tous les r\u00e9sultats ci-dessous <\/span>:<\/p>\n\n\n\n<p><strong>Course 6\/9 ans:<\/strong>Berteline Marionnet\u00a0 1e au scratch, 1e poussine &#x1f3c5;<br>Gabrielle Turpin 7e au scratch, 6e poussine,; Paul Ballot 20e au scratch, 7e poussin;  Lou Coline Verrier\u00a0 21e au scratch, 11e poussin ; Come Dessagne\u00a0 32e, 5e mini poussin<br>Rachel Dugne 33e, 18e poussine<br>Tiana Magnien 35e, 2e mini poussine &#x1f3c5;<\/p>\n\n\n\n<p><strong>Course 10\/13 ans:<\/strong>Titouan Rondier\u00a0 2e au scrtach, 2e benjamin &#x1f3c5;<br>Aristide Moreau\u00a0 14e, 3e pupille H &#x1f3c5;<br>Oscar Turpin 16e, 4e pupille H<br>Paul Cillo 21e, 14e benjamin;  Emile Fossier 26e et 7e pupille ; HEl\u00e9a B\u00e9rardan 27e, 4e benjamine ; Nino B\u00e9rardan 34e, 10e pupille ; HEliott Lhote 39e, 18e benjamin ; Axelle Da Eira 51e, 4e pupilleF ; Eulalie L ollivier 66e, 13e benjamine ; Timot\u00e9 Rogojinaru\u00a0 67e, 24 pupille H<br><\/p>\n\n\n\n<p><strong>Course XS<\/strong>Jeanne Rondier 15e au scratch , 2e minime F &#x1f3c5; <em><strong>S\u00e9lectionn\u00e9e au championnat de France de Duathlon<\/strong><\/em><br>L\u00e9o Kostine 16e , 12 minime H;  Joshua Vandaele\u00a0 42e , 30e minime H ; Emma Dufour 64e, 15e minime F ; Zo\u00e9 Da Eira 69e, 16e minime F<br><\/p>\n\n\n\n<p><strong>Course S s\u00e9lectif<\/strong><br>Marine Da Eira 31e, 13e cadette ;  Maelle Di Giorgio DNF<br><\/p>\n\n\n\n<p><strong>Course D3 hommes<\/strong> : Cyrille B\u00e9rardan 66e au scratch, 5e V1 ; Tom ghesqui\u00e8re 72e, 11e S1 ;Aur\u00e9lien L Ollivier 79e, 5e V2<br><\/p>\n\n\n\n<p><strong>Course S op<u>en:<\/u><\/strong>Arnaud Rondier 36e au scratch, 4e V2 ; Catherine Piter 42e; 1 V3 ; Alice Vaury 53e, 2e S2<\/p>\n\n\n\n<figure class=\"wp-block-gallery columns-3 is-cropped\"><ul data-carousel-extra='{\"blog_id\":1,\"permalink\":\"https:\\\/\\\/www.montceautriathlon.com\\\/blog\\\/2022\\\/04\\\/06\\\/duathlon-de-macon-le-club-bien-represente-des-podiums-pour-lecole-et-une-belle-qualif\\\/\"}' class=\"blocks-gallery-grid\"><li class=\"blocks-gallery-item\"><figure><a href=\"https:\/\/www.montceautriathlon.com\/blog\/wp-content\/uploads\/2022\/04\/IMG-20220403-WA0002.jpg\"><img data-attachment-id=\"4965\" data-permalink=\"https:\/\/www.montceautriathlon.com\/blog\/img-20220403-wa0002\/\" data-orig-file=\"https:\/\/www.montceautriathlon.com\/blog\/wp-content\/uploads\/2022\/04\/IMG-20220403-WA0002.jpg\" data-orig-size=\"1124,2048\" data-comments-opened=\"1\" data-image-meta=\"{&quot;aperture&quot;:&quot;0&quot;,&quot;credit&quot;:&quot;&quot;,&quot;camera&quot;:&quot;&quot;,&quot;caption&quot;:&quot;&quot;,&quot;created_timestamp&quot;:&quot;0&quot;,&quot;copyright&quot;:&quot;&quot;,&quot;focal_length&quot;:&quot;0&quot;,&quot;iso&quot;:&quot;0&quot;,&quot;shutter_speed&quot;:&quot;0&quot;,&quot;title&quot;:&quot;&quot;,&quot;orientation&quot;:&quot;0&quot;}\" data-image-title=\"IMG-20220403-WA0002\" data-image-description=\"\" data-image-caption=\"\" data-medium-file=\"https:\/\/www.montceautriathlon.com\/blog\/wp-content\/uploads\/2022\/04\/IMG-20220403-WA0002-165x300.jpg\" data-large-file=\"https:\/\/www.montceautriathlon.com\/blog\/wp-content\/uploads\/2022\/04\/IMG-20220403-WA0002-562x1024.jpg\" loading=\"lazy\" width=\"562\" height=\"1024\" src=\"https:\/\/www.montceautriathlon.com\/blog\/wp-content\/uploads\/2022\/04\/IMG-20220403-WA0002-562x1024.jpg\" alt=\"\" data-id=\"4965\" data-full-url=\"https:\/\/www.montceautriathlon.com\/blog\/wp-content\/uploads\/2022\/04\/IMG-20220403-WA0002.jpg\" data-link=\"https:\/\/www.montceautriathlon.com\/blog\/img-20220403-wa0002\/\" class=\"wp-image-4965\" srcset=\"https:\/\/www.montceautriathlon.com\/blog\/wp-content\/uploads\/2022\/04\/IMG-20220403-WA0002-562x1024.jpg 562w, https:\/\/www.montceautriathlon.com\/blog\/wp-content\/uploads\/2022\/04\/IMG-20220403-WA0002-165x300.jpg 165w, https:\/\/www.montceautriathlon.com\/blog\/wp-content\/uploads\/2022\/04\/IMG-20220403-WA0002-768x1399.jpg 768w, https:\/\/www.montceautriathlon.com\/blog\/wp-content\/uploads\/2022\/04\/IMG-20220403-WA0002-843x1536.jpg 843w, https:\/\/www.montceautriathlon.com\/blog\/wp-content\/uploads\/2022\/04\/IMG-20220403-WA0002.jpg 1124w\" sizes=\"(max-width: 562px) 100vw, 562px\" \/><\/a><\/figure><\/li><li class=\"blocks-gallery-item\"><figure><a href=\"https:\/\/www.montceautriathlon.com\/blog\/wp-content\/uploads\/2022\/04\/IMG-20220403-WA0001.jpg\"><img data-attachment-id=\"4964\" data-permalink=\"https:\/\/www.montceautriathlon.com\/blog\/img-20220403-wa0001\/\" data-orig-file=\"https:\/\/www.montceautriathlon.com\/blog\/wp-content\/uploads\/2022\/04\/IMG-20220403-WA0001.jpg\" data-orig-size=\"1496,2048\" data-comments-opened=\"1\" data-image-meta=\"{&quot;aperture&quot;:&quot;0&quot;,&quot;credit&quot;:&quot;&quot;,&quot;camera&quot;:&quot;&quot;,&quot;caption&quot;:&quot;&quot;,&quot;created_timestamp&quot;:&quot;0&quot;,&quot;copyright&quot;:&quot;&quot;,&quot;focal_length&quot;:&quot;0&quot;,&quot;iso&quot;:&quot;0&quot;,&quot;shutter_speed&quot;:&quot;0&quot;,&quot;title&quot;:&quot;&quot;,&quot;orientation&quot;:&quot;0&quot;}\" data-image-title=\"IMG-20220403-WA0001\" data-image-description=\"\" data-image-caption=\"\" data-medium-file=\"https:\/\/www.montceautriathlon.com\/blog\/wp-content\/uploads\/2022\/04\/IMG-20220403-WA0001-219x300.jpg\" data-large-file=\"https:\/\/www.montceautriathlon.com\/blog\/wp-content\/uploads\/2022\/04\/IMG-20220403-WA0001-748x1024.jpg\" loading=\"lazy\" width=\"748\" height=\"1024\" src=\"https:\/\/www.montceautriathlon.com\/blog\/wp-content\/uploads\/2022\/04\/IMG-20220403-WA0001-748x1024.jpg\" alt=\"\" data-id=\"4964\" data-full-url=\"https:\/\/www.montceautriathlon.com\/blog\/wp-content\/uploads\/2022\/04\/IMG-20220403-WA0001.jpg\" data-link=\"https:\/\/www.montceautriathlon.com\/blog\/img-20220403-wa0001\/\" class=\"wp-image-4964\" srcset=\"https:\/\/www.montceautriathlon.com\/blog\/wp-content\/uploads\/2022\/04\/IMG-20220403-WA0001-748x1024.jpg 748w, https:\/\/www.montceautriathlon.com\/blog\/wp-content\/uploads\/2022\/04\/IMG-20220403-WA0001-219x300.jpg 219w, https:\/\/www.montceautriathlon.com\/blog\/wp-content\/uploads\/2022\/04\/IMG-20220403-WA0001-768x1051.jpg 768w, https:\/\/www.montceautriathlon.com\/blog\/wp-content\/uploads\/2022\/04\/IMG-20220403-WA0001-1122x1536.jpg 1122w, https:\/\/www.montceautriathlon.com\/blog\/wp-content\/uploads\/2022\/04\/IMG-20220403-WA0001.jpg 1496w\" sizes=\"(max-width: 748px) 100vw, 748px\" \/><\/a><\/figure><\/li><li class=\"blocks-gallery-item\"><figure><a href=\"https:\/\/www.montceautriathlon.com\/blog\/wp-content\/uploads\/2022\/04\/IMG-20220403-WA0003.jpg\"><img data-attachment-id=\"4966\" data-permalink=\"https:\/\/www.montceautriathlon.com\/blog\/img-20220403-wa0003\/\" data-orig-file=\"https:\/\/www.montceautriathlon.com\/blog\/wp-content\/uploads\/2022\/04\/IMG-20220403-WA0003.jpg\" data-orig-size=\"2000,1500\" data-comments-opened=\"1\" data-image-meta=\"{&quot;aperture&quot;:&quot;0&quot;,&quot;credit&quot;:&quot;&quot;,&quot;camera&quot;:&quot;&quot;,&quot;caption&quot;:&quot;&quot;,&quot;created_timestamp&quot;:&quot;0&quot;,&quot;copyright&quot;:&quot;&quot;,&quot;focal_length&quot;:&quot;0&quot;,&quot;iso&quot;:&quot;0&quot;,&quot;shutter_speed&quot;:&quot;0&quot;,&quot;title&quot;:&quot;&quot;,&quot;orientation&quot;:&quot;0&quot;}\" data-image-title=\"IMG-20220403-WA0003\" data-image-description=\"\" data-image-caption=\"\" data-medium-file=\"https:\/\/www.montceautriathlon.com\/blog\/wp-content\/uploads\/2022\/04\/IMG-20220403-WA0003-300x225.jpg\" data-large-file=\"https:\/\/www.montceautriathlon.com\/blog\/wp-content\/uploads\/2022\/04\/IMG-20220403-WA0003-1024x768.jpg\" loading=\"lazy\" width=\"1024\" height=\"768\" src=\"https:\/\/www.montceautriathlon.com\/blog\/wp-content\/uploads\/2022\/04\/IMG-20220403-WA0003-1024x768.jpg\" alt=\"\" data-id=\"4966\" data-full-url=\"https:\/\/www.montceautriathlon.com\/blog\/wp-content\/uploads\/2022\/04\/IMG-20220403-WA0003.jpg\" data-link=\"https:\/\/www.montceautriathlon.com\/blog\/img-20220403-wa0003\/\" class=\"wp-image-4966\" srcset=\"https:\/\/www.montceautriathlon.com\/blog\/wp-content\/uploads\/2022\/04\/IMG-20220403-WA0003-1024x768.jpg 1024w, https:\/\/www.montceautriathlon.com\/blog\/wp-content\/uploads\/2022\/04\/IMG-20220403-WA0003-300x225.jpg 300w, https:\/\/www.montceautriathlon.com\/blog\/wp-content\/uploads\/2022\/04\/IMG-20220403-WA0003-768x576.jpg 768w, https:\/\/www.montceautriathlon.com\/blog\/wp-content\/uploads\/2022\/04\/IMG-20220403-WA0003-1536x1152.jpg 1536w, https:\/\/www.montceautriathlon.com\/blog\/wp-content\/uploads\/2022\/04\/IMG-20220403-WA0003.jpg 2000w\" sizes=\"(max-width: 1024px) 100vw, 1024px\" \/><\/a><\/figure><\/li><li class=\"blocks-gallery-item\"><figure><a href=\"https:\/\/www.montceautriathlon.com\/blog\/wp-content\/uploads\/2022\/04\/marionnet-giannini-barteline-de-montceau-triathlon-a-gagne-la-course-des-6-9-ans-photo-jsl-cristian-todea-1649001284.jpg\"><img data-attachment-id=\"4967\" data-permalink=\"https:\/\/www.montceautriathlon.com\/blog\/marionnet-giannini-barteline-de-montceau-triathlon-a-gagne-la-course-des-6-9-ans-photo-jsl-cristian-todea-1649001284\/\" data-orig-file=\"https:\/\/www.montceautriathlon.com\/blog\/wp-content\/uploads\/2022\/04\/marionnet-giannini-barteline-de-montceau-triathlon-a-gagne-la-course-des-6-9-ans-photo-jsl-cristian-todea-1649001284.jpg\" data-orig-size=\"473,265\" data-comments-opened=\"1\" data-image-meta=\"{&quot;aperture&quot;:&quot;0&quot;,&quot;credit&quot;:&quot;&quot;,&quot;camera&quot;:&quot;&quot;,&quot;caption&quot;:&quot;&quot;,&quot;created_timestamp&quot;:&quot;0&quot;,&quot;copyright&quot;:&quot;&quot;,&quot;focal_length&quot;:&quot;0&quot;,&quot;iso&quot;:&quot;0&quot;,&quot;shutter_speed&quot;:&quot;0&quot;,&quot;title&quot;:&quot;&quot;,&quot;orientation&quot;:&quot;1&quot;}\" data-image-title=\"marionnet-giannini-barteline-de-montceau-triathlon-a-gagne-la-course-des-6-9-ans-photo-jsl-cristian-todea-1649001284\" data-image-description=\"\" data-image-caption=\"\" data-medium-file=\"https:\/\/www.montceautriathlon.com\/blog\/wp-content\/uploads\/2022\/04\/marionnet-giannini-barteline-de-montceau-triathlon-a-gagne-la-course-des-6-9-ans-photo-jsl-cristian-todea-1649001284-300x168.jpg\" data-large-file=\"https:\/\/www.montceautriathlon.com\/blog\/wp-content\/uploads\/2022\/04\/marionnet-giannini-barteline-de-montceau-triathlon-a-gagne-la-course-des-6-9-ans-photo-jsl-cristian-todea-1649001284.jpg\" loading=\"lazy\" width=\"473\" height=\"265\" src=\"https:\/\/www.montceautriathlon.com\/blog\/wp-content\/uploads\/2022\/04\/marionnet-giannini-barteline-de-montceau-triathlon-a-gagne-la-course-des-6-9-ans-photo-jsl-cristian-todea-1649001284.jpg\" alt=\"\" data-id=\"4967\" data-full-url=\"https:\/\/www.montceautriathlon.com\/blog\/wp-content\/uploads\/2022\/04\/marionnet-giannini-barteline-de-montceau-triathlon-a-gagne-la-course-des-6-9-ans-photo-jsl-cristian-todea-1649001284.jpg\" data-link=\"https:\/\/www.montceautriathlon.com\/blog\/marionnet-giannini-barteline-de-montceau-triathlon-a-gagne-la-course-des-6-9-ans-photo-jsl-cristian-todea-1649001284\/\" class=\"wp-image-4967\" srcset=\"https:\/\/www.montceautriathlon.com\/blog\/wp-content\/uploads\/2022\/04\/marionnet-giannini-barteline-de-montceau-triathlon-a-gagne-la-course-des-6-9-ans-photo-jsl-cristian-todea-1649001284.jpg 473w, https:\/\/www.montceautriathlon.com\/blog\/wp-content\/uploads\/2022\/04\/marionnet-giannini-barteline-de-montceau-triathlon-a-gagne-la-course-des-6-9-ans-photo-jsl-cristian-todea-1649001284-300x168.jpg 300w\" sizes=\"(max-width: 473px) 100vw, 473px\" \/><\/a><\/figure><\/li><li class=\"blocks-gallery-item\"><figure><a href=\"https:\/\/www.montceautriathlon.com\/blog\/wp-content\/uploads\/2022\/04\/IMG-20220403-WA0000.jpg\"><img data-attachment-id=\"4963\" data-permalink=\"https:\/\/www.montceautriathlon.com\/blog\/img-20220403-wa0000\/\" data-orig-file=\"https:\/\/www.montceautriathlon.com\/blog\/wp-content\/uploads\/2022\/04\/IMG-20220403-WA0000.jpg\" data-orig-size=\"1153,2048\" data-comments-opened=\"1\" data-image-meta=\"{&quot;aperture&quot;:&quot;0&quot;,&quot;credit&quot;:&quot;&quot;,&quot;camera&quot;:&quot;&quot;,&quot;caption&quot;:&quot;&quot;,&quot;created_timestamp&quot;:&quot;0&quot;,&quot;copyright&quot;:&quot;&quot;,&quot;focal_length&quot;:&quot;0&quot;,&quot;iso&quot;:&quot;0&quot;,&quot;shutter_speed&quot;:&quot;0&quot;,&quot;title&quot;:&quot;&quot;,&quot;orientation&quot;:&quot;0&quot;}\" data-image-title=\"IMG-20220403-WA0000\" data-image-description=\"\" data-image-caption=\"\" data-medium-file=\"https:\/\/www.montceautriathlon.com\/blog\/wp-content\/uploads\/2022\/04\/IMG-20220403-WA0000-169x300.jpg\" data-large-file=\"https:\/\/www.montceautriathlon.com\/blog\/wp-content\/uploads\/2022\/04\/IMG-20220403-WA0000-577x1024.jpg\" loading=\"lazy\" width=\"577\" height=\"1024\" src=\"https:\/\/www.montceautriathlon.com\/blog\/wp-content\/uploads\/2022\/04\/IMG-20220403-WA0000-577x1024.jpg\" alt=\"\" data-id=\"4963\" data-full-url=\"https:\/\/www.montceautriathlon.com\/blog\/wp-content\/uploads\/2022\/04\/IMG-20220403-WA0000.jpg\" data-link=\"https:\/\/www.montceautriathlon.com\/blog\/img-20220403-wa0000\/\" class=\"wp-image-4963\" srcset=\"https:\/\/www.montceautriathlon.com\/blog\/wp-content\/uploads\/2022\/04\/IMG-20220403-WA0000-577x1024.jpg 577w, https:\/\/www.montceautriathlon.com\/blog\/wp-content\/uploads\/2022\/04\/IMG-20220403-WA0000-169x300.jpg 169w, https:\/\/www.montceautriathlon.com\/blog\/wp-content\/uploads\/2022\/04\/IMG-20220403-WA0000-768x1364.jpg 768w, https:\/\/www.montceautriathlon.com\/blog\/wp-content\/uploads\/2022\/04\/IMG-20220403-WA0000-865x1536.jpg 865w, https:\/\/www.montceautriathlon.com\/blog\/wp-content\/uploads\/2022\/04\/IMG-20220403-WA0000.jpg 1153w\" sizes=\"(max-width: 577px) 100vw, 577px\" \/><\/a><\/figure><\/li><li class=\"blocks-gallery-item\"><figure><a href=\"https:\/\/www.montceautriathlon.com\/blog\/wp-content\/uploads\/2022\/04\/riche-zelie-de-triathlon-macon-club-a-termine-deuxieme-la-course-des-poussins-filles-photo-jsl-cristian-todea-1649001284.jpg\"><img data-attachment-id=\"4968\" data-permalink=\"https:\/\/www.montceautriathlon.com\/blog\/riche-zelie-de-triathlon-macon-club-a-termine-deuxieme-la-course-des-poussins-filles-photo-jsl-cristian-todea-1649001284\/\" data-orig-file=\"https:\/\/www.montceautriathlon.com\/blog\/wp-content\/uploads\/2022\/04\/riche-zelie-de-triathlon-macon-club-a-termine-deuxieme-la-course-des-poussins-filles-photo-jsl-cristian-todea-1649001284.jpg\" data-orig-size=\"473,265\" data-comments-opened=\"1\" data-image-meta=\"{&quot;aperture&quot;:&quot;0&quot;,&quot;credit&quot;:&quot;&quot;,&quot;camera&quot;:&quot;&quot;,&quot;caption&quot;:&quot;&quot;,&quot;created_timestamp&quot;:&quot;0&quot;,&quot;copyright&quot;:&quot;&quot;,&quot;focal_length&quot;:&quot;0&quot;,&quot;iso&quot;:&quot;0&quot;,&quot;shutter_speed&quot;:&quot;0&quot;,&quot;title&quot;:&quot;&quot;,&quot;orientation&quot;:&quot;1&quot;}\" data-image-title=\"riche-zelie-de-triathlon-macon-club-a-termine-deuxieme-la-course-des-poussins-filles-photo-jsl-cristian-todea-1649001284\" data-image-description=\"\" data-image-caption=\"\" data-medium-file=\"https:\/\/www.montceautriathlon.com\/blog\/wp-content\/uploads\/2022\/04\/riche-zelie-de-triathlon-macon-club-a-termine-deuxieme-la-course-des-poussins-filles-photo-jsl-cristian-todea-1649001284-300x168.jpg\" data-large-file=\"https:\/\/www.montceautriathlon.com\/blog\/wp-content\/uploads\/2022\/04\/riche-zelie-de-triathlon-macon-club-a-termine-deuxieme-la-course-des-poussins-filles-photo-jsl-cristian-todea-1649001284.jpg\" loading=\"lazy\" width=\"473\" height=\"265\" src=\"https:\/\/www.montceautriathlon.com\/blog\/wp-content\/uploads\/2022\/04\/riche-zelie-de-triathlon-macon-club-a-termine-deuxieme-la-course-des-poussins-filles-photo-jsl-cristian-todea-1649001284.jpg\" alt=\"\" data-id=\"4968\" data-full-url=\"https:\/\/www.montceautriathlon.com\/blog\/wp-content\/uploads\/2022\/04\/riche-zelie-de-triathlon-macon-club-a-termine-deuxieme-la-course-des-poussins-filles-photo-jsl-cristian-todea-1649001284.jpg\" data-link=\"https:\/\/www.montceautriathlon.com\/blog\/riche-zelie-de-triathlon-macon-club-a-termine-deuxieme-la-course-des-poussins-filles-photo-jsl-cristian-todea-1649001284\/\" class=\"wp-image-4968\" srcset=\"https:\/\/www.montceautriathlon.com\/blog\/wp-content\/uploads\/2022\/04\/riche-zelie-de-triathlon-macon-club-a-termine-deuxieme-la-course-des-poussins-filles-photo-jsl-cristian-todea-1649001284.jpg 473w, https:\/\/www.montceautriathlon.com\/blog\/wp-content\/uploads\/2022\/04\/riche-zelie-de-triathlon-macon-club-a-termine-deuxieme-la-course-des-poussins-filles-photo-jsl-cristian-todea-1649001284-300x168.jpg 300w\" sizes=\"(max-width: 473px) 100vw, 473px\" \/><\/a><\/figure><\/li><li class=\"blocks-gallery-item\"><figure><a href=\"https:\/\/www.montceautriathlon.com\/blog\/wp-content\/uploads\/2022\/04\/IMG-1856-scaled.jpg\"><img data-attachment-id=\"4959\" data-permalink=\"https:\/\/www.montceautriathlon.com\/blog\/img-1856\/\" data-orig-file=\"https:\/\/www.montceautriathlon.com\/blog\/wp-content\/uploads\/2022\/04\/IMG-1856-scaled.jpg\" data-orig-size=\"1920,2560\" data-comments-opened=\"1\" data-image-meta=\"{&quot;aperture&quot;:&quot;1.8&quot;,&quot;credit&quot;:&quot;&quot;,&quot;camera&quot;:&quot;iPhone 11&quot;,&quot;caption&quot;:&quot;&quot;,&quot;created_timestamp&quot;:&quot;1648978935&quot;,&quot;copyright&quot;:&quot;&quot;,&quot;focal_length&quot;:&quot;4.25&quot;,&quot;iso&quot;:&quot;32&quot;,&quot;shutter_speed&quot;:&quot;0.0025706940874036&quot;,&quot;title&quot;:&quot;&quot;,&quot;orientation&quot;:&quot;1&quot;}\" data-image-title=\"IMG-1856\" data-image-description=\"\" data-image-caption=\"\" data-medium-file=\"https:\/\/www.montceautriathlon.com\/blog\/wp-content\/uploads\/2022\/04\/IMG-1856-225x300.jpg\" data-large-file=\"https:\/\/www.montceautriathlon.com\/blog\/wp-content\/uploads\/2022\/04\/IMG-1856-768x1024.jpg\" loading=\"lazy\" width=\"768\" height=\"1024\" src=\"https:\/\/www.montceautriathlon.com\/blog\/wp-content\/uploads\/2022\/04\/IMG-1856-768x1024.jpg\" alt=\"\" data-id=\"4959\" data-full-url=\"https:\/\/www.montceautriathlon.com\/blog\/wp-content\/uploads\/2022\/04\/IMG-1856-scaled.jpg\" data-link=\"https:\/\/www.montceautriathlon.com\/blog\/img-1856\/\" class=\"wp-image-4959\" srcset=\"https:\/\/www.montceautriathlon.com\/blog\/wp-content\/uploads\/2022\/04\/IMG-1856-768x1024.jpg 768w, https:\/\/www.montceautriathlon.com\/blog\/wp-content\/uploads\/2022\/04\/IMG-1856-225x300.jpg 225w, https:\/\/www.montceautriathlon.com\/blog\/wp-content\/uploads\/2022\/04\/IMG-1856-1152x1536.jpg 1152w, https:\/\/www.montceautriathlon.com\/blog\/wp-content\/uploads\/2022\/04\/IMG-1856-1536x2048.jpg 1536w, https:\/\/www.montceautriathlon.com\/blog\/wp-content\/uploads\/2022\/04\/IMG-1856-scaled.jpg 1920w\" sizes=\"(max-width: 768px) 100vw, 768px\" \/><\/a><\/figure><\/li><li class=\"blocks-gallery-item\"><figure><a href=\"https:\/\/www.montceautriathlon.com\/blog\/wp-content\/uploads\/2022\/04\/IMG-1859-scaled.jpg\"><img data-attachment-id=\"4960\" data-permalink=\"https:\/\/www.montceautriathlon.com\/blog\/img-1859\/\" data-orig-file=\"https:\/\/www.montceautriathlon.com\/blog\/wp-content\/uploads\/2022\/04\/IMG-1859-scaled.jpg\" data-orig-size=\"1920,2560\" data-comments-opened=\"1\" data-image-meta=\"{&quot;aperture&quot;:&quot;1.8&quot;,&quot;credit&quot;:&quot;&quot;,&quot;camera&quot;:&quot;iPhone 11&quot;,&quot;caption&quot;:&quot;&quot;,&quot;created_timestamp&quot;:&quot;1648978989&quot;,&quot;copyright&quot;:&quot;&quot;,&quot;focal_length&quot;:&quot;4.25&quot;,&quot;iso&quot;:&quot;32&quot;,&quot;shutter_speed&quot;:&quot;0.0013736263736264&quot;,&quot;title&quot;:&quot;&quot;,&quot;orientation&quot;:&quot;1&quot;}\" data-image-title=\"IMG-1859\" data-image-description=\"\" data-image-caption=\"\" data-medium-file=\"https:\/\/www.montceautriathlon.com\/blog\/wp-content\/uploads\/2022\/04\/IMG-1859-225x300.jpg\" data-large-file=\"https:\/\/www.montceautriathlon.com\/blog\/wp-content\/uploads\/2022\/04\/IMG-1859-768x1024.jpg\" loading=\"lazy\" width=\"768\" height=\"1024\" src=\"https:\/\/www.montceautriathlon.com\/blog\/wp-content\/uploads\/2022\/04\/IMG-1859-768x1024.jpg\" alt=\"\" data-id=\"4960\" data-full-url=\"https:\/\/www.montceautriathlon.com\/blog\/wp-content\/uploads\/2022\/04\/IMG-1859-scaled.jpg\" data-link=\"https:\/\/www.montceautriathlon.com\/blog\/img-1859\/\" class=\"wp-image-4960\" srcset=\"https:\/\/www.montceautriathlon.com\/blog\/wp-content\/uploads\/2022\/04\/IMG-1859-768x1024.jpg 768w, https:\/\/www.montceautriathlon.com\/blog\/wp-content\/uploads\/2022\/04\/IMG-1859-225x300.jpg 225w, https:\/\/www.montceautriathlon.com\/blog\/wp-content\/uploads\/2022\/04\/IMG-1859-1152x1536.jpg 1152w, https:\/\/www.montceautriathlon.com\/blog\/wp-content\/uploads\/2022\/04\/IMG-1859-1536x2048.jpg 1536w, https:\/\/www.montceautriathlon.com\/blog\/wp-content\/uploads\/2022\/04\/IMG-1859-scaled.jpg 1920w\" sizes=\"(max-width: 768px) 100vw, 768px\" \/><\/a><\/figure><\/li><li class=\"blocks-gallery-item\"><figure><a href=\"https:\/\/www.montceautriathlon.com\/blog\/wp-content\/uploads\/2022\/04\/deux-courses-etaient-reservees-aux-enfants-pour-cette-edition-du-duathlon-maconnais-photo-jsl-cristian-todea-1649001284.jpg\"><img data-attachment-id=\"4956\" data-permalink=\"https:\/\/www.montceautriathlon.com\/blog\/deux-courses-etaient-reservees-aux-enfants-pour-cette-edition-du-duathlon-maconnais-photo-jsl-cristian-todea-1649001284\/\" data-orig-file=\"https:\/\/www.montceautriathlon.com\/blog\/wp-content\/uploads\/2022\/04\/deux-courses-etaient-reservees-aux-enfants-pour-cette-edition-du-duathlon-maconnais-photo-jsl-cristian-todea-1649001284.jpg\" data-orig-size=\"473,265\" data-comments-opened=\"1\" data-image-meta=\"{&quot;aperture&quot;:&quot;0&quot;,&quot;credit&quot;:&quot;&quot;,&quot;camera&quot;:&quot;&quot;,&quot;caption&quot;:&quot;&quot;,&quot;created_timestamp&quot;:&quot;0&quot;,&quot;copyright&quot;:&quot;&quot;,&quot;focal_length&quot;:&quot;0&quot;,&quot;iso&quot;:&quot;0&quot;,&quot;shutter_speed&quot;:&quot;0&quot;,&quot;title&quot;:&quot;&quot;,&quot;orientation&quot;:&quot;1&quot;}\" data-image-title=\"deux-courses-etaient-reservees-aux-enfants-pour-cette-edition-du-duathlon-maconnais-photo-jsl-cristian-todea-1649001284\" data-image-description=\"\" data-image-caption=\"\" data-medium-file=\"https:\/\/www.montceautriathlon.com\/blog\/wp-content\/uploads\/2022\/04\/deux-courses-etaient-reservees-aux-enfants-pour-cette-edition-du-duathlon-maconnais-photo-jsl-cristian-todea-1649001284-300x168.jpg\" data-large-file=\"https:\/\/www.montceautriathlon.com\/blog\/wp-content\/uploads\/2022\/04\/deux-courses-etaient-reservees-aux-enfants-pour-cette-edition-du-duathlon-maconnais-photo-jsl-cristian-todea-1649001284.jpg\" loading=\"lazy\" width=\"473\" height=\"265\" src=\"https:\/\/www.montceautriathlon.com\/blog\/wp-content\/uploads\/2022\/04\/deux-courses-etaient-reservees-aux-enfants-pour-cette-edition-du-duathlon-maconnais-photo-jsl-cristian-todea-1649001284.jpg\" alt=\"\" data-id=\"4956\" data-full-url=\"https:\/\/www.montceautriathlon.com\/blog\/wp-content\/uploads\/2022\/04\/deux-courses-etaient-reservees-aux-enfants-pour-cette-edition-du-duathlon-maconnais-photo-jsl-cristian-todea-1649001284.jpg\" data-link=\"https:\/\/www.montceautriathlon.com\/blog\/deux-courses-etaient-reservees-aux-enfants-pour-cette-edition-du-duathlon-maconnais-photo-jsl-cristian-todea-1649001284\/\" class=\"wp-image-4956\" srcset=\"https:\/\/www.montceautriathlon.com\/blog\/wp-content\/uploads\/2022\/04\/deux-courses-etaient-reservees-aux-enfants-pour-cette-edition-du-duathlon-maconnais-photo-jsl-cristian-todea-1649001284.jpg 473w, https:\/\/www.montceautriathlon.com\/blog\/wp-content\/uploads\/2022\/04\/deux-courses-etaient-reservees-aux-enfants-pour-cette-edition-du-duathlon-maconnais-photo-jsl-cristian-todea-1649001284-300x168.jpg 300w\" sizes=\"(max-width: 473px) 100vw, 473px\" \/><\/a><\/figure><\/li><li class=\"blocks-gallery-item\"><figure><a href=\"https:\/\/www.montceautriathlon.com\/blog\/wp-content\/uploads\/2022\/04\/IMG-1892-scaled.jpg\"><img data-attachment-id=\"4961\" data-permalink=\"https:\/\/www.montceautriathlon.com\/blog\/img-1892\/\" data-orig-file=\"https:\/\/www.montceautriathlon.com\/blog\/wp-content\/uploads\/2022\/04\/IMG-1892-scaled.jpg\" data-orig-size=\"1920,2560\" data-comments-opened=\"1\" data-image-meta=\"{&quot;aperture&quot;:&quot;1.8&quot;,&quot;credit&quot;:&quot;&quot;,&quot;camera&quot;:&quot;iPhone 11&quot;,&quot;caption&quot;:&quot;&quot;,&quot;created_timestamp&quot;:&quot;1648983508&quot;,&quot;copyright&quot;:&quot;&quot;,&quot;focal_length&quot;:&quot;4.25&quot;,&quot;iso&quot;:&quot;32&quot;,&quot;shutter_speed&quot;:&quot;0.00060496067755596&quot;,&quot;title&quot;:&quot;&quot;,&quot;orientation&quot;:&quot;1&quot;}\" data-image-title=\"IMG-1892\" data-image-description=\"\" data-image-caption=\"\" data-medium-file=\"https:\/\/www.montceautriathlon.com\/blog\/wp-content\/uploads\/2022\/04\/IMG-1892-225x300.jpg\" data-large-file=\"https:\/\/www.montceautriathlon.com\/blog\/wp-content\/uploads\/2022\/04\/IMG-1892-768x1024.jpg\" loading=\"lazy\" width=\"768\" height=\"1024\" src=\"https:\/\/www.montceautriathlon.com\/blog\/wp-content\/uploads\/2022\/04\/IMG-1892-768x1024.jpg\" alt=\"\" data-id=\"4961\" data-full-url=\"https:\/\/www.montceautriathlon.com\/blog\/wp-content\/uploads\/2022\/04\/IMG-1892-scaled.jpg\" data-link=\"https:\/\/www.montceautriathlon.com\/blog\/img-1892\/\" class=\"wp-image-4961\" srcset=\"https:\/\/www.montceautriathlon.com\/blog\/wp-content\/uploads\/2022\/04\/IMG-1892-768x1024.jpg 768w, https:\/\/www.montceautriathlon.com\/blog\/wp-content\/uploads\/2022\/04\/IMG-1892-225x300.jpg 225w, https:\/\/www.montceautriathlon.com\/blog\/wp-content\/uploads\/2022\/04\/IMG-1892-1152x1536.jpg 1152w, https:\/\/www.montceautriathlon.com\/blog\/wp-content\/uploads\/2022\/04\/IMG-1892-1536x2048.jpg 1536w, https:\/\/www.montceautriathlon.com\/blog\/wp-content\/uploads\/2022\/04\/IMG-1892-scaled.jpg 1920w\" sizes=\"(max-width: 768px) 100vw, 768px\" \/><\/a><\/figure><\/li><li class=\"blocks-gallery-item\"><figure><a href=\"https:\/\/www.montceautriathlon.com\/blog\/wp-content\/uploads\/2022\/04\/IMG-1853-scaled.jpg\"><img data-attachment-id=\"4958\" data-permalink=\"https:\/\/www.montceautriathlon.com\/blog\/img-1853\/\" data-orig-file=\"https:\/\/www.montceautriathlon.com\/blog\/wp-content\/uploads\/2022\/04\/IMG-1853-scaled.jpg\" data-orig-size=\"1920,2560\" data-comments-opened=\"1\" data-image-meta=\"{&quot;aperture&quot;:&quot;1.8&quot;,&quot;credit&quot;:&quot;&quot;,&quot;camera&quot;:&quot;iPhone 11&quot;,&quot;caption&quot;:&quot;&quot;,&quot;created_timestamp&quot;:&quot;1648978552&quot;,&quot;copyright&quot;:&quot;&quot;,&quot;focal_length&quot;:&quot;4.25&quot;,&quot;iso&quot;:&quot;32&quot;,&quot;shutter_speed&quot;:&quot;0.0010277492291881&quot;,&quot;title&quot;:&quot;&quot;,&quot;orientation&quot;:&quot;1&quot;}\" data-image-title=\"IMG-1853\" data-image-description=\"\" data-image-caption=\"\" data-medium-file=\"https:\/\/www.montceautriathlon.com\/blog\/wp-content\/uploads\/2022\/04\/IMG-1853-225x300.jpg\" data-large-file=\"https:\/\/www.montceautriathlon.com\/blog\/wp-content\/uploads\/2022\/04\/IMG-1853-768x1024.jpg\" loading=\"lazy\" width=\"768\" height=\"1024\" src=\"https:\/\/www.montceautriathlon.com\/blog\/wp-content\/uploads\/2022\/04\/IMG-1853-768x1024.jpg\" alt=\"\" data-id=\"4958\" data-full-url=\"https:\/\/www.montceautriathlon.com\/blog\/wp-content\/uploads\/2022\/04\/IMG-1853-scaled.jpg\" data-link=\"https:\/\/www.montceautriathlon.com\/blog\/img-1853\/\" class=\"wp-image-4958\" srcset=\"https:\/\/www.montceautriathlon.com\/blog\/wp-content\/uploads\/2022\/04\/IMG-1853-768x1024.jpg 768w, https:\/\/www.montceautriathlon.com\/blog\/wp-content\/uploads\/2022\/04\/IMG-1853-225x300.jpg 225w, https:\/\/www.montceautriathlon.com\/blog\/wp-content\/uploads\/2022\/04\/IMG-1853-1152x1536.jpg 1152w, https:\/\/www.montceautriathlon.com\/blog\/wp-content\/uploads\/2022\/04\/IMG-1853-1536x2048.jpg 1536w, https:\/\/www.montceautriathlon.com\/blog\/wp-content\/uploads\/2022\/04\/IMG-1853-scaled.jpg 1920w\" sizes=\"(max-width: 768px) 100vw, 768px\" \/><\/a><\/figure><\/li><li class=\"blocks-gallery-item\"><figure><a href=\"https:\/\/www.montceautriathlon.com\/blog\/wp-content\/uploads\/2022\/04\/IMG-1847-scaled.jpg\"><img data-attachment-id=\"4957\" data-permalink=\"https:\/\/www.montceautriathlon.com\/blog\/img-1847\/\" data-orig-file=\"https:\/\/www.montceautriathlon.com\/blog\/wp-content\/uploads\/2022\/04\/IMG-1847-scaled.jpg\" data-orig-size=\"1920,2560\" data-comments-opened=\"1\" data-image-meta=\"{&quot;aperture&quot;:&quot;1.8&quot;,&quot;credit&quot;:&quot;&quot;,&quot;camera&quot;:&quot;iPhone 11&quot;,&quot;caption&quot;:&quot;&quot;,&quot;created_timestamp&quot;:&quot;1648978485&quot;,&quot;copyright&quot;:&quot;&quot;,&quot;focal_length&quot;:&quot;4.25&quot;,&quot;iso&quot;:&quot;32&quot;,&quot;shutter_speed&quot;:&quot;0.0010706638115632&quot;,&quot;title&quot;:&quot;&quot;,&quot;orientation&quot;:&quot;1&quot;}\" data-image-title=\"IMG-1847\" data-image-description=\"\" data-image-caption=\"\" data-medium-file=\"https:\/\/www.montceautriathlon.com\/blog\/wp-content\/uploads\/2022\/04\/IMG-1847-225x300.jpg\" data-large-file=\"https:\/\/www.montceautriathlon.com\/blog\/wp-content\/uploads\/2022\/04\/IMG-1847-768x1024.jpg\" loading=\"lazy\" width=\"768\" height=\"1024\" src=\"https:\/\/www.montceautriathlon.com\/blog\/wp-content\/uploads\/2022\/04\/IMG-1847-768x1024.jpg\" alt=\"\" data-id=\"4957\" data-full-url=\"https:\/\/www.montceautriathlon.com\/blog\/wp-content\/uploads\/2022\/04\/IMG-1847-scaled.jpg\" data-link=\"https:\/\/www.montceautriathlon.com\/blog\/img-1847\/\" class=\"wp-image-4957\" srcset=\"https:\/\/www.montceautriathlon.com\/blog\/wp-content\/uploads\/2022\/04\/IMG-1847-768x1024.jpg 768w, https:\/\/www.montceautriathlon.com\/blog\/wp-content\/uploads\/2022\/04\/IMG-1847-225x300.jpg 225w, https:\/\/www.montceautriathlon.com\/blog\/wp-content\/uploads\/2022\/04\/IMG-1847-1152x1536.jpg 1152w, https:\/\/www.montceautriathlon.com\/blog\/wp-content\/uploads\/2022\/04\/IMG-1847-1536x2048.jpg 1536w, https:\/\/www.montceautriathlon.com\/blog\/wp-content\/uploads\/2022\/04\/IMG-1847-scaled.jpg 1920w\" sizes=\"(max-width: 768px) 100vw, 768px\" \/><\/a><\/figure><\/li><li class=\"blocks-gallery-item\"><figure><a href=\"https:\/\/www.montceautriathlon.com\/blog\/wp-content\/uploads\/2022\/04\/amaury-courageot-du-triathlon-macon-club-est-arrive-deuxieme-dans-la-categorie-des-pupilles-garcons-photo-jsl-cristian-todea-1649001284.jpg\"><img data-attachment-id=\"4955\" data-permalink=\"https:\/\/www.montceautriathlon.com\/blog\/amaury-courageot-du-triathlon-macon-club-est-arrive-deuxieme-dans-la-categorie-des-pupilles-garcons-photo-jsl-cristian-todea-1649001284\/\" data-orig-file=\"https:\/\/www.montceautriathlon.com\/blog\/wp-content\/uploads\/2022\/04\/amaury-courageot-du-triathlon-macon-club-est-arrive-deuxieme-dans-la-categorie-des-pupilles-garcons-photo-jsl-cristian-todea-1649001284.jpg\" data-orig-size=\"473,265\" data-comments-opened=\"1\" data-image-meta=\"{&quot;aperture&quot;:&quot;0&quot;,&quot;credit&quot;:&quot;&quot;,&quot;camera&quot;:&quot;&quot;,&quot;caption&quot;:&quot;&quot;,&quot;created_timestamp&quot;:&quot;0&quot;,&quot;copyright&quot;:&quot;&quot;,&quot;focal_length&quot;:&quot;0&quot;,&quot;iso&quot;:&quot;0&quot;,&quot;shutter_speed&quot;:&quot;0&quot;,&quot;title&quot;:&quot;&quot;,&quot;orientation&quot;:&quot;1&quot;}\" data-image-title=\"amaury-courageot-du-triathlon-macon-club-est-arrive-deuxieme-dans-la-categorie-des-pupilles-garcons-photo-jsl-cristian-todea-1649001284\" data-image-description=\"\" data-image-caption=\"\" data-medium-file=\"https:\/\/www.montceautriathlon.com\/blog\/wp-content\/uploads\/2022\/04\/amaury-courageot-du-triathlon-macon-club-est-arrive-deuxieme-dans-la-categorie-des-pupilles-garcons-photo-jsl-cristian-todea-1649001284-300x168.jpg\" data-large-file=\"https:\/\/www.montceautriathlon.com\/blog\/wp-content\/uploads\/2022\/04\/amaury-courageot-du-triathlon-macon-club-est-arrive-deuxieme-dans-la-categorie-des-pupilles-garcons-photo-jsl-cristian-todea-1649001284.jpg\" loading=\"lazy\" width=\"473\" height=\"265\" src=\"https:\/\/www.montceautriathlon.com\/blog\/wp-content\/uploads\/2022\/04\/amaury-courageot-du-triathlon-macon-club-est-arrive-deuxieme-dans-la-categorie-des-pupilles-garcons-photo-jsl-cristian-todea-1649001284.jpg\" alt=\"\" data-id=\"4955\" data-full-url=\"https:\/\/www.montceautriathlon.com\/blog\/wp-content\/uploads\/2022\/04\/amaury-courageot-du-triathlon-macon-club-est-arrive-deuxieme-dans-la-categorie-des-pupilles-garcons-photo-jsl-cristian-todea-1649001284.jpg\" data-link=\"https:\/\/www.montceautriathlon.com\/blog\/amaury-courageot-du-triathlon-macon-club-est-arrive-deuxieme-dans-la-categorie-des-pupilles-garcons-photo-jsl-cristian-todea-1649001284\/\" class=\"wp-image-4955\" srcset=\"https:\/\/www.montceautriathlon.com\/blog\/wp-content\/uploads\/2022\/04\/amaury-courageot-du-triathlon-macon-club-est-arrive-deuxieme-dans-la-categorie-des-pupilles-garcons-photo-jsl-cristian-todea-1649001284.jpg 473w, https:\/\/www.montceautriathlon.com\/blog\/wp-content\/uploads\/2022\/04\/amaury-courageot-du-triathlon-macon-club-est-arrive-deuxieme-dans-la-categorie-des-pupilles-garcons-photo-jsl-cristian-todea-1649001284-300x168.jpg 300w\" sizes=\"(max-width: 473px) 100vw, 473px\" \/><\/a><\/figure><\/li><\/ul><\/figure>\n\n\n\n<p><\/p>\n","protected":false},"excerpt":{"rendered":"<p>Berteline 1\u00e8re au scratch en J1, dominatrice tout au long de la course ! Jeanne qualifi\u00e9e pour les France de duathlon pour la deuxi\u00e8me ann\u00e9e cons\u00e9cutive 2\u00e8me minime F ! Titouan 2\u00e8me au scratch des J2 apr\u00e8s avoir longtemps fait la course en t\u00eate ! Aristide 3\u00e8me pupille ! Tiana Magnien 2\u00e8me mini poussine ! [&hellip;]<\/p>\n","protected":false},"author":5,"featured_media":4966,"comment_status":"open","ping_status":"open","sticky":false,"template":"","format":"standard","meta":{"spay_email":"","jetpack_publicize_message":"","jetpack_is_tweetstorm":false},"categories":[1],"tags":[],"jetpack_featured_media_url":"https:\/\/www.montceautriathlon.com\/blog\/wp-content\/uploads\/2022\/04\/IMG-20220403-WA0003.jpg","jetpack_publicize_connections":[],"jetpack_sharing_enabled":true,"jetpack_shortlink":"https:\/\/wp.me\/p8bwIy-1hU","jetpack-related-posts":[{"id":4606,"url":"https:\/\/www.montceautriathlon.com\/blog\/2021\/10\/03\/cross-duathlon-de-chenove-4-jeunes-4-podiums\/","url_meta":{"origin":4954,"position":0},"title":"Cross duathlon de Chen\u00f4ve : 4 jeunes, 4 podiums !","date":"3 octobre 2021","format":false,"excerpt":"Le cross duathlon de Chen\u00f4ve \u00e9tait support des championnats de Bourgogne Franche Comt\u00e9 de duathlon et les deux fratries engag\u00e9es ne se seront pas d\u00e9plac\u00e9es pour rien ! Sur le XS Jeanne s'impose chez les f\u00e9minines et devient championne de Bourgogne, Marine 2\u00e8me et premi\u00e8re cadette. Un beau doubl\u00e9 pour\u2026","rel":"","context":"Dans &quot;Non class\u00e9&quot;","img":{"alt_text":"","src":"https:\/\/i0.wp.com\/www.montceautriathlon.com\/blog\/wp-content\/uploads\/2021\/10\/cross-du-4.jpg?resize=350%2C200&ssl=1","width":350,"height":200},"classes":[]},{"id":1812,"url":"https:\/\/www.montceautriathlon.com\/blog\/2018\/03\/13\/duathlon-de-chalon-rully\/","url_meta":{"origin":4954,"position":1},"title":"Duathlon de Chalon\/Rully","date":"13 mars 2018","format":false,"excerpt":"Orage, \u00d4 d\u00e9sespoir !\u00a0 \u00d4 m\u00e9t\u00e9o ennemie !\u00a0 Par Toutatis !\u00a0 Le ciel est donc tomb\u00e9 sur la t\u00eate\u00a0 des concurrents de l'\u00e9preuve S qualificative pour les France de Duathlon. Arros\u00e9s, gr\u00eal\u00e9s, ils ont du poser pied \u00e0 terre pendant l'\u00e9preuve cycliste !\u00a0 Sage d\u00e9cision\u00a0 des officiels qui se doivent\u2026","rel":"","context":"Dans &quot;Non class\u00e9&quot;","img":{"alt_text":"","src":"","width":0,"height":0},"classes":[]},{"id":5843,"url":"https:\/\/www.montceautriathlon.com\/blog\/2023\/05\/10\/duathlon-auxonne\/","url_meta":{"origin":4954,"position":2},"title":"Duathlon Auxonne","date":"10 mai 2023","format":false,"excerpt":"Seulement quelques un de nos jeunes ont particip\u00e9s au premier duathlon d'Auxonne qui a eu lieu le 07\/05. Course XS : Joshua Vandaele\u00a04e au scratch et 2e MiH\u00a0 en 34:09 \/ Simon Devoille\u00a015e au scratch et 9e MiH en 39:56 \/ El\u00e9a B\u00e9rardan\u00a020e au scratch et 8e MiF en 41:49\u2026","rel":"","context":"Dans &quot;Non class\u00e9&quot;","img":{"alt_text":"","src":"https:\/\/i0.wp.com\/www.montceautriathlon.com\/blog\/wp-content\/uploads\/2023\/05\/IMG-126011.jpg?resize=350%2C200&ssl=1","width":350,"height":200},"classes":[]},{"id":2300,"url":"https:\/\/www.montceautriathlon.com\/blog\/2018\/10\/02\/cross-duathlon-de-chenove-30-09-18\/","url_meta":{"origin":4954,"position":3},"title":"CROSS DUATHLON de Chen\u00f4ve 30\/09\/18","date":"2 octobre 2018","format":false,"excerpt":"Deux beaux podiums pour l'\u00e9cole de triathlon. El\u00e9a B\u00e9rardan 1\u00e8re poussine et Marius Grivault, 2\u00e8me benjamin, tous les deux tr\u00e8s en forme en cette fin de saison ! Belle 4\u00e8me place aussi pour Antoine Ballet en benjamin. Seul triathl\u00e8te du club \u00e0 se pr\u00e9senter\u00a0 sur le S, Olivier Grivault\u00a0 termine\u2026","rel":"","context":"Dans &quot;Non class\u00e9&quot;","img":{"alt_text":"","src":"https:\/\/i2.wp.com\/montceautriathlon.com\/blog\/wp-content\/uploads\/2018\/10\/IMG_7781-225x300.jpg?resize=350%2C200","width":350,"height":200},"classes":[]},{"id":5189,"url":"https:\/\/www.montceautriathlon.com\/blog\/2022\/08\/16\/quelques-resultats-estivaux-entre-chaleur-et-cyanobacteries\/","url_meta":{"origin":4954,"position":4},"title":"quelques r\u00e9sultats estivaux entre chaleur et cyanobact\u00e9ries !","date":"16 ao\u00fbt 2022","format":false,"excerpt":"Les triathl\u00e8tes de Montceau se sont d\u00e9plac\u00e9s sur les \u00e9preuves de la r\u00e9gion: Triathlon Gray le 23 juillet 2022Berteline \u00e9tait la seule repr\u00e9sentante du club et termine 1e au scratch sur l'\u00e9preuve des 6\/9ans. Triathlon de Dole le 31 juillet 2022Sur les 28 participants de la course 6\/9 ans Berteline\u2026","rel":"","context":"Dans &quot;Non class\u00e9&quot;","img":{"alt_text":"","src":"https:\/\/i2.wp.com\/www.montceautriathlon.com\/blog\/wp-content\/uploads\/2022\/09\/IMG_20220814_115057-scaled.jpg?resize=350%2C200&ssl=1","width":350,"height":200},"classes":[]},{"id":5395,"url":"https:\/\/www.montceautriathlon.com\/blog\/2022\/10\/15\/9-octobre-1er-triathlon-bressan-montceau-triathlon-a-decouvert-cette-nouvelle-epreuve-10-km-de-dole-pascal-sur-le-podium\/","url_meta":{"origin":4954,"position":5},"title":"9 octobre, 1er triathlon bressan : Montceau Triathlon a d\u00e9couvert cette nouvelle \u00e9preuve.                                                          10 km de D\u00f4le : Pascal sur le podium.","date":"15 octobre 2022","format":false,"excerpt":"Le Club Nautique de Louhans organisait le week-end dernier son premier triathlon avec natation en piscine. Course classique pour les J1 et J2 et contre la montre individuel pour les courses S et XS. Quelques podiums pour les jeunes et premi\u00e8re comp\u00e9tition sous les couleurs du club pour Simon Devoille\u2026","rel":"","context":"Dans &quot;Non class\u00e9&quot;","img":{"alt_text":"","src":"https:\/\/i0.wp.com\/www.montceautriathlon.com\/blog\/wp-content\/uploads\/2022\/10\/IMG-20221010-WA0004.jpg?resize=350%2C200&ssl=1","width":350,"height":200},"classes":[]}],"_links":{"self":[{"href":"https:\/\/www.montceautriathlon.com\/blog\/wp-json\/wp\/v2\/posts\/4954"}],"collection":[{"href":"https:\/\/www.montceautriathlon.com\/blog\/wp-json\/wp\/v2\/posts"}],"about":[{"href":"https:\/\/www.montceautriathlon.com\/blog\/wp-json\/wp\/v2\/types\/post"}],"author":[{"embeddable":true,"href":"https:\/\/www.montceautriathlon.com\/blog\/wp-json\/wp\/v2\/users\/5"}],"replies":[{"embeddable":true,"href":"https:\/\/www.montceautriathlon.com\/blog\/wp-json\/wp\/v2\/comments?post=4954"}],"version-history":[{"count":1,"href":"https:\/\/www.montceautriathlon.com\/blog\/wp-json\/wp\/v2\/posts\/4954\/revisions"}],"predecessor-version":[{"id":4969,"href":"https:\/\/www.montceautriathlon.com\/blog\/wp-json\/wp\/v2\/posts\/4954\/revisions\/4969"}],"wp:featuredmedia":[{"embeddable":true,"href":"https:\/\/www.montceautriathlon.com\/blog\/wp-json\/wp\/v2\/media\/4966"}],"wp:attachment":[{"href":"https:\/\/www.montceautriathlon.com\/blog\/wp-json\/wp\/v2\/media?parent=4954"}],"wp:term":[{"taxonomy":"category","embeddable":true,"href":"https:\/\/www.montceautriathlon.com\/blog\/wp-json\/wp\/v2\/categories?post=4954"},{"taxonomy":"post_tag","embeddable":true,"href":"https:\/\/www.montceautriathlon.com\/blog\/wp-json\/wp\/v2\/tags?post=4954"}],"curies":[{"name":"wp","href":"https:\/\/api.w.org\/{rel}","templated":true}]}}