{"id":4937,"date":"2022-03-30T15:09:46","date_gmt":"2022-03-30T14:09:46","guid":{"rendered":"https:\/\/www.montceautriathlon.com\/blog\/?p=4937"},"modified":"2022-03-30T15:09:50","modified_gmt":"2022-03-30T14:09:50","slug":"mercredi-23-mars-intervention-de-lassociation-le-colosse-aux-pieds-dargile","status":"publish","type":"post","link":"https:\/\/www.montceautriathlon.com\/blog\/2022\/03\/30\/mercredi-23-mars-intervention-de-lassociation-le-colosse-aux-pieds-dargile\/","title":{"rendered":"Mercredi 23 mars, intervention de l&rsquo;association Le Colosse aux Pieds d&rsquo;argile."},"content":{"rendered":"\n<p><strong>NE LAISSONS PAS LES VIOLENCES GAGNER DU TERRAIN !<\/strong><\/p>\n\n\n\n<p>Le club  a organis\u00e9 une demi-journ\u00e9e d&rsquo;information et de sensibilisation sur les violences et agressions sexuelles dans le sport en collaboration avec l&rsquo;Internat d&rsquo;Excellence du lyc\u00e9e H. Parriat.  Cette sensibilisation visait \u00e0 informer, expliquer, sensibiliser et prot\u00e9ger les jeunes mais aussi les \u00e9ducateurs dans leur pratique pour \u00e9viter de les exposer \u00ab\u00a0aux risques du m\u00e9tier\u00a0\u00bb. Trois  groupes d&rsquo;\u00e2ge de jeunes du club et de l&rsquo;internat ont particip\u00e9 \u00e0 cette sensibilisation men\u00e9e de main de ma\u00eetre  par Marion Meynet intervenante Bourgogne Franche Comt\u00e9 de l&rsquo;association Le Colosse aux pieds d&rsquo;argile. Le soir, c&rsquo;est aux adultes qu&rsquo;elle s&rsquo;est adress\u00e9e. Le club a aussi propos\u00e9 aux service jeunesse de la ville d&rsquo;assister \u00e0 cette sensibilisation. Juste un rappel pour justifier cette intervention : Pr\u00e8s d&rsquo;un sportif sur 10  a, a \u00e9t\u00e9 ,ou peut \u00eatre concern\u00e9 par ces violences ! D\u00e9livrer la parole est essentiel pour combattre ce fl\u00e9au.                       <\/p>\n\n\n\n<p>Pour information, le club doit dispenser une information \u00e0 ses dirigeants et \u00e9ducateurs, crit\u00e8re obligatoire de labellisation de l&rsquo;\u00e9cole. L&rsquo;ann\u00e9e prochaine, un certificat d&rsquo;honorabilit\u00e9 sera exig\u00e9 pour tous les \u00e9ducateurs et dirigeants du club.<\/p>\n\n\n\n<p>Pour continuer sur ce sujet, lire l&rsquo;article publi\u00e9 sur Montceau News en suivant ce lien  :                          <a rel=\"noreferrer noopener\" href=\"https:\/\/montceau-news.com\/montceau_et_sa_region\/683137-montceau-les-mines-le-colosse-aux-pieds-dargile.html\" target=\"_blank\">https:\/\/montceau-news.com\/montceau_et_sa_region\/683137-montceau-les-mines-le-colosse-aux-pieds-dargile.html<\/a><\/p>\n\n\n\n<p>un autre lien \u00e0 consulter, celui de l&rsquo;association : <a rel=\"noreferrer noopener\" href=\"https:\/\/colosse.fr\/\" target=\"_blank\">https:\/\/colosse.fr\/<\/a><\/p>\n\n\n\n<p><\/p>\n\n\n\n<p><\/p>\n\n\n\n<p><\/p>\n\n\n\n<p><\/p>\n\n\n\n<p><\/p>\n","protected":false},"excerpt":{"rendered":"<p>NE LAISSONS PAS LES VIOLENCES GAGNER DU TERRAIN ! Le club a organis\u00e9 une demi-journ\u00e9e d&rsquo;information et de sensibilisation sur les violences et agressions sexuelles dans le sport en collaboration avec l&rsquo;Internat d&rsquo;Excellence du lyc\u00e9e H. Parriat. Cette sensibilisation visait \u00e0 informer, expliquer, sensibiliser et prot\u00e9ger les jeunes mais aussi les \u00e9ducateurs dans leur pratique [&hellip;]<\/p>\n","protected":false},"author":5,"featured_media":4938,"comment_status":"open","ping_status":"open","sticky":false,"template":"","format":"standard","meta":{"spay_email":"","jetpack_publicize_message":"","jetpack_is_tweetstorm":false},"categories":[1],"tags":[],"jetpack_featured_media_url":"https:\/\/www.montceautriathlon.com\/blog\/wp-content\/uploads\/2022\/03\/sport-2403223.jpg","jetpack_publicize_connections":[],"jetpack_sharing_enabled":true,"jetpack_shortlink":"https:\/\/wp.me\/p8bwIy-1hD","jetpack-related-posts":[{"id":5017,"url":"https:\/\/www.montceautriathlon.com\/blog\/2022\/04\/15\/sensibilisation-arbitrage-les-jeunes-de-lecole-ont-bien-repondu\/","url_meta":{"origin":4937,"position":0},"title":"Sensibilisation arbitrage : les jeunes de l&rsquo;\u00e9cole ont bien r\u00e9pondu !","date":"15 avril 2022","format":false,"excerpt":"Plusieurs fois report\u00e9e, cette sensibilisation a pu finalement se tenir ce mercredi soir en l'absence d'entra\u00eenement de natation due \u00e0 la fermeture de la piscine... Jean Da Eira formateur des arbitres au sein de la Ligue , accompagn\u00e9 de Nicole Lukowitz nouvelle arbitre du club et des \u00e9ducateurs : Sophie,\u2026","rel":"","context":"Dans &quot;Non class\u00e9&quot;","img":{"alt_text":"","src":"https:\/\/i0.wp.com\/www.montceautriathlon.com\/blog\/wp-content\/uploads\/2022\/04\/arbitrage-4-scaled.jpg?resize=350%2C200&ssl=1","width":350,"height":200},"classes":[]},{"id":4839,"url":"https:\/\/www.montceautriathlon.com\/blog\/2022\/02\/08\/class-triathlon-a-montceau-la-classe\/","url_meta":{"origin":4937,"position":1},"title":"Class Triathlon \u00e0 Montceau : la classe !","date":"8 f\u00e9vrier 2022","format":false,"excerpt":"Ce dimanche 6 f\u00e9vrier, le club avait invit\u00e9 ses homologues du d\u00e9partement \u00e0 venir tester ses benjamin(e)s, minime()s, cadet(te)s et junior(e)s sur la piste le matin et \u00e0 la piscine l'apr\u00e8s-midi. Les clubs de Bourbon, Autun, Chalon et M\u00e2con sont donc venus se mesurer aux jeunes montcelliens et v\u00e9rifier avec\u2026","rel":"","context":"Dans &quot;Non class\u00e9&quot;","img":{"alt_text":"","src":"https:\/\/i0.wp.com\/www.montceautriathlon.com\/blog\/wp-content\/uploads\/2022\/02\/78F8B5EE-C417-4E6D-A52F-E1D0C5BF82BB.jpg?resize=350%2C200&ssl=1","width":350,"height":200},"classes":[]},{"id":3783,"url":"https:\/\/www.montceautriathlon.com\/blog\/2020\/09\/09\/6-09-2020-triathlon-du-pilon-3-minimes-du-club-qualifies-aux-france\/","url_meta":{"origin":4937,"position":2},"title":"6\/09\/2020, triathlon du Pilon : 3 minimes du club qualifi\u00e9s aux France !","date":"9 septembre 2020","format":false,"excerpt":"Ce dimanche avaient lieu les \u00e9preuves s\u00e9lectives aux championnats de France jeunes de triathlon le 20 septembre prochain chez nous ! Nos jeunes \u00e9taient engag\u00e9s sur les formats XS et S des \u00e9preuves creusotines. F\u00e9licitations \u00e0 Marius Grivault, Antoine Ballet et Marine Da Eira qui se qualifient en minimes avec\u2026","rel":"","context":"Dans &quot;Non class\u00e9&quot;","img":{"alt_text":"","src":"https:\/\/i0.wp.com\/montceautriathlon.com\/blog\/wp-content\/uploads\/2020\/09\/Creusot-3-300x200.jpg?resize=350%2C200","width":350,"height":200},"classes":[]},{"id":2319,"url":"https:\/\/www.montceautriathlon.com\/blog\/2018\/10\/08\/ni-bizuts-ni-zozos-au-cyclathlon-des-bizots-le-club-en-force-sur-cette-epreuve\/","url_meta":{"origin":4937,"position":3},"title":"Ni bizuts, ni zozos au cyclathlon des Bizots: le club en force sur cette \u00e9preuve !","date":"8 octobre 2018","format":false,"excerpt":"\u00a0\u00a0\u00a0\u00a0\u00a0\u00a0\u00a0\u00a0\u00a0\u00a0\u00a0\u00a0\u00a0\u00a0\u00a0\u00a0\u00a0\u00a0 De nombreux triathl\u00e8tes du club ont fait le court\u00a0d\u00e9placement aux Bizots pour ce (maintenant habituel) cyclathlon. Le soleil n'\u00e9tait plus au rendez-vous ce qui n'a pas emp\u00each\u00e9 de belles perfs tant en individuel qu'en relais des membres du club. Donc 9km \u00e0 pieds et 23 \u00e0 v\u00e9lo, encore une\u2026","rel":"","context":"Dans &quot;Non class\u00e9&quot;","img":{"alt_text":"","src":"https:\/\/i1.wp.com\/montceautriathlon.com\/blog\/wp-content\/uploads\/2018\/10\/les-bizots-1-300x253.jpg?resize=350%2C200","width":350,"height":200},"classes":[]},{"id":4051,"url":"https:\/\/www.montceautriathlon.com\/blog\/2021\/05\/11\/velorution-tranquille-a-montceau\/","url_meta":{"origin":4937,"position":4},"title":"V\u00e9lorution tranquille \u00e0 Montceau","date":"11 mai 2021","format":false,"excerpt":"L'\u00e9cole de triathlon a particip\u00e9 ce samedi 8 mai \u00e0 la manifestation conviviale en v\u00e9lo \"V\u00e9lorution\" \u00e0 l'initiative de l'association Mines de Rayons. L'objectif \u00e9tait de promouvoir la place du v\u00e9lo en ville en toute s\u00e9curit\u00e9. Les accidents \u00e9tant trop nombreux, apprenons cyclistes et automobilistes \u00e0 cohabiter sur la route\u2026","rel":"","context":"Dans &quot;Non class\u00e9&quot;","img":{"alt_text":"","src":"https:\/\/i0.wp.com\/www.montceautriathlon.com\/blog\/wp-content\/uploads\/2021\/05\/velorution-scaled.jpg?resize=350%2C200&ssl=1","width":350,"height":200},"classes":[]},{"id":4419,"url":"https:\/\/www.montceautriathlon.com\/blog\/2021\/08\/31\/championnats-de-france-aquathlon-et-triathlon-elles-en-ont-bave-dans-le-blavet\/","url_meta":{"origin":4937,"position":5},"title":"Championnats de France aquathlon et triathlon : elles en ont bav\u00e9 dans le Blavet !","date":"31 ao\u00fbt 2021","format":false,"excerpt":"Zo\u00e9 Da Eira \u00e9tait la seule jeune du club qualifi\u00e9e sur les France Jeunes d'aquathlon \u00e0 Pontivy (pr\u00e8s de Rennes). C'est avec courage qu'elle s'est \u00e9lanc\u00e9e de bonne heure samedi matin dans le Blavet, pittoresque fleuve breton aux eaux tr\u00e8s froides.15,5\u00b0 ! De quoi avoir le souffle coup\u00e9 ! Course\u2026","rel":"","context":"Dans &quot;Non class\u00e9&quot;","img":{"alt_text":"","src":"https:\/\/i0.wp.com\/www.montceautriathlon.com\/blog\/wp-content\/uploads\/2021\/08\/16231744260.jpg?resize=350%2C200&ssl=1","width":350,"height":200},"classes":[]}],"_links":{"self":[{"href":"https:\/\/www.montceautriathlon.com\/blog\/wp-json\/wp\/v2\/posts\/4937"}],"collection":[{"href":"https:\/\/www.montceautriathlon.com\/blog\/wp-json\/wp\/v2\/posts"}],"about":[{"href":"https:\/\/www.montceautriathlon.com\/blog\/wp-json\/wp\/v2\/types\/post"}],"author":[{"embeddable":true,"href":"https:\/\/www.montceautriathlon.com\/blog\/wp-json\/wp\/v2\/users\/5"}],"replies":[{"embeddable":true,"href":"https:\/\/www.montceautriathlon.com\/blog\/wp-json\/wp\/v2\/comments?post=4937"}],"version-history":[{"count":2,"href":"https:\/\/www.montceautriathlon.com\/blog\/wp-json\/wp\/v2\/posts\/4937\/revisions"}],"predecessor-version":[{"id":4940,"href":"https:\/\/www.montceautriathlon.com\/blog\/wp-json\/wp\/v2\/posts\/4937\/revisions\/4940"}],"wp:featuredmedia":[{"embeddable":true,"href":"https:\/\/www.montceautriathlon.com\/blog\/wp-json\/wp\/v2\/media\/4938"}],"wp:attachment":[{"href":"https:\/\/www.montceautriathlon.com\/blog\/wp-json\/wp\/v2\/media?parent=4937"}],"wp:term":[{"taxonomy":"category","embeddable":true,"href":"https:\/\/www.montceautriathlon.com\/blog\/wp-json\/wp\/v2\/categories?post=4937"},{"taxonomy":"post_tag","embeddable":true,"href":"https:\/\/www.montceautriathlon.com\/blog\/wp-json\/wp\/v2\/tags?post=4937"}],"curies":[{"name":"wp","href":"https:\/\/api.w.org\/{rel}","templated":true}]}}