{"id":4902,"date":"2022-03-22T10:05:16","date_gmt":"2022-03-22T09:05:16","guid":{"rendered":"https:\/\/www.montceautriathlon.com\/blog\/?p=4902"},"modified":"2022-03-22T10:05:20","modified_gmt":"2022-03-22T09:05:20","slug":"quelques-nouvelles-de-ces-derniers-w-e","status":"publish","type":"post","link":"https:\/\/www.montceautriathlon.com\/blog\/2022\/03\/22\/quelques-nouvelles-de-ces-derniers-w-e\/","title":{"rendered":"quelques nouvelles de ces derniers W-E"},"content":{"rendered":"\n<p>C&rsquo;est le printemps, les chaussures de running pi\u00e9tinent d&rsquo;impatience, les semelles chatouillent. Enfin la douce odeur de transpiration, adieu la froideur des sentiers gel\u00e9s. C&rsquo;est le printemps et les courses germent de toute part ! Elles vont lib\u00e9rer la foul\u00e9e !<\/p>\n\n\n\n<p>Allez, assez de pau\u00e9sie, place aux r\u00e9sultats !<\/p>\n\n\n\n<p>En bref et rapidement : sur le trail des trois ch\u00e2teaux il y a 15 jours, Beno\u00eet et Sandrine nos coachs infatigables et Leny se sont align\u00e9s sur la classique de 22km. 2h23mn pour Sandrine et Beno\u00eet qui ont couru ensemble en pleine pr\u00e9paration de leur futur Half et iron man d&rsquo;Aix, Leny plus n\u00e9ophyte, termine en 3h10mn.<\/p>\n\n\n\n<p>quelques photos ci-dessous et r\u00e9sultats.  <a href=\"https:\/\/www.montceautriathlon.com\/blog\/wp-content\/uploads\/2022\/03\/results_8039_46134_20220315_120615_resultats12_251.pdf\" target=\"_blank\" rel=\"noreferrer noopener\">https:\/\/www.montceautriathlon.com\/blog\/wp-content\/uploads\/2022\/03\/results_8039_46134_20220315_120615_resultats12_251.pdf<\/a><\/p>\n\n\n\n<figure class=\"wp-block-gallery columns-2 is-cropped\"><ul data-carousel-extra='{\"blog_id\":1,\"permalink\":\"https:\\\/\\\/www.montceautriathlon.com\\\/blog\\\/2022\\\/03\\\/22\\\/quelques-nouvelles-de-ces-derniers-w-e\\\/\"}' class=\"blocks-gallery-grid\"><li class=\"blocks-gallery-item\"><figure><a href=\"https:\/\/www.montceautriathlon.com\/blog\/wp-content\/uploads\/2022\/03\/IMG-20220306-WA0004.jpg\"><img data-attachment-id=\"4906\" data-permalink=\"https:\/\/www.montceautriathlon.com\/blog\/img-20220306-wa0004\/\" data-orig-file=\"https:\/\/www.montceautriathlon.com\/blog\/wp-content\/uploads\/2022\/03\/IMG-20220306-WA0004.jpg\" data-orig-size=\"1536,2048\" data-comments-opened=\"1\" data-image-meta=\"{&quot;aperture&quot;:&quot;0&quot;,&quot;credit&quot;:&quot;&quot;,&quot;camera&quot;:&quot;&quot;,&quot;caption&quot;:&quot;&quot;,&quot;created_timestamp&quot;:&quot;0&quot;,&quot;copyright&quot;:&quot;&quot;,&quot;focal_length&quot;:&quot;0&quot;,&quot;iso&quot;:&quot;0&quot;,&quot;shutter_speed&quot;:&quot;0&quot;,&quot;title&quot;:&quot;&quot;,&quot;orientation&quot;:&quot;0&quot;}\" data-image-title=\"IMG-20220306-WA0004\" data-image-description=\"\" data-image-caption=\"\" data-medium-file=\"https:\/\/www.montceautriathlon.com\/blog\/wp-content\/uploads\/2022\/03\/IMG-20220306-WA0004-225x300.jpg\" data-large-file=\"https:\/\/www.montceautriathlon.com\/blog\/wp-content\/uploads\/2022\/03\/IMG-20220306-WA0004-768x1024.jpg\" loading=\"lazy\" width=\"768\" height=\"1024\" src=\"https:\/\/www.montceautriathlon.com\/blog\/wp-content\/uploads\/2022\/03\/IMG-20220306-WA0004-768x1024.jpg\" alt=\"\" data-id=\"4906\" data-full-url=\"https:\/\/www.montceautriathlon.com\/blog\/wp-content\/uploads\/2022\/03\/IMG-20220306-WA0004.jpg\" data-link=\"https:\/\/www.montceautriathlon.com\/blog\/img-20220306-wa0004\/\" class=\"wp-image-4906\" srcset=\"https:\/\/www.montceautriathlon.com\/blog\/wp-content\/uploads\/2022\/03\/IMG-20220306-WA0004-768x1024.jpg 768w, https:\/\/www.montceautriathlon.com\/blog\/wp-content\/uploads\/2022\/03\/IMG-20220306-WA0004-225x300.jpg 225w, https:\/\/www.montceautriathlon.com\/blog\/wp-content\/uploads\/2022\/03\/IMG-20220306-WA0004-1152x1536.jpg 1152w, https:\/\/www.montceautriathlon.com\/blog\/wp-content\/uploads\/2022\/03\/IMG-20220306-WA0004.jpg 1536w\" sizes=\"(max-width: 768px) 100vw, 768px\" \/><\/a><\/figure><\/li><li class=\"blocks-gallery-item\"><figure><a href=\"https:\/\/www.montceautriathlon.com\/blog\/wp-content\/uploads\/2022\/03\/IMG-20220306-WA0003.jpg\"><img data-attachment-id=\"4905\" data-permalink=\"https:\/\/www.montceautriathlon.com\/blog\/img-20220306-wa0003\/\" data-orig-file=\"https:\/\/www.montceautriathlon.com\/blog\/wp-content\/uploads\/2022\/03\/IMG-20220306-WA0003.jpg\" data-orig-size=\"1536,2048\" data-comments-opened=\"1\" data-image-meta=\"{&quot;aperture&quot;:&quot;0&quot;,&quot;credit&quot;:&quot;&quot;,&quot;camera&quot;:&quot;&quot;,&quot;caption&quot;:&quot;&quot;,&quot;created_timestamp&quot;:&quot;0&quot;,&quot;copyright&quot;:&quot;&quot;,&quot;focal_length&quot;:&quot;0&quot;,&quot;iso&quot;:&quot;0&quot;,&quot;shutter_speed&quot;:&quot;0&quot;,&quot;title&quot;:&quot;&quot;,&quot;orientation&quot;:&quot;0&quot;}\" data-image-title=\"IMG-20220306-WA0003\" data-image-description=\"\" data-image-caption=\"\" data-medium-file=\"https:\/\/www.montceautriathlon.com\/blog\/wp-content\/uploads\/2022\/03\/IMG-20220306-WA0003-225x300.jpg\" data-large-file=\"https:\/\/www.montceautriathlon.com\/blog\/wp-content\/uploads\/2022\/03\/IMG-20220306-WA0003-768x1024.jpg\" loading=\"lazy\" width=\"768\" height=\"1024\" src=\"https:\/\/www.montceautriathlon.com\/blog\/wp-content\/uploads\/2022\/03\/IMG-20220306-WA0003-768x1024.jpg\" alt=\"\" data-id=\"4905\" data-full-url=\"https:\/\/www.montceautriathlon.com\/blog\/wp-content\/uploads\/2022\/03\/IMG-20220306-WA0003.jpg\" data-link=\"https:\/\/www.montceautriathlon.com\/blog\/img-20220306-wa0003\/\" class=\"wp-image-4905\" srcset=\"https:\/\/www.montceautriathlon.com\/blog\/wp-content\/uploads\/2022\/03\/IMG-20220306-WA0003-768x1024.jpg 768w, https:\/\/www.montceautriathlon.com\/blog\/wp-content\/uploads\/2022\/03\/IMG-20220306-WA0003-225x300.jpg 225w, https:\/\/www.montceautriathlon.com\/blog\/wp-content\/uploads\/2022\/03\/IMG-20220306-WA0003-1152x1536.jpg 1152w, https:\/\/www.montceautriathlon.com\/blog\/wp-content\/uploads\/2022\/03\/IMG-20220306-WA0003.jpg 1536w\" sizes=\"(max-width: 768px) 100vw, 768px\" \/><\/a><\/figure><\/li><\/ul><\/figure>\n\n\n\n<p>A Sanvignes, il y a 10 jours, ils \u00e9taient quelques uns du club sur la traditionnelle \u00e9preuve des lacs; relevons la jolie place de Beno\u00eet 14\u00e8me au scratch et la victoire de sa fille  Sarah en jeune f\u00e9minine ainsi que le podium d&rsquo;Alice, 1\u00e8re SF !<\/p>\n\n\n\n<p>Rendez- vous aux grands Parcs \u00e0 Montceau pour les runners sur la 1\u00e8re \u00e9dition de la Crapa&rsquo;hute de l&rsquo;ABS le 17 avril prochain<\/p>\n\n\n\n<p>photos et r\u00e9sultats ci-dessous : <a rel=\"noreferrer noopener\" href=\"https:\/\/www.montceautriathlon.com\/blog\/wp-content\/uploads\/2022\/03\/LE-CLASSIC.pdf\" target=\"_blank\">https:\/\/www.montceautriathlon.com\/blog\/wp-content\/uploads\/2022\/03\/LE-CLASSIC.pdf<\/a><\/p>\n\n\n\n<figure class=\"wp-block-gallery columns-3 is-cropped\"><ul data-carousel-extra='{\"blog_id\":1,\"permalink\":\"https:\\\/\\\/www.montceautriathlon.com\\\/blog\\\/2022\\\/03\\\/22\\\/quelques-nouvelles-de-ces-derniers-w-e\\\/\"}' class=\"blocks-gallery-grid\"><li class=\"blocks-gallery-item\"><figure><a href=\"https:\/\/www.montceautriathlon.com\/blog\/wp-content\/uploads\/2022\/03\/IMG-20220313-WA0009.jpg\"><img data-attachment-id=\"4914\" data-permalink=\"https:\/\/www.montceautriathlon.com\/blog\/img-20220313-wa0009\/\" data-orig-file=\"https:\/\/www.montceautriathlon.com\/blog\/wp-content\/uploads\/2022\/03\/IMG-20220313-WA0009.jpg\" data-orig-size=\"768,1024\" data-comments-opened=\"1\" data-image-meta=\"{&quot;aperture&quot;:&quot;0&quot;,&quot;credit&quot;:&quot;&quot;,&quot;camera&quot;:&quot;&quot;,&quot;caption&quot;:&quot;&quot;,&quot;created_timestamp&quot;:&quot;0&quot;,&quot;copyright&quot;:&quot;&quot;,&quot;focal_length&quot;:&quot;0&quot;,&quot;iso&quot;:&quot;0&quot;,&quot;shutter_speed&quot;:&quot;0&quot;,&quot;title&quot;:&quot;&quot;,&quot;orientation&quot;:&quot;0&quot;}\" data-image-title=\"IMG-20220313-WA0009\" data-image-description=\"\" data-image-caption=\"\" data-medium-file=\"https:\/\/www.montceautriathlon.com\/blog\/wp-content\/uploads\/2022\/03\/IMG-20220313-WA0009-225x300.jpg\" data-large-file=\"https:\/\/www.montceautriathlon.com\/blog\/wp-content\/uploads\/2022\/03\/IMG-20220313-WA0009.jpg\" loading=\"lazy\" width=\"768\" height=\"1024\" src=\"https:\/\/www.montceautriathlon.com\/blog\/wp-content\/uploads\/2022\/03\/IMG-20220313-WA0009.jpg\" alt=\"\" data-id=\"4914\" data-full-url=\"https:\/\/www.montceautriathlon.com\/blog\/wp-content\/uploads\/2022\/03\/IMG-20220313-WA0009.jpg\" data-link=\"https:\/\/www.montceautriathlon.com\/blog\/img-20220313-wa0009\/\" class=\"wp-image-4914\" srcset=\"https:\/\/www.montceautriathlon.com\/blog\/wp-content\/uploads\/2022\/03\/IMG-20220313-WA0009.jpg 768w, https:\/\/www.montceautriathlon.com\/blog\/wp-content\/uploads\/2022\/03\/IMG-20220313-WA0009-225x300.jpg 225w\" sizes=\"(max-width: 768px) 100vw, 768px\" \/><\/a><\/figure><\/li><li class=\"blocks-gallery-item\"><figure><a href=\"https:\/\/www.montceautriathlon.com\/blog\/wp-content\/uploads\/2022\/03\/IMG-20220313-WA0008.jpg\"><img data-attachment-id=\"4913\" data-permalink=\"https:\/\/www.montceautriathlon.com\/blog\/img-20220313-wa0008\/\" data-orig-file=\"https:\/\/www.montceautriathlon.com\/blog\/wp-content\/uploads\/2022\/03\/IMG-20220313-WA0008.jpg\" data-orig-size=\"768,1024\" data-comments-opened=\"1\" data-image-meta=\"{&quot;aperture&quot;:&quot;0&quot;,&quot;credit&quot;:&quot;&quot;,&quot;camera&quot;:&quot;&quot;,&quot;caption&quot;:&quot;&quot;,&quot;created_timestamp&quot;:&quot;0&quot;,&quot;copyright&quot;:&quot;&quot;,&quot;focal_length&quot;:&quot;0&quot;,&quot;iso&quot;:&quot;0&quot;,&quot;shutter_speed&quot;:&quot;0&quot;,&quot;title&quot;:&quot;&quot;,&quot;orientation&quot;:&quot;0&quot;}\" data-image-title=\"IMG-20220313-WA0008\" data-image-description=\"\" data-image-caption=\"\" data-medium-file=\"https:\/\/www.montceautriathlon.com\/blog\/wp-content\/uploads\/2022\/03\/IMG-20220313-WA0008-225x300.jpg\" data-large-file=\"https:\/\/www.montceautriathlon.com\/blog\/wp-content\/uploads\/2022\/03\/IMG-20220313-WA0008.jpg\" loading=\"lazy\" width=\"768\" height=\"1024\" src=\"https:\/\/www.montceautriathlon.com\/blog\/wp-content\/uploads\/2022\/03\/IMG-20220313-WA0008.jpg\" alt=\"\" data-id=\"4913\" data-full-url=\"https:\/\/www.montceautriathlon.com\/blog\/wp-content\/uploads\/2022\/03\/IMG-20220313-WA0008.jpg\" data-link=\"https:\/\/www.montceautriathlon.com\/blog\/img-20220313-wa0008\/\" class=\"wp-image-4913\" srcset=\"https:\/\/www.montceautriathlon.com\/blog\/wp-content\/uploads\/2022\/03\/IMG-20220313-WA0008.jpg 768w, https:\/\/www.montceautriathlon.com\/blog\/wp-content\/uploads\/2022\/03\/IMG-20220313-WA0008-225x300.jpg 225w\" sizes=\"(max-width: 768px) 100vw, 768px\" \/><\/a><\/figure><\/li><li class=\"blocks-gallery-item\"><figure><a href=\"https:\/\/www.montceautriathlon.com\/blog\/wp-content\/uploads\/2022\/03\/IMG-20220313-WA0007.jpg\"><img data-attachment-id=\"4912\" data-permalink=\"https:\/\/www.montceautriathlon.com\/blog\/img-20220313-wa0007\/\" data-orig-file=\"https:\/\/www.montceautriathlon.com\/blog\/wp-content\/uploads\/2022\/03\/IMG-20220313-WA0007.jpg\" data-orig-size=\"1500,2000\" data-comments-opened=\"1\" data-image-meta=\"{&quot;aperture&quot;:&quot;0&quot;,&quot;credit&quot;:&quot;&quot;,&quot;camera&quot;:&quot;&quot;,&quot;caption&quot;:&quot;&quot;,&quot;created_timestamp&quot;:&quot;0&quot;,&quot;copyright&quot;:&quot;&quot;,&quot;focal_length&quot;:&quot;0&quot;,&quot;iso&quot;:&quot;0&quot;,&quot;shutter_speed&quot;:&quot;0&quot;,&quot;title&quot;:&quot;&quot;,&quot;orientation&quot;:&quot;0&quot;}\" data-image-title=\"IMG-20220313-WA0007\" data-image-description=\"\" data-image-caption=\"\" data-medium-file=\"https:\/\/www.montceautriathlon.com\/blog\/wp-content\/uploads\/2022\/03\/IMG-20220313-WA0007-225x300.jpg\" data-large-file=\"https:\/\/www.montceautriathlon.com\/blog\/wp-content\/uploads\/2022\/03\/IMG-20220313-WA0007-768x1024.jpg\" loading=\"lazy\" width=\"768\" height=\"1024\" src=\"https:\/\/www.montceautriathlon.com\/blog\/wp-content\/uploads\/2022\/03\/IMG-20220313-WA0007-768x1024.jpg\" alt=\"\" data-id=\"4912\" data-full-url=\"https:\/\/www.montceautriathlon.com\/blog\/wp-content\/uploads\/2022\/03\/IMG-20220313-WA0007.jpg\" data-link=\"https:\/\/www.montceautriathlon.com\/blog\/img-20220313-wa0007\/\" class=\"wp-image-4912\" srcset=\"https:\/\/www.montceautriathlon.com\/blog\/wp-content\/uploads\/2022\/03\/IMG-20220313-WA0007-768x1024.jpg 768w, https:\/\/www.montceautriathlon.com\/blog\/wp-content\/uploads\/2022\/03\/IMG-20220313-WA0007-225x300.jpg 225w, https:\/\/www.montceautriathlon.com\/blog\/wp-content\/uploads\/2022\/03\/IMG-20220313-WA0007-1152x1536.jpg 1152w, https:\/\/www.montceautriathlon.com\/blog\/wp-content\/uploads\/2022\/03\/IMG-20220313-WA0007.jpg 1500w\" sizes=\"(max-width: 768px) 100vw, 768px\" \/><\/a><\/figure><\/li><li class=\"blocks-gallery-item\"><figure><a href=\"https:\/\/www.montceautriathlon.com\/blog\/wp-content\/uploads\/2022\/03\/IMG-20220313-WA0006.jpg\"><img data-attachment-id=\"4911\" data-permalink=\"https:\/\/www.montceautriathlon.com\/blog\/img-20220313-wa0006\/\" data-orig-file=\"https:\/\/www.montceautriathlon.com\/blog\/wp-content\/uploads\/2022\/03\/IMG-20220313-WA0006.jpg\" data-orig-size=\"1500,2000\" data-comments-opened=\"1\" data-image-meta=\"{&quot;aperture&quot;:&quot;0&quot;,&quot;credit&quot;:&quot;&quot;,&quot;camera&quot;:&quot;&quot;,&quot;caption&quot;:&quot;&quot;,&quot;created_timestamp&quot;:&quot;0&quot;,&quot;copyright&quot;:&quot;&quot;,&quot;focal_length&quot;:&quot;0&quot;,&quot;iso&quot;:&quot;0&quot;,&quot;shutter_speed&quot;:&quot;0&quot;,&quot;title&quot;:&quot;&quot;,&quot;orientation&quot;:&quot;0&quot;}\" data-image-title=\"IMG-20220313-WA0006\" data-image-description=\"\" data-image-caption=\"\" data-medium-file=\"https:\/\/www.montceautriathlon.com\/blog\/wp-content\/uploads\/2022\/03\/IMG-20220313-WA0006-225x300.jpg\" data-large-file=\"https:\/\/www.montceautriathlon.com\/blog\/wp-content\/uploads\/2022\/03\/IMG-20220313-WA0006-768x1024.jpg\" loading=\"lazy\" width=\"768\" height=\"1024\" src=\"https:\/\/www.montceautriathlon.com\/blog\/wp-content\/uploads\/2022\/03\/IMG-20220313-WA0006-768x1024.jpg\" alt=\"\" data-id=\"4911\" data-full-url=\"https:\/\/www.montceautriathlon.com\/blog\/wp-content\/uploads\/2022\/03\/IMG-20220313-WA0006.jpg\" data-link=\"https:\/\/www.montceautriathlon.com\/blog\/img-20220313-wa0006\/\" class=\"wp-image-4911\" srcset=\"https:\/\/www.montceautriathlon.com\/blog\/wp-content\/uploads\/2022\/03\/IMG-20220313-WA0006-768x1024.jpg 768w, https:\/\/www.montceautriathlon.com\/blog\/wp-content\/uploads\/2022\/03\/IMG-20220313-WA0006-225x300.jpg 225w, https:\/\/www.montceautriathlon.com\/blog\/wp-content\/uploads\/2022\/03\/IMG-20220313-WA0006-1152x1536.jpg 1152w, https:\/\/www.montceautriathlon.com\/blog\/wp-content\/uploads\/2022\/03\/IMG-20220313-WA0006.jpg 1500w\" sizes=\"(max-width: 768px) 100vw, 768px\" \/><\/a><\/figure><\/li><li class=\"blocks-gallery-item\"><figure><a href=\"https:\/\/www.montceautriathlon.com\/blog\/wp-content\/uploads\/2022\/03\/IMG-20220313-WA0005.jpg\"><img data-attachment-id=\"4910\" data-permalink=\"https:\/\/www.montceautriathlon.com\/blog\/img-20220313-wa0005\/\" data-orig-file=\"https:\/\/www.montceautriathlon.com\/blog\/wp-content\/uploads\/2022\/03\/IMG-20220313-WA0005.jpg\" data-orig-size=\"1500,2000\" data-comments-opened=\"1\" data-image-meta=\"{&quot;aperture&quot;:&quot;0&quot;,&quot;credit&quot;:&quot;&quot;,&quot;camera&quot;:&quot;&quot;,&quot;caption&quot;:&quot;&quot;,&quot;created_timestamp&quot;:&quot;0&quot;,&quot;copyright&quot;:&quot;&quot;,&quot;focal_length&quot;:&quot;0&quot;,&quot;iso&quot;:&quot;0&quot;,&quot;shutter_speed&quot;:&quot;0&quot;,&quot;title&quot;:&quot;&quot;,&quot;orientation&quot;:&quot;0&quot;}\" data-image-title=\"IMG-20220313-WA0005\" data-image-description=\"\" data-image-caption=\"\" data-medium-file=\"https:\/\/www.montceautriathlon.com\/blog\/wp-content\/uploads\/2022\/03\/IMG-20220313-WA0005-225x300.jpg\" data-large-file=\"https:\/\/www.montceautriathlon.com\/blog\/wp-content\/uploads\/2022\/03\/IMG-20220313-WA0005-768x1024.jpg\" loading=\"lazy\" width=\"768\" height=\"1024\" src=\"https:\/\/www.montceautriathlon.com\/blog\/wp-content\/uploads\/2022\/03\/IMG-20220313-WA0005-768x1024.jpg\" alt=\"\" data-id=\"4910\" data-full-url=\"https:\/\/www.montceautriathlon.com\/blog\/wp-content\/uploads\/2022\/03\/IMG-20220313-WA0005.jpg\" data-link=\"https:\/\/www.montceautriathlon.com\/blog\/img-20220313-wa0005\/\" class=\"wp-image-4910\" srcset=\"https:\/\/www.montceautriathlon.com\/blog\/wp-content\/uploads\/2022\/03\/IMG-20220313-WA0005-768x1024.jpg 768w, https:\/\/www.montceautriathlon.com\/blog\/wp-content\/uploads\/2022\/03\/IMG-20220313-WA0005-225x300.jpg 225w, https:\/\/www.montceautriathlon.com\/blog\/wp-content\/uploads\/2022\/03\/IMG-20220313-WA0005-1152x1536.jpg 1152w, https:\/\/www.montceautriathlon.com\/blog\/wp-content\/uploads\/2022\/03\/IMG-20220313-WA0005.jpg 1500w\" sizes=\"(max-width: 768px) 100vw, 768px\" \/><\/a><\/figure><\/li><li class=\"blocks-gallery-item\"><figure><a href=\"https:\/\/www.montceautriathlon.com\/blog\/wp-content\/uploads\/2022\/03\/IMG-20220313-WA0004.jpg\"><img data-attachment-id=\"4909\" data-permalink=\"https:\/\/www.montceautriathlon.com\/blog\/img-20220313-wa0004\/\" data-orig-file=\"https:\/\/www.montceautriathlon.com\/blog\/wp-content\/uploads\/2022\/03\/IMG-20220313-WA0004.jpg\" data-orig-size=\"1500,2000\" data-comments-opened=\"1\" data-image-meta=\"{&quot;aperture&quot;:&quot;0&quot;,&quot;credit&quot;:&quot;&quot;,&quot;camera&quot;:&quot;&quot;,&quot;caption&quot;:&quot;&quot;,&quot;created_timestamp&quot;:&quot;0&quot;,&quot;copyright&quot;:&quot;&quot;,&quot;focal_length&quot;:&quot;0&quot;,&quot;iso&quot;:&quot;0&quot;,&quot;shutter_speed&quot;:&quot;0&quot;,&quot;title&quot;:&quot;&quot;,&quot;orientation&quot;:&quot;0&quot;}\" data-image-title=\"IMG-20220313-WA0004\" data-image-description=\"\" data-image-caption=\"\" data-medium-file=\"https:\/\/www.montceautriathlon.com\/blog\/wp-content\/uploads\/2022\/03\/IMG-20220313-WA0004-225x300.jpg\" data-large-file=\"https:\/\/www.montceautriathlon.com\/blog\/wp-content\/uploads\/2022\/03\/IMG-20220313-WA0004-768x1024.jpg\" loading=\"lazy\" width=\"768\" height=\"1024\" src=\"https:\/\/www.montceautriathlon.com\/blog\/wp-content\/uploads\/2022\/03\/IMG-20220313-WA0004-768x1024.jpg\" alt=\"\" data-id=\"4909\" data-full-url=\"https:\/\/www.montceautriathlon.com\/blog\/wp-content\/uploads\/2022\/03\/IMG-20220313-WA0004.jpg\" data-link=\"https:\/\/www.montceautriathlon.com\/blog\/img-20220313-wa0004\/\" class=\"wp-image-4909\" srcset=\"https:\/\/www.montceautriathlon.com\/blog\/wp-content\/uploads\/2022\/03\/IMG-20220313-WA0004-768x1024.jpg 768w, https:\/\/www.montceautriathlon.com\/blog\/wp-content\/uploads\/2022\/03\/IMG-20220313-WA0004-225x300.jpg 225w, https:\/\/www.montceautriathlon.com\/blog\/wp-content\/uploads\/2022\/03\/IMG-20220313-WA0004-1152x1536.jpg 1152w, https:\/\/www.montceautriathlon.com\/blog\/wp-content\/uploads\/2022\/03\/IMG-20220313-WA0004.jpg 1500w\" sizes=\"(max-width: 768px) 100vw, 768px\" \/><\/a><\/figure><\/li><li class=\"blocks-gallery-item\"><figure><a href=\"https:\/\/www.montceautriathlon.com\/blog\/wp-content\/uploads\/2022\/03\/IMG-20220313-WA0003.jpg\"><img data-attachment-id=\"4908\" data-permalink=\"https:\/\/www.montceautriathlon.com\/blog\/img-20220313-wa0003\/\" data-orig-file=\"https:\/\/www.montceautriathlon.com\/blog\/wp-content\/uploads\/2022\/03\/IMG-20220313-WA0003.jpg\" data-orig-size=\"1500,2000\" data-comments-opened=\"1\" data-image-meta=\"{&quot;aperture&quot;:&quot;0&quot;,&quot;credit&quot;:&quot;&quot;,&quot;camera&quot;:&quot;&quot;,&quot;caption&quot;:&quot;&quot;,&quot;created_timestamp&quot;:&quot;0&quot;,&quot;copyright&quot;:&quot;&quot;,&quot;focal_length&quot;:&quot;0&quot;,&quot;iso&quot;:&quot;0&quot;,&quot;shutter_speed&quot;:&quot;0&quot;,&quot;title&quot;:&quot;&quot;,&quot;orientation&quot;:&quot;0&quot;}\" data-image-title=\"IMG-20220313-WA0003\" data-image-description=\"\" data-image-caption=\"\" data-medium-file=\"https:\/\/www.montceautriathlon.com\/blog\/wp-content\/uploads\/2022\/03\/IMG-20220313-WA0003-225x300.jpg\" data-large-file=\"https:\/\/www.montceautriathlon.com\/blog\/wp-content\/uploads\/2022\/03\/IMG-20220313-WA0003-768x1024.jpg\" loading=\"lazy\" width=\"768\" height=\"1024\" src=\"https:\/\/www.montceautriathlon.com\/blog\/wp-content\/uploads\/2022\/03\/IMG-20220313-WA0003-768x1024.jpg\" alt=\"\" data-id=\"4908\" data-full-url=\"https:\/\/www.montceautriathlon.com\/blog\/wp-content\/uploads\/2022\/03\/IMG-20220313-WA0003.jpg\" data-link=\"https:\/\/www.montceautriathlon.com\/blog\/img-20220313-wa0003\/\" class=\"wp-image-4908\" srcset=\"https:\/\/www.montceautriathlon.com\/blog\/wp-content\/uploads\/2022\/03\/IMG-20220313-WA0003-768x1024.jpg 768w, https:\/\/www.montceautriathlon.com\/blog\/wp-content\/uploads\/2022\/03\/IMG-20220313-WA0003-225x300.jpg 225w, https:\/\/www.montceautriathlon.com\/blog\/wp-content\/uploads\/2022\/03\/IMG-20220313-WA0003-1152x1536.jpg 1152w, https:\/\/www.montceautriathlon.com\/blog\/wp-content\/uploads\/2022\/03\/IMG-20220313-WA0003.jpg 1500w\" sizes=\"(max-width: 768px) 100vw, 768px\" \/><\/a><\/figure><\/li><li class=\"blocks-gallery-item\"><figure><a href=\"https:\/\/www.montceautriathlon.com\/blog\/wp-content\/uploads\/2022\/03\/IMG-20220313-WA0000.jpg\"><img data-attachment-id=\"4907\" data-permalink=\"https:\/\/www.montceautriathlon.com\/blog\/img-20220313-wa0000\/\" data-orig-file=\"https:\/\/www.montceautriathlon.com\/blog\/wp-content\/uploads\/2022\/03\/IMG-20220313-WA0000.jpg\" data-orig-size=\"2048,1536\" data-comments-opened=\"1\" data-image-meta=\"{&quot;aperture&quot;:&quot;0&quot;,&quot;credit&quot;:&quot;&quot;,&quot;camera&quot;:&quot;&quot;,&quot;caption&quot;:&quot;&quot;,&quot;created_timestamp&quot;:&quot;0&quot;,&quot;copyright&quot;:&quot;&quot;,&quot;focal_length&quot;:&quot;0&quot;,&quot;iso&quot;:&quot;0&quot;,&quot;shutter_speed&quot;:&quot;0&quot;,&quot;title&quot;:&quot;&quot;,&quot;orientation&quot;:&quot;0&quot;}\" data-image-title=\"IMG-20220313-WA0000\" data-image-description=\"\" data-image-caption=\"\" data-medium-file=\"https:\/\/www.montceautriathlon.com\/blog\/wp-content\/uploads\/2022\/03\/IMG-20220313-WA0000-300x225.jpg\" data-large-file=\"https:\/\/www.montceautriathlon.com\/blog\/wp-content\/uploads\/2022\/03\/IMG-20220313-WA0000-1024x768.jpg\" loading=\"lazy\" width=\"1024\" height=\"768\" src=\"https:\/\/www.montceautriathlon.com\/blog\/wp-content\/uploads\/2022\/03\/IMG-20220313-WA0000-1024x768.jpg\" alt=\"\" data-id=\"4907\" data-full-url=\"https:\/\/www.montceautriathlon.com\/blog\/wp-content\/uploads\/2022\/03\/IMG-20220313-WA0000.jpg\" data-link=\"https:\/\/www.montceautriathlon.com\/blog\/img-20220313-wa0000\/\" class=\"wp-image-4907\" srcset=\"https:\/\/www.montceautriathlon.com\/blog\/wp-content\/uploads\/2022\/03\/IMG-20220313-WA0000-1024x768.jpg 1024w, https:\/\/www.montceautriathlon.com\/blog\/wp-content\/uploads\/2022\/03\/IMG-20220313-WA0000-300x225.jpg 300w, https:\/\/www.montceautriathlon.com\/blog\/wp-content\/uploads\/2022\/03\/IMG-20220313-WA0000-768x576.jpg 768w, https:\/\/www.montceautriathlon.com\/blog\/wp-content\/uploads\/2022\/03\/IMG-20220313-WA0000-1536x1152.jpg 1536w, https:\/\/www.montceautriathlon.com\/blog\/wp-content\/uploads\/2022\/03\/IMG-20220313-WA0000.jpg 2048w\" sizes=\"(max-width: 1024px) 100vw, 1024px\" \/><\/a><\/figure><\/li><\/ul><\/figure>\n\n\n\n<p><\/p>\n","protected":false},"excerpt":{"rendered":"<p>C&rsquo;est le printemps, les chaussures de running pi\u00e9tinent d&rsquo;impatience, les semelles chatouillent. Enfin la douce odeur de transpiration, adieu la froideur des sentiers gel\u00e9s. C&rsquo;est le printemps et les courses germent de toute part ! Elles vont lib\u00e9rer la foul\u00e9e ! Allez, assez de pau\u00e9sie, place aux r\u00e9sultats ! En bref et rapidement : sur [&hellip;]<\/p>\n","protected":false},"author":5,"featured_media":0,"comment_status":"open","ping_status":"open","sticky":false,"template":"","format":"standard","meta":{"spay_email":"","jetpack_publicize_message":"","jetpack_is_tweetstorm":false},"categories":[1],"tags":[],"jetpack_featured_media_url":"","jetpack_publicize_connections":[],"jetpack_sharing_enabled":true,"jetpack_shortlink":"https:\/\/wp.me\/p8bwIy-1h4","jetpack-related-posts":[{"id":2328,"url":"https:\/\/www.montceautriathlon.com\/blog\/2018\/10\/08\/sale-temps-aux-salles-sur-verdon-fallait-pas-lacher-le-guidon\/","url_meta":{"origin":4902,"position":0},"title":"Sale temps aux  Salles sur Verdon : fallait pas l\u00e2cher le guidon !","date":"8 octobre 2018","format":false,"excerpt":"\u00a0 \u00a0 \u00a0 \u00a0 \u00a0 \u00a0 \u00a0 \u00a0 D\u00e9cid\u00e9ment, les longues distances dans le Sud n'auront pas r\u00e9ussi \u00e0 nos triathl\u00e8tes c\u00f4t\u00e9 m\u00e9t\u00e9o. Apr\u00e8s Aix au printemps, la pluie a contraint les organisateurs \u00e0 modifier et raccourcir le parcours v\u00e9lo! Mais le groupe montcellien a brav\u00e9 les \u00e9l\u00e9ments et remarquons\u2026","rel":"","context":"Dans &quot;Non class\u00e9&quot;","img":{"alt_text":"","src":"https:\/\/i2.wp.com\/montceautriathlon.com\/blog\/wp-content\/uploads\/2018\/10\/IMG_72071-225x300.jpg?resize=350%2C200","width":350,"height":200},"classes":[]},{"id":3013,"url":"https:\/\/www.montceautriathlon.com\/blog\/2019\/07\/08\/6-juillet-2019-triathlon-des-gorges-de-lardeche-fallait-avoir-la-peche\/","url_meta":{"origin":4902,"position":1},"title":"6 juillet 2019, Triathlon des Gorges de l&rsquo;Ard\u00e8che : fallait avoir la p\u00eache !","date":"8 juillet 2019","format":false,"excerpt":"Une petite \u00e9quipe du club avait d\u00e9cid\u00e9 de s'aligner sur le tr\u00e8s all\u00e9chant triathlon longue distance\u00a0 des Gorges de l'Ard\u00e8che. Beno\u00eet Thierry avait m\u00eame d\u00e9cid\u00e9 d'effectuer le combin\u00e9 en trois jours : M\/s le jeudi soir, XS\/s le vendredi matin et L le samedi matin ! Une bonne pr\u00e9pa pour\u2026","rel":"","context":"Dans &quot;Non class\u00e9&quot;","img":{"alt_text":"","src":"","width":0,"height":0},"classes":[]},{"id":1591,"url":"https:\/\/www.montceautriathlon.com\/blog\/2017\/10\/22\/trail-du-haut-clunysois\/","url_meta":{"origin":4902,"position":2},"title":"Trail du Haut Clunysois (Samedi 21 octobre 2017)","date":"22 octobre 2017","format":false,"excerpt":"5 courses \u00e9taient au programme de cette belle journ\u00e9e sportive et\u00a0dans cette magnifique r\u00e9gion du Haut Clunysois, en Bourgogne du sud. Quelques triathl\u00e8tes se sont lanc\u00e9s sur le parcours \"La 28 bornes\" avec comme son nom l'indique, 28 km de course \u00e0 pied\u00a0(844MD+) en pleine nature, sur des chemins de\u2026","rel":"","context":"Dans &quot;Non class\u00e9&quot;","img":{"alt_text":"","src":"","width":0,"height":0},"classes":[]},{"id":2852,"url":"https:\/\/www.montceautriathlon.com\/blog\/2019\/05\/21\/12-05-19-vitry-en-charolais-arret-buffet-sur-la-bernard-thevenet\/","url_meta":{"origin":4902,"position":3},"title":"12\/05\/19, Vitry en Charolais : arr\u00eat-buffet sur la Bernard Th\u00e9venet  !","date":"21 mai 2019","format":false,"excerpt":"Petit retour en arri\u00e8re et petit crochet du c\u00f4t\u00e9 de Vitry en Charolais la semaine derni\u00e8re pour une petite douzaine de licenci\u00e9s venus faire des bornes\u00a0 en vue des prochaines comp\u00e9titions. Petite course r\u00e9tro avec un petit c\u00f4t\u00e9 vintage. Ah !\u00a0 Bernard Th\u00e9venet ! Robert Alban !\u00a0 Cela ne nous\u2026","rel":"","context":"Dans &quot;Non class\u00e9&quot;","img":{"alt_text":"","src":"https:\/\/i1.wp.com\/montceautriathlon.com\/blog\/wp-content\/uploads\/2019\/05\/20190512_140308-e1558461537311-225x300.jpg?resize=350%2C200","width":350,"height":200},"classes":[]},{"id":2005,"url":"https:\/\/www.montceautriathlon.com\/blog\/2018\/06\/18\/besancon25-cublize69vassiviere87-aurillac-15-week-end-charge-ces-16-et-17-juin\/","url_meta":{"origin":4902,"position":4},"title":"Besan\u00e7on(25), Cublize(69),Vassivi\u00e8re(87), Aurillac (15) week-end charg\u00e9 ces 16 et 17 juin !","date":"18 juin 2018","format":false,"excerpt":"Week-end charg\u00e9 effectivement avec notre \u00e9quipe f\u00e9minine \u00e0 Besan\u00e7on qui s'est brillamment qualifi\u00e9e pour la finale D3 de triathlon en remportant l'\u00e9preuve Grand\/Est \u00e0 Besan\u00e7on , une grosse douzaines de triathl\u00e8tes du club sur le difficile triathlon courte distance (format M) du lac des Sapins \u00e0 Cublize avec une belle\u2026","rel":"","context":"Dans &quot;Non class\u00e9&quot;","img":{"alt_text":"","src":"https:\/\/i0.wp.com\/montceautriathlon.com\/blog\/wp-content\/uploads\/2018\/06\/podium-1-300x288.jpg?resize=350%2C200","width":350,"height":200},"classes":[]},{"id":3119,"url":"https:\/\/www.montceautriathlon.com\/blog\/2019\/09\/05\/retour-sur-le-triathlon-passy-triathlon-des-inconnus\/","url_meta":{"origin":4902,"position":5},"title":"Retour sur le triathlon Passy : Triathlon des Inconnus ?","date":"5 septembre 2019","format":false,"excerpt":"Triathlon Passy Mont Blanc : \"C'est pas du g\u00e2teau ! tel est notre ghetto !\" Mais non ! Ce ne sont pas des Inconnus mais bien Sandrine, Tom, Fred, Ir\u00e8ne, Jean Jacques, Micka\u00ebl et Catherine qui se sont align\u00e9s sur les diff\u00e9rentes distances de ce magnifique triathlon. 1er L pour\u2026","rel":"","context":"Dans &quot;Non class\u00e9&quot;","img":{"alt_text":"","src":"https:\/\/i1.wp.com\/montceautriathlon.com\/blog\/wp-content\/uploads\/2019\/09\/IMG-20190824-WA00021-1-300x225.jpg?resize=350%2C200","width":350,"height":200},"classes":[]}],"_links":{"self":[{"href":"https:\/\/www.montceautriathlon.com\/blog\/wp-json\/wp\/v2\/posts\/4902"}],"collection":[{"href":"https:\/\/www.montceautriathlon.com\/blog\/wp-json\/wp\/v2\/posts"}],"about":[{"href":"https:\/\/www.montceautriathlon.com\/blog\/wp-json\/wp\/v2\/types\/post"}],"author":[{"embeddable":true,"href":"https:\/\/www.montceautriathlon.com\/blog\/wp-json\/wp\/v2\/users\/5"}],"replies":[{"embeddable":true,"href":"https:\/\/www.montceautriathlon.com\/blog\/wp-json\/wp\/v2\/comments?post=4902"}],"version-history":[{"count":3,"href":"https:\/\/www.montceautriathlon.com\/blog\/wp-json\/wp\/v2\/posts\/4902\/revisions"}],"predecessor-version":[{"id":4917,"href":"https:\/\/www.montceautriathlon.com\/blog\/wp-json\/wp\/v2\/posts\/4902\/revisions\/4917"}],"wp:attachment":[{"href":"https:\/\/www.montceautriathlon.com\/blog\/wp-json\/wp\/v2\/media?parent=4902"}],"wp:term":[{"taxonomy":"category","embeddable":true,"href":"https:\/\/www.montceautriathlon.com\/blog\/wp-json\/wp\/v2\/categories?post=4902"},{"taxonomy":"post_tag","embeddable":true,"href":"https:\/\/www.montceautriathlon.com\/blog\/wp-json\/wp\/v2\/tags?post=4902"}],"curies":[{"name":"wp","href":"https:\/\/api.w.org\/{rel}","templated":true}]}}