{"id":4812,"date":"2021-12-21T07:03:05","date_gmt":"2021-12-21T06:03:05","guid":{"rendered":"https:\/\/www.montceautriathlon.com\/blog\/?p=4812"},"modified":"2021-12-21T07:03:09","modified_gmt":"2021-12-21T06:03:09","slug":"corrida-de-saint-gengoux-une-petite-course-sympa-avant-les-fetes","status":"publish","type":"post","link":"https:\/\/www.montceautriathlon.com\/blog\/2021\/12\/21\/corrida-de-saint-gengoux-une-petite-course-sympa-avant-les-fetes\/","title":{"rendered":"Corrida de Saint-Gengoux : une petite course sympa avant les f\u00eates."},"content":{"rendered":"\n<p>Une course adulte et deux courses jeunes au travers de la cit\u00e9 m\u00e9di\u00e9vale au programme de ce dernier week-end avant la tr\u00eave des confiseurs. Montceau Triathlon \u00e0 la demande d&rsquo;Arnaud a pr\u00eat\u00e9 main forte \u00e0 l&rsquo;\u00e9v\u00e8nement en encadrant les courses jeunes qui malheureusement n&rsquo;ont pas attir\u00e9 de nombreux concurrents et en prenant en charge inscriptions et chronom\u00e9trage de ces deux courses. Joshua, Berteline, Zo\u00e9, Axelle \u00e9taient bien pr\u00e9sents sur les courses jeunes et sur les podiums !<\/p>\n\n\n\n<p>Sur la course adulte, Laurent( 8\u00e8me au scratch !), Beno\u00eet, Jean , Isabelle, Sophie M, Pierre et Ir\u00e8ne ont aussi brav\u00e9 le froid et les pav\u00e9s de la cit\u00e9.<\/p>\n\n\n\n<p>les r\u00e9sultats de la corrida en suivant ce lien : <a href=\"https:\/\/www.montceautriathlon.com\/blog\/wp-content\/uploads\/2021\/12\/corridadenoelresultatscorridadenoel.pdf\" target=\"_blank\" rel=\"noreferrer noopener\">https:\/\/www.montceautriathlon.com\/blog\/wp-content\/uploads\/2021\/12\/corridadenoelresultatscorridadenoel.pdf<\/a><\/p>\n\n\n\n<p>quelques photos de cette \u00e9preuve ci-dessous: et un lien pour la belle galerie de Christelle.<a href=\"https:\/\/photos.google.com\/share\/AF1QipO5IOXqcsHcI89qr7qT3F7322TLwT0TA4SRSvAGpW0NDg0PqUzkeMymbfo-FSlShw?key=Wm1MdTQta25rQ0Q0TmxZcFU4b0NXWVg2aktReE1n\" target=\"_blank\" rel=\"noreferrer noopener\">https:\/\/photos.google.com\/share\/AF1QipO5IOXqcsHcI89qr7qT3F7322TLwT0TA4SRSvAGpW0NDg0PqUzkeMymbfo-FSlShw?key=Wm1MdTQta25rQ0Q0TmxZcFU4b0NXWVg2aktReE1n<\/a><\/p>\n\n\n\n<p><\/p>\n\n\n\n<figure class=\"wp-block-gallery columns-3 is-cropped\"><ul data-carousel-extra='{\"blog_id\":1,\"permalink\":\"https:\\\/\\\/www.montceautriathlon.com\\\/blog\\\/2021\\\/12\\\/21\\\/corrida-de-saint-gengoux-une-petite-course-sympa-avant-les-fetes\\\/\"}' class=\"blocks-gallery-grid\"><li class=\"blocks-gallery-item\"><figure><a href=\"https:\/\/www.montceautriathlon.com\/blog\/wp-content\/uploads\/2021\/12\/stg6.jpg\"><img data-attachment-id=\"4811\" data-permalink=\"https:\/\/www.montceautriathlon.com\/blog\/stg6\/\" data-orig-file=\"https:\/\/www.montceautriathlon.com\/blog\/wp-content\/uploads\/2021\/12\/stg6.jpg\" data-orig-size=\"1600,721\" data-comments-opened=\"1\" data-image-meta=\"{&quot;aperture&quot;:&quot;0&quot;,&quot;credit&quot;:&quot;&quot;,&quot;camera&quot;:&quot;&quot;,&quot;caption&quot;:&quot;&quot;,&quot;created_timestamp&quot;:&quot;0&quot;,&quot;copyright&quot;:&quot;&quot;,&quot;focal_length&quot;:&quot;0&quot;,&quot;iso&quot;:&quot;0&quot;,&quot;shutter_speed&quot;:&quot;0&quot;,&quot;title&quot;:&quot;&quot;,&quot;orientation&quot;:&quot;0&quot;}\" data-image-title=\"stg6\" data-image-description=\"\" data-image-caption=\"\" data-medium-file=\"https:\/\/www.montceautriathlon.com\/blog\/wp-content\/uploads\/2021\/12\/stg6-300x135.jpg\" data-large-file=\"https:\/\/www.montceautriathlon.com\/blog\/wp-content\/uploads\/2021\/12\/stg6-1024x461.jpg\" loading=\"lazy\" width=\"1024\" height=\"461\" src=\"https:\/\/www.montceautriathlon.com\/blog\/wp-content\/uploads\/2021\/12\/stg6-1024x461.jpg\" alt=\"\" data-id=\"4811\" data-full-url=\"https:\/\/www.montceautriathlon.com\/blog\/wp-content\/uploads\/2021\/12\/stg6.jpg\" data-link=\"https:\/\/www.montceautriathlon.com\/blog\/stg6\/\" class=\"wp-image-4811\" srcset=\"https:\/\/www.montceautriathlon.com\/blog\/wp-content\/uploads\/2021\/12\/stg6-1024x461.jpg 1024w, https:\/\/www.montceautriathlon.com\/blog\/wp-content\/uploads\/2021\/12\/stg6-300x135.jpg 300w, https:\/\/www.montceautriathlon.com\/blog\/wp-content\/uploads\/2021\/12\/stg6-768x346.jpg 768w, https:\/\/www.montceautriathlon.com\/blog\/wp-content\/uploads\/2021\/12\/stg6-1536x692.jpg 1536w, https:\/\/www.montceautriathlon.com\/blog\/wp-content\/uploads\/2021\/12\/stg6.jpg 1600w\" sizes=\"(max-width: 1024px) 100vw, 1024px\" \/><\/a><\/figure><\/li><li class=\"blocks-gallery-item\"><figure><a href=\"https:\/\/www.montceautriathlon.com\/blog\/wp-content\/uploads\/2021\/12\/stg5.jpg\"><img data-attachment-id=\"4810\" data-permalink=\"https:\/\/www.montceautriathlon.com\/blog\/stg5\/\" data-orig-file=\"https:\/\/www.montceautriathlon.com\/blog\/wp-content\/uploads\/2021\/12\/stg5.jpg\" data-orig-size=\"1200,1600\" data-comments-opened=\"1\" data-image-meta=\"{&quot;aperture&quot;:&quot;0&quot;,&quot;credit&quot;:&quot;&quot;,&quot;camera&quot;:&quot;&quot;,&quot;caption&quot;:&quot;&quot;,&quot;created_timestamp&quot;:&quot;0&quot;,&quot;copyright&quot;:&quot;&quot;,&quot;focal_length&quot;:&quot;0&quot;,&quot;iso&quot;:&quot;0&quot;,&quot;shutter_speed&quot;:&quot;0&quot;,&quot;title&quot;:&quot;&quot;,&quot;orientation&quot;:&quot;0&quot;}\" data-image-title=\"stg5\" data-image-description=\"\" data-image-caption=\"\" data-medium-file=\"https:\/\/www.montceautriathlon.com\/blog\/wp-content\/uploads\/2021\/12\/stg5-225x300.jpg\" data-large-file=\"https:\/\/www.montceautriathlon.com\/blog\/wp-content\/uploads\/2021\/12\/stg5-768x1024.jpg\" loading=\"lazy\" width=\"768\" height=\"1024\" src=\"https:\/\/www.montceautriathlon.com\/blog\/wp-content\/uploads\/2021\/12\/stg5-768x1024.jpg\" alt=\"\" data-id=\"4810\" data-full-url=\"https:\/\/www.montceautriathlon.com\/blog\/wp-content\/uploads\/2021\/12\/stg5.jpg\" data-link=\"https:\/\/www.montceautriathlon.com\/blog\/stg5\/\" class=\"wp-image-4810\" srcset=\"https:\/\/www.montceautriathlon.com\/blog\/wp-content\/uploads\/2021\/12\/stg5-768x1024.jpg 768w, https:\/\/www.montceautriathlon.com\/blog\/wp-content\/uploads\/2021\/12\/stg5-225x300.jpg 225w, https:\/\/www.montceautriathlon.com\/blog\/wp-content\/uploads\/2021\/12\/stg5-1152x1536.jpg 1152w, https:\/\/www.montceautriathlon.com\/blog\/wp-content\/uploads\/2021\/12\/stg5.jpg 1200w\" sizes=\"(max-width: 768px) 100vw, 768px\" \/><\/a><\/figure><\/li><li class=\"blocks-gallery-item\"><figure><a href=\"https:\/\/www.montceautriathlon.com\/blog\/wp-content\/uploads\/2021\/12\/stg4.jpg\"><img data-attachment-id=\"4809\" data-permalink=\"https:\/\/www.montceautriathlon.com\/blog\/stg4\/\" data-orig-file=\"https:\/\/www.montceautriathlon.com\/blog\/wp-content\/uploads\/2021\/12\/stg4.jpg\" data-orig-size=\"1000,500\" data-comments-opened=\"1\" data-image-meta=\"{&quot;aperture&quot;:&quot;0&quot;,&quot;credit&quot;:&quot;&quot;,&quot;camera&quot;:&quot;&quot;,&quot;caption&quot;:&quot;&quot;,&quot;created_timestamp&quot;:&quot;0&quot;,&quot;copyright&quot;:&quot;&quot;,&quot;focal_length&quot;:&quot;0&quot;,&quot;iso&quot;:&quot;0&quot;,&quot;shutter_speed&quot;:&quot;0&quot;,&quot;title&quot;:&quot;&quot;,&quot;orientation&quot;:&quot;0&quot;}\" data-image-title=\"stg4\" data-image-description=\"\" data-image-caption=\"\" data-medium-file=\"https:\/\/www.montceautriathlon.com\/blog\/wp-content\/uploads\/2021\/12\/stg4-300x150.jpg\" data-large-file=\"https:\/\/www.montceautriathlon.com\/blog\/wp-content\/uploads\/2021\/12\/stg4.jpg\" loading=\"lazy\" width=\"1000\" height=\"500\" src=\"https:\/\/www.montceautriathlon.com\/blog\/wp-content\/uploads\/2021\/12\/stg4.jpg\" alt=\"\" data-id=\"4809\" data-full-url=\"https:\/\/www.montceautriathlon.com\/blog\/wp-content\/uploads\/2021\/12\/stg4.jpg\" data-link=\"https:\/\/www.montceautriathlon.com\/blog\/stg4\/\" class=\"wp-image-4809\" srcset=\"https:\/\/www.montceautriathlon.com\/blog\/wp-content\/uploads\/2021\/12\/stg4.jpg 1000w, https:\/\/www.montceautriathlon.com\/blog\/wp-content\/uploads\/2021\/12\/stg4-300x150.jpg 300w, https:\/\/www.montceautriathlon.com\/blog\/wp-content\/uploads\/2021\/12\/stg4-768x384.jpg 768w\" sizes=\"(max-width: 1000px) 100vw, 1000px\" \/><\/a><\/figure><\/li><li class=\"blocks-gallery-item\"><figure><a href=\"https:\/\/www.montceautriathlon.com\/blog\/wp-content\/uploads\/2021\/12\/stg3.jpg\"><img data-attachment-id=\"4808\" data-permalink=\"https:\/\/www.montceautriathlon.com\/blog\/stg3\/\" data-orig-file=\"https:\/\/www.montceautriathlon.com\/blog\/wp-content\/uploads\/2021\/12\/stg3.jpg\" data-orig-size=\"1000,500\" data-comments-opened=\"1\" data-image-meta=\"{&quot;aperture&quot;:&quot;0&quot;,&quot;credit&quot;:&quot;&quot;,&quot;camera&quot;:&quot;&quot;,&quot;caption&quot;:&quot;&quot;,&quot;created_timestamp&quot;:&quot;0&quot;,&quot;copyright&quot;:&quot;&quot;,&quot;focal_length&quot;:&quot;0&quot;,&quot;iso&quot;:&quot;0&quot;,&quot;shutter_speed&quot;:&quot;0&quot;,&quot;title&quot;:&quot;&quot;,&quot;orientation&quot;:&quot;0&quot;}\" data-image-title=\"stg3\" data-image-description=\"\" data-image-caption=\"\" data-medium-file=\"https:\/\/www.montceautriathlon.com\/blog\/wp-content\/uploads\/2021\/12\/stg3-300x150.jpg\" data-large-file=\"https:\/\/www.montceautriathlon.com\/blog\/wp-content\/uploads\/2021\/12\/stg3.jpg\" loading=\"lazy\" width=\"1000\" height=\"500\" src=\"https:\/\/www.montceautriathlon.com\/blog\/wp-content\/uploads\/2021\/12\/stg3.jpg\" alt=\"\" data-id=\"4808\" data-full-url=\"https:\/\/www.montceautriathlon.com\/blog\/wp-content\/uploads\/2021\/12\/stg3.jpg\" data-link=\"https:\/\/www.montceautriathlon.com\/blog\/stg3\/\" class=\"wp-image-4808\" srcset=\"https:\/\/www.montceautriathlon.com\/blog\/wp-content\/uploads\/2021\/12\/stg3.jpg 1000w, https:\/\/www.montceautriathlon.com\/blog\/wp-content\/uploads\/2021\/12\/stg3-300x150.jpg 300w, https:\/\/www.montceautriathlon.com\/blog\/wp-content\/uploads\/2021\/12\/stg3-768x384.jpg 768w\" sizes=\"(max-width: 1000px) 100vw, 1000px\" \/><\/a><\/figure><\/li><li class=\"blocks-gallery-item\"><figure><a href=\"https:\/\/www.montceautriathlon.com\/blog\/wp-content\/uploads\/2021\/12\/stg2.jpg\"><img data-attachment-id=\"4807\" data-permalink=\"https:\/\/www.montceautriathlon.com\/blog\/stg2\/\" data-orig-file=\"https:\/\/www.montceautriathlon.com\/blog\/wp-content\/uploads\/2021\/12\/stg2.jpg\" data-orig-size=\"1000,500\" data-comments-opened=\"1\" data-image-meta=\"{&quot;aperture&quot;:&quot;0&quot;,&quot;credit&quot;:&quot;&quot;,&quot;camera&quot;:&quot;&quot;,&quot;caption&quot;:&quot;&quot;,&quot;created_timestamp&quot;:&quot;0&quot;,&quot;copyright&quot;:&quot;&quot;,&quot;focal_length&quot;:&quot;0&quot;,&quot;iso&quot;:&quot;0&quot;,&quot;shutter_speed&quot;:&quot;0&quot;,&quot;title&quot;:&quot;&quot;,&quot;orientation&quot;:&quot;0&quot;}\" data-image-title=\"stg2\" data-image-description=\"\" data-image-caption=\"\" data-medium-file=\"https:\/\/www.montceautriathlon.com\/blog\/wp-content\/uploads\/2021\/12\/stg2-300x150.jpg\" data-large-file=\"https:\/\/www.montceautriathlon.com\/blog\/wp-content\/uploads\/2021\/12\/stg2.jpg\" loading=\"lazy\" width=\"1000\" height=\"500\" src=\"https:\/\/www.montceautriathlon.com\/blog\/wp-content\/uploads\/2021\/12\/stg2.jpg\" alt=\"\" data-id=\"4807\" data-full-url=\"https:\/\/www.montceautriathlon.com\/blog\/wp-content\/uploads\/2021\/12\/stg2.jpg\" data-link=\"https:\/\/www.montceautriathlon.com\/blog\/stg2\/\" class=\"wp-image-4807\" srcset=\"https:\/\/www.montceautriathlon.com\/blog\/wp-content\/uploads\/2021\/12\/stg2.jpg 1000w, https:\/\/www.montceautriathlon.com\/blog\/wp-content\/uploads\/2021\/12\/stg2-300x150.jpg 300w, https:\/\/www.montceautriathlon.com\/blog\/wp-content\/uploads\/2021\/12\/stg2-768x384.jpg 768w\" sizes=\"(max-width: 1000px) 100vw, 1000px\" \/><\/a><\/figure><\/li><li class=\"blocks-gallery-item\"><figure><a href=\"https:\/\/www.montceautriathlon.com\/blog\/wp-content\/uploads\/2021\/12\/STG-1.jpg\"><img data-attachment-id=\"4805\" data-permalink=\"https:\/\/www.montceautriathlon.com\/blog\/stg-1\/\" data-orig-file=\"https:\/\/www.montceautriathlon.com\/blog\/wp-content\/uploads\/2021\/12\/STG-1.jpg\" data-orig-size=\"1200,1600\" data-comments-opened=\"1\" data-image-meta=\"{&quot;aperture&quot;:&quot;0&quot;,&quot;credit&quot;:&quot;&quot;,&quot;camera&quot;:&quot;&quot;,&quot;caption&quot;:&quot;&quot;,&quot;created_timestamp&quot;:&quot;0&quot;,&quot;copyright&quot;:&quot;&quot;,&quot;focal_length&quot;:&quot;0&quot;,&quot;iso&quot;:&quot;0&quot;,&quot;shutter_speed&quot;:&quot;0&quot;,&quot;title&quot;:&quot;&quot;,&quot;orientation&quot;:&quot;0&quot;}\" data-image-title=\"STG 1\" data-image-description=\"\" data-image-caption=\"\" data-medium-file=\"https:\/\/www.montceautriathlon.com\/blog\/wp-content\/uploads\/2021\/12\/STG-1-225x300.jpg\" data-large-file=\"https:\/\/www.montceautriathlon.com\/blog\/wp-content\/uploads\/2021\/12\/STG-1-768x1024.jpg\" loading=\"lazy\" width=\"768\" height=\"1024\" src=\"https:\/\/www.montceautriathlon.com\/blog\/wp-content\/uploads\/2021\/12\/STG-1-768x1024.jpg\" alt=\"\" data-id=\"4805\" data-full-url=\"https:\/\/www.montceautriathlon.com\/blog\/wp-content\/uploads\/2021\/12\/STG-1.jpg\" data-link=\"https:\/\/www.montceautriathlon.com\/blog\/stg-1\/\" class=\"wp-image-4805\" srcset=\"https:\/\/www.montceautriathlon.com\/blog\/wp-content\/uploads\/2021\/12\/STG-1-768x1024.jpg 768w, https:\/\/www.montceautriathlon.com\/blog\/wp-content\/uploads\/2021\/12\/STG-1-225x300.jpg 225w, https:\/\/www.montceautriathlon.com\/blog\/wp-content\/uploads\/2021\/12\/STG-1-1152x1536.jpg 1152w, https:\/\/www.montceautriathlon.com\/blog\/wp-content\/uploads\/2021\/12\/STG-1.jpg 1200w\" sizes=\"(max-width: 768px) 100vw, 768px\" \/><\/a><\/figure><\/li><li class=\"blocks-gallery-item\"><figure><a href=\"https:\/\/www.montceautriathlon.com\/blog\/wp-content\/uploads\/2021\/12\/stg.jpg\"><img data-attachment-id=\"4806\" data-permalink=\"https:\/\/www.montceautriathlon.com\/blog\/stg\/\" data-orig-file=\"https:\/\/www.montceautriathlon.com\/blog\/wp-content\/uploads\/2021\/12\/stg.jpg\" data-orig-size=\"1600,1067\" data-comments-opened=\"1\" data-image-meta=\"{&quot;aperture&quot;:&quot;0&quot;,&quot;credit&quot;:&quot;&quot;,&quot;camera&quot;:&quot;&quot;,&quot;caption&quot;:&quot;&quot;,&quot;created_timestamp&quot;:&quot;0&quot;,&quot;copyright&quot;:&quot;&quot;,&quot;focal_length&quot;:&quot;0&quot;,&quot;iso&quot;:&quot;0&quot;,&quot;shutter_speed&quot;:&quot;0&quot;,&quot;title&quot;:&quot;&quot;,&quot;orientation&quot;:&quot;1&quot;}\" data-image-title=\"stg\" data-image-description=\"\" data-image-caption=\"\" data-medium-file=\"https:\/\/www.montceautriathlon.com\/blog\/wp-content\/uploads\/2021\/12\/stg-300x200.jpg\" data-large-file=\"https:\/\/www.montceautriathlon.com\/blog\/wp-content\/uploads\/2021\/12\/stg-1024x683.jpg\" loading=\"lazy\" width=\"1024\" height=\"683\" src=\"https:\/\/www.montceautriathlon.com\/blog\/wp-content\/uploads\/2021\/12\/stg-1024x683.jpg\" alt=\"\" data-id=\"4806\" data-full-url=\"https:\/\/www.montceautriathlon.com\/blog\/wp-content\/uploads\/2021\/12\/stg.jpg\" data-link=\"https:\/\/www.montceautriathlon.com\/blog\/stg\/\" class=\"wp-image-4806\" srcset=\"https:\/\/www.montceautriathlon.com\/blog\/wp-content\/uploads\/2021\/12\/stg-1024x683.jpg 1024w, https:\/\/www.montceautriathlon.com\/blog\/wp-content\/uploads\/2021\/12\/stg-300x200.jpg 300w, https:\/\/www.montceautriathlon.com\/blog\/wp-content\/uploads\/2021\/12\/stg-768x512.jpg 768w, https:\/\/www.montceautriathlon.com\/blog\/wp-content\/uploads\/2021\/12\/stg-1536x1024.jpg 1536w, https:\/\/www.montceautriathlon.com\/blog\/wp-content\/uploads\/2021\/12\/stg.jpg 1600w\" sizes=\"(max-width: 1024px) 100vw, 1024px\" \/><\/a><\/figure><\/li><\/ul><\/figure>\n","protected":false},"excerpt":{"rendered":"<p>Une course adulte et deux courses jeunes au travers de la cit\u00e9 m\u00e9di\u00e9vale au programme de ce dernier week-end avant la tr\u00eave des confiseurs. Montceau Triathlon \u00e0 la demande d&rsquo;Arnaud a pr\u00eat\u00e9 main forte \u00e0 l&rsquo;\u00e9v\u00e8nement en encadrant les courses jeunes qui malheureusement n&rsquo;ont pas attir\u00e9 de nombreux concurrents et en prenant en charge inscriptions [&hellip;]<\/p>\n","protected":false},"author":5,"featured_media":4811,"comment_status":"open","ping_status":"open","sticky":false,"template":"","format":"standard","meta":{"spay_email":"","jetpack_publicize_message":"","jetpack_is_tweetstorm":false},"categories":[1],"tags":[],"jetpack_featured_media_url":"https:\/\/www.montceautriathlon.com\/blog\/wp-content\/uploads\/2021\/12\/stg6.jpg","jetpack_publicize_connections":[],"jetpack_sharing_enabled":true,"jetpack_shortlink":"https:\/\/wp.me\/p8bwIy-1fC","jetpack-related-posts":[{"id":4720,"url":"https:\/\/www.montceautriathlon.com\/blog\/2021\/11\/21\/the-chatelaine-race-what-a-fog-my-lord\/","url_meta":{"origin":4812,"position":0},"title":"The Ch\u00e2telaine race : What a fog my Lord !","date":"21 novembre 2021","format":false,"excerpt":"Une vingtaine de jeunes du club ont particip\u00e9 dans le froid et le brouillard \u00e0 la premi\u00e8re \u00e9dition de la Ch\u00e2telaine race, le bike & run du Creusot d\u00e9localis\u00e9 \u00e0 Montcenis. Le parcours, assez difficile, relevant \u00e0 certains endroit du cyclo cross gras et collant n'a pas d\u00e9courag\u00e9 nos jeunes\u2026","rel":"","context":"Dans &quot;Non class\u00e9&quot;","img":{"alt_text":"","src":"https:\/\/i0.wp.com\/www.montceautriathlon.com\/blog\/wp-content\/uploads\/2021\/11\/IMG_20211120_172418.jpg?resize=350%2C200&ssl=1","width":350,"height":200},"classes":[]},{"id":3192,"url":"https:\/\/www.montceautriathlon.com\/blog\/2019\/09\/18\/cross-triathlon-jeunes-autun-en-toute-simplicite\/","url_meta":{"origin":4812,"position":1},"title":"Cross Triathlon jeunes AUTUN  : en toute simplicit\u00e9","date":"18 septembre 2019","format":false,"excerpt":"Des jeunes de trois clubs du d\u00e9partement ont fait le d\u00e9placement \u00e0 Autun ce dimanche matin pour participer \u00e0 des crosstriathlons. Une course J1, une course J2 et un animathlon au programme. Petite participation avec 26 jeunes sur les deux courses, une jolie d\u00e9l\u00e9gation de Montceau avec de\u00a0 bons r\u00e9sultats.\u2026","rel":"","context":"Dans &quot;Non class\u00e9&quot;","img":{"alt_text":"","src":"","width":0,"height":0},"classes":[]},{"id":8563,"url":"https:\/\/www.montceautriathlon.com\/blog\/2025\/12\/22\/7-decembre-corrida-de-chalon\/","url_meta":{"origin":4812,"position":2},"title":"7 d\u00e9cembre: Corrida de Chalon","date":"22 d\u00e9cembre 2025","format":false,"excerpt":"Ce dimanche soir avait lieu la traditionnelle corrida de Chalon organis\u00e9 par Eca Athl\u00e9tisme. Des courses sur tout l'apr\u00e8s midi, une ambiance de folie et des triathl\u00e8tes montcelliens sur la ligne de d\u00e9part. Voici les r\u00e9sultats: Sur les courses jeunes, Louis Vinck monte sur la 3e marche du podium \u00e0\u2026","rel":"","context":"Dans &quot;Non class\u00e9&quot;","img":{"alt_text":"","src":"https:\/\/i2.wp.com\/www.montceautriathlon.com\/blog\/wp-content\/uploads\/2025\/12\/594962011_1526999218340797_1754400551291899295_n.jpg?resize=350%2C200&ssl=1","width":350,"height":200},"classes":[]},{"id":4712,"url":"https:\/\/www.montceautriathlon.com\/blog\/2021\/11\/15\/une-corrida-une-charolaise-et-un-bike-run-en-dessert-de-ce-week-end-charge\/","url_meta":{"origin":4812,"position":3},"title":"Une corrida, une charolaise et un bike &#038; run en dessert de ce week-end charg\u00e9 !","date":"15 novembre 2021","format":false,"excerpt":"C'est le mois de novembre, le temps des courses a pied, corrida et autres marathons ! Derni\u00e8rement, plusieurs licenci\u00e9s s'\u00e9taient align\u00e9s sur de belles courses, trial du lac d'Annecy, marathon du Charolais et roc d'Aluze avec de belles performances \u00e0 la cl\u00e9 ! Ce week-end nos licenci\u00e9s se sont align\u00e9s\u2026","rel":"","context":"Dans &quot;Non class\u00e9&quot;","img":{"alt_text":"","src":"https:\/\/i1.wp.com\/www.montceautriathlon.com\/blog\/wp-content\/uploads\/2021\/11\/beaune-4.jpg?resize=350%2C200&ssl=1","width":350,"height":200},"classes":[]},{"id":5245,"url":"https:\/\/www.montceautriathlon.com\/blog\/2022\/09\/17\/triathlon-dauxonne-vous-reprendrez-bien-un-petit-triathlon-avant-lautomne\/","url_meta":{"origin":4812,"position":4},"title":"triathlon d&rsquo;Auxonne : vous reprendrez bien un petit triathlon avant l&rsquo;automne ?","date":"17 septembre 2022","format":false,"excerpt":"Le club encore bien repr\u00e9sent\u00e9 sur les diff\u00e9rentes \u00e9preuves , des plus jeunes aux v\u00e9t\u00e9ran(e)s et quelques podiums avec l'inamovible Berteline en J1 qui s'adjuge la course et les relais mixtes et f\u00e9minins \u00e9galement sur la plus haute marche. De belles prestations chez les plus jeunes avec une belle course\u2026","rel":"","context":"Dans &quot;Non class\u00e9&quot;","img":{"alt_text":"","src":"https:\/\/i1.wp.com\/www.montceautriathlon.com\/blog\/wp-content\/uploads\/2022\/09\/auxonne-1.jpg?resize=350%2C200&ssl=1","width":350,"height":200},"classes":[]},{"id":6374,"url":"https:\/\/www.montceautriathlon.com\/blog\/2023\/10\/21\/bike-run-aux-grands-parcs-cest-dans-15-jours\/","url_meta":{"origin":4812,"position":5},"title":"Bike &#038; run aux Grands Parcs c&rsquo;est dans 15 jours !","date":"21 octobre 2023","format":false,"excerpt":"Bike & Run dimanche 5 novembre aux Grands Parcs \u00e0 Montceau les Mines avec une nouveaut\u00e9 cette ann\u00e9e !\u00a0\u00a0 En plus des trois courses comptant pour le challenge hivernal B&R de la Ligue de Bourgogne\/Franche Comt\u00e9 de triathlon et ouvertes \u00e0 toutes et \u00e0 tous, un challenge entreprises est propos\u00e9\u2026","rel":"","context":"Dans &quot;Non class\u00e9&quot;","img":{"alt_text":"","src":"https:\/\/i1.wp.com\/www.montceautriathlon.com\/blog\/wp-content\/uploads\/2023\/10\/flyer-site.jpg?resize=350%2C200&ssl=1","width":350,"height":200},"classes":[]}],"_links":{"self":[{"href":"https:\/\/www.montceautriathlon.com\/blog\/wp-json\/wp\/v2\/posts\/4812"}],"collection":[{"href":"https:\/\/www.montceautriathlon.com\/blog\/wp-json\/wp\/v2\/posts"}],"about":[{"href":"https:\/\/www.montceautriathlon.com\/blog\/wp-json\/wp\/v2\/types\/post"}],"author":[{"embeddable":true,"href":"https:\/\/www.montceautriathlon.com\/blog\/wp-json\/wp\/v2\/users\/5"}],"replies":[{"embeddable":true,"href":"https:\/\/www.montceautriathlon.com\/blog\/wp-json\/wp\/v2\/comments?post=4812"}],"version-history":[{"count":4,"href":"https:\/\/www.montceautriathlon.com\/blog\/wp-json\/wp\/v2\/posts\/4812\/revisions"}],"predecessor-version":[{"id":4816,"href":"https:\/\/www.montceautriathlon.com\/blog\/wp-json\/wp\/v2\/posts\/4812\/revisions\/4816"}],"wp:featuredmedia":[{"embeddable":true,"href":"https:\/\/www.montceautriathlon.com\/blog\/wp-json\/wp\/v2\/media\/4811"}],"wp:attachment":[{"href":"https:\/\/www.montceautriathlon.com\/blog\/wp-json\/wp\/v2\/media?parent=4812"}],"wp:term":[{"taxonomy":"category","embeddable":true,"href":"https:\/\/www.montceautriathlon.com\/blog\/wp-json\/wp\/v2\/categories?post=4812"},{"taxonomy":"post_tag","embeddable":true,"href":"https:\/\/www.montceautriathlon.com\/blog\/wp-json\/wp\/v2\/tags?post=4812"}],"curies":[{"name":"wp","href":"https:\/\/api.w.org\/{rel}","templated":true}]}}