{"id":4767,"date":"2021-11-29T15:00:57","date_gmt":"2021-11-29T14:00:57","guid":{"rendered":"https:\/\/www.montceautriathlon.com\/blog\/?p=4767"},"modified":"2021-11-29T15:01:01","modified_gmt":"2021-11-29T14:01:01","slug":"dans-la-famille-ghesquiere-je-demande-euh-le-pere-la-mere-le-fils","status":"publish","type":"post","link":"https:\/\/www.montceautriathlon.com\/blog\/2021\/11\/29\/dans-la-famille-ghesquiere-je-demande-euh-le-pere-la-mere-le-fils\/","title":{"rendered":"Dans la famille Ghesqui\u00e8re, je demande&#8230;euh&#8230; le p\u00e8re ? la m\u00e8re ? le fils ?"},"content":{"rendered":"\n<p>Fred, habitu\u00e9 de triathlons longue distance, vient de s&rsquo;illustrer comme finisher de la Saint\u00e9Lyon, il avait termin\u00e9 le 30 octobre dernier la Maxi race du Lac d&rsquo;Annecy, (tiens tiens, d\u00e9j\u00e0 avec Beno\u00eet), et avec Sandrine notre coach CAP adepte du trail longue distance qui aurait certainement bien eu envie de suivre son Fred de mari dans la nuit glac\u00e9e de cette mythique course. Elle a s\u00fbrement du bien les coacher, r\u00e9conforter et encourager sur les diff\u00e9rents points du parcours ! C&rsquo;est que les longues distances en trail, elle en connait un rayon ! Comme elle l&rsquo;a fait avec Tom le fiston qui \u00e0 19 ans a termin\u00e9 derni\u00e8rement son premier semi \u00e0 Gueugnon ! Cela promet ! De la graine de traileur dans le sang ! de quoi envisager dans le futur de beaux et futurs relais en famille !<\/p>\n\n\n\n<figure class=\"wp-block-gallery columns-3 is-cropped\"><ul data-carousel-extra='{\"blog_id\":1,\"permalink\":\"https:\\\/\\\/www.montceautriathlon.com\\\/blog\\\/2021\\\/11\\\/29\\\/dans-la-famille-ghesquiere-je-demande-euh-le-pere-la-mere-le-fils\\\/\"}' class=\"blocks-gallery-grid\"><li class=\"blocks-gallery-item\"><figure><a href=\"https:\/\/www.montceautriathlon.com\/blog\/wp-content\/uploads\/2021\/11\/IMG-20211106-WA0000.jpg\"><img data-attachment-id=\"4693\" data-permalink=\"https:\/\/www.montceautriathlon.com\/blog\/img-20211106-wa0000\/\" data-orig-file=\"https:\/\/www.montceautriathlon.com\/blog\/wp-content\/uploads\/2021\/11\/IMG-20211106-WA0000.jpg\" data-orig-size=\"1500,2000\" data-comments-opened=\"1\" data-image-meta=\"{&quot;aperture&quot;:&quot;0&quot;,&quot;credit&quot;:&quot;&quot;,&quot;camera&quot;:&quot;&quot;,&quot;caption&quot;:&quot;&quot;,&quot;created_timestamp&quot;:&quot;0&quot;,&quot;copyright&quot;:&quot;&quot;,&quot;focal_length&quot;:&quot;0&quot;,&quot;iso&quot;:&quot;0&quot;,&quot;shutter_speed&quot;:&quot;0&quot;,&quot;title&quot;:&quot;&quot;,&quot;orientation&quot;:&quot;0&quot;}\" data-image-title=\"IMG-20211106-WA0000\" data-image-description=\"\" data-image-caption=\"\" data-medium-file=\"https:\/\/www.montceautriathlon.com\/blog\/wp-content\/uploads\/2021\/11\/IMG-20211106-WA0000-225x300.jpg\" data-large-file=\"https:\/\/www.montceautriathlon.com\/blog\/wp-content\/uploads\/2021\/11\/IMG-20211106-WA0000-768x1024.jpg\" loading=\"lazy\" width=\"768\" height=\"1024\" src=\"https:\/\/www.montceautriathlon.com\/blog\/wp-content\/uploads\/2021\/11\/IMG-20211106-WA0000-768x1024.jpg\" alt=\"\" data-id=\"4693\" data-full-url=\"https:\/\/www.montceautriathlon.com\/blog\/wp-content\/uploads\/2021\/11\/IMG-20211106-WA0000.jpg\" data-link=\"https:\/\/www.montceautriathlon.com\/blog\/img-20211106-wa0000\/\" class=\"wp-image-4693\" srcset=\"https:\/\/www.montceautriathlon.com\/blog\/wp-content\/uploads\/2021\/11\/IMG-20211106-WA0000-768x1024.jpg 768w, https:\/\/www.montceautriathlon.com\/blog\/wp-content\/uploads\/2021\/11\/IMG-20211106-WA0000-225x300.jpg 225w, https:\/\/www.montceautriathlon.com\/blog\/wp-content\/uploads\/2021\/11\/IMG-20211106-WA0000-1152x1536.jpg 1152w, https:\/\/www.montceautriathlon.com\/blog\/wp-content\/uploads\/2021\/11\/IMG-20211106-WA0000.jpg 1500w\" sizes=\"(max-width: 768px) 100vw, 768px\" \/><\/a><\/figure><\/li><li class=\"blocks-gallery-item\"><figure><a href=\"https:\/\/www.montceautriathlon.com\/blog\/wp-content\/uploads\/2021\/11\/IMG-20211101-WA0000.jpg\"><img data-attachment-id=\"4692\" data-permalink=\"https:\/\/www.montceautriathlon.com\/blog\/img-20211101-wa0000\/\" data-orig-file=\"https:\/\/www.montceautriathlon.com\/blog\/wp-content\/uploads\/2021\/11\/IMG-20211101-WA0000.jpg\" data-orig-size=\"1600,1200\" data-comments-opened=\"1\" data-image-meta=\"{&quot;aperture&quot;:&quot;0&quot;,&quot;credit&quot;:&quot;&quot;,&quot;camera&quot;:&quot;&quot;,&quot;caption&quot;:&quot;&quot;,&quot;created_timestamp&quot;:&quot;0&quot;,&quot;copyright&quot;:&quot;&quot;,&quot;focal_length&quot;:&quot;0&quot;,&quot;iso&quot;:&quot;0&quot;,&quot;shutter_speed&quot;:&quot;0&quot;,&quot;title&quot;:&quot;&quot;,&quot;orientation&quot;:&quot;0&quot;}\" data-image-title=\"IMG-20211101-WA0000\" data-image-description=\"\" data-image-caption=\"\" data-medium-file=\"https:\/\/www.montceautriathlon.com\/blog\/wp-content\/uploads\/2021\/11\/IMG-20211101-WA0000-300x225.jpg\" data-large-file=\"https:\/\/www.montceautriathlon.com\/blog\/wp-content\/uploads\/2021\/11\/IMG-20211101-WA0000-1024x768.jpg\" loading=\"lazy\" width=\"1024\" height=\"768\" src=\"https:\/\/www.montceautriathlon.com\/blog\/wp-content\/uploads\/2021\/11\/IMG-20211101-WA0000-1024x768.jpg\" alt=\"\" data-id=\"4692\" data-full-url=\"https:\/\/www.montceautriathlon.com\/blog\/wp-content\/uploads\/2021\/11\/IMG-20211101-WA0000.jpg\" data-link=\"https:\/\/www.montceautriathlon.com\/blog\/img-20211101-wa0000\/\" class=\"wp-image-4692\" srcset=\"https:\/\/www.montceautriathlon.com\/blog\/wp-content\/uploads\/2021\/11\/IMG-20211101-WA0000-1024x768.jpg 1024w, https:\/\/www.montceautriathlon.com\/blog\/wp-content\/uploads\/2021\/11\/IMG-20211101-WA0000-300x225.jpg 300w, https:\/\/www.montceautriathlon.com\/blog\/wp-content\/uploads\/2021\/11\/IMG-20211101-WA0000-768x576.jpg 768w, https:\/\/www.montceautriathlon.com\/blog\/wp-content\/uploads\/2021\/11\/IMG-20211101-WA0000-1536x1152.jpg 1536w, https:\/\/www.montceautriathlon.com\/blog\/wp-content\/uploads\/2021\/11\/IMG-20211101-WA0000.jpg 1600w\" sizes=\"(max-width: 1024px) 100vw, 1024px\" \/><\/a><\/figure><\/li><li class=\"blocks-gallery-item\"><figure><a href=\"https:\/\/www.montceautriathlon.com\/blog\/wp-content\/uploads\/2021\/11\/IMG-20211106-WA0005.jpg\"><img data-attachment-id=\"4697\" data-permalink=\"https:\/\/www.montceautriathlon.com\/blog\/img-20211106-wa0005\/\" data-orig-file=\"https:\/\/www.montceautriathlon.com\/blog\/wp-content\/uploads\/2021\/11\/IMG-20211106-WA0005.jpg\" data-orig-size=\"1500,2000\" data-comments-opened=\"1\" data-image-meta=\"{&quot;aperture&quot;:&quot;0&quot;,&quot;credit&quot;:&quot;&quot;,&quot;camera&quot;:&quot;&quot;,&quot;caption&quot;:&quot;&quot;,&quot;created_timestamp&quot;:&quot;0&quot;,&quot;copyright&quot;:&quot;&quot;,&quot;focal_length&quot;:&quot;0&quot;,&quot;iso&quot;:&quot;0&quot;,&quot;shutter_speed&quot;:&quot;0&quot;,&quot;title&quot;:&quot;&quot;,&quot;orientation&quot;:&quot;0&quot;}\" data-image-title=\"IMG-20211106-WA0005\" data-image-description=\"\" data-image-caption=\"\" data-medium-file=\"https:\/\/www.montceautriathlon.com\/blog\/wp-content\/uploads\/2021\/11\/IMG-20211106-WA0005-225x300.jpg\" data-large-file=\"https:\/\/www.montceautriathlon.com\/blog\/wp-content\/uploads\/2021\/11\/IMG-20211106-WA0005-768x1024.jpg\" loading=\"lazy\" width=\"768\" height=\"1024\" src=\"https:\/\/www.montceautriathlon.com\/blog\/wp-content\/uploads\/2021\/11\/IMG-20211106-WA0005-768x1024.jpg\" alt=\"\" data-id=\"4697\" data-full-url=\"https:\/\/www.montceautriathlon.com\/blog\/wp-content\/uploads\/2021\/11\/IMG-20211106-WA0005.jpg\" data-link=\"https:\/\/www.montceautriathlon.com\/blog\/img-20211106-wa0005\/\" class=\"wp-image-4697\" srcset=\"https:\/\/www.montceautriathlon.com\/blog\/wp-content\/uploads\/2021\/11\/IMG-20211106-WA0005-768x1024.jpg 768w, https:\/\/www.montceautriathlon.com\/blog\/wp-content\/uploads\/2021\/11\/IMG-20211106-WA0005-225x300.jpg 225w, https:\/\/www.montceautriathlon.com\/blog\/wp-content\/uploads\/2021\/11\/IMG-20211106-WA0005-1152x1536.jpg 1152w, https:\/\/www.montceautriathlon.com\/blog\/wp-content\/uploads\/2021\/11\/IMG-20211106-WA0005.jpg 1500w\" sizes=\"(max-width: 768px) 100vw, 768px\" \/><\/a><\/figure><\/li><li class=\"blocks-gallery-item\"><figure><a href=\"https:\/\/www.montceautriathlon.com\/blog\/wp-content\/uploads\/2021\/10\/AM-JKLUaYODF9bHyJTD5fsaVMJsz46DZux6Ye7GRfmQ-X6dNFSoR3yMCfhZ5eVF439qVIHAuJxfAfcQJh-Pt3C3K1oF24YuTcVXUz783OyTpA4owoqjyxlithHNPOAz76uq87joKVIOQPoDJOK3QdwmRJkwFww1249-h832-no.jpg\"><img data-attachment-id=\"4623\" data-permalink=\"https:\/\/www.montceautriathlon.com\/blog\/am-jkluayodf9bhyjtd5fsavmjsz46dzux6ye7grfmq-x6dnfsor3ymcfhz5evf439qvihaujxfafcqjh-pt3c3k1of24yutcvxuz783oytpa4owoqjyxlithhnpoaz76uq87jokvioqpodjok3qdwmrjkwfww1249-h832-no\/\" data-orig-file=\"https:\/\/www.montceautriathlon.com\/blog\/wp-content\/uploads\/2021\/10\/AM-JKLUaYODF9bHyJTD5fsaVMJsz46DZux6Ye7GRfmQ-X6dNFSoR3yMCfhZ5eVF439qVIHAuJxfAfcQJh-Pt3C3K1oF24YuTcVXUz783OyTpA4owoqjyxlithHNPOAz76uq87joKVIOQPoDJOK3QdwmRJkwFww1249-h832-no.jpg\" data-orig-size=\"1248,832\" data-comments-opened=\"1\" data-image-meta=\"{&quot;aperture&quot;:&quot;0&quot;,&quot;credit&quot;:&quot;&quot;,&quot;camera&quot;:&quot;&quot;,&quot;caption&quot;:&quot;&quot;,&quot;created_timestamp&quot;:&quot;0&quot;,&quot;copyright&quot;:&quot;&quot;,&quot;focal_length&quot;:&quot;0&quot;,&quot;iso&quot;:&quot;0&quot;,&quot;shutter_speed&quot;:&quot;0&quot;,&quot;title&quot;:&quot;&quot;,&quot;orientation&quot;:&quot;0&quot;}\" data-image-title=\"AM-JKLUaYODF9bHyJTD5fsaVMJsz46DZux6Ye7GRfmQ&#8211;X6dNFSoR3yMCfhZ5eVF439qVIHAuJxfAfcQJh-Pt3C3K1oF24YuTcVXUz783OyTpA4owoqjyxlithHNPOAz76uq87joKVIOQPoDJOK3QdwmRJkwFw=w1249-h832-no\" data-image-description=\"\" data-image-caption=\"\" data-medium-file=\"https:\/\/www.montceautriathlon.com\/blog\/wp-content\/uploads\/2021\/10\/AM-JKLUaYODF9bHyJTD5fsaVMJsz46DZux6Ye7GRfmQ-X6dNFSoR3yMCfhZ5eVF439qVIHAuJxfAfcQJh-Pt3C3K1oF24YuTcVXUz783OyTpA4owoqjyxlithHNPOAz76uq87joKVIOQPoDJOK3QdwmRJkwFww1249-h832-no-300x200.jpg\" data-large-file=\"https:\/\/www.montceautriathlon.com\/blog\/wp-content\/uploads\/2021\/10\/AM-JKLUaYODF9bHyJTD5fsaVMJsz46DZux6Ye7GRfmQ-X6dNFSoR3yMCfhZ5eVF439qVIHAuJxfAfcQJh-Pt3C3K1oF24YuTcVXUz783OyTpA4owoqjyxlithHNPOAz76uq87joKVIOQPoDJOK3QdwmRJkwFww1249-h832-no-1024x683.jpg\" loading=\"lazy\" width=\"1024\" height=\"683\" src=\"https:\/\/www.montceautriathlon.com\/blog\/wp-content\/uploads\/2021\/10\/AM-JKLUaYODF9bHyJTD5fsaVMJsz46DZux6Ye7GRfmQ-X6dNFSoR3yMCfhZ5eVF439qVIHAuJxfAfcQJh-Pt3C3K1oF24YuTcVXUz783OyTpA4owoqjyxlithHNPOAz76uq87joKVIOQPoDJOK3QdwmRJkwFww1249-h832-no-1024x683.jpg\" alt=\"\" data-id=\"4623\" data-full-url=\"https:\/\/www.montceautriathlon.com\/blog\/wp-content\/uploads\/2021\/10\/AM-JKLUaYODF9bHyJTD5fsaVMJsz46DZux6Ye7GRfmQ-X6dNFSoR3yMCfhZ5eVF439qVIHAuJxfAfcQJh-Pt3C3K1oF24YuTcVXUz783OyTpA4owoqjyxlithHNPOAz76uq87joKVIOQPoDJOK3QdwmRJkwFww1249-h832-no.jpg\" data-link=\"https:\/\/www.montceautriathlon.com\/blog\/am-jkluayodf9bhyjtd5fsavmjsz46dzux6ye7grfmq-x6dnfsor3ymcfhz5evf439qvihaujxfafcqjh-pt3c3k1of24yutcvxuz783oytpa4owoqjyxlithhnpoaz76uq87jokvioqpodjok3qdwmrjkwfww1249-h832-no\/\" class=\"wp-image-4623\" srcset=\"https:\/\/www.montceautriathlon.com\/blog\/wp-content\/uploads\/2021\/10\/AM-JKLUaYODF9bHyJTD5fsaVMJsz46DZux6Ye7GRfmQ-X6dNFSoR3yMCfhZ5eVF439qVIHAuJxfAfcQJh-Pt3C3K1oF24YuTcVXUz783OyTpA4owoqjyxlithHNPOAz76uq87joKVIOQPoDJOK3QdwmRJkwFww1249-h832-no-1024x683.jpg 1024w, https:\/\/www.montceautriathlon.com\/blog\/wp-content\/uploads\/2021\/10\/AM-JKLUaYODF9bHyJTD5fsaVMJsz46DZux6Ye7GRfmQ-X6dNFSoR3yMCfhZ5eVF439qVIHAuJxfAfcQJh-Pt3C3K1oF24YuTcVXUz783OyTpA4owoqjyxlithHNPOAz76uq87joKVIOQPoDJOK3QdwmRJkwFww1249-h832-no-300x200.jpg 300w, https:\/\/www.montceautriathlon.com\/blog\/wp-content\/uploads\/2021\/10\/AM-JKLUaYODF9bHyJTD5fsaVMJsz46DZux6Ye7GRfmQ-X6dNFSoR3yMCfhZ5eVF439qVIHAuJxfAfcQJh-Pt3C3K1oF24YuTcVXUz783OyTpA4owoqjyxlithHNPOAz76uq87joKVIOQPoDJOK3QdwmRJkwFww1249-h832-no-768x512.jpg 768w, https:\/\/www.montceautriathlon.com\/blog\/wp-content\/uploads\/2021\/10\/AM-JKLUaYODF9bHyJTD5fsaVMJsz46DZux6Ye7GRfmQ-X6dNFSoR3yMCfhZ5eVF439qVIHAuJxfAfcQJh-Pt3C3K1oF24YuTcVXUz783OyTpA4owoqjyxlithHNPOAz76uq87joKVIOQPoDJOK3QdwmRJkwFww1249-h832-no.jpg 1248w\" sizes=\"(max-width: 1024px) 100vw, 1024px\" \/><\/a><\/figure><\/li><li class=\"blocks-gallery-item\"><figure><a href=\"https:\/\/www.montceautriathlon.com\/blog\/wp-content\/uploads\/2021\/11\/IMG-20211128-WA0000.jpg\"><img data-attachment-id=\"4775\" data-permalink=\"https:\/\/www.montceautriathlon.com\/blog\/2021\/11\/29\/dans-la-famille-ghesquiere-je-demande-euh-le-pere-la-mere-le-fils\/img-20211128-wa0000\/\" data-orig-file=\"https:\/\/www.montceautriathlon.com\/blog\/wp-content\/uploads\/2021\/11\/IMG-20211128-WA0000.jpg\" data-orig-size=\"1152,2048\" data-comments-opened=\"1\" data-image-meta=\"{&quot;aperture&quot;:&quot;0&quot;,&quot;credit&quot;:&quot;&quot;,&quot;camera&quot;:&quot;&quot;,&quot;caption&quot;:&quot;&quot;,&quot;created_timestamp&quot;:&quot;0&quot;,&quot;copyright&quot;:&quot;&quot;,&quot;focal_length&quot;:&quot;0&quot;,&quot;iso&quot;:&quot;0&quot;,&quot;shutter_speed&quot;:&quot;0&quot;,&quot;title&quot;:&quot;&quot;,&quot;orientation&quot;:&quot;0&quot;}\" data-image-title=\"IMG-20211128-WA0000\" data-image-description=\"\" data-image-caption=\"\" data-medium-file=\"https:\/\/www.montceautriathlon.com\/blog\/wp-content\/uploads\/2021\/11\/IMG-20211128-WA0000-169x300.jpg\" data-large-file=\"https:\/\/www.montceautriathlon.com\/blog\/wp-content\/uploads\/2021\/11\/IMG-20211128-WA0000-576x1024.jpg\" loading=\"lazy\" width=\"576\" height=\"1024\" src=\"https:\/\/www.montceautriathlon.com\/blog\/wp-content\/uploads\/2021\/11\/IMG-20211128-WA0000-576x1024.jpg\" alt=\"\" data-id=\"4775\" data-full-url=\"https:\/\/www.montceautriathlon.com\/blog\/wp-content\/uploads\/2021\/11\/IMG-20211128-WA0000.jpg\" data-link=\"https:\/\/www.montceautriathlon.com\/blog\/?attachment_id=4775\" class=\"wp-image-4775\" srcset=\"https:\/\/www.montceautriathlon.com\/blog\/wp-content\/uploads\/2021\/11\/IMG-20211128-WA0000-576x1024.jpg 576w, https:\/\/www.montceautriathlon.com\/blog\/wp-content\/uploads\/2021\/11\/IMG-20211128-WA0000-169x300.jpg 169w, https:\/\/www.montceautriathlon.com\/blog\/wp-content\/uploads\/2021\/11\/IMG-20211128-WA0000-768x1365.jpg 768w, https:\/\/www.montceautriathlon.com\/blog\/wp-content\/uploads\/2021\/11\/IMG-20211128-WA0000-864x1536.jpg 864w, https:\/\/www.montceautriathlon.com\/blog\/wp-content\/uploads\/2021\/11\/IMG-20211128-WA0000.jpg 1152w\" sizes=\"(max-width: 576px) 100vw, 576px\" \/><\/a><\/figure><\/li><li class=\"blocks-gallery-item\"><figure><a href=\"https:\/\/www.montceautriathlon.com\/blog\/wp-content\/uploads\/2021\/08\/IMG-20210729-WA0021.jpg\"><img data-attachment-id=\"4361\" data-permalink=\"https:\/\/www.montceautriathlon.com\/blog\/img-20210729-wa0021\/\" data-orig-file=\"https:\/\/www.montceautriathlon.com\/blog\/wp-content\/uploads\/2021\/08\/IMG-20210729-WA0021.jpg\" data-orig-size=\"1416,2048\" data-comments-opened=\"1\" data-image-meta=\"{&quot;aperture&quot;:&quot;0&quot;,&quot;credit&quot;:&quot;&quot;,&quot;camera&quot;:&quot;&quot;,&quot;caption&quot;:&quot;&quot;,&quot;created_timestamp&quot;:&quot;0&quot;,&quot;copyright&quot;:&quot;&quot;,&quot;focal_length&quot;:&quot;0&quot;,&quot;iso&quot;:&quot;0&quot;,&quot;shutter_speed&quot;:&quot;0&quot;,&quot;title&quot;:&quot;&quot;,&quot;orientation&quot;:&quot;0&quot;}\" data-image-title=\"IMG-20210729-WA0021\" data-image-description=\"\" data-image-caption=\"\" data-medium-file=\"https:\/\/www.montceautriathlon.com\/blog\/wp-content\/uploads\/2021\/08\/IMG-20210729-WA0021-207x300.jpg\" data-large-file=\"https:\/\/www.montceautriathlon.com\/blog\/wp-content\/uploads\/2021\/08\/IMG-20210729-WA0021-708x1024.jpg\" loading=\"lazy\" width=\"708\" height=\"1024\" src=\"https:\/\/www.montceautriathlon.com\/blog\/wp-content\/uploads\/2021\/08\/IMG-20210729-WA0021-708x1024.jpg\" alt=\"\" data-id=\"4361\" data-full-url=\"https:\/\/www.montceautriathlon.com\/blog\/wp-content\/uploads\/2021\/08\/IMG-20210729-WA0021.jpg\" data-link=\"https:\/\/www.montceautriathlon.com\/blog\/img-20210729-wa0021\/\" class=\"wp-image-4361\" srcset=\"https:\/\/www.montceautriathlon.com\/blog\/wp-content\/uploads\/2021\/08\/IMG-20210729-WA0021-708x1024.jpg 708w, https:\/\/www.montceautriathlon.com\/blog\/wp-content\/uploads\/2021\/08\/IMG-20210729-WA0021-207x300.jpg 207w, https:\/\/www.montceautriathlon.com\/blog\/wp-content\/uploads\/2021\/08\/IMG-20210729-WA0021-768x1111.jpg 768w, https:\/\/www.montceautriathlon.com\/blog\/wp-content\/uploads\/2021\/08\/IMG-20210729-WA0021-1062x1536.jpg 1062w, https:\/\/www.montceautriathlon.com\/blog\/wp-content\/uploads\/2021\/08\/IMG-20210729-WA0021.jpg 1416w\" sizes=\"(max-width: 708px) 100vw, 708px\" \/><\/a><\/figure><\/li><li class=\"blocks-gallery-item\"><figure><a href=\"https:\/\/www.montceautriathlon.com\/blog\/wp-content\/uploads\/2021\/11\/stl5.jpg\"><img data-attachment-id=\"4762\" data-permalink=\"https:\/\/www.montceautriathlon.com\/blog\/stl5\/\" data-orig-file=\"https:\/\/www.montceautriathlon.com\/blog\/wp-content\/uploads\/2021\/11\/stl5.jpg\" data-orig-size=\"1500,2000\" data-comments-opened=\"1\" data-image-meta=\"{&quot;aperture&quot;:&quot;0&quot;,&quot;credit&quot;:&quot;&quot;,&quot;camera&quot;:&quot;&quot;,&quot;caption&quot;:&quot;&quot;,&quot;created_timestamp&quot;:&quot;0&quot;,&quot;copyright&quot;:&quot;&quot;,&quot;focal_length&quot;:&quot;0&quot;,&quot;iso&quot;:&quot;0&quot;,&quot;shutter_speed&quot;:&quot;0&quot;,&quot;title&quot;:&quot;&quot;,&quot;orientation&quot;:&quot;0&quot;}\" data-image-title=\"stl5\" data-image-description=\"\" data-image-caption=\"\" data-medium-file=\"https:\/\/www.montceautriathlon.com\/blog\/wp-content\/uploads\/2021\/11\/stl5-225x300.jpg\" data-large-file=\"https:\/\/www.montceautriathlon.com\/blog\/wp-content\/uploads\/2021\/11\/stl5-768x1024.jpg\" loading=\"lazy\" width=\"768\" height=\"1024\" src=\"https:\/\/www.montceautriathlon.com\/blog\/wp-content\/uploads\/2021\/11\/stl5-768x1024.jpg\" alt=\"\" data-id=\"4762\" data-full-url=\"https:\/\/www.montceautriathlon.com\/blog\/wp-content\/uploads\/2021\/11\/stl5.jpg\" data-link=\"https:\/\/www.montceautriathlon.com\/blog\/stl5\/\" class=\"wp-image-4762\" srcset=\"https:\/\/www.montceautriathlon.com\/blog\/wp-content\/uploads\/2021\/11\/stl5-768x1024.jpg 768w, https:\/\/www.montceautriathlon.com\/blog\/wp-content\/uploads\/2021\/11\/stl5-225x300.jpg 225w, https:\/\/www.montceautriathlon.com\/blog\/wp-content\/uploads\/2021\/11\/stl5-1152x1536.jpg 1152w, https:\/\/www.montceautriathlon.com\/blog\/wp-content\/uploads\/2021\/11\/stl5.jpg 1500w\" sizes=\"(max-width: 768px) 100vw, 768px\" \/><\/a><\/figure><\/li><\/ul><\/figure>\n\n\n\n<figure class=\"wp-block-image\"><img alt=\"\"\/><\/figure>\n\n\n\n<p>S\u00fbr que si un championnat familial de triathlon longue distance venait \u00e0 s&rsquo;organiser, le podium ne serait pas loin !<\/p>\n","protected":false},"excerpt":{"rendered":"<p>Fred, habitu\u00e9 de triathlons longue distance, vient de s&rsquo;illustrer comme finisher de la Saint\u00e9Lyon, il avait termin\u00e9 le 30 octobre dernier la Maxi race du Lac d&rsquo;Annecy, (tiens tiens, d\u00e9j\u00e0 avec Beno\u00eet), et avec Sandrine notre coach CAP adepte du trail longue distance qui aurait certainement bien eu envie de suivre son Fred de mari [&hellip;]<\/p>\n","protected":false},"author":5,"featured_media":4697,"comment_status":"open","ping_status":"open","sticky":false,"template":"","format":"standard","meta":{"spay_email":"","jetpack_publicize_message":"","jetpack_is_tweetstorm":false},"categories":[1],"tags":[],"jetpack_featured_media_url":"https:\/\/www.montceautriathlon.com\/blog\/wp-content\/uploads\/2021\/11\/IMG-20211106-WA0005.jpg","jetpack_publicize_connections":[],"jetpack_sharing_enabled":true,"jetpack_shortlink":"https:\/\/wp.me\/p8bwIy-1eT","jetpack-related-posts":[{"id":5383,"url":"https:\/\/www.montceautriathlon.com\/blog\/2022\/10\/14\/ultra-trail-des-grands-sentiers-dauvergne-coach-sandrine-au-sommet\/","url_meta":{"origin":4767,"position":0},"title":"Ultra trail des Grands Sentiers d&rsquo;Auvergne : Coach Sandrine au sommet !","date":"14 octobre 2022","format":false,"excerpt":"Ce samedi 8 octobre dernier, Vulcain accueillait notre diablesse de Sandrine dossard 666 qui s'alignait sur l'imposante distance de 78km (finalement 82 avec 3000D+)apr\u00e8s une longue et rigoureuse pr\u00e9paration. Et c'est en 12h24'28\" qu'elle franchissait en 98\u00e8me position la ligne d'arriv\u00e9e. 9\u00e8me f\u00e9minine et 3\u00e8me de sa cat\u00e9gorie. Une performance\u2026","rel":"","context":"Dans &quot;Non class\u00e9&quot;","img":{"alt_text":"","src":"https:\/\/i1.wp.com\/www.montceautriathlon.com\/blog\/wp-content\/uploads\/2022\/10\/IMG-20221008-WA0013.jpg?resize=350%2C200&ssl=1","width":350,"height":200},"classes":[]},{"id":5110,"url":"https:\/\/www.montceautriathlon.com\/blog\/2022\/06\/08\/week-end-de-pentecote-en-cyclo-en-triathlon-en-trail-nos-licencies-presents-dans-les-vosges-pres-dannecy-sur-la-cote-dazur-a-ambazac-pres-de-limogeset-meme-en-bourgogne-a-arnay-le-duc\/","url_meta":{"origin":4767,"position":1},"title":"Week-end de Pentec\u00f4te : en cyclo, en  triathlon, en trail, nos licenci\u00e9s pr\u00e9sents dans les Vosges, pr\u00e8s d&rsquo;Annecy, sur la c\u00f4te d&rsquo;Azur, \u00e0 Ambazac (pr\u00e8s de Limoges)et m\u00eame en Bourgogne \u00e0 Arnay le Duc !","date":"8 juin 2022","format":false,"excerpt":"La famille Vaury d'abord du c\u00f4t\u00e9 d'Arnay le Duc avec Isabelle infatigable sur son v\u00e9lo en compagnie de Pascal et de Pierre (le fiston) ancien et de nouveau futur licenci\u00e9 ? La Claudio Chiapuci, une belle rando cyclo d'une centaine de kilom\u00e8tres. l'occasion de faire la bise \u00e0 d'illustres vielles\u2026","rel":"","context":"Dans &quot;Non class\u00e9&quot;","img":{"alt_text":"","src":"https:\/\/i1.wp.com\/www.montceautriathlon.com\/blog\/wp-content\/uploads\/2022\/06\/IMG-20220608-WA0001.jpg?resize=350%2C200&ssl=1","width":350,"height":200},"classes":[]},{"id":818,"url":"https:\/\/www.montceautriathlon.com\/blog\/2016\/09\/09\/resultats-du-triathlon-de-gerardmer-34-septembre-2016\/","url_meta":{"origin":4767,"position":2},"title":"R\u00e9sultats du triathlon de G\u00e9rardmer (3&#038;4 septembre 2016)","date":"9 septembre 2016","format":false,"excerpt":"Nous part\u00eemes 13 triathl\u00e8tes de la Team Montceau triathlon et par un prompt renfort de supporters nous nous v\u00eemes une arm\u00e9e... En effet, le jour J, 7 triathl\u00e8tes f\u00e9minines et 6 masculins ont pris le d\u00e9part du triathlon XL de G\u00e9rardmer. Pour certains et certaines, c'\u00e9tait le 1er triathlon longue\u2026","rel":"","context":"Dans &quot;Non class\u00e9&quot;","img":{"alt_text":"","src":"","width":0,"height":0},"classes":[]},{"id":808,"url":"https:\/\/www.montceautriathlon.com\/blog\/2016\/09\/09\/embrunman-vecu-et-commente-par-christophe-delblouwe-15-aout-2016\/","url_meta":{"origin":4767,"position":3},"title":"Embrunman v\u00e9cu et comment\u00e9 par Christophe DELBLOUWE (15 ao\u00fbt 2016)","date":"9 septembre 2016","format":false,"excerpt":"Petit r\u00e9sum\u00e9 de mon Embruman du 15 Ao\u00fbt 2016. \u00c9norme surprise la veille ou nos amis sont venus de Istres, Denis et Christelle LAFORET, pour m'encourager et l\u00e0 moment de frisson , on se voit un peu en fin d\u2019apr\u00e8s midi . Le lev\u00e9 se fait \u00e0 3h30 avec un\u2026","rel":"","context":"Dans &quot;Non class\u00e9&quot;","img":{"alt_text":"","src":"","width":0,"height":0},"classes":[]},{"id":8485,"url":"https:\/\/www.montceautriathlon.com\/blog\/2025\/11\/24\/les-triathletes-courent-3\/","url_meta":{"origin":4767,"position":4},"title":"Les triathl\u00e8tes courent&#8230;","date":"24 novembre 2025","format":false,"excerpt":"Les triathl\u00e8tes montcelliens mettent les baskets et parcourent des distances plus ou moins longues, dans des r\u00e9gions vari\u00e9es. Le mardi 11 Novembre, Charline Berthier s'est d\u00e9plac\u00e9e \u00e0 Arnay le Ducs pour leur cross d\u00e9couverte. Charline termine \u00e0 la 5e place chez les f\u00e9minines en 7:28. Elle ses classe 44e au\u2026","rel":"","context":"Dans &quot;Non class\u00e9&quot;","img":{"alt_text":"","src":"https:\/\/i1.wp.com\/www.montceautriathlon.com\/blog\/wp-content\/uploads\/2025\/11\/583351153_1510814899959229_8259623273459348883_n.jpg?resize=350%2C200&ssl=1","width":350,"height":200},"classes":[]},{"id":7803,"url":"https:\/\/www.montceautriathlon.com\/blog\/2025\/06\/15\/week-end-de-la-pentecote-plusieurs-triathletes-plusieurs-epreuves\/","url_meta":{"origin":4767,"position":5},"title":"Week end de la Pentec\u00f4te: plusieurs  triathl\u00e8tes, plusieurs \u00e9preuves","date":"15 juin 2025","format":false,"excerpt":"Lors de ce long week-end de la Pentec\u00f4te, les triathl\u00e8tes montcelliens se sont d\u00e9plac\u00e9s sur diff\u00e9rentes \u00e9preuves: le triathlon de Chalain dans le Jura, le triathlon de l'\u00e9tang de Baye dans la Ni\u00e8vre, et certains sont partis dans le Forez pour le semi marathon de la bi\u00e8re, ou d'autres sont\u2026","rel":"","context":"Dans &quot;Non class\u00e9&quot;","img":{"alt_text":"","src":"https:\/\/i1.wp.com\/www.montceautriathlon.com\/blog\/wp-content\/uploads\/2025\/06\/IMG_2915-1-scaled.jpg?resize=350%2C200&ssl=1","width":350,"height":200},"classes":[]}],"_links":{"self":[{"href":"https:\/\/www.montceautriathlon.com\/blog\/wp-json\/wp\/v2\/posts\/4767"}],"collection":[{"href":"https:\/\/www.montceautriathlon.com\/blog\/wp-json\/wp\/v2\/posts"}],"about":[{"href":"https:\/\/www.montceautriathlon.com\/blog\/wp-json\/wp\/v2\/types\/post"}],"author":[{"embeddable":true,"href":"https:\/\/www.montceautriathlon.com\/blog\/wp-json\/wp\/v2\/users\/5"}],"replies":[{"embeddable":true,"href":"https:\/\/www.montceautriathlon.com\/blog\/wp-json\/wp\/v2\/comments?post=4767"}],"version-history":[{"count":2,"href":"https:\/\/www.montceautriathlon.com\/blog\/wp-json\/wp\/v2\/posts\/4767\/revisions"}],"predecessor-version":[{"id":4776,"href":"https:\/\/www.montceautriathlon.com\/blog\/wp-json\/wp\/v2\/posts\/4767\/revisions\/4776"}],"wp:featuredmedia":[{"embeddable":true,"href":"https:\/\/www.montceautriathlon.com\/blog\/wp-json\/wp\/v2\/media\/4697"}],"wp:attachment":[{"href":"https:\/\/www.montceautriathlon.com\/blog\/wp-json\/wp\/v2\/media?parent=4767"}],"wp:term":[{"taxonomy":"category","embeddable":true,"href":"https:\/\/www.montceautriathlon.com\/blog\/wp-json\/wp\/v2\/categories?post=4767"},{"taxonomy":"post_tag","embeddable":true,"href":"https:\/\/www.montceautriathlon.com\/blog\/wp-json\/wp\/v2\/tags?post=4767"}],"curies":[{"name":"wp","href":"https:\/\/api.w.org\/{rel}","templated":true}]}}