{"id":4765,"date":"2021-11-29T10:06:31","date_gmt":"2021-11-29T09:06:31","guid":{"rendered":"https:\/\/www.montceautriathlon.com\/blog\/?p=4765"},"modified":"2021-11-29T10:06:37","modified_gmt":"2021-11-29T09:06:37","slug":"la-saintelyon-78km-de-nuit-et-dans-le-froid-bonnet-bas-les-gars","status":"publish","type":"post","link":"https:\/\/www.montceautriathlon.com\/blog\/2021\/11\/29\/la-saintelyon-78km-de-nuit-et-dans-le-froid-bonnet-bas-les-gars\/","title":{"rendered":"La Saint\u00e9Lyon : 78km de nuit et dans le froid, bonnet bas les gars !"},"content":{"rendered":"\n<p>Ils \u00e9taient deux samedi soir \u00e0 rejoindre la patrie des Verts pour rejoindre la cit\u00e9 des Gones \u00e0 travers routes et sentiers, en montant \u00e0 pr\u00e8s de 1000 m\u00e8tres du c\u00f4t\u00e9 de Sainte Catherine ! Bien entra\u00een\u00e9s( d\u00e9j\u00e0 finishers il ya peu de la maxi race du lac d&rsquo;Annecy), bien \u00e9quip\u00e9s, dans le froid, sur le verglas et parfois sous la neige, ils ont r\u00e9ussi eux aussi \u00e0 franchir la finish line. Beno\u00eet Thierry en 10h12&rsquo;33, 940\u00e8me au scratch et 64\u00e8me M3\/M4 et Fred Ghesqui\u00e8re en 10h47&rsquo;37 ,1380\u00e8me au scratch et 368\u00e8me M1\/M2 ! Bravissimo les gars ! Repos et r\u00e9cup maintenant ! F\u00e9licitations ! <\/p>\n\n\n\n<p>A noter aussi la pr\u00e9sence de R\u00e9mi Berthier, ancien jeune licenci\u00e9 et fils de Lionel et M-Pierre qui termine en 11h28&rsquo;16 !<\/p>\n\n\n\n<figure class=\"wp-block-gallery columns-3 is-cropped\"><ul data-carousel-extra='{\"blog_id\":1,\"permalink\":\"https:\\\/\\\/www.montceautriathlon.com\\\/blog\\\/2021\\\/11\\\/29\\\/la-saintelyon-78km-de-nuit-et-dans-le-froid-bonnet-bas-les-gars\\\/\"}' class=\"blocks-gallery-grid\"><li class=\"blocks-gallery-item\"><figure><a href=\"https:\/\/www.montceautriathlon.com\/blog\/wp-content\/uploads\/2021\/11\/stl6.jpg\"><img data-attachment-id=\"4763\" data-permalink=\"https:\/\/www.montceautriathlon.com\/blog\/stl6\/\" data-orig-file=\"https:\/\/www.montceautriathlon.com\/blog\/wp-content\/uploads\/2021\/11\/stl6.jpg\" data-orig-size=\"1500,2000\" data-comments-opened=\"1\" data-image-meta=\"{&quot;aperture&quot;:&quot;0&quot;,&quot;credit&quot;:&quot;&quot;,&quot;camera&quot;:&quot;&quot;,&quot;caption&quot;:&quot;&quot;,&quot;created_timestamp&quot;:&quot;0&quot;,&quot;copyright&quot;:&quot;&quot;,&quot;focal_length&quot;:&quot;0&quot;,&quot;iso&quot;:&quot;0&quot;,&quot;shutter_speed&quot;:&quot;0&quot;,&quot;title&quot;:&quot;&quot;,&quot;orientation&quot;:&quot;0&quot;}\" data-image-title=\"stl6\" data-image-description=\"\" data-image-caption=\"\" data-medium-file=\"https:\/\/www.montceautriathlon.com\/blog\/wp-content\/uploads\/2021\/11\/stl6-225x300.jpg\" data-large-file=\"https:\/\/www.montceautriathlon.com\/blog\/wp-content\/uploads\/2021\/11\/stl6-768x1024.jpg\" loading=\"lazy\" width=\"768\" height=\"1024\" src=\"https:\/\/www.montceautriathlon.com\/blog\/wp-content\/uploads\/2021\/11\/stl6-768x1024.jpg\" alt=\"\" data-id=\"4763\" data-full-url=\"https:\/\/www.montceautriathlon.com\/blog\/wp-content\/uploads\/2021\/11\/stl6.jpg\" data-link=\"https:\/\/www.montceautriathlon.com\/blog\/stl6\/\" class=\"wp-image-4763\" srcset=\"https:\/\/www.montceautriathlon.com\/blog\/wp-content\/uploads\/2021\/11\/stl6-768x1024.jpg 768w, https:\/\/www.montceautriathlon.com\/blog\/wp-content\/uploads\/2021\/11\/stl6-225x300.jpg 225w, https:\/\/www.montceautriathlon.com\/blog\/wp-content\/uploads\/2021\/11\/stl6-1152x1536.jpg 1152w, https:\/\/www.montceautriathlon.com\/blog\/wp-content\/uploads\/2021\/11\/stl6.jpg 1500w\" sizes=\"(max-width: 768px) 100vw, 768px\" \/><\/a><\/figure><\/li><li class=\"blocks-gallery-item\"><figure><a href=\"https:\/\/www.montceautriathlon.com\/blog\/wp-content\/uploads\/2021\/11\/stl5.jpg\"><img data-attachment-id=\"4762\" data-permalink=\"https:\/\/www.montceautriathlon.com\/blog\/stl5\/\" data-orig-file=\"https:\/\/www.montceautriathlon.com\/blog\/wp-content\/uploads\/2021\/11\/stl5.jpg\" data-orig-size=\"1500,2000\" data-comments-opened=\"1\" data-image-meta=\"{&quot;aperture&quot;:&quot;0&quot;,&quot;credit&quot;:&quot;&quot;,&quot;camera&quot;:&quot;&quot;,&quot;caption&quot;:&quot;&quot;,&quot;created_timestamp&quot;:&quot;0&quot;,&quot;copyright&quot;:&quot;&quot;,&quot;focal_length&quot;:&quot;0&quot;,&quot;iso&quot;:&quot;0&quot;,&quot;shutter_speed&quot;:&quot;0&quot;,&quot;title&quot;:&quot;&quot;,&quot;orientation&quot;:&quot;0&quot;}\" data-image-title=\"stl5\" data-image-description=\"\" data-image-caption=\"\" data-medium-file=\"https:\/\/www.montceautriathlon.com\/blog\/wp-content\/uploads\/2021\/11\/stl5-225x300.jpg\" data-large-file=\"https:\/\/www.montceautriathlon.com\/blog\/wp-content\/uploads\/2021\/11\/stl5-768x1024.jpg\" loading=\"lazy\" width=\"768\" height=\"1024\" src=\"https:\/\/www.montceautriathlon.com\/blog\/wp-content\/uploads\/2021\/11\/stl5-768x1024.jpg\" alt=\"\" data-id=\"4762\" data-full-url=\"https:\/\/www.montceautriathlon.com\/blog\/wp-content\/uploads\/2021\/11\/stl5.jpg\" data-link=\"https:\/\/www.montceautriathlon.com\/blog\/stl5\/\" class=\"wp-image-4762\" srcset=\"https:\/\/www.montceautriathlon.com\/blog\/wp-content\/uploads\/2021\/11\/stl5-768x1024.jpg 768w, https:\/\/www.montceautriathlon.com\/blog\/wp-content\/uploads\/2021\/11\/stl5-225x300.jpg 225w, https:\/\/www.montceautriathlon.com\/blog\/wp-content\/uploads\/2021\/11\/stl5-1152x1536.jpg 1152w, https:\/\/www.montceautriathlon.com\/blog\/wp-content\/uploads\/2021\/11\/stl5.jpg 1500w\" sizes=\"(max-width: 768px) 100vw, 768px\" \/><\/a><\/figure><\/li><li class=\"blocks-gallery-item\"><figure><a href=\"https:\/\/www.montceautriathlon.com\/blog\/wp-content\/uploads\/2021\/11\/stl4.jpg\"><img data-attachment-id=\"4761\" data-permalink=\"https:\/\/www.montceautriathlon.com\/blog\/stl4\/\" data-orig-file=\"https:\/\/www.montceautriathlon.com\/blog\/wp-content\/uploads\/2021\/11\/stl4.jpg\" data-orig-size=\"1200,1600\" data-comments-opened=\"1\" data-image-meta=\"{&quot;aperture&quot;:&quot;0&quot;,&quot;credit&quot;:&quot;&quot;,&quot;camera&quot;:&quot;&quot;,&quot;caption&quot;:&quot;&quot;,&quot;created_timestamp&quot;:&quot;0&quot;,&quot;copyright&quot;:&quot;&quot;,&quot;focal_length&quot;:&quot;0&quot;,&quot;iso&quot;:&quot;0&quot;,&quot;shutter_speed&quot;:&quot;0&quot;,&quot;title&quot;:&quot;&quot;,&quot;orientation&quot;:&quot;0&quot;}\" data-image-title=\"stl4\" data-image-description=\"\" data-image-caption=\"\" data-medium-file=\"https:\/\/www.montceautriathlon.com\/blog\/wp-content\/uploads\/2021\/11\/stl4-225x300.jpg\" data-large-file=\"https:\/\/www.montceautriathlon.com\/blog\/wp-content\/uploads\/2021\/11\/stl4-768x1024.jpg\" loading=\"lazy\" width=\"768\" height=\"1024\" src=\"https:\/\/www.montceautriathlon.com\/blog\/wp-content\/uploads\/2021\/11\/stl4-768x1024.jpg\" alt=\"\" data-id=\"4761\" data-full-url=\"https:\/\/www.montceautriathlon.com\/blog\/wp-content\/uploads\/2021\/11\/stl4.jpg\" data-link=\"https:\/\/www.montceautriathlon.com\/blog\/stl4\/\" class=\"wp-image-4761\" srcset=\"https:\/\/www.montceautriathlon.com\/blog\/wp-content\/uploads\/2021\/11\/stl4-768x1024.jpg 768w, https:\/\/www.montceautriathlon.com\/blog\/wp-content\/uploads\/2021\/11\/stl4-225x300.jpg 225w, https:\/\/www.montceautriathlon.com\/blog\/wp-content\/uploads\/2021\/11\/stl4-1152x1536.jpg 1152w, https:\/\/www.montceautriathlon.com\/blog\/wp-content\/uploads\/2021\/11\/stl4.jpg 1200w\" sizes=\"(max-width: 768px) 100vw, 768px\" \/><\/a><\/figure><\/li><li class=\"blocks-gallery-item\"><figure><a href=\"https:\/\/www.montceautriathlon.com\/blog\/wp-content\/uploads\/2021\/11\/stl3.jpg\"><img data-attachment-id=\"4760\" data-permalink=\"https:\/\/www.montceautriathlon.com\/blog\/stl3\/\" data-orig-file=\"https:\/\/www.montceautriathlon.com\/blog\/wp-content\/uploads\/2021\/11\/stl3.jpg\" data-orig-size=\"1200,1600\" data-comments-opened=\"1\" data-image-meta=\"{&quot;aperture&quot;:&quot;0&quot;,&quot;credit&quot;:&quot;&quot;,&quot;camera&quot;:&quot;&quot;,&quot;caption&quot;:&quot;&quot;,&quot;created_timestamp&quot;:&quot;0&quot;,&quot;copyright&quot;:&quot;&quot;,&quot;focal_length&quot;:&quot;0&quot;,&quot;iso&quot;:&quot;0&quot;,&quot;shutter_speed&quot;:&quot;0&quot;,&quot;title&quot;:&quot;&quot;,&quot;orientation&quot;:&quot;0&quot;}\" data-image-title=\"stl3\" data-image-description=\"\" data-image-caption=\"\" data-medium-file=\"https:\/\/www.montceautriathlon.com\/blog\/wp-content\/uploads\/2021\/11\/stl3-225x300.jpg\" data-large-file=\"https:\/\/www.montceautriathlon.com\/blog\/wp-content\/uploads\/2021\/11\/stl3-768x1024.jpg\" loading=\"lazy\" width=\"768\" height=\"1024\" src=\"https:\/\/www.montceautriathlon.com\/blog\/wp-content\/uploads\/2021\/11\/stl3-768x1024.jpg\" alt=\"\" data-id=\"4760\" data-full-url=\"https:\/\/www.montceautriathlon.com\/blog\/wp-content\/uploads\/2021\/11\/stl3.jpg\" data-link=\"https:\/\/www.montceautriathlon.com\/blog\/stl3\/\" class=\"wp-image-4760\" srcset=\"https:\/\/www.montceautriathlon.com\/blog\/wp-content\/uploads\/2021\/11\/stl3-768x1024.jpg 768w, https:\/\/www.montceautriathlon.com\/blog\/wp-content\/uploads\/2021\/11\/stl3-225x300.jpg 225w, https:\/\/www.montceautriathlon.com\/blog\/wp-content\/uploads\/2021\/11\/stl3-1152x1536.jpg 1152w, https:\/\/www.montceautriathlon.com\/blog\/wp-content\/uploads\/2021\/11\/stl3.jpg 1200w\" sizes=\"(max-width: 768px) 100vw, 768px\" \/><\/a><\/figure><\/li><li class=\"blocks-gallery-item\"><figure><a href=\"https:\/\/www.montceautriathlon.com\/blog\/wp-content\/uploads\/2021\/11\/stl2.jpg\"><img data-attachment-id=\"4759\" data-permalink=\"https:\/\/www.montceautriathlon.com\/blog\/stl2\/\" data-orig-file=\"https:\/\/www.montceautriathlon.com\/blog\/wp-content\/uploads\/2021\/11\/stl2.jpg\" data-orig-size=\"1125,2000\" data-comments-opened=\"1\" data-image-meta=\"{&quot;aperture&quot;:&quot;0&quot;,&quot;credit&quot;:&quot;&quot;,&quot;camera&quot;:&quot;&quot;,&quot;caption&quot;:&quot;&quot;,&quot;created_timestamp&quot;:&quot;0&quot;,&quot;copyright&quot;:&quot;&quot;,&quot;focal_length&quot;:&quot;0&quot;,&quot;iso&quot;:&quot;0&quot;,&quot;shutter_speed&quot;:&quot;0&quot;,&quot;title&quot;:&quot;&quot;,&quot;orientation&quot;:&quot;0&quot;}\" data-image-title=\"stl2\" data-image-description=\"\" data-image-caption=\"\" data-medium-file=\"https:\/\/www.montceautriathlon.com\/blog\/wp-content\/uploads\/2021\/11\/stl2-169x300.jpg\" data-large-file=\"https:\/\/www.montceautriathlon.com\/blog\/wp-content\/uploads\/2021\/11\/stl2-576x1024.jpg\" loading=\"lazy\" width=\"576\" height=\"1024\" src=\"https:\/\/www.montceautriathlon.com\/blog\/wp-content\/uploads\/2021\/11\/stl2-576x1024.jpg\" alt=\"\" data-id=\"4759\" data-full-url=\"https:\/\/www.montceautriathlon.com\/blog\/wp-content\/uploads\/2021\/11\/stl2.jpg\" data-link=\"https:\/\/www.montceautriathlon.com\/blog\/stl2\/\" class=\"wp-image-4759\" srcset=\"https:\/\/www.montceautriathlon.com\/blog\/wp-content\/uploads\/2021\/11\/stl2-576x1024.jpg 576w, https:\/\/www.montceautriathlon.com\/blog\/wp-content\/uploads\/2021\/11\/stl2-169x300.jpg 169w, https:\/\/www.montceautriathlon.com\/blog\/wp-content\/uploads\/2021\/11\/stl2-768x1365.jpg 768w, https:\/\/www.montceautriathlon.com\/blog\/wp-content\/uploads\/2021\/11\/stl2-864x1536.jpg 864w, https:\/\/www.montceautriathlon.com\/blog\/wp-content\/uploads\/2021\/11\/stl2.jpg 1125w\" sizes=\"(max-width: 576px) 100vw, 576px\" \/><\/a><\/figure><\/li><li class=\"blocks-gallery-item\"><figure><a href=\"https:\/\/www.montceautriathlon.com\/blog\/wp-content\/uploads\/2021\/11\/stl1.jpg\"><img data-attachment-id=\"4758\" data-permalink=\"https:\/\/www.montceautriathlon.com\/blog\/stl1\/\" data-orig-file=\"https:\/\/www.montceautriathlon.com\/blog\/wp-content\/uploads\/2021\/11\/stl1.jpg\" data-orig-size=\"1500,2000\" data-comments-opened=\"1\" data-image-meta=\"{&quot;aperture&quot;:&quot;0&quot;,&quot;credit&quot;:&quot;&quot;,&quot;camera&quot;:&quot;&quot;,&quot;caption&quot;:&quot;&quot;,&quot;created_timestamp&quot;:&quot;0&quot;,&quot;copyright&quot;:&quot;&quot;,&quot;focal_length&quot;:&quot;0&quot;,&quot;iso&quot;:&quot;0&quot;,&quot;shutter_speed&quot;:&quot;0&quot;,&quot;title&quot;:&quot;&quot;,&quot;orientation&quot;:&quot;0&quot;}\" data-image-title=\"stl1\" data-image-description=\"\" data-image-caption=\"\" data-medium-file=\"https:\/\/www.montceautriathlon.com\/blog\/wp-content\/uploads\/2021\/11\/stl1-225x300.jpg\" data-large-file=\"https:\/\/www.montceautriathlon.com\/blog\/wp-content\/uploads\/2021\/11\/stl1-768x1024.jpg\" loading=\"lazy\" width=\"768\" height=\"1024\" src=\"https:\/\/www.montceautriathlon.com\/blog\/wp-content\/uploads\/2021\/11\/stl1-768x1024.jpg\" alt=\"\" data-id=\"4758\" data-full-url=\"https:\/\/www.montceautriathlon.com\/blog\/wp-content\/uploads\/2021\/11\/stl1.jpg\" data-link=\"https:\/\/www.montceautriathlon.com\/blog\/stl1\/\" class=\"wp-image-4758\" srcset=\"https:\/\/www.montceautriathlon.com\/blog\/wp-content\/uploads\/2021\/11\/stl1-768x1024.jpg 768w, https:\/\/www.montceautriathlon.com\/blog\/wp-content\/uploads\/2021\/11\/stl1-225x300.jpg 225w, https:\/\/www.montceautriathlon.com\/blog\/wp-content\/uploads\/2021\/11\/stl1-1152x1536.jpg 1152w, https:\/\/www.montceautriathlon.com\/blog\/wp-content\/uploads\/2021\/11\/stl1.jpg 1500w\" sizes=\"(max-width: 768px) 100vw, 768px\" \/><\/a><\/figure><\/li><\/ul><\/figure>\n","protected":false},"excerpt":{"rendered":"<p>Ils \u00e9taient deux samedi soir \u00e0 rejoindre la patrie des Verts pour rejoindre la cit\u00e9 des Gones \u00e0 travers routes et sentiers, en montant \u00e0 pr\u00e8s de 1000 m\u00e8tres du c\u00f4t\u00e9 de Sainte Catherine ! Bien entra\u00een\u00e9s( d\u00e9j\u00e0 finishers il ya peu de la maxi race du lac d&rsquo;Annecy), bien \u00e9quip\u00e9s, dans le froid, sur [&hellip;]<\/p>\n","protected":false},"author":5,"featured_media":4758,"comment_status":"open","ping_status":"open","sticky":false,"template":"","format":"standard","meta":{"spay_email":"","jetpack_publicize_message":"","jetpack_is_tweetstorm":false},"categories":[1],"tags":[],"jetpack_featured_media_url":"https:\/\/www.montceautriathlon.com\/blog\/wp-content\/uploads\/2021\/11\/stl1.jpg","jetpack_publicize_connections":[],"jetpack_sharing_enabled":true,"jetpack_shortlink":"https:\/\/wp.me\/p8bwIy-1eR","jetpack-related-posts":[{"id":4720,"url":"https:\/\/www.montceautriathlon.com\/blog\/2021\/11\/21\/the-chatelaine-race-what-a-fog-my-lord\/","url_meta":{"origin":4765,"position":0},"title":"The Ch\u00e2telaine race : What a fog my Lord !","date":"21 novembre 2021","format":false,"excerpt":"Une vingtaine de jeunes du club ont particip\u00e9 dans le froid et le brouillard \u00e0 la premi\u00e8re \u00e9dition de la Ch\u00e2telaine race, le bike & run du Creusot d\u00e9localis\u00e9 \u00e0 Montcenis. Le parcours, assez difficile, relevant \u00e0 certains endroit du cyclo cross gras et collant n'a pas d\u00e9courag\u00e9 nos jeunes\u2026","rel":"","context":"Dans &quot;Non class\u00e9&quot;","img":{"alt_text":"","src":"https:\/\/i0.wp.com\/www.montceautriathlon.com\/blog\/wp-content\/uploads\/2021\/11\/IMG_20211120_172418.jpg?resize=350%2C200&ssl=1","width":350,"height":200},"classes":[]},{"id":1983,"url":"https:\/\/www.montceautriathlon.com\/blog\/2018\/06\/06\/week-end-du-2-et-3-juin\/","url_meta":{"origin":4765,"position":1},"title":"week-end du 2 et 3 juin","date":"6 juin 2018","format":false,"excerpt":"Week-end omnisport au programme avec des triathl\u00e8tes sur tous les fronts : du triathlon,\u00a0 du\u00a0 Raid \u00e0 Autun(rien \u00e0 voir avec le GIGN) et une 4\u00e8me place en mixte pour Sammy Marc et Catherine Mauro , de la course p\u00e9destre \u00e0 Paray et du swimrun\u00a0 \u00e0 Montrevel ! Certains de\u2026","rel":"","context":"Dans &quot;Non class\u00e9&quot;","img":{"alt_text":"","src":"","width":0,"height":0},"classes":[]},{"id":2600,"url":"https:\/\/www.montceautriathlon.com\/blog\/2019\/01\/22\/bike-run-bourbon-20-01-2019-avec-ou-sans-glace\/","url_meta":{"origin":4765,"position":2},"title":"Bike &#038; Run Bourbon 20\/01\/2019: Avec ou sans glace ?","date":"22 janvier 2019","format":false,"excerpt":"L'ann\u00e9e derni\u00e8re, le club s'\u00e9tait d\u00e9plac\u00e9 en masse. Cette ann\u00e9e, seules trois \u00e9quipes adultes ont fait le d\u00e9placement. Dommage ! Le froid, la crainte de routes verglac\u00e9es et la pr\u00e9sence de plusieurs triathl\u00e8tes sur l'Oxyrace expliquent peut-\u00eatre cette d\u00e9saffection. 25 \u00e9quipages ont pris le d\u00e9part.\u00a0 N\u00e9anmoins, victoire de l'\u00e9quipe f\u00e9minine\u2026","rel":"","context":"Dans &quot;Non class\u00e9&quot;","img":{"alt_text":"","src":"https:\/\/i1.wp.com\/montceautriathlon.com\/blog\/wp-content\/uploads\/2019\/01\/BR-Bourbon-213x300.jpg?resize=350%2C200","width":350,"height":200},"classes":[]},{"id":1543,"url":"https:\/\/www.montceautriathlon.com\/blog\/2017\/10\/01\/coupe-de-france-de-triathlon-a-laiguillon-sur-mer-samedi-30-septembre-2017\/","url_meta":{"origin":4765,"position":3},"title":"Coupe de France de Triathlon \u00e0 l&rsquo;Aiguillon-sur-Mer (Samedi 30 septembre 2017)","date":"1 octobre 2017","format":false,"excerpt":"Ce week-end avait lieu la coupe de France des Clubs de Triathlon \u00e0 l'Aiguillon-sur-Mer. Avec la pr\u00e9sence d'une \u00e9quipe f\u00e9minine et d'une \u00e9quipe masculine, les triathl\u00e8tes de Montceau ont repr\u00e9sent\u00e9 avec panache, les couleurs du club. Bravo \u00e0 vous tou(te)s ! Vu de l'int\u00e9rieur par Maryl\u00e8ne. \"Apr\u00e8s 6h30 de route,\u2026","rel":"","context":"Dans &quot;Non class\u00e9&quot;","img":{"alt_text":"","src":"https:\/\/i0.wp.com\/www.montceautriathlon.com\/blog\/wp-content\/uploads\/2017\/10\/Image-5.png.jpeg?resize=350%2C200&ssl=1","width":350,"height":200},"classes":[]},{"id":2119,"url":"https:\/\/www.montceautriathlon.com\/blog\/2018\/08\/31\/triathlon-du-levezou-ca-vaut-le-coup\/","url_meta":{"origin":4765,"position":4},"title":"Triathlon du L\u00e9v\u00e9zou \u00e7a vaut le coup !","date":"31 ao\u00fbt 2018","format":false,"excerpt":"Une fois n'est pas coutume et pour relancer les publications, un petit r\u00e9cit sur mon premier L en solo ! C Poutissou Triathlon du L\u00e9v\u00e9zou 26\/08\/18. Petit r\u00e9cit d\u2019une premi\u00e8re... Le L\u00e9v\u00e9zou, voil\u00e0 bien un dr\u00f4le de nom mais qui sonne bien\u00a0! Et qui rime avec Poutissou\u00a0! Mais c\u2019est o\u00f9\u2026","rel":"","context":"Dans &quot;Non class\u00e9&quot;","img":{"alt_text":"","src":"https:\/\/i2.wp.com\/montceautriathlon.com\/blog\/wp-content\/uploads\/2018\/08\/20180826_151628-225x300.jpg?resize=350%2C200","width":350,"height":200},"classes":[]},{"id":3147,"url":"https:\/\/www.montceautriathlon.com\/blog\/2019\/09\/11\/7-09-19-triathlon-de-gerardmer-ils-ont-vu-la-vie-en-vosges\/","url_meta":{"origin":4765,"position":5},"title":"7\/09\/19, Triathlon de Gerardmer : Ils ont vu la vie en Vosges !","date":"11 septembre 2019","format":false,"excerpt":"Quelques licenci\u00e9s ont fait comme tous les ans le d\u00e9placement sur cet embl\u00e9matique \u00e9preuve du calendrier national. Comme tous les ans, assomm\u00e9s \u00e0 la bou\u00e9e des 400 m ! cram\u00e9s en v\u00e9lo mais tellement support\u00e9 par le public en haut de la c\u00f4te et affam\u00e9s en arrivant ! un triathlon\u2026","rel":"","context":"Dans &quot;Non class\u00e9&quot;","img":{"alt_text":"","src":"","width":0,"height":0},"classes":[]}],"_links":{"self":[{"href":"https:\/\/www.montceautriathlon.com\/blog\/wp-json\/wp\/v2\/posts\/4765"}],"collection":[{"href":"https:\/\/www.montceautriathlon.com\/blog\/wp-json\/wp\/v2\/posts"}],"about":[{"href":"https:\/\/www.montceautriathlon.com\/blog\/wp-json\/wp\/v2\/types\/post"}],"author":[{"embeddable":true,"href":"https:\/\/www.montceautriathlon.com\/blog\/wp-json\/wp\/v2\/users\/5"}],"replies":[{"embeddable":true,"href":"https:\/\/www.montceautriathlon.com\/blog\/wp-json\/wp\/v2\/comments?post=4765"}],"version-history":[{"count":1,"href":"https:\/\/www.montceautriathlon.com\/blog\/wp-json\/wp\/v2\/posts\/4765\/revisions"}],"predecessor-version":[{"id":4766,"href":"https:\/\/www.montceautriathlon.com\/blog\/wp-json\/wp\/v2\/posts\/4765\/revisions\/4766"}],"wp:featuredmedia":[{"embeddable":true,"href":"https:\/\/www.montceautriathlon.com\/blog\/wp-json\/wp\/v2\/media\/4758"}],"wp:attachment":[{"href":"https:\/\/www.montceautriathlon.com\/blog\/wp-json\/wp\/v2\/media?parent=4765"}],"wp:term":[{"taxonomy":"category","embeddable":true,"href":"https:\/\/www.montceautriathlon.com\/blog\/wp-json\/wp\/v2\/categories?post=4765"},{"taxonomy":"post_tag","embeddable":true,"href":"https:\/\/www.montceautriathlon.com\/blog\/wp-json\/wp\/v2\/tags?post=4765"}],"curies":[{"name":"wp","href":"https:\/\/api.w.org\/{rel}","templated":true}]}}