{"id":4698,"date":"2021-11-13T17:02:52","date_gmt":"2021-11-13T16:02:52","guid":{"rendered":"https:\/\/www.montceautriathlon.com\/blog\/?p=4698"},"modified":"2021-11-13T17:02:57","modified_gmt":"2021-11-13T16:02:57","slug":"assemblee-generale-ordinaire-du-club-vendredi-19-novembre-2021","status":"publish","type":"post","link":"https:\/\/www.montceautriathlon.com\/blog\/2021\/11\/13\/assemblee-generale-ordinaire-du-club-vendredi-19-novembre-2021\/","title":{"rendered":"ASSEMBLEE GENERALE ORDINAIRE DU CLUB VENDREDI 19 NOVEMBRE 2021"},"content":{"rendered":"\n<p>Suite \u00e0 quelques probl\u00e8mes de mailing,  il semblerait que certain(e)s licenci\u00e9(e)s n&rsquo;aient pas re\u00e7u leur convocation ! Regardez bien dans vos spams ! En tout \u00e9tat de cause, petit rappel :<\/p>\n\n\n\n<p>AG dans la salle des f\u00eates du Bois du Verne \u00e0 Montceau, 19 rue Anatole France. <a href=\"http:\/\/goo.gl\/maps\/m6Tyl\" target=\"_blank\" rel=\"noreferrer noopener\">http:\/\/goo.gl\/maps\/m6Tyl<\/a><\/p>\n\n\n\n<p>Accueil \u00e0 partir de 18h30, d\u00e9but AG \u00e0 18h45. Pensez bien \u00e0 votre masque et \u00e0 votre pass sanitaire !<\/p>\n\n\n\n<p><\/p>\n","protected":false},"excerpt":{"rendered":"<p>Suite \u00e0 quelques probl\u00e8mes de mailing, il semblerait que certain(e)s licenci\u00e9(e)s n&rsquo;aient pas re\u00e7u leur convocation ! Regardez bien dans vos spams ! En tout \u00e9tat de cause, petit rappel : AG dans la salle des f\u00eates du Bois du Verne \u00e0 Montceau, 19 rue Anatole France. http:\/\/goo.gl\/maps\/m6Tyl Accueil \u00e0 partir de 18h30, d\u00e9but AG [&hellip;]<\/p>\n","protected":false},"author":5,"featured_media":0,"comment_status":"open","ping_status":"open","sticky":false,"template":"","format":"standard","meta":{"spay_email":"","jetpack_publicize_message":"","jetpack_is_tweetstorm":false},"categories":[1],"tags":[],"jetpack_featured_media_url":"","jetpack_publicize_connections":[],"jetpack_sharing_enabled":true,"jetpack_shortlink":"https:\/\/wp.me\/p8bwIy-1dM","jetpack-related-posts":[{"id":4435,"url":"https:\/\/www.montceautriathlon.com\/blog\/2021\/09\/06\/rentree-bougez\/","url_meta":{"origin":4698,"position":0},"title":"Rentr\u00e9e, Bougez !","date":"6 septembre 2021","format":false,"excerpt":"La F\u00e9d\u00e9ration Fran\u00e7aise de Triathlon propose 10 s\u00e9ances de remise en forme pour les personnes qui souhaitent reprendre une activit\u00e9 physique pour la modique somme de 2\u20ac la s\u00e9ance. Il ne s\u2019agit pas d\u2019entra\u00eenement mais d\u2019une reprise en douceur du sport en toute s\u00e9r\u00e9nit\u00e9 gr\u00e2ce \u00e0 des s\u00e9ances adapt\u00e9es. Le\u2026","rel":"","context":"Dans &quot;Non class\u00e9&quot;","img":{"alt_text":"","src":"https:\/\/i2.wp.com\/www.montceautriathlon.com\/blog\/wp-content\/uploads\/2021\/09\/rentree-bougez-site.jpg?resize=350%2C200&ssl=1","width":350,"height":200},"classes":[]},{"id":3871,"url":"https:\/\/www.montceautriathlon.com\/blog\/2020\/09\/26\/championnats-de-france-une-belle-video-du-club-du-mans-a-partager\/","url_meta":{"origin":4698,"position":1},"title":"Championnats de France : une belle vid\u00e9o du club du Mans \u00e0 partager","date":"26 septembre 2020","format":false,"excerpt":"Une vid\u00e9o en immersion du club du Mans sur ces championnats en lien direct. Sympa ! Belle production ! https:\/\/www.facebook.com\/LeMansTriathlon\/videos\/2939972419437263\/ copier ce lien dans votre barre de recherche","rel":"","context":"Dans &quot;Non class\u00e9&quot;","img":{"alt_text":"","src":"https:\/\/i2.wp.com\/www.montceautriathlon.com\/blog\/wp-content\/uploads\/2020\/09\/IMG_8843.jpg?resize=350%2C200&ssl=1","width":350,"height":200},"classes":[]},{"id":7265,"url":"https:\/\/www.montceautriathlon.com\/blog\/2024\/12\/23\/assemblee-generale\/","url_meta":{"origin":4698,"position":2},"title":"Assembl\u00e9e G\u00e9n\u00e9rale","date":"23 d\u00e9cembre 2024","format":false,"excerpt":"Pour rappel, vendredi 13 d\u00e9cembre a eu lieu notre assembl\u00e9e g\u00e9n\u00e9rale. Voici les points importants qui ont \u00e9t\u00e9 \u00e9voqu\u00e9s durant ce rassemblement , une fois les rapports moraux , financiers \u2026 approuv\u00e9s 2024 a \u00e9t\u00e9 riche en projet notamment l\u2019achat de notre MINIBUS qui nous sert d\u00e9j\u00e0 \u00e0 emmener nos\u2026","rel":"","context":"Dans &quot;Non class\u00e9&quot;","img":{"alt_text":"","src":"https:\/\/i0.wp.com\/www.montceautriathlon.com\/blog\/wp-content\/uploads\/2024\/12\/470240773_1256744798699575_4421158001058668398_n.jpg?resize=350%2C200&ssl=1","width":350,"height":200},"classes":[]},{"id":4767,"url":"https:\/\/www.montceautriathlon.com\/blog\/2021\/11\/29\/dans-la-famille-ghesquiere-je-demande-euh-le-pere-la-mere-le-fils\/","url_meta":{"origin":4698,"position":3},"title":"Dans la famille Ghesqui\u00e8re, je demande&#8230;euh&#8230; le p\u00e8re ? la m\u00e8re ? le fils ?","date":"29 novembre 2021","format":false,"excerpt":"Fred, habitu\u00e9 de triathlons longue distance, vient de s'illustrer comme finisher de la Saint\u00e9Lyon, il avait termin\u00e9 le 30 octobre dernier la Maxi race du Lac d'Annecy, (tiens tiens, d\u00e9j\u00e0 avec Beno\u00eet), et avec Sandrine notre coach CAP adepte du trail longue distance qui aurait certainement bien eu envie de\u2026","rel":"","context":"Dans &quot;Non class\u00e9&quot;","img":{"alt_text":"","src":"https:\/\/i0.wp.com\/www.montceautriathlon.com\/blog\/wp-content\/uploads\/2021\/11\/IMG-20211106-WA0005.jpg?resize=350%2C200&ssl=1","width":350,"height":200},"classes":[]},{"id":6374,"url":"https:\/\/www.montceautriathlon.com\/blog\/2023\/10\/21\/bike-run-aux-grands-parcs-cest-dans-15-jours\/","url_meta":{"origin":4698,"position":4},"title":"Bike &#038; run aux Grands Parcs c&rsquo;est dans 15 jours !","date":"21 octobre 2023","format":false,"excerpt":"Bike & Run dimanche 5 novembre aux Grands Parcs \u00e0 Montceau les Mines avec une nouveaut\u00e9 cette ann\u00e9e !\u00a0\u00a0 En plus des trois courses comptant pour le challenge hivernal B&R de la Ligue de Bourgogne\/Franche Comt\u00e9 de triathlon et ouvertes \u00e0 toutes et \u00e0 tous, un challenge entreprises est propos\u00e9\u2026","rel":"","context":"Dans &quot;Non class\u00e9&quot;","img":{"alt_text":"","src":"https:\/\/i1.wp.com\/www.montceautriathlon.com\/blog\/wp-content\/uploads\/2023\/10\/flyer-site.jpg?resize=350%2C200&ssl=1","width":350,"height":200},"classes":[]},{"id":1983,"url":"https:\/\/www.montceautriathlon.com\/blog\/2018\/06\/06\/week-end-du-2-et-3-juin\/","url_meta":{"origin":4698,"position":5},"title":"week-end du 2 et 3 juin","date":"6 juin 2018","format":false,"excerpt":"Week-end omnisport au programme avec des triathl\u00e8tes sur tous les fronts : du triathlon,\u00a0 du\u00a0 Raid \u00e0 Autun(rien \u00e0 voir avec le GIGN) et une 4\u00e8me place en mixte pour Sammy Marc et Catherine Mauro , de la course p\u00e9destre \u00e0 Paray et du swimrun\u00a0 \u00e0 Montrevel ! Certains de\u2026","rel":"","context":"Dans &quot;Non class\u00e9&quot;","img":{"alt_text":"","src":"","width":0,"height":0},"classes":[]}],"_links":{"self":[{"href":"https:\/\/www.montceautriathlon.com\/blog\/wp-json\/wp\/v2\/posts\/4698"}],"collection":[{"href":"https:\/\/www.montceautriathlon.com\/blog\/wp-json\/wp\/v2\/posts"}],"about":[{"href":"https:\/\/www.montceautriathlon.com\/blog\/wp-json\/wp\/v2\/types\/post"}],"author":[{"embeddable":true,"href":"https:\/\/www.montceautriathlon.com\/blog\/wp-json\/wp\/v2\/users\/5"}],"replies":[{"embeddable":true,"href":"https:\/\/www.montceautriathlon.com\/blog\/wp-json\/wp\/v2\/comments?post=4698"}],"version-history":[{"count":1,"href":"https:\/\/www.montceautriathlon.com\/blog\/wp-json\/wp\/v2\/posts\/4698\/revisions"}],"predecessor-version":[{"id":4699,"href":"https:\/\/www.montceautriathlon.com\/blog\/wp-json\/wp\/v2\/posts\/4698\/revisions\/4699"}],"wp:attachment":[{"href":"https:\/\/www.montceautriathlon.com\/blog\/wp-json\/wp\/v2\/media?parent=4698"}],"wp:term":[{"taxonomy":"category","embeddable":true,"href":"https:\/\/www.montceautriathlon.com\/blog\/wp-json\/wp\/v2\/categories?post=4698"},{"taxonomy":"post_tag","embeddable":true,"href":"https:\/\/www.montceautriathlon.com\/blog\/wp-json\/wp\/v2\/tags?post=4698"}],"curies":[{"name":"wp","href":"https:\/\/api.w.org\/{rel}","templated":true}]}}