{"id":4621,"date":"2021-10-14T21:33:16","date_gmt":"2021-10-14T20:33:16","guid":{"rendered":"https:\/\/www.montceautriathlon.com\/blog\/?p=4621"},"modified":"2021-10-14T21:33:18","modified_gmt":"2021-10-14T20:33:18","slug":"communique-epreuve-raid-annulee-cross-duathlons-maintenus","status":"publish","type":"post","link":"https:\/\/www.montceautriathlon.com\/blog\/2021\/10\/14\/communique-epreuve-raid-annulee-cross-duathlons-maintenus\/","title":{"rendered":"Communiqu\u00e9 : \u00e9preuve raid annul\u00e9e, cross duathlons maintenus !"},"content":{"rendered":"\n<p>Trop peu de bin\u00f4mes inscrits sur le raid  ont oblig\u00e9 le club \u00e0 annuler l&rsquo;\u00e9preuve raid de l&rsquo;apr\u00e8s midi.<\/p>\n\n\n\n<p>Nous sommes d\u00e9\u00e7us et franchement d\u00e9sol\u00e9s.<\/p>\n\n\n\n<h2><span class=\"has-inline-color has-vivid-red-color\">Les cross duathlons du matin sont maintenus !<\/span><\/h2>\n\n\n\n<p>De belles courses en perspectives aux Grands Parcs de Montceau  avec de nombreux jeunes en J1 et J2 et moins jeunes aussi sur l&rsquo;\u00e9preuve XS !<\/p>\n","protected":false},"excerpt":{"rendered":"<p>Trop peu de bin\u00f4mes inscrits sur le raid ont oblig\u00e9 le club \u00e0 annuler l&rsquo;\u00e9preuve raid de l&rsquo;apr\u00e8s midi. Nous sommes d\u00e9\u00e7us et franchement d\u00e9sol\u00e9s. Les cross duathlons du matin sont maintenus ! De belles courses en perspectives aux Grands Parcs de Montceau avec de nombreux jeunes en J1 et J2 et moins jeunes aussi [&hellip;]<\/p>\n","protected":false},"author":5,"featured_media":0,"comment_status":"open","ping_status":"open","sticky":false,"template":"","format":"standard","meta":{"spay_email":"","jetpack_publicize_message":"","jetpack_is_tweetstorm":false},"categories":[1],"tags":[],"jetpack_featured_media_url":"","jetpack_publicize_connections":[],"jetpack_sharing_enabled":true,"jetpack_shortlink":"https:\/\/wp.me\/p8bwIy-1cx","jetpack-related-posts":[{"id":3285,"url":"https:\/\/www.montceautriathlon.com\/blog\/2019\/10\/29\/27-10-19-raid-de-la-pyramide-une-premiere-un-peu-timide\/","url_meta":{"origin":4621,"position":0},"title":"27\/10\/19, Raid de la Pyramide : une premi\u00e8re un peu timide","date":"29 octobre 2019","format":false,"excerpt":"Une premi\u00e8re \u00e9dition ce dimanche apr\u00e8s-midi un peu dans la confidentialit\u00e9 car il faut bien reconnaitre que le nombre de participants ne fut pas \u00e0 la hauteur des esp\u00e9rances. Et pourtant il y avait mati\u00e8re a bien s'amuser\u00a0 et \u00e0 fournir de beaux efforts sur ce magnifique site des Grands\u2026","rel":"","context":"Dans &quot;Non class\u00e9&quot;","img":{"alt_text":"","src":"https:\/\/i1.wp.com\/www.montceautriathlon.com\/blog\/wp-content\/uploads\/2019\/10\/raid-5.jpg?resize=350%2C200&ssl=1","width":350,"height":200},"classes":[]},{"id":8107,"url":"https:\/\/www.montceautriathlon.com\/blog\/2025\/09\/14\/31-aout-triathlon-des-settons\/","url_meta":{"origin":4621,"position":1},"title":"31 aout: triathlon des Settons","date":"14 septembre 2025","format":false,"excerpt":"Quelques licenci\u00e9s se sont d\u00e9plac\u00e9s dans le Morvan pour faire les \u00e9preuves du lac des Settons. C 'est sous la pluie que Paul Fragnaud a pris le d\u00e9part de son premier triathlon sur la distance S. Il termine l'\u00e9preuve en 1h45 et se classe 121e sur 210 participants. Delphine Tonnin\u2026","rel":"","context":"Dans &quot;Non class\u00e9&quot;","img":{"alt_text":"","src":"https:\/\/i1.wp.com\/www.montceautriathlon.com\/blog\/wp-content\/uploads\/2025\/09\/IMG-20250831-WA0001.jpg?resize=350%2C200&ssl=1","width":350,"height":200},"classes":[]},{"id":8148,"url":"https:\/\/www.montceautriathlon.com\/blog\/2025\/09\/14\/triathlon-dauxonne-14-septembre\/","url_meta":{"origin":4621,"position":2},"title":"Triathlon d&rsquo;Auxonne: 14 septembre","date":"14 septembre 2025","format":false,"excerpt":"Ce dimanche le Triathlon Club Auxonnais organisait son triathlon , Quelques montcelliens \u00e9taient pr\u00e9sents en Cote d'Or. Sur le S, Alice Vaury termine en 1h22\u201929, 5e s\u00e9niore et 11e f\u00e9minine . Sarah Emorine , franchit la ligne peut de temps derri\u00e8re sa copine de club en 1h24\u201919, 7e s\u00e9niore et\u2026","rel":"","context":"Dans &quot;Non class\u00e9&quot;","img":{"alt_text":"","src":"https:\/\/i2.wp.com\/www.montceautriathlon.com\/blog\/wp-content\/uploads\/2025\/09\/IMG-20250914-WA0008.jpg?resize=350%2C200&ssl=1","width":350,"height":200},"classes":[]},{"id":1812,"url":"https:\/\/www.montceautriathlon.com\/blog\/2018\/03\/13\/duathlon-de-chalon-rully\/","url_meta":{"origin":4621,"position":3},"title":"Duathlon de Chalon\/Rully","date":"13 mars 2018","format":false,"excerpt":"Orage, \u00d4 d\u00e9sespoir !\u00a0 \u00d4 m\u00e9t\u00e9o ennemie !\u00a0 Par Toutatis !\u00a0 Le ciel est donc tomb\u00e9 sur la t\u00eate\u00a0 des concurrents de l'\u00e9preuve S qualificative pour les France de Duathlon. Arros\u00e9s, gr\u00eal\u00e9s, ils ont du poser pied \u00e0 terre pendant l'\u00e9preuve cycliste !\u00a0 Sage d\u00e9cision\u00a0 des officiels qui se doivent\u2026","rel":"","context":"Dans &quot;Non class\u00e9&quot;","img":{"alt_text":"","src":"","width":0,"height":0},"classes":[]},{"id":5685,"url":"https:\/\/www.montceautriathlon.com\/blog\/2023\/03\/30\/entrainement\/","url_meta":{"origin":4621,"position":4},"title":"Entra\u00eenement","date":"30 mars 2023","format":false,"excerpt":"Apr\u00e8s une sensibilisation arbitrage communiqu\u00e9 par Jean, nous avons mis \u00e0 l'\u00e9preuve nos jeunes sur les transitions : dossards, casques, conduite et mont\u00e9e\/descente de v\u00e9lo. De beaux sourires qui t\u00e9moignent de la convivialit\u00e9 de cet entra\u00eenement !","rel":"","context":"Dans &quot;Non class\u00e9&quot;","img":{"alt_text":"","src":"https:\/\/i2.wp.com\/www.montceautriathlon.com\/blog\/wp-content\/uploads\/2023\/03\/639cb868-c29d-4194-90ad-7576a7ce9c51.jpg?resize=350%2C200&ssl=1","width":350,"height":200},"classes":[]},{"id":658,"url":"https:\/\/www.montceautriathlon.com\/blog\/2016\/06\/14\/resultats-du-triathlon-dautun-12-juin-2016\/","url_meta":{"origin":4621,"position":5},"title":"R\u00e9sultats du triathlon d&rsquo;Autun (12 juin 2016)","date":"14 juin 2016","format":false,"excerpt":"Malgr\u00e9 une m\u00e9t\u00e9o capricieuse, nos triathl\u00e8tes sont venus en nombre et se sont brillamment illustr\u00e9s. A cette occasion, le triathlon d'Autun \u00e9tait support des championnats de notre ligue de triathlon, ce qui a permis \u00e0 Ludivine (Cadette) et Maryl\u00e8ne (Juinor F) de s'emparer chacune, du titre de championne de Bourgogne\u2026","rel":"","context":"Dans &quot;Non class\u00e9&quot;","img":{"alt_text":"","src":"","width":0,"height":0},"classes":[]}],"_links":{"self":[{"href":"https:\/\/www.montceautriathlon.com\/blog\/wp-json\/wp\/v2\/posts\/4621"}],"collection":[{"href":"https:\/\/www.montceautriathlon.com\/blog\/wp-json\/wp\/v2\/posts"}],"about":[{"href":"https:\/\/www.montceautriathlon.com\/blog\/wp-json\/wp\/v2\/types\/post"}],"author":[{"embeddable":true,"href":"https:\/\/www.montceautriathlon.com\/blog\/wp-json\/wp\/v2\/users\/5"}],"replies":[{"embeddable":true,"href":"https:\/\/www.montceautriathlon.com\/blog\/wp-json\/wp\/v2\/comments?post=4621"}],"version-history":[{"count":1,"href":"https:\/\/www.montceautriathlon.com\/blog\/wp-json\/wp\/v2\/posts\/4621\/revisions"}],"predecessor-version":[{"id":4622,"href":"https:\/\/www.montceautriathlon.com\/blog\/wp-json\/wp\/v2\/posts\/4621\/revisions\/4622"}],"wp:attachment":[{"href":"https:\/\/www.montceautriathlon.com\/blog\/wp-json\/wp\/v2\/media?parent=4621"}],"wp:term":[{"taxonomy":"category","embeddable":true,"href":"https:\/\/www.montceautriathlon.com\/blog\/wp-json\/wp\/v2\/categories?post=4621"},{"taxonomy":"post_tag","embeddable":true,"href":"https:\/\/www.montceautriathlon.com\/blog\/wp-json\/wp\/v2\/tags?post=4621"}],"curies":[{"name":"wp","href":"https:\/\/api.w.org\/{rel}","templated":true}]}}