{"id":4556,"date":"2021-09-26T10:14:24","date_gmt":"2021-09-26T09:14:24","guid":{"rendered":"https:\/\/www.montceautriathlon.com\/blog\/?p=4556"},"modified":"2021-09-26T11:16:07","modified_gmt":"2021-09-26T10:16:07","slug":"sur-tous-les-fronts-dans-les-episodes-precedents","status":"publish","type":"post","link":"https:\/\/www.montceautriathlon.com\/blog\/2021\/09\/26\/sur-tous-les-fronts-dans-les-episodes-precedents\/","title":{"rendered":"Sur tous les fronts : dans les \u00e9pisodes pr\u00e9c\u00e9dents !"},"content":{"rendered":"\n<p>Peut-\u00eatre n&rsquo;avez vous pas suivi l&rsquo;actualit\u00e9 de nos licenci\u00e9s engag\u00e9s sur les comp\u00e9titions du W-E dernier et de ce dernier samedi : petit patchwork de r\u00e9sultats et d&rsquo;images !<\/p>\n\n\n\n<p><strong>Le triathlon de Seurre<\/strong> dimanche dernier s&rsquo;est transform\u00e9 en duathlon et quelques jeunes \u00e9taient engag\u00e9s en J2; <strong>Belle performance d&rsquo;<span class=\"has-inline-color has-vivid-red-color\">Oscar Turpin<\/span> 2\u00e8me au scratch et 1er pupille<\/strong>. Nino B\u00e9rardan 12\u00e8me et 4\u00e8me poussin. Quant \u00e0 El\u00e9a B\u00e9rardan , elle a du abandonner suite \u00e0 plusieurs incidents m\u00e9caniques, Bien r\u00e9gler la cha\u00eene la prochaine fois ! Bravo les jeunes !<\/p>\n\n\n\n<p><strong>La cyclo Bernard Th\u00e9venet<\/strong> samedi dernier sur les routes du Charolais o\u00f9 une bonne dizaine de licenci\u00e9s s&rsquo;\u00e9taient engag\u00e9s. Mention particuli\u00e8re aux f\u00e9minines qui trustent les podiums Catherine Piter qui revient au club premi\u00e8re f\u00e9minine au scratch, Alice  Vaury et Elisabeth Noseda troisi\u00e8mes de leur  cat\u00e9gorie et la Isabelle Vaury deuxi\u00e8me de la sienne. <\/p>\n\n\n\n<p><strong>A M\u00e2con,<\/strong> Laurent Magnien r\u00e9alise un semi marathon en mode turbo ! 1h 21&rsquo;10 \u00e0 la 13\u00e8me place au scratch ! de bonne augure pour le marathon de Paris ! F\u00e9licitations !<\/p>\n\n\n\n<p><strong> Des nouvelles du SUD !<\/strong><\/p>\n\n\n\n<p>Hier, samedi 25 septembre, des nouvelles <strong><span class=\"has-inline-color has-vivid-red-color\">de Marius Grivault<\/span> qui portait une derni\u00e8re fois les couleurs de Montceau Triathlon qui r\u00e9alise une tr\u00e8s belle performance \u00e0 la Speed Race<\/strong> (duathlon)du triathlon de Narbonne qui se courrait en deux manches . Pour se qualifier \u00e0 la seconde il fallait finir dans les 20 premiers. Marius finit 21\u00e8me&#8230; Rageant ! 15 triathl\u00e8tes de D1 figurent dans ces 20 premiers. Lors de la petite finale, Marius fait la course en t\u00eate en CAP et tout seul devant sur les 4 tours de v\u00e9lo  mais est repris dans le deuxi\u00e8me tour de course \u00e0 pieds&#8230; Il finit  3\u00e8me Une tr\u00e8s belle course !                                                                                                                                                                             Son Papa engag\u00e9 sur le cross duathlon termine 25\u00e8me au scratch ! Salut \u00e0 toi Olivier !<\/p>\n\n\n\n<p>Et dans le sud aussi hier , <strong><span class=\"has-inline-color has-vivid-purple-color\">Claude Monnet s&rsquo;est align\u00e9 sur le Trigames du triathlon de Mandelieu la Napoul<\/span><\/strong><span class=\"has-inline-color has-vivid-cyan-blue-color\">e <\/span>sur le format M pour terminer la saison . Une belle 76\u00e8me place sur pr\u00e8s de 400 engag\u00e9s. Un triathlon qui valait le d\u00e9placement ! Une belle d\u00e9couverte ! Bravo Claude !<\/p>\n\n\n\n<p><span class=\"has-inline-color has-vivid-cyan-blue-color\"><strong>ET PALADRU<\/strong> <\/span>ce samedi avec une \u00e9quipe mixte compos\u00e9e d&rsquo;Isabelle Vaury, Laure Rochaix, Nadine Delblouwe et Christophe Delblouwe. Un triathlon toujours tr\u00e8s appr\u00e9ci\u00e9 mais dont il ne faut rater l&rsquo;inscription ! Une sympathique fin de saison pour cette joyeuse \u00e9quipe qui cherchait plus le plaisir que le r\u00e9sultat !<\/p>\n\n\n\n<div data-carousel-extra='{\"blog_id\":1,\"permalink\":\"https:\\\/\\\/www.montceautriathlon.com\\\/blog\\\/2021\\\/09\\\/26\\\/sur-tous-les-fronts-dans-les-episodes-precedents\\\/\"}' class=\"wp-block-jetpack-tiled-gallery aligncenter is-style-rectangular\"><div data-carousel-extra='{\"blog_id\":1,\"permalink\":\"https:\\\/\\\/www.montceautriathlon.com\\\/blog\\\/2021\\\/09\\\/26\\\/sur-tous-les-fronts-dans-les-episodes-precedents\\\/\"}' class=\"tiled-gallery__gallery\"><div data-carousel-extra='{\"blog_id\":1,\"permalink\":\"https:\\\/\\\/www.montceautriathlon.com\\\/blog\\\/2021\\\/09\\\/26\\\/sur-tous-les-fronts-dans-les-episodes-precedents\\\/\"}' class=\"tiled-gallery__row\"><div data-carousel-extra='{\"blog_id\":1,\"permalink\":\"https:\\\/\\\/www.montceautriathlon.com\\\/blog\\\/2021\\\/09\\\/26\\\/sur-tous-les-fronts-dans-les-episodes-precedents\\\/\"}' class=\"tiled-gallery__col\" style=\"flex-basis:38.22267%\"><figure class=\"tiled-gallery__item\"><img data-attachment-id=\"4564\" data-permalink=\"https:\/\/www.montceautriathlon.com\/blog\/seurre\/\" data-orig-file=\"https:\/\/www.montceautriathlon.com\/blog\/wp-content\/uploads\/2021\/09\/seurre.jpg\" data-orig-size=\"810,1080\" data-comments-opened=\"1\" data-image-meta=\"{&quot;aperture&quot;:&quot;0&quot;,&quot;credit&quot;:&quot;&quot;,&quot;camera&quot;:&quot;&quot;,&quot;caption&quot;:&quot;&quot;,&quot;created_timestamp&quot;:&quot;0&quot;,&quot;copyright&quot;:&quot;&quot;,&quot;focal_length&quot;:&quot;0&quot;,&quot;iso&quot;:&quot;0&quot;,&quot;shutter_speed&quot;:&quot;0&quot;,&quot;title&quot;:&quot;&quot;,&quot;orientation&quot;:&quot;0&quot;}\" data-image-title=\"seurre\" data-image-description=\"\" data-image-caption=\"\" data-medium-file=\"https:\/\/www.montceautriathlon.com\/blog\/wp-content\/uploads\/2021\/09\/seurre-225x300.jpg\" data-large-file=\"https:\/\/www.montceautriathlon.com\/blog\/wp-content\/uploads\/2021\/09\/seurre-768x1024.jpg\" data-attachment-id=\"4564\" data-permalink=\"https:\/\/www.montceautriathlon.com\/blog\/seurre\/\" data-orig-file=\"https:\/\/www.montceautriathlon.com\/blog\/wp-content\/uploads\/2021\/09\/seurre.jpg\" data-orig-size=\"810,1080\" data-comments-opened=\"1\" data-image-meta=\"{&quot;aperture&quot;:&quot;0&quot;,&quot;credit&quot;:&quot;&quot;,&quot;camera&quot;:&quot;&quot;,&quot;caption&quot;:&quot;&quot;,&quot;created_timestamp&quot;:&quot;0&quot;,&quot;copyright&quot;:&quot;&quot;,&quot;focal_length&quot;:&quot;0&quot;,&quot;iso&quot;:&quot;0&quot;,&quot;shutter_speed&quot;:&quot;0&quot;,&quot;title&quot;:&quot;&quot;,&quot;orientation&quot;:&quot;0&quot;}\" data-image-title=\"seurre\" data-image-description=\"\" data-image-caption=\"\" data-medium-file=\"https:\/\/www.montceautriathlon.com\/blog\/wp-content\/uploads\/2021\/09\/seurre-225x300.jpg\" data-large-file=\"https:\/\/www.montceautriathlon.com\/blog\/wp-content\/uploads\/2021\/09\/seurre-768x1024.jpg\" srcset=\"https:\/\/i0.wp.com\/www.montceautriathlon.com\/blog\/wp-content\/uploads\/2021\/09\/seurre-768x1024.jpg?strip=info&#038;w=600&#038;ssl=1 600w,https:\/\/i0.wp.com\/www.montceautriathlon.com\/blog\/wp-content\/uploads\/2021\/09\/seurre-768x1024.jpg?strip=info&#038;w=810&#038;ssl=1 810w\" alt=\"\" data-height=\"1080\" data-id=\"4564\" data-link=\"https:\/\/www.montceautriathlon.com\/blog\/seurre\/\" data-url=\"https:\/\/www.montceautriathlon.com\/blog\/wp-content\/uploads\/2021\/09\/seurre-768x1024.jpg\" data-width=\"810\" src=\"https:\/\/i0.wp.com\/www.montceautriathlon.com\/blog\/wp-content\/uploads\/2021\/09\/seurre-768x1024.jpg?ssl=1\" data-amp-layout=\"responsive\"\/><\/figure><\/div><div data-carousel-extra='{\"blog_id\":1,\"permalink\":\"https:\\\/\\\/www.montceautriathlon.com\\\/blog\\\/2021\\\/09\\\/26\\\/sur-tous-les-fronts-dans-les-episodes-precedents\\\/\"}' class=\"tiled-gallery__col\" style=\"flex-basis:23.53749%\"><figure class=\"tiled-gallery__item\"><img data-attachment-id=\"4563\" data-permalink=\"https:\/\/www.montceautriathlon.com\/blog\/padru\/\" data-orig-file=\"https:\/\/www.montceautriathlon.com\/blog\/wp-content\/uploads\/2021\/09\/padru.jpg\" data-orig-size=\"738,1600\" data-comments-opened=\"1\" data-image-meta=\"{&quot;aperture&quot;:&quot;0&quot;,&quot;credit&quot;:&quot;&quot;,&quot;camera&quot;:&quot;&quot;,&quot;caption&quot;:&quot;&quot;,&quot;created_timestamp&quot;:&quot;0&quot;,&quot;copyright&quot;:&quot;&quot;,&quot;focal_length&quot;:&quot;0&quot;,&quot;iso&quot;:&quot;0&quot;,&quot;shutter_speed&quot;:&quot;0&quot;,&quot;title&quot;:&quot;&quot;,&quot;orientation&quot;:&quot;0&quot;}\" data-image-title=\"padru\" data-image-description=\"\" data-image-caption=\"\" data-medium-file=\"https:\/\/www.montceautriathlon.com\/blog\/wp-content\/uploads\/2021\/09\/padru-138x300.jpg\" data-large-file=\"https:\/\/www.montceautriathlon.com\/blog\/wp-content\/uploads\/2021\/09\/padru-472x1024.jpg\" data-attachment-id=\"4563\" data-permalink=\"https:\/\/www.montceautriathlon.com\/blog\/padru\/\" data-orig-file=\"https:\/\/www.montceautriathlon.com\/blog\/wp-content\/uploads\/2021\/09\/padru.jpg\" data-orig-size=\"738,1600\" data-comments-opened=\"1\" data-image-meta=\"{&quot;aperture&quot;:&quot;0&quot;,&quot;credit&quot;:&quot;&quot;,&quot;camera&quot;:&quot;&quot;,&quot;caption&quot;:&quot;&quot;,&quot;created_timestamp&quot;:&quot;0&quot;,&quot;copyright&quot;:&quot;&quot;,&quot;focal_length&quot;:&quot;0&quot;,&quot;iso&quot;:&quot;0&quot;,&quot;shutter_speed&quot;:&quot;0&quot;,&quot;title&quot;:&quot;&quot;,&quot;orientation&quot;:&quot;0&quot;}\" data-image-title=\"padru\" data-image-description=\"\" data-image-caption=\"\" data-medium-file=\"https:\/\/www.montceautriathlon.com\/blog\/wp-content\/uploads\/2021\/09\/padru-138x300.jpg\" data-large-file=\"https:\/\/www.montceautriathlon.com\/blog\/wp-content\/uploads\/2021\/09\/padru-472x1024.jpg\" srcset=\"https:\/\/i0.wp.com\/www.montceautriathlon.com\/blog\/wp-content\/uploads\/2021\/09\/padru-472x1024.jpg?strip=info&#038;w=600&#038;ssl=1 600w,https:\/\/i0.wp.com\/www.montceautriathlon.com\/blog\/wp-content\/uploads\/2021\/09\/padru-472x1024.jpg?strip=info&#038;w=738&#038;ssl=1 738w\" alt=\"\" data-height=\"1600\" data-id=\"4563\" data-link=\"https:\/\/www.montceautriathlon.com\/blog\/padru\/\" data-url=\"https:\/\/www.montceautriathlon.com\/blog\/wp-content\/uploads\/2021\/09\/padru-472x1024.jpg\" data-width=\"738\" src=\"https:\/\/i0.wp.com\/www.montceautriathlon.com\/blog\/wp-content\/uploads\/2021\/09\/padru-472x1024.jpg?ssl=1\" data-amp-layout=\"responsive\"\/><\/figure><\/div><div data-carousel-extra='{\"blog_id\":1,\"permalink\":\"https:\\\/\\\/www.montceautriathlon.com\\\/blog\\\/2021\\\/09\\\/26\\\/sur-tous-les-fronts-dans-les-episodes-precedents\\\/\"}' class=\"tiled-gallery__col\" style=\"flex-basis:38.23983%\"><figure class=\"tiled-gallery__item\"><img data-attachment-id=\"4562\" data-permalink=\"https:\/\/www.montceautriathlon.com\/blog\/marius\/\" data-orig-file=\"https:\/\/www.montceautriathlon.com\/blog\/wp-content\/uploads\/2021\/09\/Marius.jpg\" data-orig-size=\"1112,1482\" data-comments-opened=\"1\" data-image-meta=\"{&quot;aperture&quot;:&quot;1.8&quot;,&quot;credit&quot;:&quot;&quot;,&quot;camera&quot;:&quot;iPhone XR&quot;,&quot;caption&quot;:&quot;&quot;,&quot;created_timestamp&quot;:&quot;1632579470&quot;,&quot;copyright&quot;:&quot;&quot;,&quot;focal_length&quot;:&quot;4.25&quot;,&quot;iso&quot;:&quot;25&quot;,&quot;shutter_speed&quot;:&quot;0.00029403116730373&quot;,&quot;title&quot;:&quot;&quot;,&quot;orientation&quot;:&quot;1&quot;}\" data-image-title=\"Marius\" data-image-description=\"\" data-image-caption=\"\" data-medium-file=\"https:\/\/www.montceautriathlon.com\/blog\/wp-content\/uploads\/2021\/09\/Marius-225x300.jpg\" data-large-file=\"https:\/\/www.montceautriathlon.com\/blog\/wp-content\/uploads\/2021\/09\/Marius-768x1024.jpg\" data-attachment-id=\"4562\" data-permalink=\"https:\/\/www.montceautriathlon.com\/blog\/marius\/\" data-orig-file=\"https:\/\/www.montceautriathlon.com\/blog\/wp-content\/uploads\/2021\/09\/Marius.jpg\" data-orig-size=\"1112,1482\" data-comments-opened=\"1\" data-image-meta=\"{&quot;aperture&quot;:&quot;1.8&quot;,&quot;credit&quot;:&quot;&quot;,&quot;camera&quot;:&quot;iPhone XR&quot;,&quot;caption&quot;:&quot;&quot;,&quot;created_timestamp&quot;:&quot;1632579470&quot;,&quot;copyright&quot;:&quot;&quot;,&quot;focal_length&quot;:&quot;4.25&quot;,&quot;iso&quot;:&quot;25&quot;,&quot;shutter_speed&quot;:&quot;0.00029403116730373&quot;,&quot;title&quot;:&quot;&quot;,&quot;orientation&quot;:&quot;1&quot;}\" data-image-title=\"Marius\" data-image-description=\"\" data-image-caption=\"\" data-medium-file=\"https:\/\/www.montceautriathlon.com\/blog\/wp-content\/uploads\/2021\/09\/Marius-225x300.jpg\" data-large-file=\"https:\/\/www.montceautriathlon.com\/blog\/wp-content\/uploads\/2021\/09\/Marius-768x1024.jpg\" srcset=\"https:\/\/i0.wp.com\/www.montceautriathlon.com\/blog\/wp-content\/uploads\/2021\/09\/Marius-768x1024.jpg?strip=info&#038;w=600&#038;ssl=1 600w,https:\/\/i0.wp.com\/www.montceautriathlon.com\/blog\/wp-content\/uploads\/2021\/09\/Marius-768x1024.jpg?strip=info&#038;w=900&#038;ssl=1 900w,https:\/\/i0.wp.com\/www.montceautriathlon.com\/blog\/wp-content\/uploads\/2021\/09\/Marius-768x1024.jpg?strip=info&#038;w=1112&#038;ssl=1 1112w\" alt=\"\" data-height=\"1482\" data-id=\"4562\" data-link=\"https:\/\/www.montceautriathlon.com\/blog\/marius\/\" data-url=\"https:\/\/www.montceautriathlon.com\/blog\/wp-content\/uploads\/2021\/09\/Marius-768x1024.jpg\" data-width=\"1112\" src=\"https:\/\/i0.wp.com\/www.montceautriathlon.com\/blog\/wp-content\/uploads\/2021\/09\/Marius-768x1024.jpg?ssl=1\" data-amp-layout=\"responsive\"\/><\/figure><\/div><\/div><div data-carousel-extra='{\"blog_id\":1,\"permalink\":\"https:\\\/\\\/www.montceautriathlon.com\\\/blog\\\/2021\\\/09\\\/26\\\/sur-tous-les-fronts-dans-les-episodes-precedents\\\/\"}' class=\"tiled-gallery__row\"><div data-carousel-extra='{\"blog_id\":1,\"permalink\":\"https:\\\/\\\/www.montceautriathlon.com\\\/blog\\\/2021\\\/09\\\/26\\\/sur-tous-les-fronts-dans-les-episodes-precedents\\\/\"}' class=\"tiled-gallery__col\" style=\"flex-basis:41.47206%\"><figure class=\"tiled-gallery__item\"><img data-attachment-id=\"4561\" data-permalink=\"https:\/\/www.montceautriathlon.com\/blog\/isa-theveent\/\" data-orig-file=\"https:\/\/www.montceautriathlon.com\/blog\/wp-content\/uploads\/2021\/09\/ISA-Theveent.jpg\" data-orig-size=\"1600,900\" data-comments-opened=\"1\" data-image-meta=\"{&quot;aperture&quot;:&quot;0&quot;,&quot;credit&quot;:&quot;&quot;,&quot;camera&quot;:&quot;&quot;,&quot;caption&quot;:&quot;&quot;,&quot;created_timestamp&quot;:&quot;0&quot;,&quot;copyright&quot;:&quot;&quot;,&quot;focal_length&quot;:&quot;0&quot;,&quot;iso&quot;:&quot;0&quot;,&quot;shutter_speed&quot;:&quot;0&quot;,&quot;title&quot;:&quot;&quot;,&quot;orientation&quot;:&quot;0&quot;}\" data-image-title=\"ISA Th\u00e9veent\" data-image-description=\"\" data-image-caption=\"\" data-medium-file=\"https:\/\/www.montceautriathlon.com\/blog\/wp-content\/uploads\/2021\/09\/ISA-Theveent-300x169.jpg\" data-large-file=\"https:\/\/www.montceautriathlon.com\/blog\/wp-content\/uploads\/2021\/09\/ISA-Theveent-1024x576.jpg\" data-attachment-id=\"4561\" data-permalink=\"https:\/\/www.montceautriathlon.com\/blog\/isa-theveent\/\" data-orig-file=\"https:\/\/www.montceautriathlon.com\/blog\/wp-content\/uploads\/2021\/09\/ISA-Theveent.jpg\" data-orig-size=\"1600,900\" data-comments-opened=\"1\" data-image-meta=\"{&quot;aperture&quot;:&quot;0&quot;,&quot;credit&quot;:&quot;&quot;,&quot;camera&quot;:&quot;&quot;,&quot;caption&quot;:&quot;&quot;,&quot;created_timestamp&quot;:&quot;0&quot;,&quot;copyright&quot;:&quot;&quot;,&quot;focal_length&quot;:&quot;0&quot;,&quot;iso&quot;:&quot;0&quot;,&quot;shutter_speed&quot;:&quot;0&quot;,&quot;title&quot;:&quot;&quot;,&quot;orientation&quot;:&quot;0&quot;}\" data-image-title=\"ISA Th\u00e9veent\" data-image-description=\"\" data-image-caption=\"\" data-medium-file=\"https:\/\/www.montceautriathlon.com\/blog\/wp-content\/uploads\/2021\/09\/ISA-Theveent-300x169.jpg\" data-large-file=\"https:\/\/www.montceautriathlon.com\/blog\/wp-content\/uploads\/2021\/09\/ISA-Theveent-1024x576.jpg\" srcset=\"https:\/\/i0.wp.com\/www.montceautriathlon.com\/blog\/wp-content\/uploads\/2021\/09\/ISA-Theveent-1024x576.jpg?strip=info&#038;w=600&#038;ssl=1 600w,https:\/\/i0.wp.com\/www.montceautriathlon.com\/blog\/wp-content\/uploads\/2021\/09\/ISA-Theveent-1024x576.jpg?strip=info&#038;w=900&#038;ssl=1 900w,https:\/\/i0.wp.com\/www.montceautriathlon.com\/blog\/wp-content\/uploads\/2021\/09\/ISA-Theveent-1024x576.jpg?strip=info&#038;w=1200&#038;ssl=1 1200w,https:\/\/i0.wp.com\/www.montceautriathlon.com\/blog\/wp-content\/uploads\/2021\/09\/ISA-Theveent-1024x576.jpg?strip=info&#038;w=1500&#038;ssl=1 1500w,https:\/\/i0.wp.com\/www.montceautriathlon.com\/blog\/wp-content\/uploads\/2021\/09\/ISA-Theveent-1024x576.jpg?strip=info&#038;w=1600&#038;ssl=1 1600w\" alt=\"\" data-height=\"900\" data-id=\"4561\" data-link=\"https:\/\/www.montceautriathlon.com\/blog\/isa-theveent\/\" data-url=\"https:\/\/www.montceautriathlon.com\/blog\/wp-content\/uploads\/2021\/09\/ISA-Theveent-1024x576.jpg\" data-width=\"1600\" src=\"https:\/\/i0.wp.com\/www.montceautriathlon.com\/blog\/wp-content\/uploads\/2021\/09\/ISA-Theveent-1024x576.jpg?ssl=1\" data-amp-layout=\"responsive\"\/><\/figure><\/div><div data-carousel-extra='{\"blog_id\":1,\"permalink\":\"https:\\\/\\\/www.montceautriathlon.com\\\/blog\\\/2021\\\/09\\\/26\\\/sur-tous-les-fronts-dans-les-episodes-precedents\\\/\"}' class=\"tiled-gallery__col\" style=\"flex-basis:23.38509%\"><figure class=\"tiled-gallery__item\"><img data-attachment-id=\"4558\" data-permalink=\"https:\/\/www.montceautriathlon.com\/blog\/akice-thevenet\/\" data-orig-file=\"https:\/\/www.montceautriathlon.com\/blog\/wp-content\/uploads\/2021\/09\/Akice-Thevenet.jpg\" data-orig-size=\"1496,1496\" data-comments-opened=\"1\" data-image-meta=\"{&quot;aperture&quot;:&quot;0&quot;,&quot;credit&quot;:&quot;&quot;,&quot;camera&quot;:&quot;&quot;,&quot;caption&quot;:&quot;&quot;,&quot;created_timestamp&quot;:&quot;0&quot;,&quot;copyright&quot;:&quot;&quot;,&quot;focal_length&quot;:&quot;0&quot;,&quot;iso&quot;:&quot;0&quot;,&quot;shutter_speed&quot;:&quot;0&quot;,&quot;title&quot;:&quot;&quot;,&quot;orientation&quot;:&quot;0&quot;}\" data-image-title=\"Akice Th\u00e9venet\" data-image-description=\"\" data-image-caption=\"\" data-medium-file=\"https:\/\/www.montceautriathlon.com\/blog\/wp-content\/uploads\/2021\/09\/Akice-Thevenet-300x300.jpg\" data-large-file=\"https:\/\/www.montceautriathlon.com\/blog\/wp-content\/uploads\/2021\/09\/Akice-Thevenet-1024x1024.jpg\" data-attachment-id=\"4558\" data-permalink=\"https:\/\/www.montceautriathlon.com\/blog\/akice-thevenet\/\" data-orig-file=\"https:\/\/www.montceautriathlon.com\/blog\/wp-content\/uploads\/2021\/09\/Akice-Thevenet.jpg\" data-orig-size=\"1496,1496\" data-comments-opened=\"1\" data-image-meta=\"{&quot;aperture&quot;:&quot;0&quot;,&quot;credit&quot;:&quot;&quot;,&quot;camera&quot;:&quot;&quot;,&quot;caption&quot;:&quot;&quot;,&quot;created_timestamp&quot;:&quot;0&quot;,&quot;copyright&quot;:&quot;&quot;,&quot;focal_length&quot;:&quot;0&quot;,&quot;iso&quot;:&quot;0&quot;,&quot;shutter_speed&quot;:&quot;0&quot;,&quot;title&quot;:&quot;&quot;,&quot;orientation&quot;:&quot;0&quot;}\" data-image-title=\"Akice Th\u00e9venet\" data-image-description=\"\" data-image-caption=\"\" data-medium-file=\"https:\/\/www.montceautriathlon.com\/blog\/wp-content\/uploads\/2021\/09\/Akice-Thevenet-300x300.jpg\" data-large-file=\"https:\/\/www.montceautriathlon.com\/blog\/wp-content\/uploads\/2021\/09\/Akice-Thevenet-1024x1024.jpg\" srcset=\"https:\/\/i2.wp.com\/www.montceautriathlon.com\/blog\/wp-content\/uploads\/2021\/09\/Akice-Thevenet-1024x1024.jpg?strip=info&#038;w=600&#038;ssl=1 600w,https:\/\/i2.wp.com\/www.montceautriathlon.com\/blog\/wp-content\/uploads\/2021\/09\/Akice-Thevenet-1024x1024.jpg?strip=info&#038;w=900&#038;ssl=1 900w,https:\/\/i2.wp.com\/www.montceautriathlon.com\/blog\/wp-content\/uploads\/2021\/09\/Akice-Thevenet-1024x1024.jpg?strip=info&#038;w=1200&#038;ssl=1 1200w,https:\/\/i2.wp.com\/www.montceautriathlon.com\/blog\/wp-content\/uploads\/2021\/09\/Akice-Thevenet-1024x1024.jpg?strip=info&#038;w=1496&#038;ssl=1 1496w\" alt=\"\" data-height=\"1496\" data-id=\"4558\" data-link=\"https:\/\/www.montceautriathlon.com\/blog\/akice-thevenet\/\" data-url=\"https:\/\/www.montceautriathlon.com\/blog\/wp-content\/uploads\/2021\/09\/Akice-Thevenet-1024x1024.jpg\" data-width=\"1496\" src=\"https:\/\/i2.wp.com\/www.montceautriathlon.com\/blog\/wp-content\/uploads\/2021\/09\/Akice-Thevenet-1024x1024.jpg?ssl=1\" data-amp-layout=\"responsive\"\/><\/figure><\/div><div data-carousel-extra='{\"blog_id\":1,\"permalink\":\"https:\\\/\\\/www.montceautriathlon.com\\\/blog\\\/2021\\\/09\\\/26\\\/sur-tous-les-fronts-dans-les-episodes-precedents\\\/\"}' class=\"tiled-gallery__col\" style=\"flex-basis:17.57142%\"><figure class=\"tiled-gallery__item\"><img data-attachment-id=\"4559\" data-permalink=\"https:\/\/www.montceautriathlon.com\/blog\/catherine-thevenet\/\" data-orig-file=\"https:\/\/www.montceautriathlon.com\/blog\/wp-content\/uploads\/2021\/09\/Catherine-Thevenet.jpg\" data-orig-size=\"1200,1600\" data-comments-opened=\"1\" data-image-meta=\"{&quot;aperture&quot;:&quot;0&quot;,&quot;credit&quot;:&quot;&quot;,&quot;camera&quot;:&quot;&quot;,&quot;caption&quot;:&quot;&quot;,&quot;created_timestamp&quot;:&quot;0&quot;,&quot;copyright&quot;:&quot;&quot;,&quot;focal_length&quot;:&quot;0&quot;,&quot;iso&quot;:&quot;0&quot;,&quot;shutter_speed&quot;:&quot;0&quot;,&quot;title&quot;:&quot;&quot;,&quot;orientation&quot;:&quot;0&quot;}\" data-image-title=\"Catherine Th\u00e9venet\" data-image-description=\"\" data-image-caption=\"\" data-medium-file=\"https:\/\/www.montceautriathlon.com\/blog\/wp-content\/uploads\/2021\/09\/Catherine-Thevenet-225x300.jpg\" data-large-file=\"https:\/\/www.montceautriathlon.com\/blog\/wp-content\/uploads\/2021\/09\/Catherine-Thevenet-768x1024.jpg\" data-attachment-id=\"4559\" data-permalink=\"https:\/\/www.montceautriathlon.com\/blog\/catherine-thevenet\/\" data-orig-file=\"https:\/\/www.montceautriathlon.com\/blog\/wp-content\/uploads\/2021\/09\/Catherine-Thevenet.jpg\" data-orig-size=\"1200,1600\" data-comments-opened=\"1\" data-image-meta=\"{&quot;aperture&quot;:&quot;0&quot;,&quot;credit&quot;:&quot;&quot;,&quot;camera&quot;:&quot;&quot;,&quot;caption&quot;:&quot;&quot;,&quot;created_timestamp&quot;:&quot;0&quot;,&quot;copyright&quot;:&quot;&quot;,&quot;focal_length&quot;:&quot;0&quot;,&quot;iso&quot;:&quot;0&quot;,&quot;shutter_speed&quot;:&quot;0&quot;,&quot;title&quot;:&quot;&quot;,&quot;orientation&quot;:&quot;0&quot;}\" data-image-title=\"Catherine Th\u00e9venet\" data-image-description=\"\" data-image-caption=\"\" data-medium-file=\"https:\/\/www.montceautriathlon.com\/blog\/wp-content\/uploads\/2021\/09\/Catherine-Thevenet-225x300.jpg\" data-large-file=\"https:\/\/www.montceautriathlon.com\/blog\/wp-content\/uploads\/2021\/09\/Catherine-Thevenet-768x1024.jpg\" srcset=\"https:\/\/i0.wp.com\/www.montceautriathlon.com\/blog\/wp-content\/uploads\/2021\/09\/Catherine-Thevenet-768x1024.jpg?strip=info&#038;w=600&#038;ssl=1 600w,https:\/\/i0.wp.com\/www.montceautriathlon.com\/blog\/wp-content\/uploads\/2021\/09\/Catherine-Thevenet-768x1024.jpg?strip=info&#038;w=900&#038;ssl=1 900w,https:\/\/i0.wp.com\/www.montceautriathlon.com\/blog\/wp-content\/uploads\/2021\/09\/Catherine-Thevenet-768x1024.jpg?strip=info&#038;w=1200&#038;ssl=1 1200w\" alt=\"\" data-height=\"1600\" data-id=\"4559\" data-link=\"https:\/\/www.montceautriathlon.com\/blog\/catherine-thevenet\/\" data-url=\"https:\/\/www.montceautriathlon.com\/blog\/wp-content\/uploads\/2021\/09\/Catherine-Thevenet-768x1024.jpg\" data-width=\"1200\" src=\"https:\/\/i0.wp.com\/www.montceautriathlon.com\/blog\/wp-content\/uploads\/2021\/09\/Catherine-Thevenet-768x1024.jpg?ssl=1\" data-amp-layout=\"responsive\"\/><\/figure><\/div><div data-carousel-extra='{\"blog_id\":1,\"permalink\":\"https:\\\/\\\/www.montceautriathlon.com\\\/blog\\\/2021\\\/09\\\/26\\\/sur-tous-les-fronts-dans-les-episodes-precedents\\\/\"}' class=\"tiled-gallery__col\" style=\"flex-basis:17.57142%\"><figure class=\"tiled-gallery__item\"><img data-attachment-id=\"4560\" data-permalink=\"https:\/\/www.montceautriathlon.com\/blog\/claude-mandelieu\/\" data-orig-file=\"https:\/\/www.montceautriathlon.com\/blog\/wp-content\/uploads\/2021\/09\/Claude-Mandelieu-scaled.jpg\" data-orig-size=\"1920,2560\" data-comments-opened=\"1\" data-image-meta=\"{&quot;aperture&quot;:&quot;1.8&quot;,&quot;credit&quot;:&quot;&quot;,&quot;camera&quot;:&quot;iPhone SE (2nd generation)&quot;,&quot;caption&quot;:&quot;&quot;,&quot;created_timestamp&quot;:&quot;1632575022&quot;,&quot;copyright&quot;:&quot;&quot;,&quot;focal_length&quot;:&quot;3.99&quot;,&quot;iso&quot;:&quot;20&quot;,&quot;shutter_speed&quot;:&quot;0.00064599483204134&quot;,&quot;title&quot;:&quot;&quot;,&quot;orientation&quot;:&quot;1&quot;}\" data-image-title=\"Claude Mandelieu\" data-image-description=\"\" data-image-caption=\"\" data-medium-file=\"https:\/\/www.montceautriathlon.com\/blog\/wp-content\/uploads\/2021\/09\/Claude-Mandelieu-225x300.jpg\" data-large-file=\"https:\/\/www.montceautriathlon.com\/blog\/wp-content\/uploads\/2021\/09\/Claude-Mandelieu-768x1024.jpg\" data-attachment-id=\"4560\" data-permalink=\"https:\/\/www.montceautriathlon.com\/blog\/claude-mandelieu\/\" data-orig-file=\"https:\/\/www.montceautriathlon.com\/blog\/wp-content\/uploads\/2021\/09\/Claude-Mandelieu-scaled.jpg\" data-orig-size=\"1920,2560\" data-comments-opened=\"1\" data-image-meta=\"{&quot;aperture&quot;:&quot;1.8&quot;,&quot;credit&quot;:&quot;&quot;,&quot;camera&quot;:&quot;iPhone SE (2nd generation)&quot;,&quot;caption&quot;:&quot;&quot;,&quot;created_timestamp&quot;:&quot;1632575022&quot;,&quot;copyright&quot;:&quot;&quot;,&quot;focal_length&quot;:&quot;3.99&quot;,&quot;iso&quot;:&quot;20&quot;,&quot;shutter_speed&quot;:&quot;0.00064599483204134&quot;,&quot;title&quot;:&quot;&quot;,&quot;orientation&quot;:&quot;1&quot;}\" data-image-title=\"Claude Mandelieu\" data-image-description=\"\" data-image-caption=\"\" data-medium-file=\"https:\/\/www.montceautriathlon.com\/blog\/wp-content\/uploads\/2021\/09\/Claude-Mandelieu-225x300.jpg\" data-large-file=\"https:\/\/www.montceautriathlon.com\/blog\/wp-content\/uploads\/2021\/09\/Claude-Mandelieu-768x1024.jpg\" srcset=\"https:\/\/i1.wp.com\/www.montceautriathlon.com\/blog\/wp-content\/uploads\/2021\/09\/Claude-Mandelieu-768x1024.jpg?strip=info&#038;w=600&#038;ssl=1 600w,https:\/\/i1.wp.com\/www.montceautriathlon.com\/blog\/wp-content\/uploads\/2021\/09\/Claude-Mandelieu-768x1024.jpg?strip=info&#038;w=900&#038;ssl=1 900w,https:\/\/i1.wp.com\/www.montceautriathlon.com\/blog\/wp-content\/uploads\/2021\/09\/Claude-Mandelieu-768x1024.jpg?strip=info&#038;w=1200&#038;ssl=1 1200w,https:\/\/i1.wp.com\/www.montceautriathlon.com\/blog\/wp-content\/uploads\/2021\/09\/Claude-Mandelieu-768x1024.jpg?strip=info&#038;w=1500&#038;ssl=1 1500w,https:\/\/i1.wp.com\/www.montceautriathlon.com\/blog\/wp-content\/uploads\/2021\/09\/Claude-Mandelieu-768x1024.jpg?strip=info&#038;w=1800&#038;ssl=1 1800w,https:\/\/i1.wp.com\/www.montceautriathlon.com\/blog\/wp-content\/uploads\/2021\/09\/Claude-Mandelieu-768x1024.jpg?strip=info&#038;w=1920&#038;ssl=1 1920w\" alt=\"\" data-height=\"2560\" data-id=\"4560\" data-link=\"https:\/\/www.montceautriathlon.com\/blog\/claude-mandelieu\/\" data-url=\"https:\/\/www.montceautriathlon.com\/blog\/wp-content\/uploads\/2021\/09\/Claude-Mandelieu-768x1024.jpg\" data-width=\"1920\" src=\"https:\/\/i1.wp.com\/www.montceautriathlon.com\/blog\/wp-content\/uploads\/2021\/09\/Claude-Mandelieu-768x1024.jpg?ssl=1\" data-amp-layout=\"responsive\"\/><\/figure><\/div><\/div><\/div><\/div>\n\n\n\n<p><\/p>\n","protected":false},"excerpt":{"rendered":"<p>Peut-\u00eatre n&rsquo;avez vous pas suivi l&rsquo;actualit\u00e9 de nos licenci\u00e9s engag\u00e9s sur les comp\u00e9titions du W-E dernier et de ce dernier samedi : petit patchwork de r\u00e9sultats et d&rsquo;images ! Le triathlon de Seurre dimanche dernier s&rsquo;est transform\u00e9 en duathlon et quelques jeunes \u00e9taient engag\u00e9s en J2; Belle performance d&rsquo;Oscar Turpin 2\u00e8me au scratch et 1er [&hellip;]<\/p>\n","protected":false},"author":5,"featured_media":4562,"comment_status":"open","ping_status":"open","sticky":false,"template":"","format":"standard","meta":{"spay_email":"","jetpack_publicize_message":"","jetpack_is_tweetstorm":false},"categories":[1],"tags":[],"jetpack_featured_media_url":"https:\/\/www.montceautriathlon.com\/blog\/wp-content\/uploads\/2021\/09\/Marius.jpg","jetpack_publicize_connections":[],"jetpack_sharing_enabled":true,"jetpack_shortlink":"https:\/\/wp.me\/p8bwIy-1bu","jetpack-related-posts":[{"id":5987,"url":"https:\/\/www.montceautriathlon.com\/blog\/2023\/06\/22\/triathlon-de-chalain\/","url_meta":{"origin":4556,"position":0},"title":"Triathlon de Chalain","date":"22 juin 2023","format":false,"excerpt":"Ce week end, de nombreux licenci\u00e9s \u00e9taient inscrits sur des courses de la r\u00e9gion.Une d\u00e9l\u00e9gation s'est d\u00e9plac\u00e9e au triathlon de Chalain.Malgr\u00e9 une m\u00e9t\u00e9o chaotique (les 40 km du v\u00e9lo de M se sont d\u00e9roul\u00e9s sous un orage plut\u00f4t impressionnant), de bons r\u00e9sultats sont \u00e0 noter. Course S : Jeanne Rondier\u2026","rel":"","context":"Dans &quot;Non class\u00e9&quot;","img":{"alt_text":"","src":"https:\/\/i0.wp.com\/www.montceautriathlon.com\/blog\/wp-content\/uploads\/2023\/06\/dc24e861-7498-4e0d-b2ea-0d9f84026efd.jpg?resize=350%2C200&ssl=1","width":350,"height":200},"classes":[]},{"id":3783,"url":"https:\/\/www.montceautriathlon.com\/blog\/2020\/09\/09\/6-09-2020-triathlon-du-pilon-3-minimes-du-club-qualifies-aux-france\/","url_meta":{"origin":4556,"position":1},"title":"6\/09\/2020, triathlon du Pilon : 3 minimes du club qualifi\u00e9s aux France !","date":"9 septembre 2020","format":false,"excerpt":"Ce dimanche avaient lieu les \u00e9preuves s\u00e9lectives aux championnats de France jeunes de triathlon le 20 septembre prochain chez nous ! Nos jeunes \u00e9taient engag\u00e9s sur les formats XS et S des \u00e9preuves creusotines. F\u00e9licitations \u00e0 Marius Grivault, Antoine Ballet et Marine Da Eira qui se qualifient en minimes avec\u2026","rel":"","context":"Dans &quot;Non class\u00e9&quot;","img":{"alt_text":"","src":"https:\/\/i0.wp.com\/montceautriathlon.com\/blog\/wp-content\/uploads\/2020\/09\/Creusot-3-300x200.jpg?resize=350%2C200","width":350,"height":200},"classes":[]},{"id":6978,"url":"https:\/\/www.montceautriathlon.com\/blog\/2024\/07\/16\/dernier-week-end-de-juin-les-montcelliens-sur-tous-les-fronts\/","url_meta":{"origin":4556,"position":2},"title":"Dernier Week end de juin: les montcelliens sur tous les fronts","date":"16 juillet 2024","format":false,"excerpt":"Les triathl\u00e8tes montcelliens \u00e9taient pour ce dernier week end de juin sur tous les fronts. Une grosse d\u00e9l\u00e9gation \u00e9tait \u00e0 Saint Point pour le triathlon organis\u00e9 pour Macon Triathlon. Nos 2 jeunes \"com\" Sarah et Charline \u00e9taient aux Sables d'Olonnes pour participer \u00e0 leur 1r Half IronMan, et Sandrine et\u2026","rel":"","context":"Dans &quot;Non class\u00e9&quot;","img":{"alt_text":"","src":"https:\/\/i1.wp.com\/www.montceautriathlon.com\/blog\/wp-content\/uploads\/2024\/07\/449702059_1145090549865001_8425172857938717631_n.jpg?resize=350%2C200&ssl=1","width":350,"height":200},"classes":[]},{"id":6967,"url":"https:\/\/www.montceautriathlon.com\/blog\/2024\/07\/16\/triathlon-autun-2\/","url_meta":{"origin":4556,"position":3},"title":"Triathlon Autun","date":"16 juillet 2024","format":false,"excerpt":"Les triathl\u00e8tes montcelliens \u00e9taient pr\u00e9sents surtoutes les \u00e9preuves du triathlon d'Autun le dimanche 23 juin. Voici les r\u00e9sultats: Course 6\/8 ans: Tiana Magnien monte sur la 3e marche du podium en poussine (5e au scratch) et Eliott Rondier sur la 2e marche en poussin (6e au scratch). Course 9\/11 ans:\u2026","rel":"","context":"Dans &quot;Non class\u00e9&quot;","img":{"alt_text":"","src":"https:\/\/i0.wp.com\/www.montceautriathlon.com\/blog\/wp-content\/uploads\/2024\/07\/448968625_1141027143604675_8033343820953004543_n.jpg?resize=350%2C200&ssl=1","width":350,"height":200},"classes":[]},{"id":5395,"url":"https:\/\/www.montceautriathlon.com\/blog\/2022\/10\/15\/9-octobre-1er-triathlon-bressan-montceau-triathlon-a-decouvert-cette-nouvelle-epreuve-10-km-de-dole-pascal-sur-le-podium\/","url_meta":{"origin":4556,"position":4},"title":"9 octobre, 1er triathlon bressan : Montceau Triathlon a d\u00e9couvert cette nouvelle \u00e9preuve.                                                          10 km de D\u00f4le : Pascal sur le podium.","date":"15 octobre 2022","format":false,"excerpt":"Le Club Nautique de Louhans organisait le week-end dernier son premier triathlon avec natation en piscine. Course classique pour les J1 et J2 et contre la montre individuel pour les courses S et XS. Quelques podiums pour les jeunes et premi\u00e8re comp\u00e9tition sous les couleurs du club pour Simon Devoille\u2026","rel":"","context":"Dans &quot;Non class\u00e9&quot;","img":{"alt_text":"","src":"https:\/\/i0.wp.com\/www.montceautriathlon.com\/blog\/wp-content\/uploads\/2022\/10\/IMG-20221010-WA0004.jpg?resize=350%2C200&ssl=1","width":350,"height":200},"classes":[]},{"id":7130,"url":"https:\/\/www.montceautriathlon.com\/blog\/2024\/12\/01\/triathlon-de-louhans-2\/","url_meta":{"origin":4556,"position":5},"title":"Triathlon de Louhans","date":"1 d\u00e9cembre 2024","format":false,"excerpt":"Les montcelliens ont fait le d\u00e9placement pour le dernier triathlon bourguignon de la saison \u00e0 Louhans. Voici les r\u00e9sultats de nos triathl\u00e8tes sur les diff\u00e9rentes courses : Sur le format S : en relais les \u00ab Run & Cycling 71 \u00bb avec Arnaud Rondier en nageur montent sur la plus\u2026","rel":"","context":"Dans &quot;Non class\u00e9&quot;","img":{"alt_text":"","src":"https:\/\/i2.wp.com\/www.montceautriathlon.com\/blog\/wp-content\/uploads\/2024\/11\/462960282_1213087916398597_6865351226409572743_n.jpg?resize=350%2C200&ssl=1","width":350,"height":200},"classes":[]}],"_links":{"self":[{"href":"https:\/\/www.montceautriathlon.com\/blog\/wp-json\/wp\/v2\/posts\/4556"}],"collection":[{"href":"https:\/\/www.montceautriathlon.com\/blog\/wp-json\/wp\/v2\/posts"}],"about":[{"href":"https:\/\/www.montceautriathlon.com\/blog\/wp-json\/wp\/v2\/types\/post"}],"author":[{"embeddable":true,"href":"https:\/\/www.montceautriathlon.com\/blog\/wp-json\/wp\/v2\/users\/5"}],"replies":[{"embeddable":true,"href":"https:\/\/www.montceautriathlon.com\/blog\/wp-json\/wp\/v2\/comments?post=4556"}],"version-history":[{"count":4,"href":"https:\/\/www.montceautriathlon.com\/blog\/wp-json\/wp\/v2\/posts\/4556\/revisions"}],"predecessor-version":[{"id":4568,"href":"https:\/\/www.montceautriathlon.com\/blog\/wp-json\/wp\/v2\/posts\/4556\/revisions\/4568"}],"wp:featuredmedia":[{"embeddable":true,"href":"https:\/\/www.montceautriathlon.com\/blog\/wp-json\/wp\/v2\/media\/4562"}],"wp:attachment":[{"href":"https:\/\/www.montceautriathlon.com\/blog\/wp-json\/wp\/v2\/media?parent=4556"}],"wp:term":[{"taxonomy":"category","embeddable":true,"href":"https:\/\/www.montceautriathlon.com\/blog\/wp-json\/wp\/v2\/categories?post=4556"},{"taxonomy":"post_tag","embeddable":true,"href":"https:\/\/www.montceautriathlon.com\/blog\/wp-json\/wp\/v2\/tags?post=4556"}],"curies":[{"name":"wp","href":"https:\/\/api.w.org\/{rel}","templated":true}]}}