{"id":4427,"date":"2021-09-05T14:52:04","date_gmt":"2021-09-05T13:52:04","guid":{"rendered":"https:\/\/www.montceautriathlon.com\/blog\/?p=4427"},"modified":"2021-09-05T14:52:09","modified_gmt":"2021-09-05T13:52:09","slug":"triathlon-de-gerarmerit-was-monnet-time","status":"publish","type":"post","link":"https:\/\/www.montceautriathlon.com\/blog\/2021\/09\/05\/triathlon-de-gerarmerit-was-monnet-time\/","title":{"rendered":"Triathlon de Gerarmer:It was Monnet time!"},"content":{"rendered":"\n<p>On lui avait dit :\u00a0\u00bbtu verras, c&rsquo;est g\u00e9nial, on se croirait sur Le tour de France !\u00a0\u00bb C&rsquo;est donc avec un peu d&rsquo;appr\u00e9hension ( la pr\u00e9paration n&rsquo;a pas \u00e9t\u00e9 tr\u00e8s facile cette ann\u00e9e) que Claude s&rsquo;est \u00e9lanc\u00e9 sur le triathlon L de Gerardmer cette ann\u00e9e, un triathlon bien connu et appr\u00e9ci\u00e9 de nombreux licenci\u00e9s du club.  Le voil\u00e0 donc finisher en 6h23&rsquo;02 en 484\u00e8me position  et ravi de cette belle perf !<\/p>\n\n\n\n<p>F\u00e9licitations Claude !<\/p>\n\n\n\n<figure class=\"wp-block-image size-full\"><a href=\"https:\/\/www.montceautriathlon.com\/blog\/wp-content\/uploads\/2021\/09\/IMG-20210904-WA0002.jpg\"><img data-attachment-id=\"4430\" data-permalink=\"https:\/\/www.montceautriathlon.com\/blog\/img-20210904-wa0002\/\" data-orig-file=\"https:\/\/www.montceautriathlon.com\/blog\/wp-content\/uploads\/2021\/09\/IMG-20210904-WA0002.jpg\" data-orig-size=\"768,1024\" data-comments-opened=\"1\" data-image-meta=\"{&quot;aperture&quot;:&quot;0&quot;,&quot;credit&quot;:&quot;&quot;,&quot;camera&quot;:&quot;&quot;,&quot;caption&quot;:&quot;&quot;,&quot;created_timestamp&quot;:&quot;0&quot;,&quot;copyright&quot;:&quot;&quot;,&quot;focal_length&quot;:&quot;0&quot;,&quot;iso&quot;:&quot;0&quot;,&quot;shutter_speed&quot;:&quot;0&quot;,&quot;title&quot;:&quot;&quot;,&quot;orientation&quot;:&quot;0&quot;}\" data-image-title=\"IMG-20210904-WA0002\" data-image-description=\"\" data-image-caption=\"\" data-medium-file=\"https:\/\/www.montceautriathlon.com\/blog\/wp-content\/uploads\/2021\/09\/IMG-20210904-WA0002-225x300.jpg\" data-large-file=\"https:\/\/www.montceautriathlon.com\/blog\/wp-content\/uploads\/2021\/09\/IMG-20210904-WA0002.jpg\" loading=\"lazy\" width=\"768\" height=\"1024\" src=\"https:\/\/www.montceautriathlon.com\/blog\/wp-content\/uploads\/2021\/09\/IMG-20210904-WA0002.jpg\" alt=\"\" class=\"wp-image-4430\" srcset=\"https:\/\/www.montceautriathlon.com\/blog\/wp-content\/uploads\/2021\/09\/IMG-20210904-WA0002.jpg 768w, https:\/\/www.montceautriathlon.com\/blog\/wp-content\/uploads\/2021\/09\/IMG-20210904-WA0002-225x300.jpg 225w\" sizes=\"(max-width: 768px) 100vw, 768px\" \/><\/a><\/figure>\n\n\n\n<p><\/p>\n","protected":false},"excerpt":{"rendered":"<p>On lui avait dit :\u00a0\u00bbtu verras, c&rsquo;est g\u00e9nial, on se croirait sur Le tour de France !\u00a0\u00bb C&rsquo;est donc avec un peu d&rsquo;appr\u00e9hension ( la pr\u00e9paration n&rsquo;a pas \u00e9t\u00e9 tr\u00e8s facile cette ann\u00e9e) que Claude s&rsquo;est \u00e9lanc\u00e9 sur le triathlon L de Gerardmer cette ann\u00e9e, un triathlon bien connu et appr\u00e9ci\u00e9 de nombreux licenci\u00e9s du [&hellip;]<\/p>\n","protected":false},"author":5,"featured_media":4431,"comment_status":"open","ping_status":"open","sticky":false,"template":"","format":"standard","meta":{"spay_email":"","jetpack_publicize_message":"","jetpack_is_tweetstorm":false},"categories":[1],"tags":[],"jetpack_featured_media_url":"https:\/\/www.montceautriathlon.com\/blog\/wp-content\/uploads\/2021\/09\/IMG-20210904-WA0003.jpg","jetpack_publicize_connections":[],"jetpack_sharing_enabled":true,"jetpack_shortlink":"https:\/\/wp.me\/p8bwIy-19p","jetpack-related-posts":[{"id":4326,"url":"https:\/\/www.montceautriathlon.com\/blog\/2021\/07\/19\/triathlon-de-gray-la-saone-na-pas-fait-dans-la-nuance\/","url_meta":{"origin":4427,"position":0},"title":"Triathlon de Gray : la Sa\u00f4ne n&rsquo;a pas fait dans la nuance.","date":"19 juillet 2021","format":false,"excerpt":"Elle montait, elle montait la Sa\u00f4ne et tout le monde esp\u00e9rait que ce triathlon tant attendu ne soit pas transform\u00e9 en duathlon. Que nenni ! Le Val de Gray transform\u00e9 en \u00cele de France et le pass sanitaire tant redout\u00e9 transform\u00e9 en pass navigo les pieds dans l'eau ! Duathlon\u2026","rel":"","context":"Dans &quot;Non class\u00e9&quot;","img":{"alt_text":"","src":"https:\/\/i0.wp.com\/www.montceautriathlon.com\/blog\/wp-content\/uploads\/2021\/07\/IMG-20210718-WA0007.jpg?resize=350%2C200&ssl=1","width":350,"height":200},"classes":[]},{"id":4654,"url":"https:\/\/www.montceautriathlon.com\/blog\/2021\/10\/25\/meeting-du-comite-departemental-une-idee-vraiment-sympa\/","url_meta":{"origin":4427,"position":1},"title":"meeting du Comit\u00e9 D\u00e9partemental : une id\u00e9e vraiment sympa !","date":"25 octobre 2021","format":false,"excerpt":"Ce dimanche , sur la piste et \u00e0 la piscine, les clubs de triathlon du d\u00e9partement se sont rencontr\u00e9s sur un format de course original et tr\u00e8s convivial. Et c'est avec plaisir que le club de triathlon de Montceau a accueilli et organis\u00e9 avec le Comit\u00e9 cette \u00e9preuve pas comme\u2026","rel":"","context":"Dans &quot;Non class\u00e9&quot;","img":{"alt_text":"","src":"https:\/\/i1.wp.com\/www.montceautriathlon.com\/blog\/wp-content\/uploads\/2021\/10\/meet-7.jpg?resize=350%2C200&ssl=1","width":350,"height":200},"classes":[]},{"id":3783,"url":"https:\/\/www.montceautriathlon.com\/blog\/2020\/09\/09\/6-09-2020-triathlon-du-pilon-3-minimes-du-club-qualifies-aux-france\/","url_meta":{"origin":4427,"position":2},"title":"6\/09\/2020, triathlon du Pilon : 3 minimes du club qualifi\u00e9s aux France !","date":"9 septembre 2020","format":false,"excerpt":"Ce dimanche avaient lieu les \u00e9preuves s\u00e9lectives aux championnats de France jeunes de triathlon le 20 septembre prochain chez nous ! Nos jeunes \u00e9taient engag\u00e9s sur les formats XS et S des \u00e9preuves creusotines. F\u00e9licitations \u00e0 Marius Grivault, Antoine Ballet et Marine Da Eira qui se qualifient en minimes avec\u2026","rel":"","context":"Dans &quot;Non class\u00e9&quot;","img":{"alt_text":"","src":"https:\/\/i0.wp.com\/montceautriathlon.com\/blog\/wp-content\/uploads\/2020\/09\/Creusot-3-300x200.jpg?resize=350%2C200","width":350,"height":200},"classes":[]},{"id":3271,"url":"https:\/\/www.montceautriathlon.com\/blog\/2019\/10\/18\/coupe-de-france-a-montlucon-le-club-bien-represente\/","url_meta":{"origin":4427,"position":3},"title":"Coupe de France \u00e0 Montlu\u00e7on : le club bien repr\u00e9sent\u00e9","date":"18 octobre 2019","format":false,"excerpt":"La Coupe de France, on connait bien, grosse organisation et manifestation la plus importante de la f\u00e9d\u00e9ration qui marque la fin de la saison. La belle r\u00e9ussite de cette \u00e9preuve \u00e0 Montceau l'ann\u00e9e derni\u00e8re explique certainement le nombre d'\u00e9quipes engag\u00e9es sur le triathlon cette ann\u00e9e. Ce sont donc 5 \u00e9quipes\u2026","rel":"","context":"Dans &quot;Non class\u00e9&quot;","img":{"alt_text":"","src":"https:\/\/i2.wp.com\/montceautriathlon.com\/blog\/wp-content\/uploads\/2019\/10\/montlu\u00c3\u00a7on-1-300x231.jpg?resize=350%2C200","width":350,"height":200},"classes":[]},{"id":6914,"url":"https:\/\/www.montceautriathlon.com\/blog\/2024\/06\/20\/triathlon-de-vichy\/","url_meta":{"origin":4427,"position":4},"title":"Triathlon de Vichy","date":"20 juin 2024","format":false,"excerpt":"Nos triathl\u00e8tes \u00e9taient sur tous les fronts ce week-end. Tout d'abord sur le triathlon de Vichy : Samedi avait lieu les CHAMPIONNATS DE FRANCE longue distance : Laurent Magnien, cl\u00f4ture ce longue distance en 5h16, prenant la 185, 27eMaster 2 Mickael Verdu, fini en 5h33, en 275e position , 41e\u2026","rel":"","context":"Dans &quot;Non class\u00e9&quot;","img":{"alt_text":"","src":"https:\/\/i2.wp.com\/www.montceautriathlon.com\/blog\/wp-content\/uploads\/2024\/06\/448175809_1132571504450239_864155686867222727_n.jpg?resize=350%2C200&ssl=1","width":350,"height":200},"classes":[]},{"id":6297,"url":"https:\/\/www.montceautriathlon.com\/blog\/2023\/10\/11\/bike-run-aux-grands-parcs-cest-bientot\/","url_meta":{"origin":4427,"position":5},"title":"Bike &#038; run aux Grands Parcs, c&rsquo;est bient\u00f4t !","date":"11 octobre 2023","format":false,"excerpt":"Montceau Triathlon organise son 3\u00e8me Bike & Run le dimanche 5 novembre aux Grands Parcs \u00e0 Montceau les Mines avec une nouveaut\u00e9 cette ann\u00e9e !\u00a0\u00a0 En plus des trois courses comptant pour le challenge hivernal B&R de la Ligue de Bourgogne\/Franche Comt\u00e9 de triathlon et ouvertes \u00e0 toutes et \u00e0\u2026","rel":"","context":"Dans &quot;Non class\u00e9&quot;","img":{"alt_text":"","src":"https:\/\/i0.wp.com\/www.montceautriathlon.com\/blog\/wp-content\/uploads\/2023\/10\/flyer-recto.png?resize=350%2C200&ssl=1","width":350,"height":200},"classes":[]}],"_links":{"self":[{"href":"https:\/\/www.montceautriathlon.com\/blog\/wp-json\/wp\/v2\/posts\/4427"}],"collection":[{"href":"https:\/\/www.montceautriathlon.com\/blog\/wp-json\/wp\/v2\/posts"}],"about":[{"href":"https:\/\/www.montceautriathlon.com\/blog\/wp-json\/wp\/v2\/types\/post"}],"author":[{"embeddable":true,"href":"https:\/\/www.montceautriathlon.com\/blog\/wp-json\/wp\/v2\/users\/5"}],"replies":[{"embeddable":true,"href":"https:\/\/www.montceautriathlon.com\/blog\/wp-json\/wp\/v2\/comments?post=4427"}],"version-history":[{"count":2,"href":"https:\/\/www.montceautriathlon.com\/blog\/wp-json\/wp\/v2\/posts\/4427\/revisions"}],"predecessor-version":[{"id":4432,"href":"https:\/\/www.montceautriathlon.com\/blog\/wp-json\/wp\/v2\/posts\/4427\/revisions\/4432"}],"wp:featuredmedia":[{"embeddable":true,"href":"https:\/\/www.montceautriathlon.com\/blog\/wp-json\/wp\/v2\/media\/4431"}],"wp:attachment":[{"href":"https:\/\/www.montceautriathlon.com\/blog\/wp-json\/wp\/v2\/media?parent=4427"}],"wp:term":[{"taxonomy":"category","embeddable":true,"href":"https:\/\/www.montceautriathlon.com\/blog\/wp-json\/wp\/v2\/categories?post=4427"},{"taxonomy":"post_tag","embeddable":true,"href":"https:\/\/www.montceautriathlon.com\/blog\/wp-json\/wp\/v2\/tags?post=4427"}],"curies":[{"name":"wp","href":"https:\/\/api.w.org\/{rel}","templated":true}]}}