{"id":4419,"date":"2021-08-31T12:36:09","date_gmt":"2021-08-31T11:36:09","guid":{"rendered":"http:\/\/montceautriathlon.com\/blog\/?p=4419"},"modified":"2021-08-31T12:36:15","modified_gmt":"2021-08-31T11:36:15","slug":"championnats-de-france-aquathlon-et-triathlon-elles-en-ont-bave-dans-le-blavet","status":"publish","type":"post","link":"https:\/\/www.montceautriathlon.com\/blog\/2021\/08\/31\/championnats-de-france-aquathlon-et-triathlon-elles-en-ont-bave-dans-le-blavet\/","title":{"rendered":"Championnats de France aquathlon et triathlon : elles en ont bav\u00e9 dans le Blavet !"},"content":{"rendered":"\n<p>Zo\u00e9 Da Eira \u00e9tait la seule jeune du club qualifi\u00e9e sur les France Jeunes d&rsquo;aquathlon \u00e0 Pontivy (pr\u00e8s de Rennes).<\/p>\n\n\n\n<p>C&rsquo;est avec courage qu&rsquo;elle s&rsquo;est \u00e9lanc\u00e9e de bonne heure samedi matin dans le Blavet, pittoresque fleuve breton aux eaux tr\u00e8s froides.15,5\u00b0 ! De quoi avoir le souffle coup\u00e9 ! Course difficile qu&rsquo;elle mena \u00e0 son terme en 30&rsquo;27\u00a0\u00bb \u00e0 la 104\u00e8me place des benjamines. Une premi\u00e8re pour Zo\u00e9 qui en appellera d&rsquo;autres \u00e0 n&rsquo;en point douter. De l&rsquo;exp\u00e9rience emmagasin\u00e9e pour les prochains championnats !<\/p>\n\n\n\n<p>Sa maman, quitte \u00e0 faire le trajet , a, elle aussi, go\u00fbt\u00e9 aux eaux douces bretonnes en plongeant le samedi sur le France Aquathlon et quant \u00e0 faire, sur le France Triathlon le dimanche  qu&rsquo;elle termine en 1h37&rsquo;34\u00a0\u00bb ! \u00e0 la 34\u00e8me place.<\/p>\n\n\n\n<p>Un grand bravo \u00e0 elles deux et un grand merci d&rsquo;avoir repr\u00e9sent\u00e9 le club sur cette manifestation qui nous rappelle de tr\u00e8s bons souvenirs il y a juste moins d&rsquo;un an aux bords du Plessis.<\/p>\n\n\n\n<figure class=\"wp-block-image size-large\"><a href=\"http:\/\/montceautriathlon.com\/blog\/wp-content\/uploads\/2021\/08\/IMG-20210829-WA0000.jpg\"><img data-attachment-id=\"4415\" data-permalink=\"https:\/\/www.montceautriathlon.com\/blog\/img-20210829-wa0000\/\" data-orig-file=\"https:\/\/www.montceautriathlon.com\/blog\/wp-content\/uploads\/2021\/08\/IMG-20210829-WA0000.jpg\" data-orig-size=\"1600,1200\" data-comments-opened=\"1\" data-image-meta=\"{&quot;aperture&quot;:&quot;0&quot;,&quot;credit&quot;:&quot;&quot;,&quot;camera&quot;:&quot;&quot;,&quot;caption&quot;:&quot;&quot;,&quot;created_timestamp&quot;:&quot;0&quot;,&quot;copyright&quot;:&quot;&quot;,&quot;focal_length&quot;:&quot;0&quot;,&quot;iso&quot;:&quot;0&quot;,&quot;shutter_speed&quot;:&quot;0&quot;,&quot;title&quot;:&quot;&quot;,&quot;orientation&quot;:&quot;0&quot;}\" data-image-title=\"IMG-20210829-WA0000\" data-image-description=\"\" data-image-caption=\"\" data-medium-file=\"https:\/\/www.montceautriathlon.com\/blog\/wp-content\/uploads\/2021\/08\/IMG-20210829-WA0000-300x225.jpg\" data-large-file=\"https:\/\/www.montceautriathlon.com\/blog\/wp-content\/uploads\/2021\/08\/IMG-20210829-WA0000-1024x768.jpg\" loading=\"lazy\" width=\"1024\" height=\"768\" src=\"http:\/\/montceautriathlon.com\/blog\/wp-content\/uploads\/2021\/08\/IMG-20210829-WA0000-1024x768.jpg\" alt=\"\" class=\"wp-image-4415\" srcset=\"https:\/\/www.montceautriathlon.com\/blog\/wp-content\/uploads\/2021\/08\/IMG-20210829-WA0000-1024x768.jpg 1024w, https:\/\/www.montceautriathlon.com\/blog\/wp-content\/uploads\/2021\/08\/IMG-20210829-WA0000-300x225.jpg 300w, https:\/\/www.montceautriathlon.com\/blog\/wp-content\/uploads\/2021\/08\/IMG-20210829-WA0000-768x576.jpg 768w, https:\/\/www.montceautriathlon.com\/blog\/wp-content\/uploads\/2021\/08\/IMG-20210829-WA0000-1536x1152.jpg 1536w, https:\/\/www.montceautriathlon.com\/blog\/wp-content\/uploads\/2021\/08\/IMG-20210829-WA0000.jpg 1600w\" sizes=\"(max-width: 1024px) 100vw, 1024px\" \/><\/a><\/figure>\n","protected":false},"excerpt":{"rendered":"<p>Zo\u00e9 Da Eira \u00e9tait la seule jeune du club qualifi\u00e9e sur les France Jeunes d&rsquo;aquathlon \u00e0 Pontivy (pr\u00e8s de Rennes). C&rsquo;est avec courage qu&rsquo;elle s&rsquo;est \u00e9lanc\u00e9e de bonne heure samedi matin dans le Blavet, pittoresque fleuve breton aux eaux tr\u00e8s froides.15,5\u00b0 ! De quoi avoir le souffle coup\u00e9 ! Course difficile qu&rsquo;elle mena \u00e0 son [&hellip;]<\/p>\n","protected":false},"author":5,"featured_media":4418,"comment_status":"open","ping_status":"open","sticky":false,"template":"","format":"standard","meta":{"spay_email":"","jetpack_publicize_message":"","jetpack_is_tweetstorm":false},"categories":[1],"tags":[],"jetpack_featured_media_url":"https:\/\/www.montceautriathlon.com\/blog\/wp-content\/uploads\/2021\/08\/16231744260.jpg","jetpack_publicize_connections":[],"jetpack_sharing_enabled":true,"jetpack_shortlink":"https:\/\/wp.me\/p8bwIy-19h","jetpack-related-posts":[{"id":7548,"url":"https:\/\/www.montceautriathlon.com\/blog\/2025\/05\/22\/11-mai-2025-aquathlon-de-montceau-les-mines\/","url_meta":{"origin":4419,"position":0},"title":"11 mai 2025: aquathlon de Montceau les Mines","date":"22 mai 2025","format":false,"excerpt":"L'\u00e9quipe de Montceau triathlon a organis\u00e9 sont traditionnel aquathlon ce dimanche 11 mai sur le site du Plessis. Cette \u00e9preuve a \u00e9t\u00e9 comme les ann\u00e9es pr\u00e9c\u00e9dentes s\u00e9lective pour les championnats de France jeune d'aquathlon qui auront lieu le 5 juillet \u00e0 Angoul\u00eame. Cette nouvelle \u00e9dition s\u2019est d\u00e9roul\u00e9e sous un beau\u2026","rel":"","context":"Dans &quot;Non class\u00e9&quot;","img":{"alt_text":"","src":"https:\/\/i2.wp.com\/www.montceautriathlon.com\/blog\/wp-content\/uploads\/2025\/05\/IMG_2196-scaled.jpg?resize=350%2C200&ssl=1","width":350,"height":200},"classes":[]},{"id":2814,"url":"https:\/\/www.montceautriathlon.com\/blog\/2019\/05\/17\/12-mai-2019-triathlon-dautun-matin-chagrin\/","url_meta":{"origin":4419,"position":1},"title":"12 mai 2019, Triathlon d&rsquo;Autun : matin chagrin !","date":"17 mai 2019","format":false,"excerpt":"L'eau du plan d'eau du Vallon \u00e0 Autun \u00e9tait particuli\u00e8rement fraiche pour ne pas dire froide(proche des 10\u00b0 !) avec pour cons\u00e9quence la transformation du triathlon S en duathlon et de\u00a0 la premi\u00e8re \u00e9preuve (benjamines et minimes F)\u00a0 des demi-finales jeunes de triathlon zone grand Est qualificatives pour les Championnats\u2026","rel":"","context":"Dans &quot;Non class\u00e9&quot;","img":{"alt_text":"","src":"https:\/\/i1.wp.com\/montceautriathlon.com\/blog\/wp-content\/uploads\/2019\/05\/Autun-12-mai-300x225.jpg?resize=350%2C200","width":350,"height":200},"classes":[]},{"id":4573,"url":"https:\/\/www.montceautriathlon.com\/blog\/2021\/09\/27\/championnat-de-france-de-duathlon-une-premiere-pour-jeanne-rondier\/","url_meta":{"origin":4419,"position":2},"title":"Championnat de France de Duathlon : Une premi\u00e8re pour Jeanne Rondier.","date":"27 septembre 2021","format":false,"excerpt":"Apr\u00e8s Zo\u00e9 Da Eira qualifi\u00e9e pour la premi\u00e8re fois aux Championnats de France d'aquathlon, ce fut le tour de Jeanne Rondier de porter haut les couleurs du club \u00e0 Noyon dans l'Oise ce dimanche matin en duathlon. Une premi\u00e8re aussi ! 72\u00e8me sur 115 participantes. Une belle exp\u00e9rience ! F\u00e9licitations\u2026","rel":"","context":"Dans &quot;Non class\u00e9&quot;","img":{"alt_text":"","src":"https:\/\/i2.wp.com\/www.montceautriathlon.com\/blog\/wp-content\/uploads\/2021\/09\/jeanne-CDF-Noyon.jpg?resize=350%2C200&ssl=1","width":350,"height":200},"classes":[]},{"id":3856,"url":"https:\/\/www.montceautriathlon.com\/blog\/2020\/09\/21\/championnats-de-france-des-liens-des-photos-des-articles\/","url_meta":{"origin":4419,"position":3},"title":"Championnats de France : des liens, des photos, des articles !","date":"21 septembre 2020","format":false,"excerpt":"A vous tous triathl\u00e8tes venus de toute la France, jeunes et moins jeunes, champions ou anonymes, ces photos des diff\u00e9rentes courses du week-end vous sont d\u00e9di\u00e9es . Encore mille mercis pour la confiance que vous nous avez accord\u00e9e par votre venue \u00e0 Montceau en ces temps compliqu\u00e9s. Bravo \u00e0 tous\u2026","rel":"","context":"Dans &quot;Non class\u00e9&quot;","img":{"alt_text":"","src":"https:\/\/i1.wp.com\/www.montceautriathlon.com\/blog\/wp-content\/uploads\/2020\/09\/IMG_7280.jpg?resize=350%2C200&ssl=1","width":350,"height":200},"classes":[]},{"id":4109,"url":"https:\/\/www.montceautriathlon.com\/blog\/2021\/05\/26\/aquathlon-ouverture-des-inscriptions\/","url_meta":{"origin":4419,"position":4},"title":"AQUATHLON : Ouverture des inscriptions","date":"26 mai 2021","format":false,"excerpt":"L'aquathlon, c'est dans un mois ! ce sera le premier aquathlon r\u00e9gional et la troisi\u00e8me comp\u00e9tition post confinement ! Et les inscriptions sont ouvertes depuis ce lundi 24 mai ! Pour les courses jeunes s\u00e9lectives au Championnat de France seulement pour le moment. Pour les courses open, attendre le lundi\u2026","rel":"","context":"Dans &quot;Non class\u00e9&quot;","img":{"alt_text":"","src":"https:\/\/i2.wp.com\/www.montceautriathlon.com\/blog\/wp-content\/uploads\/2021\/03\/affiche-aquathlon-couleur-avec-combine.jpg?resize=350%2C200&ssl=1","width":350,"height":200},"classes":[]},{"id":1543,"url":"https:\/\/www.montceautriathlon.com\/blog\/2017\/10\/01\/coupe-de-france-de-triathlon-a-laiguillon-sur-mer-samedi-30-septembre-2017\/","url_meta":{"origin":4419,"position":5},"title":"Coupe de France de Triathlon \u00e0 l&rsquo;Aiguillon-sur-Mer (Samedi 30 septembre 2017)","date":"1 octobre 2017","format":false,"excerpt":"Ce week-end avait lieu la coupe de France des Clubs de Triathlon \u00e0 l'Aiguillon-sur-Mer. Avec la pr\u00e9sence d'une \u00e9quipe f\u00e9minine et d'une \u00e9quipe masculine, les triathl\u00e8tes de Montceau ont repr\u00e9sent\u00e9 avec panache, les couleurs du club. Bravo \u00e0 vous tou(te)s ! Vu de l'int\u00e9rieur par Maryl\u00e8ne. \"Apr\u00e8s 6h30 de route,\u2026","rel":"","context":"Dans &quot;Non class\u00e9&quot;","img":{"alt_text":"","src":"https:\/\/i0.wp.com\/www.montceautriathlon.com\/blog\/wp-content\/uploads\/2017\/10\/Image-5.png.jpeg?resize=350%2C200&ssl=1","width":350,"height":200},"classes":[]}],"_links":{"self":[{"href":"https:\/\/www.montceautriathlon.com\/blog\/wp-json\/wp\/v2\/posts\/4419"}],"collection":[{"href":"https:\/\/www.montceautriathlon.com\/blog\/wp-json\/wp\/v2\/posts"}],"about":[{"href":"https:\/\/www.montceautriathlon.com\/blog\/wp-json\/wp\/v2\/types\/post"}],"author":[{"embeddable":true,"href":"https:\/\/www.montceautriathlon.com\/blog\/wp-json\/wp\/v2\/users\/5"}],"replies":[{"embeddable":true,"href":"https:\/\/www.montceautriathlon.com\/blog\/wp-json\/wp\/v2\/comments?post=4419"}],"version-history":[{"count":1,"href":"https:\/\/www.montceautriathlon.com\/blog\/wp-json\/wp\/v2\/posts\/4419\/revisions"}],"predecessor-version":[{"id":4420,"href":"https:\/\/www.montceautriathlon.com\/blog\/wp-json\/wp\/v2\/posts\/4419\/revisions\/4420"}],"wp:featuredmedia":[{"embeddable":true,"href":"https:\/\/www.montceautriathlon.com\/blog\/wp-json\/wp\/v2\/media\/4418"}],"wp:attachment":[{"href":"https:\/\/www.montceautriathlon.com\/blog\/wp-json\/wp\/v2\/media?parent=4419"}],"wp:term":[{"taxonomy":"category","embeddable":true,"href":"https:\/\/www.montceautriathlon.com\/blog\/wp-json\/wp\/v2\/categories?post=4419"},{"taxonomy":"post_tag","embeddable":true,"href":"https:\/\/www.montceautriathlon.com\/blog\/wp-json\/wp\/v2\/tags?post=4419"}],"curies":[{"name":"wp","href":"https:\/\/api.w.org\/{rel}","templated":true}]}}