{"id":4386,"date":"2021-08-26T07:44:57","date_gmt":"2021-08-26T06:44:57","guid":{"rendered":"http:\/\/montceautriathlon.com\/blog\/?p=4386"},"modified":"2021-08-26T07:45:02","modified_gmt":"2021-08-26T06:45:02","slug":"half-ironman-70-3-de-vichy-ils-nont-pas-flechi","status":"publish","type":"post","link":"https:\/\/www.montceautriathlon.com\/blog\/2021\/08\/26\/half-ironman-70-3-de-vichy-ils-nont-pas-flechi\/","title":{"rendered":"Half IronMan 70.3 de Vichy : Ils n&rsquo;ont pas fl\u00e9chi !"},"content":{"rendered":"\n<p>On ne les arr\u00eate plus ! Bravo \u00e0 Isabelle et Philippe ! La pastille a bien \u00e9t\u00e9 dig\u00e9r\u00e9e !  Malgr\u00e9 une chaleur estivale retrouv\u00e9e Ils n&rsquo;ont pas flanch\u00e9, pas fl\u00e9chi et pass\u00e9 la ligne d&rsquo;arriv\u00e9e avec le sourire ! Isabelle en 6h49&rsquo;16\u00a0\u00bb et Philippe en 6h27&rsquo;38\u00a0\u00bb<\/p>\n\n\n\n<figure class=\"wp-block-gallery columns-3 is-cropped\"><ul data-carousel-extra='{\"blog_id\":1,\"permalink\":\"https:\\\/\\\/www.montceautriathlon.com\\\/blog\\\/2021\\\/08\\\/26\\\/half-ironman-70-3-de-vichy-ils-nont-pas-flechi\\\/\"}' class=\"blocks-gallery-grid\"><li class=\"blocks-gallery-item\"><figure><a href=\"http:\/\/montceautriathlon.com\/blog\/wp-content\/uploads\/2021\/08\/IMG-20210821-WA0015.jpg\"><img data-attachment-id=\"4384\" data-permalink=\"https:\/\/www.montceautriathlon.com\/blog\/img-20210821-wa0015\/\" data-orig-file=\"https:\/\/www.montceautriathlon.com\/blog\/wp-content\/uploads\/2021\/08\/IMG-20210821-WA0015.jpg\" data-orig-size=\"1500,2000\" data-comments-opened=\"1\" data-image-meta=\"{&quot;aperture&quot;:&quot;0&quot;,&quot;credit&quot;:&quot;&quot;,&quot;camera&quot;:&quot;&quot;,&quot;caption&quot;:&quot;&quot;,&quot;created_timestamp&quot;:&quot;0&quot;,&quot;copyright&quot;:&quot;&quot;,&quot;focal_length&quot;:&quot;0&quot;,&quot;iso&quot;:&quot;0&quot;,&quot;shutter_speed&quot;:&quot;0&quot;,&quot;title&quot;:&quot;&quot;,&quot;orientation&quot;:&quot;0&quot;}\" data-image-title=\"IMG-20210821-WA0015\" data-image-description=\"\" data-image-caption=\"\" data-medium-file=\"https:\/\/www.montceautriathlon.com\/blog\/wp-content\/uploads\/2021\/08\/IMG-20210821-WA0015-225x300.jpg\" data-large-file=\"https:\/\/www.montceautriathlon.com\/blog\/wp-content\/uploads\/2021\/08\/IMG-20210821-WA0015-768x1024.jpg\" loading=\"lazy\" width=\"768\" height=\"1024\" src=\"http:\/\/montceautriathlon.com\/blog\/wp-content\/uploads\/2021\/08\/IMG-20210821-WA0015-768x1024.jpg\" alt=\"\" data-id=\"4384\" data-full-url=\"http:\/\/montceautriathlon.com\/blog\/wp-content\/uploads\/2021\/08\/IMG-20210821-WA0015.jpg\" data-link=\"http:\/\/montceautriathlon.com\/blog\/img-20210821-wa0015\/\" class=\"wp-image-4384\" srcset=\"https:\/\/www.montceautriathlon.com\/blog\/wp-content\/uploads\/2021\/08\/IMG-20210821-WA0015-768x1024.jpg 768w, https:\/\/www.montceautriathlon.com\/blog\/wp-content\/uploads\/2021\/08\/IMG-20210821-WA0015-225x300.jpg 225w, https:\/\/www.montceautriathlon.com\/blog\/wp-content\/uploads\/2021\/08\/IMG-20210821-WA0015-1152x1536.jpg 1152w, https:\/\/www.montceautriathlon.com\/blog\/wp-content\/uploads\/2021\/08\/IMG-20210821-WA0015.jpg 1500w\" sizes=\"(max-width: 768px) 100vw, 768px\" \/><\/a><\/figure><\/li><li class=\"blocks-gallery-item\"><figure><a href=\"http:\/\/montceautriathlon.com\/blog\/wp-content\/uploads\/2021\/08\/IMG-20210821-WA0012.jpg\"><img data-attachment-id=\"4383\" data-permalink=\"https:\/\/www.montceautriathlon.com\/blog\/img-20210821-wa0012\/\" data-orig-file=\"https:\/\/www.montceautriathlon.com\/blog\/wp-content\/uploads\/2021\/08\/IMG-20210821-WA0012.jpg\" data-orig-size=\"1500,2000\" data-comments-opened=\"1\" data-image-meta=\"{&quot;aperture&quot;:&quot;0&quot;,&quot;credit&quot;:&quot;&quot;,&quot;camera&quot;:&quot;&quot;,&quot;caption&quot;:&quot;&quot;,&quot;created_timestamp&quot;:&quot;0&quot;,&quot;copyright&quot;:&quot;&quot;,&quot;focal_length&quot;:&quot;0&quot;,&quot;iso&quot;:&quot;0&quot;,&quot;shutter_speed&quot;:&quot;0&quot;,&quot;title&quot;:&quot;&quot;,&quot;orientation&quot;:&quot;0&quot;}\" data-image-title=\"IMG-20210821-WA0012\" data-image-description=\"\" data-image-caption=\"\" data-medium-file=\"https:\/\/www.montceautriathlon.com\/blog\/wp-content\/uploads\/2021\/08\/IMG-20210821-WA0012-225x300.jpg\" data-large-file=\"https:\/\/www.montceautriathlon.com\/blog\/wp-content\/uploads\/2021\/08\/IMG-20210821-WA0012-768x1024.jpg\" loading=\"lazy\" width=\"768\" height=\"1024\" src=\"http:\/\/montceautriathlon.com\/blog\/wp-content\/uploads\/2021\/08\/IMG-20210821-WA0012-768x1024.jpg\" alt=\"\" data-id=\"4383\" data-full-url=\"http:\/\/montceautriathlon.com\/blog\/wp-content\/uploads\/2021\/08\/IMG-20210821-WA0012.jpg\" data-link=\"http:\/\/montceautriathlon.com\/blog\/img-20210821-wa0012\/\" class=\"wp-image-4383\" srcset=\"https:\/\/www.montceautriathlon.com\/blog\/wp-content\/uploads\/2021\/08\/IMG-20210821-WA0012-768x1024.jpg 768w, https:\/\/www.montceautriathlon.com\/blog\/wp-content\/uploads\/2021\/08\/IMG-20210821-WA0012-225x300.jpg 225w, https:\/\/www.montceautriathlon.com\/blog\/wp-content\/uploads\/2021\/08\/IMG-20210821-WA0012-1152x1536.jpg 1152w, https:\/\/www.montceautriathlon.com\/blog\/wp-content\/uploads\/2021\/08\/IMG-20210821-WA0012.jpg 1500w\" sizes=\"(max-width: 768px) 100vw, 768px\" \/><\/a><\/figure><\/li><li class=\"blocks-gallery-item\"><figure><a href=\"http:\/\/montceautriathlon.com\/blog\/wp-content\/uploads\/2021\/08\/IMG-20210821-WA0010.jpg\"><img data-attachment-id=\"4381\" data-permalink=\"https:\/\/www.montceautriathlon.com\/blog\/img-20210821-wa0010\/\" data-orig-file=\"https:\/\/www.montceautriathlon.com\/blog\/wp-content\/uploads\/2021\/08\/IMG-20210821-WA0010.jpg\" data-orig-size=\"768,1024\" data-comments-opened=\"1\" data-image-meta=\"{&quot;aperture&quot;:&quot;0&quot;,&quot;credit&quot;:&quot;&quot;,&quot;camera&quot;:&quot;&quot;,&quot;caption&quot;:&quot;&quot;,&quot;created_timestamp&quot;:&quot;0&quot;,&quot;copyright&quot;:&quot;&quot;,&quot;focal_length&quot;:&quot;0&quot;,&quot;iso&quot;:&quot;0&quot;,&quot;shutter_speed&quot;:&quot;0&quot;,&quot;title&quot;:&quot;&quot;,&quot;orientation&quot;:&quot;0&quot;}\" data-image-title=\"IMG-20210821-WA0010\" data-image-description=\"\" data-image-caption=\"\" data-medium-file=\"https:\/\/www.montceautriathlon.com\/blog\/wp-content\/uploads\/2021\/08\/IMG-20210821-WA0010-225x300.jpg\" data-large-file=\"https:\/\/www.montceautriathlon.com\/blog\/wp-content\/uploads\/2021\/08\/IMG-20210821-WA0010.jpg\" loading=\"lazy\" width=\"768\" height=\"1024\" src=\"http:\/\/montceautriathlon.com\/blog\/wp-content\/uploads\/2021\/08\/IMG-20210821-WA0010.jpg\" alt=\"\" data-id=\"4381\" data-full-url=\"http:\/\/montceautriathlon.com\/blog\/wp-content\/uploads\/2021\/08\/IMG-20210821-WA0010.jpg\" data-link=\"http:\/\/montceautriathlon.com\/blog\/img-20210821-wa0010\/\" class=\"wp-image-4381\" srcset=\"https:\/\/www.montceautriathlon.com\/blog\/wp-content\/uploads\/2021\/08\/IMG-20210821-WA0010.jpg 768w, https:\/\/www.montceautriathlon.com\/blog\/wp-content\/uploads\/2021\/08\/IMG-20210821-WA0010-225x300.jpg 225w\" sizes=\"(max-width: 768px) 100vw, 768px\" \/><\/a><\/figure><\/li><li class=\"blocks-gallery-item\"><figure><a href=\"http:\/\/montceautriathlon.com\/blog\/wp-content\/uploads\/2021\/08\/IMG-20210821-WA0007.jpg\"><img data-attachment-id=\"4380\" data-permalink=\"https:\/\/www.montceautriathlon.com\/blog\/img-20210821-wa0007\/\" data-orig-file=\"https:\/\/www.montceautriathlon.com\/blog\/wp-content\/uploads\/2021\/08\/IMG-20210821-WA0007.jpg\" data-orig-size=\"1500,2000\" data-comments-opened=\"1\" data-image-meta=\"{&quot;aperture&quot;:&quot;0&quot;,&quot;credit&quot;:&quot;&quot;,&quot;camera&quot;:&quot;&quot;,&quot;caption&quot;:&quot;&quot;,&quot;created_timestamp&quot;:&quot;0&quot;,&quot;copyright&quot;:&quot;&quot;,&quot;focal_length&quot;:&quot;0&quot;,&quot;iso&quot;:&quot;0&quot;,&quot;shutter_speed&quot;:&quot;0&quot;,&quot;title&quot;:&quot;&quot;,&quot;orientation&quot;:&quot;0&quot;}\" data-image-title=\"IMG-20210821-WA0007\" data-image-description=\"\" data-image-caption=\"\" data-medium-file=\"https:\/\/www.montceautriathlon.com\/blog\/wp-content\/uploads\/2021\/08\/IMG-20210821-WA0007-225x300.jpg\" data-large-file=\"https:\/\/www.montceautriathlon.com\/blog\/wp-content\/uploads\/2021\/08\/IMG-20210821-WA0007-768x1024.jpg\" loading=\"lazy\" width=\"768\" height=\"1024\" src=\"http:\/\/montceautriathlon.com\/blog\/wp-content\/uploads\/2021\/08\/IMG-20210821-WA0007-768x1024.jpg\" alt=\"\" data-id=\"4380\" data-full-url=\"http:\/\/montceautriathlon.com\/blog\/wp-content\/uploads\/2021\/08\/IMG-20210821-WA0007.jpg\" data-link=\"http:\/\/montceautriathlon.com\/blog\/img-20210821-wa0007\/\" class=\"wp-image-4380\" srcset=\"https:\/\/www.montceautriathlon.com\/blog\/wp-content\/uploads\/2021\/08\/IMG-20210821-WA0007-768x1024.jpg 768w, https:\/\/www.montceautriathlon.com\/blog\/wp-content\/uploads\/2021\/08\/IMG-20210821-WA0007-225x300.jpg 225w, https:\/\/www.montceautriathlon.com\/blog\/wp-content\/uploads\/2021\/08\/IMG-20210821-WA0007-1152x1536.jpg 1152w, https:\/\/www.montceautriathlon.com\/blog\/wp-content\/uploads\/2021\/08\/IMG-20210821-WA0007.jpg 1500w\" sizes=\"(max-width: 768px) 100vw, 768px\" \/><\/a><\/figure><\/li><li class=\"blocks-gallery-item\"><figure><a href=\"http:\/\/montceautriathlon.com\/blog\/wp-content\/uploads\/2021\/08\/IMG-20210821-WA0006.jpg\"><img data-attachment-id=\"4379\" data-permalink=\"https:\/\/www.montceautriathlon.com\/blog\/img-20210821-wa0006\/\" data-orig-file=\"https:\/\/www.montceautriathlon.com\/blog\/wp-content\/uploads\/2021\/08\/IMG-20210821-WA0006.jpg\" data-orig-size=\"1500,2000\" data-comments-opened=\"1\" data-image-meta=\"{&quot;aperture&quot;:&quot;0&quot;,&quot;credit&quot;:&quot;&quot;,&quot;camera&quot;:&quot;&quot;,&quot;caption&quot;:&quot;&quot;,&quot;created_timestamp&quot;:&quot;0&quot;,&quot;copyright&quot;:&quot;&quot;,&quot;focal_length&quot;:&quot;0&quot;,&quot;iso&quot;:&quot;0&quot;,&quot;shutter_speed&quot;:&quot;0&quot;,&quot;title&quot;:&quot;&quot;,&quot;orientation&quot;:&quot;0&quot;}\" data-image-title=\"IMG-20210821-WA0006\" data-image-description=\"\" data-image-caption=\"\" data-medium-file=\"https:\/\/www.montceautriathlon.com\/blog\/wp-content\/uploads\/2021\/08\/IMG-20210821-WA0006-225x300.jpg\" data-large-file=\"https:\/\/www.montceautriathlon.com\/blog\/wp-content\/uploads\/2021\/08\/IMG-20210821-WA0006-768x1024.jpg\" loading=\"lazy\" width=\"768\" height=\"1024\" src=\"http:\/\/montceautriathlon.com\/blog\/wp-content\/uploads\/2021\/08\/IMG-20210821-WA0006-768x1024.jpg\" alt=\"\" data-id=\"4379\" data-full-url=\"http:\/\/montceautriathlon.com\/blog\/wp-content\/uploads\/2021\/08\/IMG-20210821-WA0006.jpg\" data-link=\"http:\/\/montceautriathlon.com\/blog\/img-20210821-wa0006\/\" class=\"wp-image-4379\" srcset=\"https:\/\/www.montceautriathlon.com\/blog\/wp-content\/uploads\/2021\/08\/IMG-20210821-WA0006-768x1024.jpg 768w, https:\/\/www.montceautriathlon.com\/blog\/wp-content\/uploads\/2021\/08\/IMG-20210821-WA0006-225x300.jpg 225w, https:\/\/www.montceautriathlon.com\/blog\/wp-content\/uploads\/2021\/08\/IMG-20210821-WA0006-1152x1536.jpg 1152w, https:\/\/www.montceautriathlon.com\/blog\/wp-content\/uploads\/2021\/08\/IMG-20210821-WA0006.jpg 1500w\" sizes=\"(max-width: 768px) 100vw, 768px\" \/><\/a><\/figure><\/li><li class=\"blocks-gallery-item\"><figure><a href=\"http:\/\/montceautriathlon.com\/blog\/wp-content\/uploads\/2021\/08\/IMG-20210821-WA0023.jpg\"><img data-attachment-id=\"4385\" data-permalink=\"https:\/\/www.montceautriathlon.com\/blog\/img-20210821-wa0023\/\" data-orig-file=\"https:\/\/www.montceautriathlon.com\/blog\/wp-content\/uploads\/2021\/08\/IMG-20210821-WA0023.jpg\" data-orig-size=\"1500,2000\" data-comments-opened=\"1\" data-image-meta=\"{&quot;aperture&quot;:&quot;0&quot;,&quot;credit&quot;:&quot;&quot;,&quot;camera&quot;:&quot;&quot;,&quot;caption&quot;:&quot;&quot;,&quot;created_timestamp&quot;:&quot;0&quot;,&quot;copyright&quot;:&quot;&quot;,&quot;focal_length&quot;:&quot;0&quot;,&quot;iso&quot;:&quot;0&quot;,&quot;shutter_speed&quot;:&quot;0&quot;,&quot;title&quot;:&quot;&quot;,&quot;orientation&quot;:&quot;0&quot;}\" data-image-title=\"IMG-20210821-WA0023\" data-image-description=\"\" data-image-caption=\"\" data-medium-file=\"https:\/\/www.montceautriathlon.com\/blog\/wp-content\/uploads\/2021\/08\/IMG-20210821-WA0023-225x300.jpg\" data-large-file=\"https:\/\/www.montceautriathlon.com\/blog\/wp-content\/uploads\/2021\/08\/IMG-20210821-WA0023-768x1024.jpg\" loading=\"lazy\" width=\"768\" height=\"1024\" src=\"http:\/\/montceautriathlon.com\/blog\/wp-content\/uploads\/2021\/08\/IMG-20210821-WA0023-768x1024.jpg\" alt=\"\" data-id=\"4385\" data-full-url=\"http:\/\/montceautriathlon.com\/blog\/wp-content\/uploads\/2021\/08\/IMG-20210821-WA0023.jpg\" data-link=\"http:\/\/montceautriathlon.com\/blog\/img-20210821-wa0023\/\" class=\"wp-image-4385\" srcset=\"https:\/\/www.montceautriathlon.com\/blog\/wp-content\/uploads\/2021\/08\/IMG-20210821-WA0023-768x1024.jpg 768w, https:\/\/www.montceautriathlon.com\/blog\/wp-content\/uploads\/2021\/08\/IMG-20210821-WA0023-225x300.jpg 225w, https:\/\/www.montceautriathlon.com\/blog\/wp-content\/uploads\/2021\/08\/IMG-20210821-WA0023-1152x1536.jpg 1152w, https:\/\/www.montceautriathlon.com\/blog\/wp-content\/uploads\/2021\/08\/IMG-20210821-WA0023.jpg 1500w\" sizes=\"(max-width: 768px) 100vw, 768px\" \/><\/a><\/figure><\/li><\/ul><\/figure>\n","protected":false},"excerpt":{"rendered":"<p>On ne les arr\u00eate plus ! Bravo \u00e0 Isabelle et Philippe ! La pastille a bien \u00e9t\u00e9 dig\u00e9r\u00e9e ! Malgr\u00e9 une chaleur estivale retrouv\u00e9e Ils n&rsquo;ont pas flanch\u00e9, pas fl\u00e9chi et pass\u00e9 la ligne d&rsquo;arriv\u00e9e avec le sourire ! Isabelle en 6h49&rsquo;16\u00a0\u00bb et Philippe en 6h27&rsquo;38\u00a0\u00bb<\/p>\n","protected":false},"author":5,"featured_media":4385,"comment_status":"open","ping_status":"open","sticky":false,"template":"","format":"standard","meta":{"spay_email":"","jetpack_publicize_message":"","jetpack_is_tweetstorm":false},"categories":[1],"tags":[],"jetpack_featured_media_url":"https:\/\/www.montceautriathlon.com\/blog\/wp-content\/uploads\/2021\/08\/IMG-20210821-WA0023.jpg","jetpack_publicize_connections":[],"jetpack_sharing_enabled":true,"jetpack_shortlink":"https:\/\/wp.me\/p8bwIy-18K","jetpack-related-posts":[{"id":3206,"url":"https:\/\/www.montceautriathlon.com\/blog\/2019\/09\/24\/21-09-19-triathlon-de-paladru-jamais-decus-encore-convaincus\/","url_meta":{"origin":4386,"position":0},"title":"21\/09\/ 19, Triathlon de Paladru : Jamais d\u00e9\u00e7us, encore convaincus !","date":"24 septembre 2019","format":false,"excerpt":"Paladru a encore convaincu ! Si certains ne comptent plus leur nombre de participation \u00e0 ce magnifique triathlon L par \u00e9quipe, les nouvelles recrues qui pour certains gouttaient \u00e0 leur premier longue distance, ne sont pas repartis d\u00e9\u00e7us. Joli parcours, lac avec une eau limpide, m\u00e9t\u00e9o nickel, convivialit\u00e9 et super\u2026","rel":"","context":"Dans &quot;Non class\u00e9&quot;","img":{"alt_text":"","src":"","width":0,"height":0},"classes":[]},{"id":4754,"url":"https:\/\/www.montceautriathlon.com\/blog\/2021\/11\/22\/des-cuisses-des-cotesde-beaune-et-du-beaujolais-il-ny-avait-pas-que-du-bike-run-ce-week-end\/","url_meta":{"origin":4386,"position":1},"title":"Des cuisses, des c\u00f4tes(de Beaune) et du beaujolais ! Il n&rsquo;y avait pas que du bike &#038; run ce week-end !","date":"22 novembre 2021","format":false,"excerpt":"Il n'y avait pas que du Bike &run \u00e0 Montcenis ce week-end, les licenci\u00e9s sont all\u00e9s tester le beaujolais nouveau, les c\u00f4tes de Beaune sur les semi marathons, ils ont couru de nuit \u00e0 Ecuisses le samedi soir et roul\u00e9 dans le brouillard dans la m\u00eame localit\u00e9 le dimanche matin.\u2026","rel":"","context":"Dans &quot;Non class\u00e9&quot;","img":{"alt_text":"","src":"https:\/\/i2.wp.com\/www.montceautriathlon.com\/blog\/wp-content\/uploads\/2021\/11\/IMG-20211121-WA0000.jpg?resize=350%2C200&ssl=1","width":350,"height":200},"classes":[]},{"id":5208,"url":"https:\/\/www.montceautriathlon.com\/blog\/2022\/09\/05\/triathlon-passy-mont-blanc-nos-licencies-ont-ils-atteint-des-sommets\/","url_meta":{"origin":4386,"position":2},"title":"triathlon Passy Mont-Blanc : Nos licenci\u00e9s ont-ils atteint des sommets ?","date":"5 septembre 2022","format":false,"excerpt":"Une d\u00e9l\u00e9gation montcellienne s'est d\u00e9plac\u00e9e le week end du 20 et 21 aout au pied du Mont Blanc pour le triathlon international Passy Mont Blanc.Le samedi, m\u00e8re et fils (Isabelle et Pierre\u00a0 Vaury) ont particip\u00e9 au triathlon M. Pierre boucle la distance (1.5km de natation dans le lac de Passy,\u2026","rel":"","context":"Dans &quot;Non class\u00e9&quot;","img":{"alt_text":"","src":"https:\/\/i0.wp.com\/www.montceautriathlon.com\/blog\/wp-content\/uploads\/2022\/09\/IMG-20220821-WA0017.jpg?resize=350%2C200&ssl=1","width":350,"height":200},"classes":[]},{"id":3895,"url":"https:\/\/www.montceautriathlon.com\/blog\/2020\/09\/30\/26-09-2020-cl-equipes-de-paladru-dru-dru-dru-but-not-dry\/","url_meta":{"origin":4386,"position":3},"title":"26\/09\/2020, CL\/\u00e9quipes de Paladru : dru dru dru, but not dry !","date":"30 septembre 2020","format":false,"excerpt":"Comme tous les ans, plusieurs \u00e9quipes du club sont all\u00e9es se d\u00e9fier en contre la montre sur le magnifique site du lac de Paladru.\u00a0 Un beau triathlon maintenu\u00a0 ! Des souvenirs plein la t\u00eate des \u00e9ditions pr\u00e9c\u00e9dentes. La f\u00eate devait \u00eatre belle ! Et de nouveaux beaux souvenirs \u00e0 la\u2026","rel":"","context":"Dans &quot;Non class\u00e9&quot;","img":{"alt_text":"","src":"https:\/\/i1.wp.com\/www.montceautriathlon.com\/blog\/wp-content\/uploads\/2020\/09\/IMG-20200926-WA0021.jpg?resize=350%2C200&ssl=1","width":350,"height":200},"classes":[]},{"id":3342,"url":"https:\/\/www.montceautriathlon.com\/blog\/2019\/11\/18\/au-menu-ce-week-end-une-escapade-charolaise-avec-une-cote-de-beaune\/","url_meta":{"origin":4386,"position":4},"title":"Au menu ce week-end : une escapade charolaise  avec une c\u00f4te de Beaune","date":"18 novembre 2019","format":false,"excerpt":"Samedi, c'\u00e9tait le semi-marathon de Beaune et huit licenci\u00e9s avaient d\u00e9cid\u00e9 de se m\u00ealer \u00e0 la foule. 2140 coureurs sur la ligne de d\u00e9part ! les r\u00e9sultats : Olivier Grivault\u00a0\u00a0\u00a0\u00a0 1h45'00\u00a0\u00a0\u00a0 545\u00e8me scratch Arnaud Rondier \u00a0\u00a0 1h45'02\u00a0\u00a0 546\u00e8me scratch Laurent Magnien\u00a0 1h45'02\u00a0\u00a0\u00a0 547\u00e8me scratch Bertrand De Sars\u00a0 1h51'28\u00a0\u00a0\u00a0 828\u00e8me scratch\u2026","rel":"","context":"Dans &quot;Non class\u00e9&quot;","img":{"alt_text":"","src":"","width":0,"height":0},"classes":[]},{"id":7138,"url":"https:\/\/www.montceautriathlon.com\/blog\/2024\/12\/01\/triathlon-de-paladru-21-septembre-2024\/","url_meta":{"origin":4386,"position":5},"title":"Triathlon de Paladru (21 septembre 2024)","date":"1 d\u00e9cembre 2024","format":false,"excerpt":"Deux \u00e9quipes de Montceay ont fait le d\u00e9placement \u00e0 Paladru pour le triathlon L par \u00e9quipes. La Belle et les b\u00eates ( Sandrine Marchand, Arnaud Rondier, Sammy Marc, Frederic Ghesquiere et Philippe Bongrand) termine en 5h33 (99e au scratch et 33e \u00e9quipe mixte) Les Piplettes du Montceau ( Sophie Boyer,\u2026","rel":"","context":"Dans &quot;Non class\u00e9&quot;","img":{"alt_text":"","src":"https:\/\/i1.wp.com\/www.montceautriathlon.com\/blog\/wp-content\/uploads\/2024\/12\/paladru-3.jpg?resize=350%2C200&ssl=1","width":350,"height":200},"classes":[]}],"_links":{"self":[{"href":"https:\/\/www.montceautriathlon.com\/blog\/wp-json\/wp\/v2\/posts\/4386"}],"collection":[{"href":"https:\/\/www.montceautriathlon.com\/blog\/wp-json\/wp\/v2\/posts"}],"about":[{"href":"https:\/\/www.montceautriathlon.com\/blog\/wp-json\/wp\/v2\/types\/post"}],"author":[{"embeddable":true,"href":"https:\/\/www.montceautriathlon.com\/blog\/wp-json\/wp\/v2\/users\/5"}],"replies":[{"embeddable":true,"href":"https:\/\/www.montceautriathlon.com\/blog\/wp-json\/wp\/v2\/comments?post=4386"}],"version-history":[{"count":1,"href":"https:\/\/www.montceautriathlon.com\/blog\/wp-json\/wp\/v2\/posts\/4386\/revisions"}],"predecessor-version":[{"id":4387,"href":"https:\/\/www.montceautriathlon.com\/blog\/wp-json\/wp\/v2\/posts\/4386\/revisions\/4387"}],"wp:featuredmedia":[{"embeddable":true,"href":"https:\/\/www.montceautriathlon.com\/blog\/wp-json\/wp\/v2\/media\/4385"}],"wp:attachment":[{"href":"https:\/\/www.montceautriathlon.com\/blog\/wp-json\/wp\/v2\/media?parent=4386"}],"wp:term":[{"taxonomy":"category","embeddable":true,"href":"https:\/\/www.montceautriathlon.com\/blog\/wp-json\/wp\/v2\/categories?post=4386"},{"taxonomy":"post_tag","embeddable":true,"href":"https:\/\/www.montceautriathlon.com\/blog\/wp-json\/wp\/v2\/tags?post=4386"}],"curies":[{"name":"wp","href":"https:\/\/api.w.org\/{rel}","templated":true}]}}