{"id":4345,"date":"2021-07-25T13:32:26","date_gmt":"2021-07-25T12:32:26","guid":{"rendered":"http:\/\/montceautriathlon.com\/blog\/?p=4345"},"modified":"2021-07-25T13:32:31","modified_gmt":"2021-07-25T12:32:31","slug":"altriman-des-pyrenees-marius-sest-vite-adapte-au-sud","status":"publish","type":"post","link":"https:\/\/www.montceautriathlon.com\/blog\/2021\/07\/25\/altriman-des-pyrenees-marius-sest-vite-adapte-au-sud\/","title":{"rendered":"Altriman des Pyr\u00e9n\u00e9es : Marius s&rsquo;est vite adapt\u00e9 au sud !"},"content":{"rendered":"\n<p>Marius Grivault s&rsquo;est illustr\u00e9 sur l&rsquo;\u00e9preuve S de l&rsquo;Altriman des Pyr\u00e9n\u00e9es aux Angles en terminant 15\u00e8me au scratch sur 208 engag\u00e9s et 3\u00e8me cadet. Une belle performance sachant que les 26 km \u00e0 v\u00e9lo affichaient un d\u00e9nivel\u00e9 + de300m en passant par le col de la Quillane  \u00e0 1716m d&rsquo;altitude avec 4km \u00e0 5% ce qui est peu courant pour cette distance. Le tout en 1h28&rsquo;59\u00a0\u00bb ! <em>( ne pas se fier au chrono de la photo !)<\/em><\/p>\n\n\n\n<p>Bravo \u00e0 toi Marius et belle continuation dans les Pyr\u00e9n\u00e9es !<\/p>\n\n\n\n<figure class=\"wp-block-gallery columns-1 is-cropped\"><ul data-carousel-extra='{\"blog_id\":1,\"permalink\":\"https:\\\/\\\/www.montceautriathlon.com\\\/blog\\\/2021\\\/07\\\/25\\\/altriman-des-pyrenees-marius-sest-vite-adapte-au-sud\\\/\"}' class=\"blocks-gallery-grid\"><li class=\"blocks-gallery-item\"><figure><a href=\"http:\/\/montceautriathlon.com\/blog\/wp-content\/uploads\/2021\/07\/altriman.jpg\"><img data-attachment-id=\"4348\" data-permalink=\"https:\/\/www.montceautriathlon.com\/blog\/2021\/07\/25\/altriman-des-pyrenees-marius-sest-vite-adapte-au-sud\/altriman\/\" data-orig-file=\"https:\/\/www.montceautriathlon.com\/blog\/wp-content\/uploads\/2021\/07\/altriman.jpg\" data-orig-size=\"768,1024\" data-comments-opened=\"1\" data-image-meta=\"{&quot;aperture&quot;:&quot;0&quot;,&quot;credit&quot;:&quot;&quot;,&quot;camera&quot;:&quot;&quot;,&quot;caption&quot;:&quot;&quot;,&quot;created_timestamp&quot;:&quot;0&quot;,&quot;copyright&quot;:&quot;&quot;,&quot;focal_length&quot;:&quot;0&quot;,&quot;iso&quot;:&quot;0&quot;,&quot;shutter_speed&quot;:&quot;0&quot;,&quot;title&quot;:&quot;&quot;,&quot;orientation&quot;:&quot;0&quot;}\" data-image-title=\"altriman\" data-image-description=\"\" data-image-caption=\"\" data-medium-file=\"https:\/\/www.montceautriathlon.com\/blog\/wp-content\/uploads\/2021\/07\/altriman-225x300.jpg\" data-large-file=\"https:\/\/www.montceautriathlon.com\/blog\/wp-content\/uploads\/2021\/07\/altriman.jpg\" loading=\"lazy\" width=\"768\" height=\"1024\" src=\"http:\/\/montceautriathlon.com\/blog\/wp-content\/uploads\/2021\/07\/altriman.jpg\" alt=\"\" data-id=\"4348\" data-full-url=\"http:\/\/montceautriathlon.com\/blog\/wp-content\/uploads\/2021\/07\/altriman.jpg\" data-link=\"http:\/\/montceautriathlon.com\/blog\/?attachment_id=4348\" class=\"wp-image-4348\" srcset=\"https:\/\/www.montceautriathlon.com\/blog\/wp-content\/uploads\/2021\/07\/altriman.jpg 768w, https:\/\/www.montceautriathlon.com\/blog\/wp-content\/uploads\/2021\/07\/altriman-225x300.jpg 225w\" sizes=\"(max-width: 768px) 100vw, 768px\" \/><\/a><\/figure><\/li><\/ul><\/figure>\n","protected":false},"excerpt":{"rendered":"<p>Marius Grivault s&rsquo;est illustr\u00e9 sur l&rsquo;\u00e9preuve S de l&rsquo;Altriman des Pyr\u00e9n\u00e9es aux Angles en terminant 15\u00e8me au scratch sur 208 engag\u00e9s et 3\u00e8me cadet. Une belle performance sachant que les 26 km \u00e0 v\u00e9lo affichaient un d\u00e9nivel\u00e9 + de300m en passant par le col de la Quillane \u00e0 1716m d&rsquo;altitude avec 4km \u00e0 5% ce [&hellip;]<\/p>\n","protected":false},"author":5,"featured_media":4348,"comment_status":"open","ping_status":"open","sticky":false,"template":"","format":"standard","meta":{"spay_email":"","jetpack_publicize_message":"","jetpack_is_tweetstorm":false},"categories":[1],"tags":[],"jetpack_featured_media_url":"https:\/\/www.montceautriathlon.com\/blog\/wp-content\/uploads\/2021\/07\/altriman.jpg","jetpack_publicize_connections":[],"jetpack_sharing_enabled":true,"jetpack_shortlink":"https:\/\/wp.me\/p8bwIy-185","jetpack-related-posts":[{"id":4556,"url":"https:\/\/www.montceautriathlon.com\/blog\/2021\/09\/26\/sur-tous-les-fronts-dans-les-episodes-precedents\/","url_meta":{"origin":4345,"position":0},"title":"Sur tous les fronts : dans les \u00e9pisodes pr\u00e9c\u00e9dents !","date":"26 septembre 2021","format":false,"excerpt":"Peut-\u00eatre n'avez vous pas suivi l'actualit\u00e9 de nos licenci\u00e9s engag\u00e9s sur les comp\u00e9titions du W-E dernier et de ce dernier samedi : petit patchwork de r\u00e9sultats et d'images ! Le triathlon de Seurre dimanche dernier s'est transform\u00e9 en duathlon et quelques jeunes \u00e9taient engag\u00e9s en J2; Belle performance d'Oscar Turpin\u2026","rel":"","context":"Dans &quot;Non class\u00e9&quot;","img":{"alt_text":"","src":"https:\/\/i0.wp.com\/www.montceautriathlon.com\/blog\/wp-content\/uploads\/2021\/09\/Marius.jpg?resize=350%2C200&ssl=1","width":350,"height":200},"classes":[]},{"id":2190,"url":"https:\/\/www.montceautriathlon.com\/blog\/2018\/09\/18\/a-seurreon-ne-bat-pas-le-beurre-mon-frere-on-gagne-bravo-marius\/","url_meta":{"origin":4345,"position":1},"title":"A Seurre,on ne bat pas le beurre  mon fr\u00e8re ! On gagne ! Bravo Marius !","date":"18 septembre 2018","format":false,"excerpt":"Belle prestation de notre \u00e9cole de triathlon \u00e0 Seurre ce week-end avec la victoire au scratch de Marius Grivault et les belles 6\u00e8me et 11\u00e8me place d'Antoine Ballet et Jules Gouraud. Le Papa du vainqueur des 12\/13ans, Olivier Grivault, a aussi effectu\u00e9 une belle course sur le CLM S en\u2026","rel":"","context":"Dans &quot;Non class\u00e9&quot;","img":{"alt_text":"","src":"https:\/\/i1.wp.com\/montceautriathlon.com\/blog\/wp-content\/uploads\/2018\/09\/Marius-Seurre-225x300.jpg?resize=350%2C200","width":350,"height":200},"classes":[]},{"id":2300,"url":"https:\/\/www.montceautriathlon.com\/blog\/2018\/10\/02\/cross-duathlon-de-chenove-30-09-18\/","url_meta":{"origin":4345,"position":2},"title":"CROSS DUATHLON de Chen\u00f4ve 30\/09\/18","date":"2 octobre 2018","format":false,"excerpt":"Deux beaux podiums pour l'\u00e9cole de triathlon. El\u00e9a B\u00e9rardan 1\u00e8re poussine et Marius Grivault, 2\u00e8me benjamin, tous les deux tr\u00e8s en forme en cette fin de saison ! Belle 4\u00e8me place aussi pour Antoine Ballet en benjamin. Seul triathl\u00e8te du club \u00e0 se pr\u00e9senter\u00a0 sur le S, Olivier Grivault\u00a0 termine\u2026","rel":"","context":"Dans &quot;Non class\u00e9&quot;","img":{"alt_text":"","src":"https:\/\/i2.wp.com\/montceautriathlon.com\/blog\/wp-content\/uploads\/2018\/10\/IMG_7781-225x300.jpg?resize=350%2C200","width":350,"height":200},"classes":[]},{"id":1927,"url":"https:\/\/www.montceautriathlon.com\/blog\/2018\/04\/30\/triathlon-metal-valley-montbard-29-04-2018\/","url_meta":{"origin":4345,"position":3},"title":"Triathlon M\u00e9tal Valley MONTBARD 29\/04\/2018","date":"30 avril 2018","format":false,"excerpt":"Une forte et jeune \u00e9quipe du club s'est d\u00e9plac\u00e9e ce week-end \u00e0 Montbard. Une belle colonie de benjamin(e)s et de pupilles avec pour certains leur premier vrai triathlon. De beaux r\u00e9sultats ! Mention sp\u00e9ciale \u00e0 Marius Grivault 3\u00e8me Benjamin sur le XS avec une belle 16\u00e8me place au scratch sur\u2026","rel":"","context":"Dans &quot;Non class\u00e9&quot;","img":{"alt_text":"","src":"","width":0,"height":0},"classes":[]},{"id":3783,"url":"https:\/\/www.montceautriathlon.com\/blog\/2020\/09\/09\/6-09-2020-triathlon-du-pilon-3-minimes-du-club-qualifies-aux-france\/","url_meta":{"origin":4345,"position":4},"title":"6\/09\/2020, triathlon du Pilon : 3 minimes du club qualifi\u00e9s aux France !","date":"9 septembre 2020","format":false,"excerpt":"Ce dimanche avaient lieu les \u00e9preuves s\u00e9lectives aux championnats de France jeunes de triathlon le 20 septembre prochain chez nous ! Nos jeunes \u00e9taient engag\u00e9s sur les formats XS et S des \u00e9preuves creusotines. F\u00e9licitations \u00e0 Marius Grivault, Antoine Ballet et Marine Da Eira qui se qualifient en minimes avec\u2026","rel":"","context":"Dans &quot;Non class\u00e9&quot;","img":{"alt_text":"","src":"https:\/\/i0.wp.com\/montceautriathlon.com\/blog\/wp-content\/uploads\/2020\/09\/Creusot-3-300x200.jpg?resize=350%2C200","width":350,"height":200},"classes":[]},{"id":2125,"url":"https:\/\/www.montceautriathlon.com\/blog\/2018\/09\/02\/petit-tour-dhorizon-de-ce-bel-ete\/","url_meta":{"origin":4345,"position":5},"title":"petit tour d&rsquo;horizon de ce bel \u00e9t\u00e9.","date":"2 septembre 2018","format":false,"excerpt":"De Verruyes \u00e0 Vouglan en passant par Thaon les Vosges, Nevers, le Levezou, Saint Bonnet de Tron\u00e7ais, Gray, Les Settons, Vichy ou G\u00e9rardmer ,les triathl\u00e8tes du club ont profit\u00e9 de ce bel \u00e9t\u00e9 pour se d\u00e9placer hors du d\u00e9partement et montrer les couleurs du club. formats S, XS, M ou\u2026","rel":"","context":"Dans &quot;Non class\u00e9&quot;","img":{"alt_text":"","src":"https:\/\/i2.wp.com\/montceautriathlon.com\/blog\/wp-content\/uploads\/2018\/09\/podium-Marion-300x300.jpg?resize=350%2C200","width":350,"height":200},"classes":[]}],"_links":{"self":[{"href":"https:\/\/www.montceautriathlon.com\/blog\/wp-json\/wp\/v2\/posts\/4345"}],"collection":[{"href":"https:\/\/www.montceautriathlon.com\/blog\/wp-json\/wp\/v2\/posts"}],"about":[{"href":"https:\/\/www.montceautriathlon.com\/blog\/wp-json\/wp\/v2\/types\/post"}],"author":[{"embeddable":true,"href":"https:\/\/www.montceautriathlon.com\/blog\/wp-json\/wp\/v2\/users\/5"}],"replies":[{"embeddable":true,"href":"https:\/\/www.montceautriathlon.com\/blog\/wp-json\/wp\/v2\/comments?post=4345"}],"version-history":[{"count":3,"href":"https:\/\/www.montceautriathlon.com\/blog\/wp-json\/wp\/v2\/posts\/4345\/revisions"}],"predecessor-version":[{"id":4349,"href":"https:\/\/www.montceautriathlon.com\/blog\/wp-json\/wp\/v2\/posts\/4345\/revisions\/4349"}],"wp:featuredmedia":[{"embeddable":true,"href":"https:\/\/www.montceautriathlon.com\/blog\/wp-json\/wp\/v2\/media\/4348"}],"wp:attachment":[{"href":"https:\/\/www.montceautriathlon.com\/blog\/wp-json\/wp\/v2\/media?parent=4345"}],"wp:term":[{"taxonomy":"category","embeddable":true,"href":"https:\/\/www.montceautriathlon.com\/blog\/wp-json\/wp\/v2\/categories?post=4345"},{"taxonomy":"post_tag","embeddable":true,"href":"https:\/\/www.montceautriathlon.com\/blog\/wp-json\/wp\/v2\/tags?post=4345"}],"curies":[{"name":"wp","href":"https:\/\/api.w.org\/{rel}","templated":true}]}}