{"id":4326,"date":"2021-07-19T21:07:46","date_gmt":"2021-07-19T20:07:46","guid":{"rendered":"http:\/\/montceautriathlon.com\/blog\/?p=4326"},"modified":"2021-07-19T21:42:57","modified_gmt":"2021-07-19T20:42:57","slug":"triathlon-de-gray-la-saone-na-pas-fait-dans-la-nuance","status":"publish","type":"post","link":"https:\/\/www.montceautriathlon.com\/blog\/2021\/07\/19\/triathlon-de-gray-la-saone-na-pas-fait-dans-la-nuance\/","title":{"rendered":"Triathlon de Gray : la Sa\u00f4ne n&rsquo;a pas fait dans la nuance."},"content":{"rendered":"\n<p>Elle montait, elle montait la Sa\u00f4ne et tout le monde esp\u00e9rait que ce triathlon tant attendu ne soit pas transform\u00e9 en duathlon. Que nenni ! Le Val de Gray transform\u00e9 en \u00cele de France et le pass sanitaire tant redout\u00e9 transform\u00e9 en pass navigo les pieds dans l&rsquo;eau ! Duathlon donc et parcours et distances modifi\u00e9s car routes inond\u00e9es. Tant d&rsquo;eau et la natation annul\u00e9e ! Laurent de Sousa sur le L, Claude Monnet et Aur\u00e9lien L&rsquo;olivier en relais sur cette m\u00eame distance, Pierre Bouillon sur le M ont donc quand m\u00eame d\u00e9cid\u00e9 de larguer les amarres dans cette cit\u00e9 de Haute Sa\u00f4ne et c&rsquo;est peu de le dire ! Belle performance de Laurent  sur le L en 4h 10&prime; 46&Prime;qui s&rsquo;est cru sur le lac de Tib\u00e9riade en finissant 27\u00e8me au scratch. Pierre sur le M loin d&rsquo;avoir bu le bouillon termine \u00e0 une belle 120\u00e8me place en 3h03&rsquo;11\u00a0\u00bb. Aur\u00e9lien et Claude montant m\u00eame sur la 3\u00e8me marche du podium en 4h41&rsquo;48&Prime;\u00a0\u00bb pour garder les pieds au sec.  F\u00e9licitations \u00e0 eux !<\/p>\n\n\n\n<p>tous les r\u00e9sultats : <a href=\"https:\/\/sportmaniacs.com\/fr\/services\/inscription\/tri-val-de-gray-2021\" data-type=\"URL\" data-id=\"https:\/\/sportmaniacs.com\/fr\/services\/inscription\/tri-val-de-gray-2021\" target=\"_blank\" rel=\"noreferrer noopener\">https:\/\/sportmaniacs.com\/fr\/services\/inscription\/tri-val-de-gray-2021<\/a><\/p>\n\n\n\n<figure class=\"wp-block-gallery columns-3 is-cropped\"><ul data-carousel-extra='{\"blog_id\":1,\"permalink\":\"https:\\\/\\\/www.montceautriathlon.com\\\/blog\\\/2021\\\/07\\\/19\\\/triathlon-de-gray-la-saone-na-pas-fait-dans-la-nuance\\\/\"}' class=\"blocks-gallery-grid\"><li class=\"blocks-gallery-item\"><figure><a href=\"http:\/\/montceautriathlon.com\/blog\/wp-content\/uploads\/2021\/07\/IMG-20210718-WA0006-1.jpg\"><img data-attachment-id=\"4333\" data-permalink=\"https:\/\/www.montceautriathlon.com\/blog\/2021\/07\/19\/triathlon-de-gray-la-saone-na-pas-fait-dans-la-nuance\/img-20210718-wa0006-1\/\" data-orig-file=\"https:\/\/www.montceautriathlon.com\/blog\/wp-content\/uploads\/2021\/07\/IMG-20210718-WA0006-1.jpg\" data-orig-size=\"1600,1598\" data-comments-opened=\"1\" data-image-meta=\"{&quot;aperture&quot;:&quot;0&quot;,&quot;credit&quot;:&quot;&quot;,&quot;camera&quot;:&quot;&quot;,&quot;caption&quot;:&quot;&quot;,&quot;created_timestamp&quot;:&quot;0&quot;,&quot;copyright&quot;:&quot;&quot;,&quot;focal_length&quot;:&quot;0&quot;,&quot;iso&quot;:&quot;0&quot;,&quot;shutter_speed&quot;:&quot;0&quot;,&quot;title&quot;:&quot;&quot;,&quot;orientation&quot;:&quot;0&quot;}\" data-image-title=\"IMG-20210718-WA0006-1\" data-image-description=\"\" data-image-caption=\"\" data-medium-file=\"https:\/\/www.montceautriathlon.com\/blog\/wp-content\/uploads\/2021\/07\/IMG-20210718-WA0006-1-300x300.jpg\" data-large-file=\"https:\/\/www.montceautriathlon.com\/blog\/wp-content\/uploads\/2021\/07\/IMG-20210718-WA0006-1-1024x1024.jpg\" loading=\"lazy\" width=\"1024\" height=\"1024\" src=\"http:\/\/montceautriathlon.com\/blog\/wp-content\/uploads\/2021\/07\/IMG-20210718-WA0006-1-1024x1024.jpg\" alt=\"\" data-id=\"4333\" data-full-url=\"http:\/\/montceautriathlon.com\/blog\/wp-content\/uploads\/2021\/07\/IMG-20210718-WA0006-1.jpg\" data-link=\"http:\/\/montceautriathlon.com\/blog\/?attachment_id=4333\" class=\"wp-image-4333\" srcset=\"https:\/\/www.montceautriathlon.com\/blog\/wp-content\/uploads\/2021\/07\/IMG-20210718-WA0006-1-1024x1024.jpg 1024w, https:\/\/www.montceautriathlon.com\/blog\/wp-content\/uploads\/2021\/07\/IMG-20210718-WA0006-1-300x300.jpg 300w, https:\/\/www.montceautriathlon.com\/blog\/wp-content\/uploads\/2021\/07\/IMG-20210718-WA0006-1-150x150.jpg 150w, https:\/\/www.montceautriathlon.com\/blog\/wp-content\/uploads\/2021\/07\/IMG-20210718-WA0006-1-768x767.jpg 768w, https:\/\/www.montceautriathlon.com\/blog\/wp-content\/uploads\/2021\/07\/IMG-20210718-WA0006-1-1536x1534.jpg 1536w, https:\/\/www.montceautriathlon.com\/blog\/wp-content\/uploads\/2021\/07\/IMG-20210718-WA0006-1.jpg 1600w\" sizes=\"(max-width: 1024px) 100vw, 1024px\" \/><\/a><\/figure><\/li><li class=\"blocks-gallery-item\"><figure><a href=\"http:\/\/montceautriathlon.com\/blog\/wp-content\/uploads\/2021\/07\/IMG-20210718-WA0008-1.jpg\"><img data-attachment-id=\"4334\" data-permalink=\"https:\/\/www.montceautriathlon.com\/blog\/2021\/07\/19\/triathlon-de-gray-la-saone-na-pas-fait-dans-la-nuance\/img-20210718-wa0008-1\/\" data-orig-file=\"https:\/\/www.montceautriathlon.com\/blog\/wp-content\/uploads\/2021\/07\/IMG-20210718-WA0008-1.jpg\" data-orig-size=\"1600,1600\" data-comments-opened=\"1\" data-image-meta=\"{&quot;aperture&quot;:&quot;0&quot;,&quot;credit&quot;:&quot;&quot;,&quot;camera&quot;:&quot;&quot;,&quot;caption&quot;:&quot;&quot;,&quot;created_timestamp&quot;:&quot;0&quot;,&quot;copyright&quot;:&quot;&quot;,&quot;focal_length&quot;:&quot;0&quot;,&quot;iso&quot;:&quot;0&quot;,&quot;shutter_speed&quot;:&quot;0&quot;,&quot;title&quot;:&quot;&quot;,&quot;orientation&quot;:&quot;0&quot;}\" data-image-title=\"IMG-20210718-WA0008-1\" data-image-description=\"\" data-image-caption=\"\" data-medium-file=\"https:\/\/www.montceautriathlon.com\/blog\/wp-content\/uploads\/2021\/07\/IMG-20210718-WA0008-1-300x300.jpg\" data-large-file=\"https:\/\/www.montceautriathlon.com\/blog\/wp-content\/uploads\/2021\/07\/IMG-20210718-WA0008-1-1024x1024.jpg\" loading=\"lazy\" width=\"1024\" height=\"1024\" src=\"http:\/\/montceautriathlon.com\/blog\/wp-content\/uploads\/2021\/07\/IMG-20210718-WA0008-1-1024x1024.jpg\" alt=\"\" data-id=\"4334\" data-full-url=\"http:\/\/montceautriathlon.com\/blog\/wp-content\/uploads\/2021\/07\/IMG-20210718-WA0008-1.jpg\" data-link=\"http:\/\/montceautriathlon.com\/blog\/?attachment_id=4334\" class=\"wp-image-4334\" srcset=\"https:\/\/www.montceautriathlon.com\/blog\/wp-content\/uploads\/2021\/07\/IMG-20210718-WA0008-1-1024x1024.jpg 1024w, https:\/\/www.montceautriathlon.com\/blog\/wp-content\/uploads\/2021\/07\/IMG-20210718-WA0008-1-300x300.jpg 300w, https:\/\/www.montceautriathlon.com\/blog\/wp-content\/uploads\/2021\/07\/IMG-20210718-WA0008-1-150x150.jpg 150w, https:\/\/www.montceautriathlon.com\/blog\/wp-content\/uploads\/2021\/07\/IMG-20210718-WA0008-1-768x768.jpg 768w, https:\/\/www.montceautriathlon.com\/blog\/wp-content\/uploads\/2021\/07\/IMG-20210718-WA0008-1-1536x1536.jpg 1536w, https:\/\/www.montceautriathlon.com\/blog\/wp-content\/uploads\/2021\/07\/IMG-20210718-WA0008-1.jpg 1600w\" sizes=\"(max-width: 1024px) 100vw, 1024px\" \/><\/a><\/figure><\/li><li class=\"blocks-gallery-item\"><figure><a href=\"http:\/\/montceautriathlon.com\/blog\/wp-content\/uploads\/2021\/07\/IMG-20210718-WA0009-1.jpg\"><img data-attachment-id=\"4335\" data-permalink=\"https:\/\/www.montceautriathlon.com\/blog\/2021\/07\/19\/triathlon-de-gray-la-saone-na-pas-fait-dans-la-nuance\/img-20210718-wa0009-1\/\" data-orig-file=\"https:\/\/www.montceautriathlon.com\/blog\/wp-content\/uploads\/2021\/07\/IMG-20210718-WA0009-1.jpg\" data-orig-size=\"1600,1246\" data-comments-opened=\"1\" data-image-meta=\"{&quot;aperture&quot;:&quot;0&quot;,&quot;credit&quot;:&quot;&quot;,&quot;camera&quot;:&quot;&quot;,&quot;caption&quot;:&quot;&quot;,&quot;created_timestamp&quot;:&quot;0&quot;,&quot;copyright&quot;:&quot;&quot;,&quot;focal_length&quot;:&quot;0&quot;,&quot;iso&quot;:&quot;0&quot;,&quot;shutter_speed&quot;:&quot;0&quot;,&quot;title&quot;:&quot;&quot;,&quot;orientation&quot;:&quot;0&quot;}\" data-image-title=\"IMG-20210718-WA0009-1\" data-image-description=\"\" data-image-caption=\"\" data-medium-file=\"https:\/\/www.montceautriathlon.com\/blog\/wp-content\/uploads\/2021\/07\/IMG-20210718-WA0009-1-300x234.jpg\" data-large-file=\"https:\/\/www.montceautriathlon.com\/blog\/wp-content\/uploads\/2021\/07\/IMG-20210718-WA0009-1-1024x797.jpg\" loading=\"lazy\" width=\"1024\" height=\"797\" src=\"http:\/\/montceautriathlon.com\/blog\/wp-content\/uploads\/2021\/07\/IMG-20210718-WA0009-1-1024x797.jpg\" alt=\"\" data-id=\"4335\" data-full-url=\"http:\/\/montceautriathlon.com\/blog\/wp-content\/uploads\/2021\/07\/IMG-20210718-WA0009-1.jpg\" data-link=\"http:\/\/montceautriathlon.com\/blog\/?attachment_id=4335\" class=\"wp-image-4335\" srcset=\"https:\/\/www.montceautriathlon.com\/blog\/wp-content\/uploads\/2021\/07\/IMG-20210718-WA0009-1-1024x797.jpg 1024w, https:\/\/www.montceautriathlon.com\/blog\/wp-content\/uploads\/2021\/07\/IMG-20210718-WA0009-1-300x234.jpg 300w, https:\/\/www.montceautriathlon.com\/blog\/wp-content\/uploads\/2021\/07\/IMG-20210718-WA0009-1-768x598.jpg 768w, https:\/\/www.montceautriathlon.com\/blog\/wp-content\/uploads\/2021\/07\/IMG-20210718-WA0009-1-1536x1196.jpg 1536w, https:\/\/www.montceautriathlon.com\/blog\/wp-content\/uploads\/2021\/07\/IMG-20210718-WA0009-1.jpg 1600w\" sizes=\"(max-width: 1024px) 100vw, 1024px\" \/><\/a><\/figure><\/li><li class=\"blocks-gallery-item\"><figure><a href=\"http:\/\/montceautriathlon.com\/blog\/wp-content\/uploads\/2021\/07\/IMG-20210718-WA0010-1.jpg\"><img data-attachment-id=\"4336\" data-permalink=\"https:\/\/www.montceautriathlon.com\/blog\/2021\/07\/19\/triathlon-de-gray-la-saone-na-pas-fait-dans-la-nuance\/img-20210718-wa0010-1\/\" data-orig-file=\"https:\/\/www.montceautriathlon.com\/blog\/wp-content\/uploads\/2021\/07\/IMG-20210718-WA0010-1.jpg\" data-orig-size=\"1600,1600\" data-comments-opened=\"1\" data-image-meta=\"{&quot;aperture&quot;:&quot;0&quot;,&quot;credit&quot;:&quot;&quot;,&quot;camera&quot;:&quot;&quot;,&quot;caption&quot;:&quot;&quot;,&quot;created_timestamp&quot;:&quot;0&quot;,&quot;copyright&quot;:&quot;&quot;,&quot;focal_length&quot;:&quot;0&quot;,&quot;iso&quot;:&quot;0&quot;,&quot;shutter_speed&quot;:&quot;0&quot;,&quot;title&quot;:&quot;&quot;,&quot;orientation&quot;:&quot;0&quot;}\" data-image-title=\"IMG-20210718-WA0010-1\" data-image-description=\"\" data-image-caption=\"\" data-medium-file=\"https:\/\/www.montceautriathlon.com\/blog\/wp-content\/uploads\/2021\/07\/IMG-20210718-WA0010-1-300x300.jpg\" data-large-file=\"https:\/\/www.montceautriathlon.com\/blog\/wp-content\/uploads\/2021\/07\/IMG-20210718-WA0010-1-1024x1024.jpg\" loading=\"lazy\" width=\"1024\" height=\"1024\" src=\"http:\/\/montceautriathlon.com\/blog\/wp-content\/uploads\/2021\/07\/IMG-20210718-WA0010-1-1024x1024.jpg\" alt=\"\" data-id=\"4336\" data-full-url=\"http:\/\/montceautriathlon.com\/blog\/wp-content\/uploads\/2021\/07\/IMG-20210718-WA0010-1.jpg\" data-link=\"http:\/\/montceautriathlon.com\/blog\/?attachment_id=4336\" class=\"wp-image-4336\" srcset=\"https:\/\/www.montceautriathlon.com\/blog\/wp-content\/uploads\/2021\/07\/IMG-20210718-WA0010-1-1024x1024.jpg 1024w, https:\/\/www.montceautriathlon.com\/blog\/wp-content\/uploads\/2021\/07\/IMG-20210718-WA0010-1-300x300.jpg 300w, https:\/\/www.montceautriathlon.com\/blog\/wp-content\/uploads\/2021\/07\/IMG-20210718-WA0010-1-150x150.jpg 150w, https:\/\/www.montceautriathlon.com\/blog\/wp-content\/uploads\/2021\/07\/IMG-20210718-WA0010-1-768x768.jpg 768w, https:\/\/www.montceautriathlon.com\/blog\/wp-content\/uploads\/2021\/07\/IMG-20210718-WA0010-1-1536x1536.jpg 1536w, https:\/\/www.montceautriathlon.com\/blog\/wp-content\/uploads\/2021\/07\/IMG-20210718-WA0010-1.jpg 1600w\" sizes=\"(max-width: 1024px) 100vw, 1024px\" \/><\/a><\/figure><\/li><\/ul><\/figure>\n","protected":false},"excerpt":{"rendered":"<p>Elle montait, elle montait la Sa\u00f4ne et tout le monde esp\u00e9rait que ce triathlon tant attendu ne soit pas transform\u00e9 en duathlon. Que nenni ! Le Val de Gray transform\u00e9 en \u00cele de France et le pass sanitaire tant redout\u00e9 transform\u00e9 en pass navigo les pieds dans l&rsquo;eau ! Duathlon donc et parcours et distances [&hellip;]<\/p>\n","protected":false},"author":5,"featured_media":4329,"comment_status":"open","ping_status":"open","sticky":false,"template":"","format":"standard","meta":{"spay_email":"","jetpack_publicize_message":"","jetpack_is_tweetstorm":false},"categories":[1],"tags":[],"jetpack_featured_media_url":"https:\/\/www.montceautriathlon.com\/blog\/wp-content\/uploads\/2021\/07\/IMG-20210718-WA0007.jpg","jetpack_publicize_connections":[],"jetpack_sharing_enabled":true,"jetpack_shortlink":"https:\/\/wp.me\/p8bwIy-17M","jetpack-related-posts":[{"id":4556,"url":"https:\/\/www.montceautriathlon.com\/blog\/2021\/09\/26\/sur-tous-les-fronts-dans-les-episodes-precedents\/","url_meta":{"origin":4326,"position":0},"title":"Sur tous les fronts : dans les \u00e9pisodes pr\u00e9c\u00e9dents !","date":"26 septembre 2021","format":false,"excerpt":"Peut-\u00eatre n'avez vous pas suivi l'actualit\u00e9 de nos licenci\u00e9s engag\u00e9s sur les comp\u00e9titions du W-E dernier et de ce dernier samedi : petit patchwork de r\u00e9sultats et d'images ! Le triathlon de Seurre dimanche dernier s'est transform\u00e9 en duathlon et quelques jeunes \u00e9taient engag\u00e9s en J2; Belle performance d'Oscar Turpin\u2026","rel":"","context":"Dans &quot;Non class\u00e9&quot;","img":{"alt_text":"","src":"https:\/\/i0.wp.com\/www.montceautriathlon.com\/blog\/wp-content\/uploads\/2021\/09\/Marius.jpg?resize=350%2C200&ssl=1","width":350,"height":200},"classes":[]},{"id":4300,"url":"https:\/\/www.montceautriathlon.com\/blog\/2021\/07\/05\/montceau-triathlon-sur-tous-les-fronts\/","url_meta":{"origin":4326,"position":1},"title":"Montceau Triathlon sur tous les fronts !","date":"5 juillet 2021","format":false,"excerpt":"Ce week-end du 4 juillet, les couleurs du club auront brill\u00e9 de Xonrupt, \u00e0 M\u00e2con en passant par Gu\u00e9ret et les Sable d'Olonne. Des jeunes, des relais, du half Iron man, de l'Xterra, du swimrun, du duathlon, du CLM par \u00e9quipe. Toute la diversit\u00e9 des disciplines encha\u00een\u00e9es port\u00e9e par nos\u2026","rel":"","context":"Dans &quot;Non class\u00e9&quot;","img":{"alt_text":"","src":"https:\/\/i2.wp.com\/www.montceautriathlon.com\/blog\/wp-content\/uploads\/2021\/07\/IMG-20210703-WA0010.jpg?resize=350%2C200&ssl=1","width":350,"height":200},"classes":[]},{"id":304,"url":"https:\/\/www.montceautriathlon.com\/blog\/2016\/04\/27\/championnat-de-france-duathlon-jeunes-2016-10-avril-2016\/","url_meta":{"origin":4326,"position":2},"title":"Championnat de France Duathlon Jeunes 2016 (10 avril 2016)","date":"27 avril 2016","format":false,"excerpt":"2 athl\u00e8tes f\u00e9minines ont \u00e9t\u00e9 s\u00e9lectionn\u00e9es \u00e0 Chalon sur Sa\u00f4ne pour participer au championnat de France de Duathlon jeune \u00e0 Albertville. N'ayant pas \u00e9t\u00e9 au mieux de sa forme, la cadette Ludivine LEQUIN\u00a0 a termin\u00e9 \u00e0 la 71\u00e8me place. Quant \u00e0 Maryl\u00e8ne LEQUIN, qui participait dans la cat\u00e9gorie junior, elle\u2026","rel":"","context":"Dans &quot;Non class\u00e9&quot;","img":{"alt_text":"","src":"","width":0,"height":0},"classes":[]},{"id":5317,"url":"https:\/\/www.montceautriathlon.com\/blog\/2022\/10\/04\/florilege-de-competitions-depuis-septembre-le-club-visible-un-peu-partout-et-deja-a-hawai\/","url_meta":{"origin":4326,"position":3},"title":"floril\u00e8ge de comp\u00e9titions depuis septembre : le club visible un peu partout et d\u00e9j\u00e0 \u00e0 Hawa\u00ef !","date":"4 octobre 2022","format":false,"excerpt":"Depuis le d\u00e9but de l'automne, les triathl\u00e8tes montcelliens se sont retrouv\u00e9s sur diff\u00e9rentes \u00e9preuves. le 11 septembre, Claude Monnet a rejoint Olivier Grivaut sur le triathlon 99.9 de Leucate pr\u00e8s de Narbonne et monte sur la 3\u00e8me marche du podium masters ! Le 17 septembre, Fabienne et Eric Vaudelin s'alignent\u2026","rel":"","context":"Dans &quot;Non class\u00e9&quot;","img":{"alt_text":"","src":"https:\/\/i0.wp.com\/www.montceautriathlon.com\/blog\/wp-content\/uploads\/2022\/10\/IMG-20221004-WA0002.jpg?resize=350%2C200&ssl=1","width":350,"height":200},"classes":[]},{"id":3271,"url":"https:\/\/www.montceautriathlon.com\/blog\/2019\/10\/18\/coupe-de-france-a-montlucon-le-club-bien-represente\/","url_meta":{"origin":4326,"position":4},"title":"Coupe de France \u00e0 Montlu\u00e7on : le club bien repr\u00e9sent\u00e9","date":"18 octobre 2019","format":false,"excerpt":"La Coupe de France, on connait bien, grosse organisation et manifestation la plus importante de la f\u00e9d\u00e9ration qui marque la fin de la saison. La belle r\u00e9ussite de cette \u00e9preuve \u00e0 Montceau l'ann\u00e9e derni\u00e8re explique certainement le nombre d'\u00e9quipes engag\u00e9es sur le triathlon cette ann\u00e9e. Ce sont donc 5 \u00e9quipes\u2026","rel":"","context":"Dans &quot;Non class\u00e9&quot;","img":{"alt_text":"","src":"https:\/\/i2.wp.com\/montceautriathlon.com\/blog\/wp-content\/uploads\/2019\/10\/montlu\u00c3\u00a7on-1-300x231.jpg?resize=350%2C200","width":350,"height":200},"classes":[]},{"id":5410,"url":"https:\/\/www.montceautriathlon.com\/blog\/2022\/10\/27\/au-meeting-du-comite-departemental-de-triathlon-au-creusot-trois-equipes-du-club-ont-participe-championnat-departemental-de-triathlon-aristide-jeanne-et-titouan-champions-de-saone-et-loire\/","url_meta":{"origin":4326,"position":5},"title":"Au meeting du Comit\u00e9 D\u00e9partemental de Triathlon au Creusot : Trois \u00e9quipes du club ont particip\u00e9. Championnat D\u00e9partemental de Triathlon :   Aristide, Jeanne et Titouan  champions de Sa\u00f4ne et Loire !","date":"27 octobre 2022","format":false,"excerpt":"Ce dimanche 23 octobre, c'\u00e9tait la deuxi\u00e8me \u00e9dition de ce meeting apr\u00e8s Montceau l'an pass\u00e9. Le club du Creusot en charge de cette rencontre a parfaitement r\u00e9ussi cette journ\u00e9e conviviale,interg\u00e9n\u00e9rationnelle, dans la bonne humeur avec la participation de l'ensemble des clubs du d\u00e9partement. Les 27 licenci\u00e9s montcelliens , jeunes, moins\u2026","rel":"","context":"Dans &quot;Non class\u00e9&quot;","img":{"alt_text":"","src":"https:\/\/i2.wp.com\/www.montceautriathlon.com\/blog\/wp-content\/uploads\/2022\/10\/IMG-20221027-WA0003.jpg?resize=350%2C200&ssl=1","width":350,"height":200},"classes":[]}],"_links":{"self":[{"href":"https:\/\/www.montceautriathlon.com\/blog\/wp-json\/wp\/v2\/posts\/4326"}],"collection":[{"href":"https:\/\/www.montceautriathlon.com\/blog\/wp-json\/wp\/v2\/posts"}],"about":[{"href":"https:\/\/www.montceautriathlon.com\/blog\/wp-json\/wp\/v2\/types\/post"}],"author":[{"embeddable":true,"href":"https:\/\/www.montceautriathlon.com\/blog\/wp-json\/wp\/v2\/users\/5"}],"replies":[{"embeddable":true,"href":"https:\/\/www.montceautriathlon.com\/blog\/wp-json\/wp\/v2\/comments?post=4326"}],"version-history":[{"count":6,"href":"https:\/\/www.montceautriathlon.com\/blog\/wp-json\/wp\/v2\/posts\/4326\/revisions"}],"predecessor-version":[{"id":4341,"href":"https:\/\/www.montceautriathlon.com\/blog\/wp-json\/wp\/v2\/posts\/4326\/revisions\/4341"}],"wp:featuredmedia":[{"embeddable":true,"href":"https:\/\/www.montceautriathlon.com\/blog\/wp-json\/wp\/v2\/media\/4329"}],"wp:attachment":[{"href":"https:\/\/www.montceautriathlon.com\/blog\/wp-json\/wp\/v2\/media?parent=4326"}],"wp:term":[{"taxonomy":"category","embeddable":true,"href":"https:\/\/www.montceautriathlon.com\/blog\/wp-json\/wp\/v2\/categories?post=4326"},{"taxonomy":"post_tag","embeddable":true,"href":"https:\/\/www.montceautriathlon.com\/blog\/wp-json\/wp\/v2\/tags?post=4326"}],"curies":[{"name":"wp","href":"https:\/\/api.w.org\/{rel}","templated":true}]}}