{"id":4320,"date":"2021-07-18T20:03:35","date_gmt":"2021-07-18T19:03:35","guid":{"rendered":"http:\/\/montceautriathlon.com\/blog\/?p=4320"},"modified":"2021-07-18T20:03:37","modified_gmt":"2021-07-18T19:03:37","slug":"dole-le-triathlon-des-idoles","status":"publish","type":"post","link":"https:\/\/www.montceautriathlon.com\/blog\/2021\/07\/18\/dole-le-triathlon-des-idoles\/","title":{"rendered":"Dole : le triathlon des idoles ?"},"content":{"rendered":"\n<p>Le dimanche 11 juillet, les familles Renard p\u00e8re et fils et Rousseau\/Da Eira m\u00e8re et filles se sont retrouv\u00e9es sur le triathlon de Dole.Malgr\u00e9 une natation tr\u00e8s fra\u00eeche (- de 18\u00b0), le v\u00e9lo et la cap se sont d\u00e9roul\u00e9s sous un beau soleil.\u00a0<\/p>\n\n\n\n<p>leurs r\u00e9sultats : <a rel=\"noreferrer noopener\" href=\"http:\/\/www.yaka-events.com\/YAKA-CHRONO\/RESULTATS\" target=\"_blank\">http:\/\/www.yaka-events.com\/YAKA-CHRONO\/RESULTATS<\/a>\u00a0<\/p>\n\n\n\n<figure class=\"wp-block-gallery columns-2 is-cropped\"><ul data-carousel-extra='{\"blog_id\":1,\"permalink\":\"https:\\\/\\\/www.montceautriathlon.com\\\/blog\\\/2021\\\/07\\\/18\\\/dole-le-triathlon-des-idoles\\\/\"}' class=\"blocks-gallery-grid\"><li class=\"blocks-gallery-item\"><figure><a href=\"http:\/\/montceautriathlon.com\/blog\/wp-content\/uploads\/2021\/07\/IMG_27581-1.jpg\"><img data-attachment-id=\"4323\" data-permalink=\"https:\/\/www.montceautriathlon.com\/blog\/2021\/07\/18\/dole-le-triathlon-des-idoles\/img_27581-1\/\" data-orig-file=\"https:\/\/www.montceautriathlon.com\/blog\/wp-content\/uploads\/2021\/07\/IMG_27581-1.jpg\" data-orig-size=\"1200,1600\" data-comments-opened=\"1\" data-image-meta=\"{&quot;aperture&quot;:&quot;0&quot;,&quot;credit&quot;:&quot;&quot;,&quot;camera&quot;:&quot;&quot;,&quot;caption&quot;:&quot;&quot;,&quot;created_timestamp&quot;:&quot;0&quot;,&quot;copyright&quot;:&quot;&quot;,&quot;focal_length&quot;:&quot;0&quot;,&quot;iso&quot;:&quot;0&quot;,&quot;shutter_speed&quot;:&quot;0&quot;,&quot;title&quot;:&quot;&quot;,&quot;orientation&quot;:&quot;0&quot;}\" data-image-title=\"IMG_27581-1\" data-image-description=\"\" data-image-caption=\"\" data-medium-file=\"https:\/\/www.montceautriathlon.com\/blog\/wp-content\/uploads\/2021\/07\/IMG_27581-1-225x300.jpg\" data-large-file=\"https:\/\/www.montceautriathlon.com\/blog\/wp-content\/uploads\/2021\/07\/IMG_27581-1-768x1024.jpg\" loading=\"lazy\" width=\"768\" height=\"1024\" src=\"http:\/\/montceautriathlon.com\/blog\/wp-content\/uploads\/2021\/07\/IMG_27581-1-768x1024.jpg\" alt=\"\" data-id=\"4323\" data-full-url=\"http:\/\/montceautriathlon.com\/blog\/wp-content\/uploads\/2021\/07\/IMG_27581-1.jpg\" data-link=\"http:\/\/montceautriathlon.com\/blog\/?attachment_id=4323\" class=\"wp-image-4323\" srcset=\"https:\/\/www.montceautriathlon.com\/blog\/wp-content\/uploads\/2021\/07\/IMG_27581-1-768x1024.jpg 768w, https:\/\/www.montceautriathlon.com\/blog\/wp-content\/uploads\/2021\/07\/IMG_27581-1-225x300.jpg 225w, https:\/\/www.montceautriathlon.com\/blog\/wp-content\/uploads\/2021\/07\/IMG_27581-1-1152x1536.jpg 1152w, https:\/\/www.montceautriathlon.com\/blog\/wp-content\/uploads\/2021\/07\/IMG_27581-1.jpg 1200w\" sizes=\"(max-width: 768px) 100vw, 768px\" \/><\/a><\/figure><\/li><li class=\"blocks-gallery-item\"><figure><a href=\"http:\/\/montceautriathlon.com\/blog\/wp-content\/uploads\/2021\/07\/IMG_28231.jpg\"><img data-attachment-id=\"4324\" data-permalink=\"https:\/\/www.montceautriathlon.com\/blog\/2021\/07\/18\/dole-le-triathlon-des-idoles\/img_28231\/\" data-orig-file=\"https:\/\/www.montceautriathlon.com\/blog\/wp-content\/uploads\/2021\/07\/IMG_28231.jpg\" data-orig-size=\"1200,1600\" data-comments-opened=\"1\" data-image-meta=\"{&quot;aperture&quot;:&quot;0&quot;,&quot;credit&quot;:&quot;&quot;,&quot;camera&quot;:&quot;&quot;,&quot;caption&quot;:&quot;&quot;,&quot;created_timestamp&quot;:&quot;0&quot;,&quot;copyright&quot;:&quot;&quot;,&quot;focal_length&quot;:&quot;0&quot;,&quot;iso&quot;:&quot;0&quot;,&quot;shutter_speed&quot;:&quot;0&quot;,&quot;title&quot;:&quot;&quot;,&quot;orientation&quot;:&quot;0&quot;}\" data-image-title=\"IMG_28231\" data-image-description=\"\" data-image-caption=\"\" data-medium-file=\"https:\/\/www.montceautriathlon.com\/blog\/wp-content\/uploads\/2021\/07\/IMG_28231-225x300.jpg\" data-large-file=\"https:\/\/www.montceautriathlon.com\/blog\/wp-content\/uploads\/2021\/07\/IMG_28231-768x1024.jpg\" loading=\"lazy\" width=\"768\" height=\"1024\" src=\"http:\/\/montceautriathlon.com\/blog\/wp-content\/uploads\/2021\/07\/IMG_28231-768x1024.jpg\" alt=\"\" data-id=\"4324\" data-full-url=\"http:\/\/montceautriathlon.com\/blog\/wp-content\/uploads\/2021\/07\/IMG_28231.jpg\" data-link=\"http:\/\/montceautriathlon.com\/blog\/?attachment_id=4324\" class=\"wp-image-4324\" srcset=\"https:\/\/www.montceautriathlon.com\/blog\/wp-content\/uploads\/2021\/07\/IMG_28231-768x1024.jpg 768w, https:\/\/www.montceautriathlon.com\/blog\/wp-content\/uploads\/2021\/07\/IMG_28231-225x300.jpg 225w, https:\/\/www.montceautriathlon.com\/blog\/wp-content\/uploads\/2021\/07\/IMG_28231-1152x1536.jpg 1152w, https:\/\/www.montceautriathlon.com\/blog\/wp-content\/uploads\/2021\/07\/IMG_28231.jpg 1200w\" sizes=\"(max-width: 768px) 100vw, 768px\" \/><\/a><\/figure><\/li><\/ul><\/figure>\n","protected":false},"excerpt":{"rendered":"<p>Le dimanche 11 juillet, les familles Renard p\u00e8re et fils et Rousseau\/Da Eira m\u00e8re et filles se sont retrouv\u00e9es sur le triathlon de Dole.Malgr\u00e9 une natation tr\u00e8s fra\u00eeche (- de 18\u00b0), le v\u00e9lo et la cap se sont d\u00e9roul\u00e9s sous un beau soleil.\u00a0 leurs r\u00e9sultats : http:\/\/www.yaka-events.com\/YAKA-CHRONO\/RESULTATS\u00a0<\/p>\n","protected":false},"author":5,"featured_media":4321,"comment_status":"open","ping_status":"open","sticky":false,"template":"","format":"standard","meta":{"spay_email":"","jetpack_publicize_message":"","jetpack_is_tweetstorm":false},"categories":[1],"tags":[],"jetpack_featured_media_url":"https:\/\/www.montceautriathlon.com\/blog\/wp-content\/uploads\/2021\/07\/IMG_27641_2.jpg","jetpack_publicize_connections":[],"jetpack_sharing_enabled":true,"jetpack_shortlink":"https:\/\/wp.me\/p8bwIy-17G","jetpack-related-posts":[{"id":658,"url":"https:\/\/www.montceautriathlon.com\/blog\/2016\/06\/14\/resultats-du-triathlon-dautun-12-juin-2016\/","url_meta":{"origin":4320,"position":0},"title":"R\u00e9sultats du triathlon d&rsquo;Autun (12 juin 2016)","date":"14 juin 2016","format":false,"excerpt":"Malgr\u00e9 une m\u00e9t\u00e9o capricieuse, nos triathl\u00e8tes sont venus en nombre et se sont brillamment illustr\u00e9s. A cette occasion, le triathlon d'Autun \u00e9tait support des championnats de notre ligue de triathlon, ce qui a permis \u00e0 Ludivine (Cadette) et Maryl\u00e8ne (Juinor F) de s'emparer chacune, du titre de championne de Bourgogne\u2026","rel":"","context":"Dans &quot;Non class\u00e9&quot;","img":{"alt_text":"","src":"","width":0,"height":0},"classes":[]},{"id":3119,"url":"https:\/\/www.montceautriathlon.com\/blog\/2019\/09\/05\/retour-sur-le-triathlon-passy-triathlon-des-inconnus\/","url_meta":{"origin":4320,"position":1},"title":"Retour sur le triathlon Passy : Triathlon des Inconnus ?","date":"5 septembre 2019","format":false,"excerpt":"Triathlon Passy Mont Blanc : \"C'est pas du g\u00e2teau ! tel est notre ghetto !\" Mais non ! Ce ne sont pas des Inconnus mais bien Sandrine, Tom, Fred, Ir\u00e8ne, Jean Jacques, Micka\u00ebl et Catherine qui se sont align\u00e9s sur les diff\u00e9rentes distances de ce magnifique triathlon. 1er L pour\u2026","rel":"","context":"Dans &quot;Non class\u00e9&quot;","img":{"alt_text":"","src":"https:\/\/i1.wp.com\/montceautriathlon.com\/blog\/wp-content\/uploads\/2019\/09\/IMG-20190824-WA00021-1-300x225.jpg?resize=350%2C200","width":350,"height":200},"classes":[]},{"id":5056,"url":"https:\/\/www.montceautriathlon.com\/blog\/2022\/05\/24\/22-et-23-mai-2022-aix-en-provence-saulxures-sur-moselotte-le-creusot-vitry-en-charolais-cruzilles-montceau-triathlon-sur-tous-les-fronts\/","url_meta":{"origin":4320,"position":2},"title":"22 et 23 mai 2022 : Aix en Provence, Saulxures sur Moselotte, Le Creusot, Vitry en Charolais, Cruzilles, Montceau Triathlon sur tous les fronts !","date":"24 mai 2022","format":false,"excerpt":"Engag\u00e9s sur tous les fronts, nos triathl\u00e8tes ont fait briller les couleurs du club en pensant fort \u00e0 Patrick. Nos cinq iron-men sont tous finishers ! les halfers tous finishers aussi. Mention particuli\u00e8re aux deux Laurent qui terminent presque main dans la main avec une remarquable performance en 10h40 d\u00e9crochant\u2026","rel":"","context":"Dans &quot;Non class\u00e9&quot;","img":{"alt_text":"","src":"https:\/\/i0.wp.com\/www.montceautriathlon.com\/blog\/wp-content\/uploads\/2022\/05\/IMG-20220523-WA0002.jpg?resize=350%2C200&ssl=1","width":350,"height":200},"classes":[]},{"id":2954,"url":"https:\/\/www.montceautriathlon.com\/blog\/2019\/06\/18\/16-juin-2019-triathlon-de-cublize-une-competition-exquise\/","url_meta":{"origin":4320,"position":3},"title":"16 juin 2019, triathlon de Cublize : une comp\u00e9tition exquise !","date":"18 juin 2019","format":false,"excerpt":"Le triathlon de Cublize ou triathlon du Lac des sapins a une nouvelle fois attir\u00e9 les foules dans ce magnifique site du Beaujolais vert : un beau lac \u00e0 l'eau toujours aussi fra\u00eeche, un parcours v\u00e9lo de 50km exigeant et splendide et une course \u00e0 pieds version trail dans les\u2026","rel":"","context":"Dans &quot;Non class\u00e9&quot;","img":{"alt_text":"","src":"https:\/\/i1.wp.com\/www.montceautriathlon.com\/blog\/wp-content\/uploads\/2019\/06\/Cublize.jpg?resize=350%2C200&ssl=1","width":350,"height":200},"classes":[]},{"id":736,"url":"https:\/\/www.montceautriathlon.com\/blog\/2016\/07\/05\/resultats-du-1ier-triathlon-de-langres-03-juillet-2016\/","url_meta":{"origin":4320,"position":4},"title":"R\u00e9sultats du 1ier Triathlon de Langres (03 juillet 2016)","date":"5 juillet 2016","format":false,"excerpt":"C'\u00e9tait la 1ere \u00e9dition pour ce triathlon nature de Langres, avec un beau soleil et une belle ambiance ... Le club de Montceau Triathlon \u00e9tait au rendez-vous sur le M avec Nadine DORME et Sandrine GHESQUIERE en individuel et en relais pour Ir\u00e8ne VULIN et Jean Jacques BOULAY (malheureusement abandon\u2026","rel":"","context":"Dans &quot;slide show&quot;","img":{"alt_text":"","src":"https:\/\/i2.wp.com\/www.montceautriathlon.com\/blog\/wp-content\/uploads\/2016\/07\/triathlon-langres.jpg?resize=350%2C200&ssl=1","width":350,"height":200},"classes":[]},{"id":5953,"url":"https:\/\/www.montceautriathlon.com\/blog\/2023\/06\/07\/triathlon-de-troyes\/","url_meta":{"origin":4320,"position":5},"title":"Triathlon de Troyes","date":"7 juin 2023","format":false,"excerpt":"Ce week end,\u00a0 les montcelliens se sont d\u00e9plac\u00e9s \u00e0 Troyes pour le triathlon des lacs format L. Ils ont d\u00fb faire face \u00e0 un triathlon sous le soleil et avec du vent en v\u00e9lo.Les r\u00e9sultats : Marc Sammy en 5h37 ( 243e au scratch et 135e MH) \/ Sandrine Ghesqui\u00e8re\u2026","rel":"","context":"Dans &quot;Non class\u00e9&quot;","img":{"alt_text":"","src":"https:\/\/i2.wp.com\/www.montceautriathlon.com\/blog\/wp-content\/uploads\/2023\/06\/image_6483441-12-1.jpg?resize=350%2C200&ssl=1","width":350,"height":200},"classes":[]}],"_links":{"self":[{"href":"https:\/\/www.montceautriathlon.com\/blog\/wp-json\/wp\/v2\/posts\/4320"}],"collection":[{"href":"https:\/\/www.montceautriathlon.com\/blog\/wp-json\/wp\/v2\/posts"}],"about":[{"href":"https:\/\/www.montceautriathlon.com\/blog\/wp-json\/wp\/v2\/types\/post"}],"author":[{"embeddable":true,"href":"https:\/\/www.montceautriathlon.com\/blog\/wp-json\/wp\/v2\/users\/5"}],"replies":[{"embeddable":true,"href":"https:\/\/www.montceautriathlon.com\/blog\/wp-json\/wp\/v2\/comments?post=4320"}],"version-history":[{"count":1,"href":"https:\/\/www.montceautriathlon.com\/blog\/wp-json\/wp\/v2\/posts\/4320\/revisions"}],"predecessor-version":[{"id":4325,"href":"https:\/\/www.montceautriathlon.com\/blog\/wp-json\/wp\/v2\/posts\/4320\/revisions\/4325"}],"wp:featuredmedia":[{"embeddable":true,"href":"https:\/\/www.montceautriathlon.com\/blog\/wp-json\/wp\/v2\/media\/4321"}],"wp:attachment":[{"href":"https:\/\/www.montceautriathlon.com\/blog\/wp-json\/wp\/v2\/media?parent=4320"}],"wp:term":[{"taxonomy":"category","embeddable":true,"href":"https:\/\/www.montceautriathlon.com\/blog\/wp-json\/wp\/v2\/categories?post=4320"},{"taxonomy":"post_tag","embeddable":true,"href":"https:\/\/www.montceautriathlon.com\/blog\/wp-json\/wp\/v2\/tags?post=4320"}],"curies":[{"name":"wp","href":"https:\/\/api.w.org\/{rel}","templated":true}]}}