{"id":4318,"date":"2021-07-18T19:52:49","date_gmt":"2021-07-18T18:52:49","guid":{"rendered":"http:\/\/montceautriathlon.com\/blog\/?p=4318"},"modified":"2021-07-18T19:52:54","modified_gmt":"2021-07-18T18:52:54","slug":"triathlon-de-macon-galerie-de-photos","status":"publish","type":"post","link":"https:\/\/www.montceautriathlon.com\/blog\/2021\/07\/18\/triathlon-de-macon-galerie-de-photos\/","title":{"rendered":"Triathlon de M\u00e2con : galerie de photos"},"content":{"rendered":"\n<p>les photos de Christelle !     <a rel=\"noreferrer noopener\" href=\"https:\/\/photos.app.goo.gl\/49rNXgarnFVGimbn7\" target=\"_blank\">https:\/\/photos.app.goo.gl\/49rNXgarnFVGimbn7<\/a><\/p>\n\n\n\n<p><\/p>\n\n\n\n<p><\/p>\n","protected":false},"excerpt":{"rendered":"<p>les photos de Christelle ! https:\/\/photos.app.goo.gl\/49rNXgarnFVGimbn7<\/p>\n","protected":false},"author":5,"featured_media":0,"comment_status":"open","ping_status":"open","sticky":false,"template":"","format":"standard","meta":{"spay_email":"","jetpack_publicize_message":"","jetpack_is_tweetstorm":false},"categories":[1],"tags":[],"jetpack_featured_media_url":"","jetpack_publicize_connections":[],"jetpack_sharing_enabled":true,"jetpack_shortlink":"https:\/\/wp.me\/p8bwIy-17E","jetpack-related-posts":[{"id":4654,"url":"https:\/\/www.montceautriathlon.com\/blog\/2021\/10\/25\/meeting-du-comite-departemental-une-idee-vraiment-sympa\/","url_meta":{"origin":4318,"position":0},"title":"meeting du Comit\u00e9 D\u00e9partemental : une id\u00e9e vraiment sympa !","date":"25 octobre 2021","format":false,"excerpt":"Ce dimanche , sur la piste et \u00e0 la piscine, les clubs de triathlon du d\u00e9partement se sont rencontr\u00e9s sur un format de course original et tr\u00e8s convivial. Et c'est avec plaisir que le club de triathlon de Montceau a accueilli et organis\u00e9 avec le Comit\u00e9 cette \u00e9preuve pas comme\u2026","rel":"","context":"Dans &quot;Non class\u00e9&quot;","img":{"alt_text":"","src":"https:\/\/i1.wp.com\/www.montceautriathlon.com\/blog\/wp-content\/uploads\/2021\/10\/meet-7.jpg?resize=350%2C200&ssl=1","width":350,"height":200},"classes":[]},{"id":2621,"url":"https:\/\/www.montceautriathlon.com\/blog\/2019\/02\/23\/tests-class-triathlon-a-montceau-ce-17-fevrier-des-jeunes-vraiment-pas-a-louest\/","url_meta":{"origin":4318,"position":1},"title":"Tests Class Triathlon \u00e0 Montceau ce 17 f\u00e9vrier : des jeunes vraiment pas \u00e0 l&rsquo;Ouest !","date":"23 f\u00e9vrier 2019","format":false,"excerpt":"\u00a0 Trente jeunes des clubs de M\u00e2con, Autun, Bourbon et Montceau (Tom, Th\u00e9o, Nicolas, Marine, Marius, Jeanne, Hugo, Antonin, Neige, Camille, No\u00e9mie, Robin, Zo\u00e9) ont pass\u00e9 les tests du Classtriathlon ce dimanche 17 f\u00e9vrier sous un beau soleil et dans le calme de la piscine qui leur \u00e9tait enti\u00e8rement d\u00e9di\u00e9e.\u2026","rel":"","context":"Dans &quot;Non class\u00e9&quot;","img":{"alt_text":"","src":"https:\/\/i2.wp.com\/montceautriathlon.com\/blog\/wp-content\/uploads\/2019\/02\/classtri-nata-2-300x200.jpg?resize=350%2C200","width":350,"height":200},"classes":[]},{"id":8692,"url":"https:\/\/www.montceautriathlon.com\/blog\/2026\/03\/18\/les-class-triathlon-interclubs\/","url_meta":{"origin":4318,"position":2},"title":"Les class triathlon interclubs","date":"18 mars 2026","format":false,"excerpt":"Le dimanche 1r mars, Montceau triathlon et le Comit\u00e9 d\u00e9partemental de triathlon organisait \u00e0 Montceau les class triathlon interclubs. Les jeunes des clubs de Macon, Bourbon Lancy, Chalon sur Saone, Louhans, Autun, Beaune et Montceau sont venus pour faire leurs meilleurs temps en course \u00e0 pieds et en natation. F\u00e9licitations\u2026","rel":"","context":"Dans &quot;Non class\u00e9&quot;","img":{"alt_text":"","src":"https:\/\/i2.wp.com\/www.montceautriathlon.com\/blog\/wp-content\/uploads\/2026\/03\/643581209_18334296373301262_5429731650827311407_n.jpg?resize=350%2C200&ssl=1","width":350,"height":200},"classes":[]},{"id":5159,"url":"https:\/\/www.montceautriathlon.com\/blog\/2022\/07\/06\/triathlon-du-maconnais-au-lac-de-st-point-les-feminines-a-lhonneur\/","url_meta":{"origin":4318,"position":3},"title":"Triathlon du M\u00e2connais au lac de St Point : Les f\u00e9minines \u00e0 l&rsquo;honneur !","date":"6 juillet 2022","format":false,"excerpt":"Le club de M\u00e2con organisait son triathlon au lac de St Point , mais point de \"r\u00eavasserie\" ce dimanche. Le club s'est d\u00e9plac\u00e9 en nombre chez nos amis m\u00e2connais. Beaucoup de f\u00e9minines, de poussines \u00e0 v\u00e9t\u00e9ranes, ont particip\u00e9 et montr\u00e9 les couleurs du club avec de nombreux podiums. Le club\u2026","rel":"","context":"Dans &quot;Non class\u00e9&quot;","img":{"alt_text":"","src":"https:\/\/i2.wp.com\/www.montceautriathlon.com\/blog\/wp-content\/uploads\/2022\/07\/IMG_6408.jpg?resize=350%2C200&ssl=1","width":350,"height":200},"classes":[]},{"id":5245,"url":"https:\/\/www.montceautriathlon.com\/blog\/2022\/09\/17\/triathlon-dauxonne-vous-reprendrez-bien-un-petit-triathlon-avant-lautomne\/","url_meta":{"origin":4318,"position":4},"title":"triathlon d&rsquo;Auxonne : vous reprendrez bien un petit triathlon avant l&rsquo;automne ?","date":"17 septembre 2022","format":false,"excerpt":"Le club encore bien repr\u00e9sent\u00e9 sur les diff\u00e9rentes \u00e9preuves , des plus jeunes aux v\u00e9t\u00e9ran(e)s et quelques podiums avec l'inamovible Berteline en J1 qui s'adjuge la course et les relais mixtes et f\u00e9minins \u00e9galement sur la plus haute marche. De belles prestations chez les plus jeunes avec une belle course\u2026","rel":"","context":"Dans &quot;Non class\u00e9&quot;","img":{"alt_text":"","src":"https:\/\/i1.wp.com\/www.montceautriathlon.com\/blog\/wp-content\/uploads\/2022\/09\/auxonne-1.jpg?resize=350%2C200&ssl=1","width":350,"height":200},"classes":[]},{"id":4839,"url":"https:\/\/www.montceautriathlon.com\/blog\/2022\/02\/08\/class-triathlon-a-montceau-la-classe\/","url_meta":{"origin":4318,"position":5},"title":"Class Triathlon \u00e0 Montceau : la classe !","date":"8 f\u00e9vrier 2022","format":false,"excerpt":"Ce dimanche 6 f\u00e9vrier, le club avait invit\u00e9 ses homologues du d\u00e9partement \u00e0 venir tester ses benjamin(e)s, minime()s, cadet(te)s et junior(e)s sur la piste le matin et \u00e0 la piscine l'apr\u00e8s-midi. Les clubs de Bourbon, Autun, Chalon et M\u00e2con sont donc venus se mesurer aux jeunes montcelliens et v\u00e9rifier avec\u2026","rel":"","context":"Dans &quot;Non class\u00e9&quot;","img":{"alt_text":"","src":"https:\/\/i0.wp.com\/www.montceautriathlon.com\/blog\/wp-content\/uploads\/2022\/02\/78F8B5EE-C417-4E6D-A52F-E1D0C5BF82BB.jpg?resize=350%2C200&ssl=1","width":350,"height":200},"classes":[]}],"_links":{"self":[{"href":"https:\/\/www.montceautriathlon.com\/blog\/wp-json\/wp\/v2\/posts\/4318"}],"collection":[{"href":"https:\/\/www.montceautriathlon.com\/blog\/wp-json\/wp\/v2\/posts"}],"about":[{"href":"https:\/\/www.montceautriathlon.com\/blog\/wp-json\/wp\/v2\/types\/post"}],"author":[{"embeddable":true,"href":"https:\/\/www.montceautriathlon.com\/blog\/wp-json\/wp\/v2\/users\/5"}],"replies":[{"embeddable":true,"href":"https:\/\/www.montceautriathlon.com\/blog\/wp-json\/wp\/v2\/comments?post=4318"}],"version-history":[{"count":1,"href":"https:\/\/www.montceautriathlon.com\/blog\/wp-json\/wp\/v2\/posts\/4318\/revisions"}],"predecessor-version":[{"id":4319,"href":"https:\/\/www.montceautriathlon.com\/blog\/wp-json\/wp\/v2\/posts\/4318\/revisions\/4319"}],"wp:attachment":[{"href":"https:\/\/www.montceautriathlon.com\/blog\/wp-json\/wp\/v2\/media?parent=4318"}],"wp:term":[{"taxonomy":"category","embeddable":true,"href":"https:\/\/www.montceautriathlon.com\/blog\/wp-json\/wp\/v2\/categories?post=4318"},{"taxonomy":"post_tag","embeddable":true,"href":"https:\/\/www.montceautriathlon.com\/blog\/wp-json\/wp\/v2\/tags?post=4318"}],"curies":[{"name":"wp","href":"https:\/\/api.w.org\/{rel}","templated":true}]}}