{"id":4143,"date":"2021-06-03T08:54:43","date_gmt":"2021-06-03T07:54:43","guid":{"rendered":"http:\/\/montceautriathlon.com\/blog\/?p=4143"},"modified":"2021-06-03T08:54:49","modified_gmt":"2021-06-03T07:54:49","slug":"fouthiaux-plouf-premiere","status":"publish","type":"post","link":"https:\/\/www.montceautriathlon.com\/blog\/2021\/06\/03\/fouthiaux-plouf-premiere\/","title":{"rendered":"Fouthiaux plouf ! Premi\u00e8re !"},"content":{"rendered":"\n<p>Ce dimanche matin, en accord avec le club de Thalassa comme tous les ans, le club pouvait enfin renouer avec la natation en eau libre. Un parfum d&rsquo;excitation pour cette premi\u00e8re sortie de l&rsquo;ann\u00e9e alors que les entra\u00eenements \u00e0 la piscine n&rsquo;ont pas encore repris pour les adultes.<\/p>\n\n\n\n<figure class=\"wp-block-image size-large\"><a href=\"http:\/\/montceautriathlon.com\/blog\/wp-content\/uploads\/2021\/06\/IMG-20210530-WA0000.jpg\"><img data-attachment-id=\"4144\" data-permalink=\"https:\/\/www.montceautriathlon.com\/blog\/2021\/06\/03\/fouthiaux-plouf-premiere\/img-20210530-wa0000\/\" data-orig-file=\"https:\/\/www.montceautriathlon.com\/blog\/wp-content\/uploads\/2021\/06\/IMG-20210530-WA0000.jpg\" data-orig-size=\"1600,1200\" data-comments-opened=\"1\" data-image-meta=\"{&quot;aperture&quot;:&quot;0&quot;,&quot;credit&quot;:&quot;&quot;,&quot;camera&quot;:&quot;&quot;,&quot;caption&quot;:&quot;&quot;,&quot;created_timestamp&quot;:&quot;0&quot;,&quot;copyright&quot;:&quot;&quot;,&quot;focal_length&quot;:&quot;0&quot;,&quot;iso&quot;:&quot;0&quot;,&quot;shutter_speed&quot;:&quot;0&quot;,&quot;title&quot;:&quot;&quot;,&quot;orientation&quot;:&quot;0&quot;}\" data-image-title=\"IMG-20210530-WA0000\" data-image-description=\"\" data-image-caption=\"\" data-medium-file=\"https:\/\/www.montceautriathlon.com\/blog\/wp-content\/uploads\/2021\/06\/IMG-20210530-WA0000-300x225.jpg\" data-large-file=\"https:\/\/www.montceautriathlon.com\/blog\/wp-content\/uploads\/2021\/06\/IMG-20210530-WA0000-1024x768.jpg\" loading=\"lazy\" width=\"1024\" height=\"768\" src=\"http:\/\/montceautriathlon.com\/blog\/wp-content\/uploads\/2021\/06\/IMG-20210530-WA0000-1024x768.jpg\" alt=\"\" class=\"wp-image-4144\" srcset=\"https:\/\/www.montceautriathlon.com\/blog\/wp-content\/uploads\/2021\/06\/IMG-20210530-WA0000-1024x768.jpg 1024w, https:\/\/www.montceautriathlon.com\/blog\/wp-content\/uploads\/2021\/06\/IMG-20210530-WA0000-300x225.jpg 300w, https:\/\/www.montceautriathlon.com\/blog\/wp-content\/uploads\/2021\/06\/IMG-20210530-WA0000-768x576.jpg 768w, https:\/\/www.montceautriathlon.com\/blog\/wp-content\/uploads\/2021\/06\/IMG-20210530-WA0000-1536x1152.jpg 1536w, https:\/\/www.montceautriathlon.com\/blog\/wp-content\/uploads\/2021\/06\/IMG-20210530-WA0000.jpg 1600w\" sizes=\"(max-width: 1024px) 100vw, 1024px\" \/><\/a><\/figure>\n\n\n\n<p>Bon, ils n&rsquo;\u00e9taient pas nombreux \u00e0 venir braver les eaux encore fra\u00eeches (17\u00b0) du lac, mais ce ne f\u00fbt que du bonheur d&rsquo;enfiler \u00e0 nouveau la combinaison n\u00e9opr\u00e8ne et de retrouver des sensations que nous croyions oubli\u00e9es !<\/p>\n\n\n\n<p>Vivement dimanche prochain(avec quelques degr\u00e9s en plus !), Chalain c&rsquo;est dans 10 jours, notre aquathlon \u00e0 la fin du mois, les comp\u00e9titions reprennent, le triathlon reprend des couleurs !<\/p>\n","protected":false},"excerpt":{"rendered":"<p>Ce dimanche matin, en accord avec le club de Thalassa comme tous les ans, le club pouvait enfin renouer avec la natation en eau libre. Un parfum d&rsquo;excitation pour cette premi\u00e8re sortie de l&rsquo;ann\u00e9e alors que les entra\u00eenements \u00e0 la piscine n&rsquo;ont pas encore repris pour les adultes. Bon, ils n&rsquo;\u00e9taient pas nombreux \u00e0 venir [&hellip;]<\/p>\n","protected":false},"author":5,"featured_media":4144,"comment_status":"open","ping_status":"open","sticky":false,"template":"","format":"standard","meta":{"spay_email":"","jetpack_publicize_message":"","jetpack_is_tweetstorm":false},"categories":[1],"tags":[],"jetpack_featured_media_url":"https:\/\/www.montceautriathlon.com\/blog\/wp-content\/uploads\/2021\/06\/IMG-20210530-WA0000.jpg","jetpack_publicize_connections":[],"jetpack_sharing_enabled":true,"jetpack_shortlink":"https:\/\/wp.me\/p8bwIy-14P","jetpack-related-posts":[{"id":5123,"url":"https:\/\/www.montceautriathlon.com\/blog\/2022\/06\/15\/journee-famille-une-premiere-reussie\/","url_meta":{"origin":4143,"position":0},"title":"Journ\u00e9e famille : une premi\u00e8re r\u00e9ussie !","date":"15 juin 2022","format":false,"excerpt":"Ce dimanche 12 juin, le club a organis\u00e9 une journ\u00e9e d\u00e9tente pour l'\u00e9cole de triathlon en conviant les jeunes et leurs parents \u00e0 partager ensemble et avec les \u00e9ducateurs du club un bon moment de convivialit\u00e9. C'est donc sous un beau soleil qu'une trentaine de jeunes du club ont ralli\u00e9\u2026","rel":"","context":"Dans &quot;Non class\u00e9&quot;","img":{"alt_text":"","src":"https:\/\/i1.wp.com\/www.montceautriathlon.com\/blog\/wp-content\/uploads\/2022\/06\/IMG_20220612_144011-scaled.jpg?resize=350%2C200&ssl=1","width":350,"height":200},"classes":[]},{"id":1840,"url":"https:\/\/www.montceautriathlon.com\/blog\/2018\/03\/26\/bike-run-de-vauzelles-25-03-2018\/","url_meta":{"origin":4143,"position":1},"title":"Bike &#038; Run de Vauzelles 25\/03\/2018","date":"26 mars 2018","format":false,"excerpt":"D\u00e9placement pr\u00e8s de Nevers ce dimanche 25 mars pour trois duos du club qui affichent leurs pr\u00e9tentions dans les diff\u00e9rents classements propos\u00e9s. 75 \u00e9quipes class\u00e9es sur un parcours de 13km. Les Touristes Montceliennes auront ram\u00e9 dur en ce jour des rameaux pour finir \u00e0 la premi\u00e8re place des v\u00e9t\u00e9ranes. Elles\u2026","rel":"","context":"Dans &quot;Non class\u00e9&quot;","img":{"alt_text":"","src":"","width":0,"height":0},"classes":[]},{"id":4300,"url":"https:\/\/www.montceautriathlon.com\/blog\/2021\/07\/05\/montceau-triathlon-sur-tous-les-fronts\/","url_meta":{"origin":4143,"position":2},"title":"Montceau Triathlon sur tous les fronts !","date":"5 juillet 2021","format":false,"excerpt":"Ce week-end du 4 juillet, les couleurs du club auront brill\u00e9 de Xonrupt, \u00e0 M\u00e2con en passant par Gu\u00e9ret et les Sable d'Olonne. Des jeunes, des relais, du half Iron man, de l'Xterra, du swimrun, du duathlon, du CLM par \u00e9quipe. Toute la diversit\u00e9 des disciplines encha\u00een\u00e9es port\u00e9e par nos\u2026","rel":"","context":"Dans &quot;Non class\u00e9&quot;","img":{"alt_text":"","src":"https:\/\/i2.wp.com\/www.montceautriathlon.com\/blog\/wp-content\/uploads\/2021\/07\/IMG-20210703-WA0010.jpg?resize=350%2C200&ssl=1","width":350,"height":200},"classes":[]},{"id":4485,"url":"https:\/\/www.montceautriathlon.com\/blog\/2021\/09\/14\/triathlon-dauxonne-pas-une-course-a-lechalote-mais-une-course-aux-petits-oignons\/","url_meta":{"origin":4143,"position":3},"title":"Triathlon d&rsquo;Auxonne : pas une course \u00e0 l&rsquo;\u00e9chalote ! Mais une course aux petits oignons !","date":"14 septembre 2021","format":false,"excerpt":"Joli d\u00e9placement du Club \u00e0 Auxonne ce dimanche ! L'\u00e9cole de tri avec de bons r\u00e9sultats ! Un Titouan Rondier encore dominateur en J2, Une Berteline toujours bien pr\u00e9sente sur la plus haute marche en J1 f\u00e9minine et petit oignon sur le g\u00e2teau, la qualification de Jeanne Rondier aux France\u2026","rel":"","context":"Dans &quot;Non class\u00e9&quot;","img":{"alt_text":"","src":"https:\/\/i0.wp.com\/www.montceautriathlon.com\/blog\/wp-content\/uploads\/2021\/09\/auxonne-6.jpg?resize=350%2C200&ssl=1","width":350,"height":200},"classes":[]},{"id":5048,"url":"https:\/\/www.montceautriathlon.com\/blog\/2022\/05\/19\/aquathlon-de-montceau-pour-toi-patrick\/","url_meta":{"origin":4143,"position":4},"title":"Aquathlon de Montceau  : Pour toi Patrick.","date":"19 mai 2022","format":false,"excerpt":"Toi qui as organis\u00e9 tant d'aquathlons les premi\u00e8res ann\u00e9es du club, pris tant de responsabilit\u00e9s dans les organisations pr\u00e9c\u00e9dentes, toujours fid\u00e8le, toujours pr\u00e9sent, disponible et jovial et encore dimanche... Tu nous as brutalement quitt\u00e9 mardi soir victime d'un foudroyant arr\u00eat cardiaque. L'aquathlon, le club te doivent tant. C'est gr\u00e2ce \u00e0\u2026","rel":"","context":"Dans &quot;Non class\u00e9&quot;","img":{"alt_text":"","src":"https:\/\/i0.wp.com\/www.montceautriathlon.com\/blog\/wp-content\/uploads\/2022\/05\/P3.jpg?resize=350%2C200&ssl=1","width":350,"height":200},"classes":[]},{"id":5451,"url":"https:\/\/www.montceautriathlon.com\/blog\/2022\/11\/07\/1er-bike-run-aux-grands-parcs-une-belle-reussite\/","url_meta":{"origin":4143,"position":5},"title":"1er Bike &#038; Run aux grands parcs : une belle r\u00e9ussite.","date":"7 novembre 2022","format":false,"excerpt":"Ce dimanche 6 novembre, le club organisait pour le premi\u00e8re fois un bike and run aux Grands Parcs. 99 bin\u00f4mes sont venus s'affronter dans le cadre du challenge hivernal bike and run de la ligue BFC de triathlon. De nombreux clubs ont r\u00e9pondu pr\u00e9sents et en nombre pour certains avec\u2026","rel":"","context":"Dans &quot;Non class\u00e9&quot;","img":{"alt_text":"","src":"https:\/\/i1.wp.com\/www.montceautriathlon.com\/blog\/wp-content\/uploads\/2022\/11\/IMG_7502.jpg?resize=350%2C200&ssl=1","width":350,"height":200},"classes":[]}],"_links":{"self":[{"href":"https:\/\/www.montceautriathlon.com\/blog\/wp-json\/wp\/v2\/posts\/4143"}],"collection":[{"href":"https:\/\/www.montceautriathlon.com\/blog\/wp-json\/wp\/v2\/posts"}],"about":[{"href":"https:\/\/www.montceautriathlon.com\/blog\/wp-json\/wp\/v2\/types\/post"}],"author":[{"embeddable":true,"href":"https:\/\/www.montceautriathlon.com\/blog\/wp-json\/wp\/v2\/users\/5"}],"replies":[{"embeddable":true,"href":"https:\/\/www.montceautriathlon.com\/blog\/wp-json\/wp\/v2\/comments?post=4143"}],"version-history":[{"count":1,"href":"https:\/\/www.montceautriathlon.com\/blog\/wp-json\/wp\/v2\/posts\/4143\/revisions"}],"predecessor-version":[{"id":4145,"href":"https:\/\/www.montceautriathlon.com\/blog\/wp-json\/wp\/v2\/posts\/4143\/revisions\/4145"}],"wp:featuredmedia":[{"embeddable":true,"href":"https:\/\/www.montceautriathlon.com\/blog\/wp-json\/wp\/v2\/media\/4144"}],"wp:attachment":[{"href":"https:\/\/www.montceautriathlon.com\/blog\/wp-json\/wp\/v2\/media?parent=4143"}],"wp:term":[{"taxonomy":"category","embeddable":true,"href":"https:\/\/www.montceautriathlon.com\/blog\/wp-json\/wp\/v2\/categories?post=4143"},{"taxonomy":"post_tag","embeddable":true,"href":"https:\/\/www.montceautriathlon.com\/blog\/wp-json\/wp\/v2\/tags?post=4143"}],"curies":[{"name":"wp","href":"https:\/\/api.w.org\/{rel}","templated":true}]}}