{"id":4051,"date":"2021-05-11T09:32:03","date_gmt":"2021-05-11T08:32:03","guid":{"rendered":"http:\/\/montceautriathlon.com\/blog\/?p=4051"},"modified":"2021-05-11T09:39:18","modified_gmt":"2021-05-11T08:39:18","slug":"velorution-tranquille-a-montceau","status":"publish","type":"post","link":"https:\/\/www.montceautriathlon.com\/blog\/2021\/05\/11\/velorution-tranquille-a-montceau\/","title":{"rendered":"V\u00e9lorution tranquille \u00e0 Montceau"},"content":{"rendered":"\n<p>L&rsquo;\u00e9cole de triathlon a particip\u00e9 ce samedi 8 mai \u00e0 la manifestation conviviale en v\u00e9lo \u00ab\u00a0V\u00e9lorution\u00a0\u00bb  \u00e0 l&rsquo;initiative de l&rsquo;association Mines de Rayons. L&rsquo;objectif \u00e9tait de promouvoir la place du v\u00e9lo en ville en toute s\u00e9curit\u00e9.                          Les accidents \u00e9tant trop nombreux, apprenons cyclistes et automobilistes \u00e0 cohabiter sur la route pour des d\u00e9placements en toute s\u00e9curit\u00e9!                                                                                                                                    Merci aux jeunes, parents des jeunes et b\u00e9n\u00e9voles de Montceau Triathlon pour leur participation. Merci aux b\u00e9n\u00e9voles de l&rsquo;association Mines de rayons pour leur organisation.<\/p>\n\n\n\n<p>quelques photos de cette utile manifestation en suivant le lien :<a href=\"https:\/\/photos.app.goo.gl\/h9A5FmeqoMkCZSuy5\" target=\"_blank\" rel=\"noreferrer noopener\">https:\/\/photos.app.goo.gl\/h9A5FmeqoMkCZSuy5<\/a><\/p>\n","protected":false},"excerpt":{"rendered":"<p>L&rsquo;\u00e9cole de triathlon a particip\u00e9 ce samedi 8 mai \u00e0 la manifestation conviviale en v\u00e9lo \u00ab\u00a0V\u00e9lorution\u00a0\u00bb \u00e0 l&rsquo;initiative de l&rsquo;association Mines de Rayons. L&rsquo;objectif \u00e9tait de promouvoir la place du v\u00e9lo en ville en toute s\u00e9curit\u00e9. Les accidents \u00e9tant trop nombreux, apprenons cyclistes et automobilistes \u00e0 cohabiter sur la route pour des d\u00e9placements en toute [&hellip;]<\/p>\n","protected":false},"author":5,"featured_media":4052,"comment_status":"open","ping_status":"open","sticky":false,"template":"","format":"standard","meta":{"spay_email":"","jetpack_publicize_message":"","jetpack_is_tweetstorm":false},"categories":[1],"tags":[],"jetpack_featured_media_url":"https:\/\/www.montceautriathlon.com\/blog\/wp-content\/uploads\/2021\/05\/velorution-scaled.jpg","jetpack_publicize_connections":[],"jetpack_sharing_enabled":true,"jetpack_shortlink":"https:\/\/wp.me\/p8bwIy-13l","jetpack-related-posts":[{"id":3856,"url":"https:\/\/www.montceautriathlon.com\/blog\/2020\/09\/21\/championnats-de-france-des-liens-des-photos-des-articles\/","url_meta":{"origin":4051,"position":0},"title":"Championnats de France : des liens, des photos, des articles !","date":"21 septembre 2020","format":false,"excerpt":"A vous tous triathl\u00e8tes venus de toute la France, jeunes et moins jeunes, champions ou anonymes, ces photos des diff\u00e9rentes courses du week-end vous sont d\u00e9di\u00e9es . Encore mille mercis pour la confiance que vous nous avez accord\u00e9e par votre venue \u00e0 Montceau en ces temps compliqu\u00e9s. Bravo \u00e0 tous\u2026","rel":"","context":"Dans &quot;Non class\u00e9&quot;","img":{"alt_text":"","src":"https:\/\/i1.wp.com\/www.montceautriathlon.com\/blog\/wp-content\/uploads\/2020\/09\/IMG_7280.jpg?resize=350%2C200&ssl=1","width":350,"height":200},"classes":[]},{"id":7548,"url":"https:\/\/www.montceautriathlon.com\/blog\/2025\/05\/22\/11-mai-2025-aquathlon-de-montceau-les-mines\/","url_meta":{"origin":4051,"position":1},"title":"11 mai 2025: aquathlon de Montceau les Mines","date":"22 mai 2025","format":false,"excerpt":"L'\u00e9quipe de Montceau triathlon a organis\u00e9 sont traditionnel aquathlon ce dimanche 11 mai sur le site du Plessis. Cette \u00e9preuve a \u00e9t\u00e9 comme les ann\u00e9es pr\u00e9c\u00e9dentes s\u00e9lective pour les championnats de France jeune d'aquathlon qui auront lieu le 5 juillet \u00e0 Angoul\u00eame. Cette nouvelle \u00e9dition s\u2019est d\u00e9roul\u00e9e sous un beau\u2026","rel":"","context":"Dans &quot;Non class\u00e9&quot;","img":{"alt_text":"","src":"https:\/\/i2.wp.com\/www.montceautriathlon.com\/blog\/wp-content\/uploads\/2025\/05\/IMG_2196-scaled.jpg?resize=350%2C200&ssl=1","width":350,"height":200},"classes":[]},{"id":7200,"url":"https:\/\/www.montceautriathlon.com\/blog\/2024\/12\/08\/17-novembre-bike-and-run-de-montceau\/","url_meta":{"origin":4051,"position":2},"title":"17 novembre: Bike and run de Montceau","date":"8 d\u00e9cembre 2024","format":false,"excerpt":"De nombreux montcelliens, petits et grands, \u00e9taient pr\u00e9sents au Grands Parcs ce dimanche sur les diff\u00e9rents parcours de notre bike and run. F\u00e9licitations \u00e0 toutes et tous pour votre participation et un grand merci aux b\u00e9n\u00e9voles. Voici tous les r\u00e9sultats: Course jeune 1 (2 km): Course jeune 2 (4 km):\u2026","rel":"","context":"Dans &quot;Non class\u00e9&quot;","img":{"alt_text":"","src":"https:\/\/i1.wp.com\/www.montceautriathlon.com\/blog\/wp-content\/uploads\/2024\/12\/vtparc-181124161035.webp?resize=350%2C200&ssl=1","width":350,"height":200},"classes":[]},{"id":4266,"url":"https:\/\/www.montceautriathlon.com\/blog\/2021\/06\/29\/aquathlon-le-plaisir-de-se-retrouver\/","url_meta":{"origin":4051,"position":3},"title":"Aquathlon : le plaisir de se retrouver !","date":"29 juin 2021","format":false,"excerpt":"Notre aquathlon a \u00e9t\u00e9 une r\u00e9ussite. La ligue, les arbitres, la municipalit\u00e9, les comp\u00e9titeurs, les parents enchant\u00e9s par cette \u00e9preuve qui plus est sous le soleil ! Une belle journ\u00e9e bien soulign\u00e9e par la presse locale. Il faut f\u00e9liciter toute notre jeune \u00e9cole de triathlon qui a particip\u00e9 en nombre\u2026","rel":"","context":"Dans &quot;Non class\u00e9&quot;","img":{"alt_text":"","src":"https:\/\/i0.wp.com\/www.montceautriathlon.com\/blog\/wp-content\/uploads\/2021\/06\/aquathlion1.jpg?resize=350%2C200&ssl=1","width":350,"height":200},"classes":[]},{"id":3717,"url":"https:\/\/www.montceautriathlon.com\/blog\/2020\/07\/28\/26-juilletweek-end-aux-grands-parcs-succes-de-lanimation-duathlon\/","url_meta":{"origin":4051,"position":4},"title":"26 juillet,week-end aux Grands Parcs : succ\u00e8s de l&rsquo;animation duathlon","date":"28 juillet 2020","format":false,"excerpt":"Ce dimanche 26 juillet, le club a propos\u00e9 une initiation duathlon dans le cadre de l'animation propos\u00e9e par la municipalit\u00e9 de Montceau au beau milieu de la petite ferme. De nombreuses familles \u00e9taient pr\u00e9sentes sur site. Cette animation avec parcours de maniabilit\u00e9 du v\u00e9lo et mini encha\u00eenement duathlon a \u00e9t\u00e9\u2026","rel":"","context":"Dans &quot;Non class\u00e9&quot;","img":{"alt_text":"","src":"https:\/\/i1.wp.com\/montceautriathlon.com\/blog\/wp-content\/uploads\/2020\/07\/WE-GP-1-300x225.jpg?resize=350%2C200","width":350,"height":200},"classes":[]},{"id":4839,"url":"https:\/\/www.montceautriathlon.com\/blog\/2022\/02\/08\/class-triathlon-a-montceau-la-classe\/","url_meta":{"origin":4051,"position":5},"title":"Class Triathlon \u00e0 Montceau : la classe !","date":"8 f\u00e9vrier 2022","format":false,"excerpt":"Ce dimanche 6 f\u00e9vrier, le club avait invit\u00e9 ses homologues du d\u00e9partement \u00e0 venir tester ses benjamin(e)s, minime()s, cadet(te)s et junior(e)s sur la piste le matin et \u00e0 la piscine l'apr\u00e8s-midi. Les clubs de Bourbon, Autun, Chalon et M\u00e2con sont donc venus se mesurer aux jeunes montcelliens et v\u00e9rifier avec\u2026","rel":"","context":"Dans &quot;Non class\u00e9&quot;","img":{"alt_text":"","src":"https:\/\/i0.wp.com\/www.montceautriathlon.com\/blog\/wp-content\/uploads\/2022\/02\/78F8B5EE-C417-4E6D-A52F-E1D0C5BF82BB.jpg?resize=350%2C200&ssl=1","width":350,"height":200},"classes":[]}],"_links":{"self":[{"href":"https:\/\/www.montceautriathlon.com\/blog\/wp-json\/wp\/v2\/posts\/4051"}],"collection":[{"href":"https:\/\/www.montceautriathlon.com\/blog\/wp-json\/wp\/v2\/posts"}],"about":[{"href":"https:\/\/www.montceautriathlon.com\/blog\/wp-json\/wp\/v2\/types\/post"}],"author":[{"embeddable":true,"href":"https:\/\/www.montceautriathlon.com\/blog\/wp-json\/wp\/v2\/users\/5"}],"replies":[{"embeddable":true,"href":"https:\/\/www.montceautriathlon.com\/blog\/wp-json\/wp\/v2\/comments?post=4051"}],"version-history":[{"count":2,"href":"https:\/\/www.montceautriathlon.com\/blog\/wp-json\/wp\/v2\/posts\/4051\/revisions"}],"predecessor-version":[{"id":4054,"href":"https:\/\/www.montceautriathlon.com\/blog\/wp-json\/wp\/v2\/posts\/4051\/revisions\/4054"}],"wp:featuredmedia":[{"embeddable":true,"href":"https:\/\/www.montceautriathlon.com\/blog\/wp-json\/wp\/v2\/media\/4052"}],"wp:attachment":[{"href":"https:\/\/www.montceautriathlon.com\/blog\/wp-json\/wp\/v2\/media?parent=4051"}],"wp:term":[{"taxonomy":"category","embeddable":true,"href":"https:\/\/www.montceautriathlon.com\/blog\/wp-json\/wp\/v2\/categories?post=4051"},{"taxonomy":"post_tag","embeddable":true,"href":"https:\/\/www.montceautriathlon.com\/blog\/wp-json\/wp\/v2\/tags?post=4051"}],"curies":[{"name":"wp","href":"https:\/\/api.w.org\/{rel}","templated":true}]}}