{"id":4013,"date":"2021-04-28T13:28:55","date_gmt":"2021-04-28T12:28:55","guid":{"rendered":"http:\/\/montceautriathlon.com\/blog\/?p=4013"},"modified":"2021-04-28T14:59:33","modified_gmt":"2021-04-28T13:59:33","slug":"retour-sur-les-vacances-de-printemps-2021","status":"publish","type":"post","link":"https:\/\/www.montceautriathlon.com\/blog\/2021\/04\/28\/retour-sur-les-vacances-de-printemps-2021\/","title":{"rendered":"Retour sur les vacances de printemps 2021"},"content":{"rendered":"\n<p>Les jeunes de l&rsquo;Ecole de Triathlon ont particip\u00e9 \u00e0 des entrainements pendant les deux semaines de vacances scolaires.<\/p>\n\n\n\n<p>La natation \u00e9tant toujours interdite, les \u00e9ducateurs ont propos\u00e9 d&rsquo;autres activit\u00e9s:<\/p>\n\n\n\n<p>&#8211; pour les plus jeunes: VTT, duathlon, Bike and Run, course \u00e0 pied, course d&rsquo;orientation<\/p>\n\n\n\n<p>&#8211; pour les ados: sortie v\u00e9lo et VTT, enchainement v\u00e9lo\/cap, Bike and Run, course d&rsquo;orientation.<\/p>\n\n\n\n<p>Laurent a propos\u00e9 un entra\u00eenement au v\u00e9lodrome. Il a mis en place des challenges ados\/adultes sur le v\u00e9lodrome; une grande premi\u00e8re pour les pr\u00e9sents. Et une belle initiative \u00e0 renouveler !<\/p>\n\n\n\n<p>Merci aux \u00e9ducateurs qui ont permis l&rsquo;encadrement des diff\u00e9rents groupes.<\/p>\n\n\n\n<p>Des non licenci\u00e9s ont \u00e9galement pu d\u00e9couvrir nos activit\u00e9s les jeudis matin \u00e0 l&rsquo;occasion des \u00ab\u00a0Montceau Vacances Jeunes\u00a0\u00bb.<\/p>\n\n\n\n<p>plein de photos en suivant les liens : <a rel=\"noreferrer noopener\" href=\"https:\/\/photos.app.goo.gl\/jsMUAuGmqrJZ1sn67\" data-type=\"URL\" data-id=\"https:\/\/photos.app.goo.gl\/jsMUAuGmqrJZ1sn67\" target=\"_blank\">https:\/\/photos.app.goo.gl\/jsMUAuGmqrJZ1sn67<\/a><\/p>\n\n\n\n<p> <a rel=\"noreferrer noopener\" href=\"https:\/\/photos.app.goo.gl\/yPJRPc8vRpCGVLnN9\" data-type=\"URL\" data-id=\"https:\/\/photos.app.goo.gl\/yPJRPc8vRpCGVLnN9\" target=\"_blank\">https:\/\/photos.app.goo.gl\/yPJRPc8vRpCGVLnN9<\/a><\/p>\n\n\n\n<p><\/p>\n\n\n\n<figure class=\"wp-block-gallery columns-3 is-cropped\"><ul data-carousel-extra='{\"blog_id\":1,\"permalink\":\"https:\\\/\\\/www.montceautriathlon.com\\\/blog\\\/2021\\\/04\\\/28\\\/retour-sur-les-vacances-de-printemps-2021\\\/\"}' class=\"blocks-gallery-grid\"><li class=\"blocks-gallery-item\"><figure><a href=\"http:\/\/montceautriathlon.com\/blog\/wp-content\/uploads\/2021\/04\/IMG-20210424-WA0004.jpg\"><img data-attachment-id=\"4022\" data-permalink=\"https:\/\/www.montceautriathlon.com\/blog\/2021\/04\/28\/retour-sur-les-vacances-de-printemps-2021\/img-20210424-wa0004\/\" data-orig-file=\"https:\/\/www.montceautriathlon.com\/blog\/wp-content\/uploads\/2021\/04\/IMG-20210424-WA0004.jpg\" data-orig-size=\"768,1024\" data-comments-opened=\"1\" data-image-meta=\"{&quot;aperture&quot;:&quot;0&quot;,&quot;credit&quot;:&quot;&quot;,&quot;camera&quot;:&quot;&quot;,&quot;caption&quot;:&quot;&quot;,&quot;created_timestamp&quot;:&quot;0&quot;,&quot;copyright&quot;:&quot;&quot;,&quot;focal_length&quot;:&quot;0&quot;,&quot;iso&quot;:&quot;0&quot;,&quot;shutter_speed&quot;:&quot;0&quot;,&quot;title&quot;:&quot;&quot;,&quot;orientation&quot;:&quot;1&quot;}\" data-image-title=\"IMG-20210424-WA0004\" data-image-description=\"\" data-image-caption=\"\" data-medium-file=\"https:\/\/www.montceautriathlon.com\/blog\/wp-content\/uploads\/2021\/04\/IMG-20210424-WA0004-225x300.jpg\" data-large-file=\"https:\/\/www.montceautriathlon.com\/blog\/wp-content\/uploads\/2021\/04\/IMG-20210424-WA0004.jpg\" loading=\"lazy\" width=\"768\" height=\"1024\" src=\"http:\/\/montceautriathlon.com\/blog\/wp-content\/uploads\/2021\/04\/IMG-20210424-WA0004.jpg\" alt=\"\" data-id=\"4022\" data-full-url=\"http:\/\/montceautriathlon.com\/blog\/wp-content\/uploads\/2021\/04\/IMG-20210424-WA0004.jpg\" data-link=\"http:\/\/montceautriathlon.com\/blog\/?attachment_id=4022\" class=\"wp-image-4022\" srcset=\"https:\/\/www.montceautriathlon.com\/blog\/wp-content\/uploads\/2021\/04\/IMG-20210424-WA0004.jpg 768w, https:\/\/www.montceautriathlon.com\/blog\/wp-content\/uploads\/2021\/04\/IMG-20210424-WA0004-225x300.jpg 225w\" sizes=\"(max-width: 768px) 100vw, 768px\" \/><\/a><\/figure><\/li><li class=\"blocks-gallery-item\"><figure><a href=\"http:\/\/montceautriathlon.com\/blog\/wp-content\/uploads\/2021\/04\/IMG-20210415-WA0029.jpg\"><img data-attachment-id=\"4021\" data-permalink=\"https:\/\/www.montceautriathlon.com\/blog\/2021\/04\/28\/retour-sur-les-vacances-de-printemps-2021\/img-20210415-wa0029\/\" data-orig-file=\"https:\/\/www.montceautriathlon.com\/blog\/wp-content\/uploads\/2021\/04\/IMG-20210415-WA0029.jpg\" data-orig-size=\"1600,1200\" data-comments-opened=\"1\" data-image-meta=\"{&quot;aperture&quot;:&quot;0&quot;,&quot;credit&quot;:&quot;&quot;,&quot;camera&quot;:&quot;&quot;,&quot;caption&quot;:&quot;&quot;,&quot;created_timestamp&quot;:&quot;0&quot;,&quot;copyright&quot;:&quot;&quot;,&quot;focal_length&quot;:&quot;0&quot;,&quot;iso&quot;:&quot;0&quot;,&quot;shutter_speed&quot;:&quot;0&quot;,&quot;title&quot;:&quot;&quot;,&quot;orientation&quot;:&quot;0&quot;}\" data-image-title=\"IMG-20210415-WA0029\" data-image-description=\"\" data-image-caption=\"\" data-medium-file=\"https:\/\/www.montceautriathlon.com\/blog\/wp-content\/uploads\/2021\/04\/IMG-20210415-WA0029-300x225.jpg\" data-large-file=\"https:\/\/www.montceautriathlon.com\/blog\/wp-content\/uploads\/2021\/04\/IMG-20210415-WA0029-1024x768.jpg\" loading=\"lazy\" width=\"1024\" height=\"768\" src=\"http:\/\/montceautriathlon.com\/blog\/wp-content\/uploads\/2021\/04\/IMG-20210415-WA0029-1024x768.jpg\" alt=\"\" data-id=\"4021\" data-full-url=\"http:\/\/montceautriathlon.com\/blog\/wp-content\/uploads\/2021\/04\/IMG-20210415-WA0029.jpg\" data-link=\"http:\/\/montceautriathlon.com\/blog\/?attachment_id=4021\" class=\"wp-image-4021\" srcset=\"https:\/\/www.montceautriathlon.com\/blog\/wp-content\/uploads\/2021\/04\/IMG-20210415-WA0029-1024x768.jpg 1024w, https:\/\/www.montceautriathlon.com\/blog\/wp-content\/uploads\/2021\/04\/IMG-20210415-WA0029-300x225.jpg 300w, https:\/\/www.montceautriathlon.com\/blog\/wp-content\/uploads\/2021\/04\/IMG-20210415-WA0029-768x576.jpg 768w, https:\/\/www.montceautriathlon.com\/blog\/wp-content\/uploads\/2021\/04\/IMG-20210415-WA0029-1536x1152.jpg 1536w, https:\/\/www.montceautriathlon.com\/blog\/wp-content\/uploads\/2021\/04\/IMG-20210415-WA0029.jpg 1600w\" sizes=\"(max-width: 1024px) 100vw, 1024px\" \/><\/a><\/figure><\/li><li class=\"blocks-gallery-item\"><figure><a href=\"http:\/\/montceautriathlon.com\/blog\/wp-content\/uploads\/2021\/04\/ACtC-3eN78X6bexSuwAwvPwjjjhiGub2OAGRbkUoSVgWJiKH_DbbiFU_nbyKPxvIetRhUv99NEhDgHa7YnVPFBr8SkxNL5zH3Sg9jWkF69eUaslPI6hnwkWEnCRCOhhHCbNr5UMgyYy1HuS0o9BQsDUvNCD9w1168-h876-no.jpg\"><img data-attachment-id=\"4019\" data-permalink=\"https:\/\/www.montceautriathlon.com\/blog\/2021\/04\/28\/retour-sur-les-vacances-de-printemps-2021\/actc-3en78x6bexsuwawvpwjjjhigub2oagrbkuosvgwjikh_dbbifu_nbykpxvietrhuv99nehdgha7ynvpfbr8skxnl5zh3sg9jwkf69euaslpi6hnwkwencrcohhhcbnr5umgyyy1hus0o9bqsduvncd9w1168-h876-no\/\" data-orig-file=\"https:\/\/www.montceautriathlon.com\/blog\/wp-content\/uploads\/2021\/04\/ACtC-3eN78X6bexSuwAwvPwjjjhiGub2OAGRbkUoSVgWJiKH_DbbiFU_nbyKPxvIetRhUv99NEhDgHa7YnVPFBr8SkxNL5zH3Sg9jWkF69eUaslPI6hnwkWEnCRCOhhHCbNr5UMgyYy1HuS0o9BQsDUvNCD9w1168-h876-no.jpg\" data-orig-size=\"1168,876\" data-comments-opened=\"1\" data-image-meta=\"{&quot;aperture&quot;:&quot;0&quot;,&quot;credit&quot;:&quot;&quot;,&quot;camera&quot;:&quot;&quot;,&quot;caption&quot;:&quot;&quot;,&quot;created_timestamp&quot;:&quot;0&quot;,&quot;copyright&quot;:&quot;&quot;,&quot;focal_length&quot;:&quot;0&quot;,&quot;iso&quot;:&quot;0&quot;,&quot;shutter_speed&quot;:&quot;0&quot;,&quot;title&quot;:&quot;&quot;,&quot;orientation&quot;:&quot;0&quot;}\" data-image-title=\"ACtC-3eN78X6bexSuwAwvPwjjjhiGub2OAGRbkUoSVgWJiKH_DbbiFU_nbyKPxvIetRhUv99NEhDgHa7YnVPFBr8SkxNL5zH3Sg9jWkF69eUaslPI6hnwkWEnCRCOhhHCbNr5UMgyYy1HuS0o9BQsDUvNCD9=w1168-h876-no\" data-image-description=\"\" data-image-caption=\"\" data-medium-file=\"https:\/\/www.montceautriathlon.com\/blog\/wp-content\/uploads\/2021\/04\/ACtC-3eN78X6bexSuwAwvPwjjjhiGub2OAGRbkUoSVgWJiKH_DbbiFU_nbyKPxvIetRhUv99NEhDgHa7YnVPFBr8SkxNL5zH3Sg9jWkF69eUaslPI6hnwkWEnCRCOhhHCbNr5UMgyYy1HuS0o9BQsDUvNCD9w1168-h876-no-300x225.jpg\" data-large-file=\"https:\/\/www.montceautriathlon.com\/blog\/wp-content\/uploads\/2021\/04\/ACtC-3eN78X6bexSuwAwvPwjjjhiGub2OAGRbkUoSVgWJiKH_DbbiFU_nbyKPxvIetRhUv99NEhDgHa7YnVPFBr8SkxNL5zH3Sg9jWkF69eUaslPI6hnwkWEnCRCOhhHCbNr5UMgyYy1HuS0o9BQsDUvNCD9w1168-h876-no-1024x768.jpg\" loading=\"lazy\" width=\"1024\" height=\"768\" src=\"http:\/\/montceautriathlon.com\/blog\/wp-content\/uploads\/2021\/04\/ACtC-3eN78X6bexSuwAwvPwjjjhiGub2OAGRbkUoSVgWJiKH_DbbiFU_nbyKPxvIetRhUv99NEhDgHa7YnVPFBr8SkxNL5zH3Sg9jWkF69eUaslPI6hnwkWEnCRCOhhHCbNr5UMgyYy1HuS0o9BQsDUvNCD9w1168-h876-no-1024x768.jpg\" alt=\"\" data-id=\"4019\" data-full-url=\"http:\/\/montceautriathlon.com\/blog\/wp-content\/uploads\/2021\/04\/ACtC-3eN78X6bexSuwAwvPwjjjhiGub2OAGRbkUoSVgWJiKH_DbbiFU_nbyKPxvIetRhUv99NEhDgHa7YnVPFBr8SkxNL5zH3Sg9jWkF69eUaslPI6hnwkWEnCRCOhhHCbNr5UMgyYy1HuS0o9BQsDUvNCD9w1168-h876-no.jpg\" data-link=\"http:\/\/montceautriathlon.com\/blog\/?attachment_id=4019\" class=\"wp-image-4019\" srcset=\"https:\/\/www.montceautriathlon.com\/blog\/wp-content\/uploads\/2021\/04\/ACtC-3eN78X6bexSuwAwvPwjjjhiGub2OAGRbkUoSVgWJiKH_DbbiFU_nbyKPxvIetRhUv99NEhDgHa7YnVPFBr8SkxNL5zH3Sg9jWkF69eUaslPI6hnwkWEnCRCOhhHCbNr5UMgyYy1HuS0o9BQsDUvNCD9w1168-h876-no-1024x768.jpg 1024w, https:\/\/www.montceautriathlon.com\/blog\/wp-content\/uploads\/2021\/04\/ACtC-3eN78X6bexSuwAwvPwjjjhiGub2OAGRbkUoSVgWJiKH_DbbiFU_nbyKPxvIetRhUv99NEhDgHa7YnVPFBr8SkxNL5zH3Sg9jWkF69eUaslPI6hnwkWEnCRCOhhHCbNr5UMgyYy1HuS0o9BQsDUvNCD9w1168-h876-no-300x225.jpg 300w, https:\/\/www.montceautriathlon.com\/blog\/wp-content\/uploads\/2021\/04\/ACtC-3eN78X6bexSuwAwvPwjjjhiGub2OAGRbkUoSVgWJiKH_DbbiFU_nbyKPxvIetRhUv99NEhDgHa7YnVPFBr8SkxNL5zH3Sg9jWkF69eUaslPI6hnwkWEnCRCOhhHCbNr5UMgyYy1HuS0o9BQsDUvNCD9w1168-h876-no-768x576.jpg 768w, https:\/\/www.montceautriathlon.com\/blog\/wp-content\/uploads\/2021\/04\/ACtC-3eN78X6bexSuwAwvPwjjjhiGub2OAGRbkUoSVgWJiKH_DbbiFU_nbyKPxvIetRhUv99NEhDgHa7YnVPFBr8SkxNL5zH3Sg9jWkF69eUaslPI6hnwkWEnCRCOhhHCbNr5UMgyYy1HuS0o9BQsDUvNCD9w1168-h876-no.jpg 1168w\" sizes=\"(max-width: 1024px) 100vw, 1024px\" \/><\/a><\/figure><\/li><li class=\"blocks-gallery-item\"><figure><a href=\"http:\/\/montceautriathlon.com\/blog\/wp-content\/uploads\/2021\/04\/IMG_1932-scaled.jpeg\"><img data-attachment-id=\"4020\" data-permalink=\"https:\/\/www.montceautriathlon.com\/blog\/2021\/04\/28\/retour-sur-les-vacances-de-printemps-2021\/img_1932\/\" data-orig-file=\"https:\/\/www.montceautriathlon.com\/blog\/wp-content\/uploads\/2021\/04\/IMG_1932-scaled.jpeg\" data-orig-size=\"2560,1920\" data-comments-opened=\"1\" data-image-meta=\"{&quot;aperture&quot;:&quot;2.4&quot;,&quot;credit&quot;:&quot;&quot;,&quot;camera&quot;:&quot;iPhone 12 mini&quot;,&quot;caption&quot;:&quot;&quot;,&quot;created_timestamp&quot;:&quot;1619104300&quot;,&quot;copyright&quot;:&quot;&quot;,&quot;focal_length&quot;:&quot;1.55&quot;,&quot;iso&quot;:&quot;25&quot;,&quot;shutter_speed&quot;:&quot;0.00039698292973402&quot;,&quot;title&quot;:&quot;&quot;,&quot;orientation&quot;:&quot;1&quot;}\" data-image-title=\"IMG_1932\" data-image-description=\"\" data-image-caption=\"\" data-medium-file=\"https:\/\/www.montceautriathlon.com\/blog\/wp-content\/uploads\/2021\/04\/IMG_1932-300x225.jpeg\" data-large-file=\"https:\/\/www.montceautriathlon.com\/blog\/wp-content\/uploads\/2021\/04\/IMG_1932-1024x768.jpeg\" loading=\"lazy\" width=\"1024\" height=\"768\" src=\"http:\/\/montceautriathlon.com\/blog\/wp-content\/uploads\/2021\/04\/IMG_1932-1024x768.jpeg\" alt=\"\" data-id=\"4020\" data-full-url=\"http:\/\/montceautriathlon.com\/blog\/wp-content\/uploads\/2021\/04\/IMG_1932-scaled.jpeg\" data-link=\"http:\/\/montceautriathlon.com\/blog\/?attachment_id=4020\" class=\"wp-image-4020\" srcset=\"https:\/\/www.montceautriathlon.com\/blog\/wp-content\/uploads\/2021\/04\/IMG_1932-1024x768.jpeg 1024w, https:\/\/www.montceautriathlon.com\/blog\/wp-content\/uploads\/2021\/04\/IMG_1932-300x225.jpeg 300w, https:\/\/www.montceautriathlon.com\/blog\/wp-content\/uploads\/2021\/04\/IMG_1932-768x576.jpeg 768w, https:\/\/www.montceautriathlon.com\/blog\/wp-content\/uploads\/2021\/04\/IMG_1932-1536x1152.jpeg 1536w, https:\/\/www.montceautriathlon.com\/blog\/wp-content\/uploads\/2021\/04\/IMG_1932-2048x1536.jpeg 2048w\" sizes=\"(max-width: 1024px) 100vw, 1024px\" \/><\/a><\/figure><\/li><li class=\"blocks-gallery-item\"><figure><a href=\"http:\/\/montceautriathlon.com\/blog\/wp-content\/uploads\/2021\/04\/ACtC-3cGfJr72ij6s0_sy7-kP14ndmLY20q5CU67tBoAyAw1YpzRYYq59xJiDFUemrTaBSPl5aw6THEk9vjB9aHCSKBMcfyvikhy_NBat3fRieuViWMmDPMj9lJiErZKm2ZBXcdCMpQsNOv2UDfLKL-iba0Ew1168-h876-no.jpg\"><img data-attachment-id=\"4018\" data-permalink=\"https:\/\/www.montceautriathlon.com\/blog\/2021\/04\/28\/retour-sur-les-vacances-de-printemps-2021\/actc-3cgfjr72ij6s0_sy7-kp14ndmly20q5cu67tboayaw1ypzryyq59xjidfuemrtabspl5aw6thek9vjb9ahcskbmcfyvikhy_nbat3frieuviwmmdpmj9ljierzkm2zbxcdcmpqsnov2udflkl-iba0ew1168-h876-no\/\" data-orig-file=\"https:\/\/www.montceautriathlon.com\/blog\/wp-content\/uploads\/2021\/04\/ACtC-3cGfJr72ij6s0_sy7-kP14ndmLY20q5CU67tBoAyAw1YpzRYYq59xJiDFUemrTaBSPl5aw6THEk9vjB9aHCSKBMcfyvikhy_NBat3fRieuViWMmDPMj9lJiErZKm2ZBXcdCMpQsNOv2UDfLKL-iba0Ew1168-h876-no.jpg\" data-orig-size=\"1168,876\" data-comments-opened=\"1\" data-image-meta=\"{&quot;aperture&quot;:&quot;0&quot;,&quot;credit&quot;:&quot;&quot;,&quot;camera&quot;:&quot;&quot;,&quot;caption&quot;:&quot;&quot;,&quot;created_timestamp&quot;:&quot;0&quot;,&quot;copyright&quot;:&quot;&quot;,&quot;focal_length&quot;:&quot;0&quot;,&quot;iso&quot;:&quot;0&quot;,&quot;shutter_speed&quot;:&quot;0&quot;,&quot;title&quot;:&quot;&quot;,&quot;orientation&quot;:&quot;0&quot;}\" data-image-title=\"ACtC-3cGfJr72ij6s0_sy7-kP14ndmLY20q5CU67tBoAyAw1YpzRYYq59xJiDFUemrTaBSPl5aw6THEk9vjB9aHCSKBMcfyvikhy_NBat3fRieuViWMmDPMj9lJiErZKm2ZBXcdCMpQsNOv2UDfLKL-iba0E=w1168-h876-no\" data-image-description=\"\" data-image-caption=\"\" data-medium-file=\"https:\/\/www.montceautriathlon.com\/blog\/wp-content\/uploads\/2021\/04\/ACtC-3cGfJr72ij6s0_sy7-kP14ndmLY20q5CU67tBoAyAw1YpzRYYq59xJiDFUemrTaBSPl5aw6THEk9vjB9aHCSKBMcfyvikhy_NBat3fRieuViWMmDPMj9lJiErZKm2ZBXcdCMpQsNOv2UDfLKL-iba0Ew1168-h876-no-300x225.jpg\" data-large-file=\"https:\/\/www.montceautriathlon.com\/blog\/wp-content\/uploads\/2021\/04\/ACtC-3cGfJr72ij6s0_sy7-kP14ndmLY20q5CU67tBoAyAw1YpzRYYq59xJiDFUemrTaBSPl5aw6THEk9vjB9aHCSKBMcfyvikhy_NBat3fRieuViWMmDPMj9lJiErZKm2ZBXcdCMpQsNOv2UDfLKL-iba0Ew1168-h876-no-1024x768.jpg\" loading=\"lazy\" width=\"1024\" height=\"768\" src=\"http:\/\/montceautriathlon.com\/blog\/wp-content\/uploads\/2021\/04\/ACtC-3cGfJr72ij6s0_sy7-kP14ndmLY20q5CU67tBoAyAw1YpzRYYq59xJiDFUemrTaBSPl5aw6THEk9vjB9aHCSKBMcfyvikhy_NBat3fRieuViWMmDPMj9lJiErZKm2ZBXcdCMpQsNOv2UDfLKL-iba0Ew1168-h876-no-1024x768.jpg\" alt=\"\" data-id=\"4018\" data-full-url=\"http:\/\/montceautriathlon.com\/blog\/wp-content\/uploads\/2021\/04\/ACtC-3cGfJr72ij6s0_sy7-kP14ndmLY20q5CU67tBoAyAw1YpzRYYq59xJiDFUemrTaBSPl5aw6THEk9vjB9aHCSKBMcfyvikhy_NBat3fRieuViWMmDPMj9lJiErZKm2ZBXcdCMpQsNOv2UDfLKL-iba0Ew1168-h876-no.jpg\" data-link=\"http:\/\/montceautriathlon.com\/blog\/?attachment_id=4018\" class=\"wp-image-4018\" srcset=\"https:\/\/www.montceautriathlon.com\/blog\/wp-content\/uploads\/2021\/04\/ACtC-3cGfJr72ij6s0_sy7-kP14ndmLY20q5CU67tBoAyAw1YpzRYYq59xJiDFUemrTaBSPl5aw6THEk9vjB9aHCSKBMcfyvikhy_NBat3fRieuViWMmDPMj9lJiErZKm2ZBXcdCMpQsNOv2UDfLKL-iba0Ew1168-h876-no-1024x768.jpg 1024w, https:\/\/www.montceautriathlon.com\/blog\/wp-content\/uploads\/2021\/04\/ACtC-3cGfJr72ij6s0_sy7-kP14ndmLY20q5CU67tBoAyAw1YpzRYYq59xJiDFUemrTaBSPl5aw6THEk9vjB9aHCSKBMcfyvikhy_NBat3fRieuViWMmDPMj9lJiErZKm2ZBXcdCMpQsNOv2UDfLKL-iba0Ew1168-h876-no-300x225.jpg 300w, https:\/\/www.montceautriathlon.com\/blog\/wp-content\/uploads\/2021\/04\/ACtC-3cGfJr72ij6s0_sy7-kP14ndmLY20q5CU67tBoAyAw1YpzRYYq59xJiDFUemrTaBSPl5aw6THEk9vjB9aHCSKBMcfyvikhy_NBat3fRieuViWMmDPMj9lJiErZKm2ZBXcdCMpQsNOv2UDfLKL-iba0Ew1168-h876-no-768x576.jpg 768w, https:\/\/www.montceautriathlon.com\/blog\/wp-content\/uploads\/2021\/04\/ACtC-3cGfJr72ij6s0_sy7-kP14ndmLY20q5CU67tBoAyAw1YpzRYYq59xJiDFUemrTaBSPl5aw6THEk9vjB9aHCSKBMcfyvikhy_NBat3fRieuViWMmDPMj9lJiErZKm2ZBXcdCMpQsNOv2UDfLKL-iba0Ew1168-h876-no.jpg 1168w\" sizes=\"(max-width: 1024px) 100vw, 1024px\" \/><\/a><\/figure><\/li><li class=\"blocks-gallery-item\"><figure><a href=\"http:\/\/montceautriathlon.com\/blog\/wp-content\/uploads\/2021\/04\/20210423_153625-scaled.jpg\"><img data-attachment-id=\"4017\" data-permalink=\"https:\/\/www.montceautriathlon.com\/blog\/2021\/04\/28\/retour-sur-les-vacances-de-printemps-2021\/20210423_153625\/\" data-orig-file=\"https:\/\/www.montceautriathlon.com\/blog\/wp-content\/uploads\/2021\/04\/20210423_153625-scaled.jpg\" data-orig-size=\"2560,1920\" data-comments-opened=\"1\" data-image-meta=\"{&quot;aperture&quot;:&quot;1.8&quot;,&quot;credit&quot;:&quot;&quot;,&quot;camera&quot;:&quot;SM-G9880&quot;,&quot;caption&quot;:&quot;&quot;,&quot;created_timestamp&quot;:&quot;1619192185&quot;,&quot;copyright&quot;:&quot;&quot;,&quot;focal_length&quot;:&quot;7&quot;,&quot;iso&quot;:&quot;16&quot;,&quot;shutter_speed&quot;:&quot;0.0010204081632653&quot;,&quot;title&quot;:&quot;&quot;,&quot;orientation&quot;:&quot;1&quot;}\" data-image-title=\"20210423_153625\" data-image-description=\"\" data-image-caption=\"\" data-medium-file=\"https:\/\/www.montceautriathlon.com\/blog\/wp-content\/uploads\/2021\/04\/20210423_153625-300x225.jpg\" data-large-file=\"https:\/\/www.montceautriathlon.com\/blog\/wp-content\/uploads\/2021\/04\/20210423_153625-1024x768.jpg\" loading=\"lazy\" width=\"1024\" height=\"768\" src=\"http:\/\/montceautriathlon.com\/blog\/wp-content\/uploads\/2021\/04\/20210423_153625-1024x768.jpg\" alt=\"\" data-id=\"4017\" data-full-url=\"http:\/\/montceautriathlon.com\/blog\/wp-content\/uploads\/2021\/04\/20210423_153625-scaled.jpg\" data-link=\"http:\/\/montceautriathlon.com\/blog\/?attachment_id=4017\" class=\"wp-image-4017\" srcset=\"https:\/\/www.montceautriathlon.com\/blog\/wp-content\/uploads\/2021\/04\/20210423_153625-1024x768.jpg 1024w, https:\/\/www.montceautriathlon.com\/blog\/wp-content\/uploads\/2021\/04\/20210423_153625-300x225.jpg 300w, https:\/\/www.montceautriathlon.com\/blog\/wp-content\/uploads\/2021\/04\/20210423_153625-768x576.jpg 768w, https:\/\/www.montceautriathlon.com\/blog\/wp-content\/uploads\/2021\/04\/20210423_153625-1536x1152.jpg 1536w, https:\/\/www.montceautriathlon.com\/blog\/wp-content\/uploads\/2021\/04\/20210423_153625-2048x1536.jpg 2048w\" sizes=\"(max-width: 1024px) 100vw, 1024px\" \/><\/a><\/figure><\/li><\/ul><\/figure>\n\n\n\n<figure class=\"wp-block-gallery columns-1 is-cropped\"><ul data-carousel-extra='{\"blog_id\":1,\"permalink\":\"https:\\\/\\\/www.montceautriathlon.com\\\/blog\\\/2021\\\/04\\\/28\\\/retour-sur-les-vacances-de-printemps-2021\\\/\"}' class=\"blocks-gallery-grid\"><li class=\"blocks-gallery-item\"><figure><a href=\"http:\/\/montceautriathlon.com\/blog\/wp-content\/uploads\/2021\/04\/IMG-20210413-WA0009.jpg\"><img data-attachment-id=\"4023\" data-permalink=\"https:\/\/www.montceautriathlon.com\/blog\/2021\/04\/28\/retour-sur-les-vacances-de-printemps-2021\/img-20210413-wa0009\/\" data-orig-file=\"https:\/\/www.montceautriathlon.com\/blog\/wp-content\/uploads\/2021\/04\/IMG-20210413-WA0009.jpg\" data-orig-size=\"1600,1200\" data-comments-opened=\"1\" data-image-meta=\"{&quot;aperture&quot;:&quot;0&quot;,&quot;credit&quot;:&quot;&quot;,&quot;camera&quot;:&quot;&quot;,&quot;caption&quot;:&quot;&quot;,&quot;created_timestamp&quot;:&quot;0&quot;,&quot;copyright&quot;:&quot;&quot;,&quot;focal_length&quot;:&quot;0&quot;,&quot;iso&quot;:&quot;0&quot;,&quot;shutter_speed&quot;:&quot;0&quot;,&quot;title&quot;:&quot;&quot;,&quot;orientation&quot;:&quot;0&quot;}\" data-image-title=\"IMG-20210413-WA0009\" data-image-description=\"\" data-image-caption=\"\" data-medium-file=\"https:\/\/www.montceautriathlon.com\/blog\/wp-content\/uploads\/2021\/04\/IMG-20210413-WA0009-300x225.jpg\" data-large-file=\"https:\/\/www.montceautriathlon.com\/blog\/wp-content\/uploads\/2021\/04\/IMG-20210413-WA0009-1024x768.jpg\" loading=\"lazy\" width=\"1024\" height=\"768\" src=\"http:\/\/montceautriathlon.com\/blog\/wp-content\/uploads\/2021\/04\/IMG-20210413-WA0009-1024x768.jpg\" alt=\"\" data-id=\"4023\" data-full-url=\"http:\/\/montceautriathlon.com\/blog\/wp-content\/uploads\/2021\/04\/IMG-20210413-WA0009.jpg\" data-link=\"http:\/\/montceautriathlon.com\/blog\/?attachment_id=4023\" class=\"wp-image-4023\" srcset=\"https:\/\/www.montceautriathlon.com\/blog\/wp-content\/uploads\/2021\/04\/IMG-20210413-WA0009-1024x768.jpg 1024w, https:\/\/www.montceautriathlon.com\/blog\/wp-content\/uploads\/2021\/04\/IMG-20210413-WA0009-300x225.jpg 300w, https:\/\/www.montceautriathlon.com\/blog\/wp-content\/uploads\/2021\/04\/IMG-20210413-WA0009-768x576.jpg 768w, https:\/\/www.montceautriathlon.com\/blog\/wp-content\/uploads\/2021\/04\/IMG-20210413-WA0009-1536x1152.jpg 1536w, https:\/\/www.montceautriathlon.com\/blog\/wp-content\/uploads\/2021\/04\/IMG-20210413-WA0009.jpg 1600w\" sizes=\"(max-width: 1024px) 100vw, 1024px\" \/><\/a><\/figure><\/li><\/ul><\/figure>\n\n\n\n<p><\/p>\n\n\n\n<p><\/p>\n","protected":false},"excerpt":{"rendered":"<p>Les jeunes de l&rsquo;Ecole de Triathlon ont particip\u00e9 \u00e0 des entrainements pendant les deux semaines de vacances scolaires. La natation \u00e9tant toujours interdite, les \u00e9ducateurs ont propos\u00e9 d&rsquo;autres activit\u00e9s: &#8211; pour les plus jeunes: VTT, duathlon, Bike and Run, course \u00e0 pied, course d&rsquo;orientation &#8211; pour les ados: sortie v\u00e9lo et VTT, enchainement v\u00e9lo\/cap, Bike [&hellip;]<\/p>\n","protected":false},"author":5,"featured_media":4018,"comment_status":"open","ping_status":"open","sticky":false,"template":"","format":"standard","meta":{"spay_email":"","jetpack_publicize_message":"","jetpack_is_tweetstorm":false},"categories":[1],"tags":[],"jetpack_featured_media_url":"https:\/\/www.montceautriathlon.com\/blog\/wp-content\/uploads\/2021\/04\/ACtC-3cGfJr72ij6s0_sy7-kP14ndmLY20q5CU67tBoAyAw1YpzRYYq59xJiDFUemrTaBSPl5aw6THEk9vjB9aHCSKBMcfyvikhy_NBat3fRieuViWMmDPMj9lJiErZKm2ZBXcdCMpQsNOv2UDfLKL-iba0Ew1168-h876-no.jpg","jetpack_publicize_connections":[],"jetpack_sharing_enabled":true,"jetpack_shortlink":"https:\/\/wp.me\/p8bwIy-12J","jetpack-related-posts":[{"id":5434,"url":"https:\/\/www.montceautriathlon.com\/blog\/2022\/11\/02\/retour-sur-une-belle-semaine-ensoleillee-de-stage-au-sein-de-lecole-de-triathlon\/","url_meta":{"origin":4013,"position":0},"title":"Retour sur une belle semaine ensoleill\u00e9e de stage au sein de l&rsquo;\u00e9cole de triathlon.","date":"2 novembre 2022","format":false,"excerpt":"Les ados se sont retrouv\u00e9s pour diverses activit\u00e9s : sortie v\u00e9lo de route, bike and run, course d'orientation, sortie VTT et sports collectifs (basket, ultimate). Les plus jeunes quant \u00e0 eux se sont essay\u00e9s pour la premi\u00e8re fois pour certains d'entre eux \u00e0 la course d'orientation, au bike and run\u2026","rel":"","context":"Dans &quot;Non class\u00e9&quot;","img":{"alt_text":"","src":"https:\/\/i1.wp.com\/www.montceautriathlon.com\/blog\/wp-content\/uploads\/2022\/11\/IMG_9062-scaled.jpeg?resize=350%2C200&ssl=1","width":350,"height":200},"classes":[]},{"id":4669,"url":"https:\/\/www.montceautriathlon.com\/blog\/2021\/11\/02\/stage-club-de-lecole-de-triathlon\/","url_meta":{"origin":4013,"position":1},"title":"Stage club de l&rsquo;\u00e9cole de triathlon","date":"2 novembre 2021","format":false,"excerpt":"Petit retour sur le stage de l'\u00e9cole de triathlon lors de la 1e semaine des vacances de la Toussaint.Les jeunes mini poussins, poussins et pupilles se sont retrouv\u00e9s les matins pour de la course d'orientation, du bike and run, de la course \u00e0 pied, des jeux collectifs et \u00e0 chaque\u2026","rel":"","context":"Dans &quot;Non class\u00e9&quot;","img":{"alt_text":"","src":"https:\/\/i1.wp.com\/www.montceautriathlon.com\/blog\/wp-content\/uploads\/2021\/11\/IMG_3588.jpg?resize=350%2C200&ssl=1","width":350,"height":200},"classes":[]},{"id":3267,"url":"https:\/\/www.montceautriathlon.com\/blog\/2019\/10\/16\/entrainements-vacances-de-toussaint-et-dates-a-retenir\/","url_meta":{"origin":4013,"position":2},"title":"entra\u00eenements vacances de Toussaint et dates \u00e0 retenir","date":"16 octobre 2019","format":false,"excerpt":"1\u00e8re semaine des vacances (du 21 au 27 octobre): Les jeunes (mini poussin \u00e0 benjamin): pas d'entrainement Les ados (minimes \u00e0 juniors): mardi : cap de 18h30 \u00e0 19h30 \u00a0 \u00a0 \u00a0 \u00a0 \u00a0 \u00a0 \u00a0 \u00a0 \u00a0 \u00a0 \u00a0 \u00a0 \u00a0 \u00a0 \u00a0 \u00a0 \u00a0 \u00a0 \u00a0 \u00a0 \u00a0\u2026","rel":"","context":"Dans &quot;Non class\u00e9&quot;","img":{"alt_text":"","src":"","width":0,"height":0},"classes":[]},{"id":6406,"url":"https:\/\/www.montceautriathlon.com\/blog\/2023\/10\/30\/clap-de-fin\/","url_meta":{"origin":4013,"position":3},"title":"Clap de fin","date":"30 octobre 2023","format":false,"excerpt":"La semaine de stage pour les jeunes de l'\u00e9cole de triathlon s'ach\u00e8ve. Les adolescents se sont retrouv\u00e9s tous les matins de la semaine au bord de la piscine pour 1h30 d'entra\u00eenement. Ils ont ensuite encha\u00een\u00e9 des activit\u00e9s vari\u00e9es (modifi\u00e9es selon la m\u00e9t\u00e9o): course \u00e0 pied, VTT, bike and run, encha\u00eenement\u2026","rel":"","context":"Dans &quot;Non class\u00e9&quot;","img":{"alt_text":"","src":"https:\/\/i0.wp.com\/www.montceautriathlon.com\/blog\/wp-content\/uploads\/2023\/10\/6232020795775846693.jpg?resize=350%2C200&ssl=1","width":350,"height":200},"classes":[]},{"id":5221,"url":"https:\/\/www.montceautriathlon.com\/blog\/2022\/09\/05\/cest-la-rentree-reprise-des-entrainements\/","url_meta":{"origin":4013,"position":4},"title":"C&rsquo;est la rentr\u00e9e !                                              reprise des entrainements !","date":"5 septembre 2022","format":false,"excerpt":"Reprise des entrainements CAP ce mardi 6 septembre \u00e0 18h30(horaire habituel) devant l'entr\u00e9e du stade Jean Bouveri c\u00f4t\u00e9 lac. Comme d'hab ! s'encha\u00eeneront v\u00e9lo et VTT ensuite en fin de semaine (voir ci-dessous) Pour les personnes int\u00e9ress\u00e9es par le triathlon et ses disciplines encha\u00een\u00e9es, c'est l'occasion de prendre contact avec\u2026","rel":"","context":"Dans &quot;Non class\u00e9&quot;","img":{"alt_text":"","src":"https:\/\/i1.wp.com\/www.montceautriathlon.com\/blog\/wp-content\/uploads\/2022\/09\/IMG-20220903-WA0002.jpg?resize=350%2C200&ssl=1","width":350,"height":200},"classes":[]},{"id":1800,"url":"https:\/\/www.montceautriathlon.com\/blog\/2018\/03\/13\/stage-jeunes-du-cub-vacances-de-fevrier\/","url_meta":{"origin":4013,"position":5},"title":"stage jeunes du club vacances de f\u00e9vrier","date":"13 mars 2018","format":false,"excerpt":"Petit retour sur les vacances, Nos petits loulous ne se sont pas repos\u00e9s tous les jours durant leurs vacances puisque le vendredi 23 f\u00e9vrier et le samedi 24 f\u00e9vrier ils \u00e9taient convi\u00e9s \u00e0 passer leurs journ\u00e9es \u00e0 l'entra\u00eenement mais pas seulement...\u00a0 C'\u00e9tait aussi un moment pour se retrouver entre copains\u2026","rel":"","context":"Dans &quot;Non class\u00e9&quot;","img":{"alt_text":"","src":"","width":0,"height":0},"classes":[]}],"_links":{"self":[{"href":"https:\/\/www.montceautriathlon.com\/blog\/wp-json\/wp\/v2\/posts\/4013"}],"collection":[{"href":"https:\/\/www.montceautriathlon.com\/blog\/wp-json\/wp\/v2\/posts"}],"about":[{"href":"https:\/\/www.montceautriathlon.com\/blog\/wp-json\/wp\/v2\/types\/post"}],"author":[{"embeddable":true,"href":"https:\/\/www.montceautriathlon.com\/blog\/wp-json\/wp\/v2\/users\/5"}],"replies":[{"embeddable":true,"href":"https:\/\/www.montceautriathlon.com\/blog\/wp-json\/wp\/v2\/comments?post=4013"}],"version-history":[{"count":6,"href":"https:\/\/www.montceautriathlon.com\/blog\/wp-json\/wp\/v2\/posts\/4013\/revisions"}],"predecessor-version":[{"id":4026,"href":"https:\/\/www.montceautriathlon.com\/blog\/wp-json\/wp\/v2\/posts\/4013\/revisions\/4026"}],"wp:featuredmedia":[{"embeddable":true,"href":"https:\/\/www.montceautriathlon.com\/blog\/wp-json\/wp\/v2\/media\/4018"}],"wp:attachment":[{"href":"https:\/\/www.montceautriathlon.com\/blog\/wp-json\/wp\/v2\/media?parent=4013"}],"wp:term":[{"taxonomy":"category","embeddable":true,"href":"https:\/\/www.montceautriathlon.com\/blog\/wp-json\/wp\/v2\/categories?post=4013"},{"taxonomy":"post_tag","embeddable":true,"href":"https:\/\/www.montceautriathlon.com\/blog\/wp-json\/wp\/v2\/tags?post=4013"}],"curies":[{"name":"wp","href":"https:\/\/api.w.org\/{rel}","templated":true}]}}