{"id":3887,"date":"2020-09-30T10:45:42","date_gmt":"2020-09-30T09:45:42","guid":{"rendered":"http:\/\/montceautriathlon.com\/blog\/?p=3887"},"modified":"2020-09-30T10:45:42","modified_gmt":"2020-09-30T09:45:42","slug":"27-09-2020-cross-duathlon-de-chenove-motives-ces-jeunes","status":"publish","type":"post","link":"https:\/\/www.montceautriathlon.com\/blog\/2020\/09\/30\/27-09-2020-cross-duathlon-de-chenove-motives-ces-jeunes\/","title":{"rendered":"27\/09\/2020, cross duathlon de Chen\u00f4ve : motiv\u00e9s ces jeunes !"},"content":{"rendered":"<p><a href=\"http:\/\/montceautriathlon.com\/blog\/wp-content\/uploads\/2020\/09\/1601299245.jpg\"><img data-attachment-id=\"3888\" data-permalink=\"https:\/\/www.montceautriathlon.com\/blog\/2020\/09\/30\/27-09-2020-cross-duathlon-de-chenove-motives-ces-jeunes\/attachment\/1601299245\/\" data-orig-file=\"https:\/\/www.montceautriathlon.com\/blog\/wp-content\/uploads\/2020\/09\/1601299245.jpg\" data-orig-size=\"107,150\" data-comments-opened=\"1\" data-image-meta=\"{&quot;aperture&quot;:&quot;0&quot;,&quot;credit&quot;:&quot;&quot;,&quot;camera&quot;:&quot;&quot;,&quot;caption&quot;:&quot;&quot;,&quot;created_timestamp&quot;:&quot;0&quot;,&quot;copyright&quot;:&quot;&quot;,&quot;focal_length&quot;:&quot;0&quot;,&quot;iso&quot;:&quot;0&quot;,&quot;shutter_speed&quot;:&quot;0&quot;,&quot;title&quot;:&quot;&quot;,&quot;orientation&quot;:&quot;0&quot;}\" data-image-title=\"1601299245\" data-image-description=\"\" data-image-caption=\"\" data-medium-file=\"https:\/\/www.montceautriathlon.com\/blog\/wp-content\/uploads\/2020\/09\/1601299245.jpg\" data-large-file=\"https:\/\/www.montceautriathlon.com\/blog\/wp-content\/uploads\/2020\/09\/1601299245.jpg\" loading=\"lazy\" class=\"size-full wp-image-3888 alignleft\" src=\"http:\/\/montceautriathlon.com\/blog\/wp-content\/uploads\/2020\/09\/1601299245.jpg\" alt=\"\" width=\"107\" height=\"150\" \/><\/a>Marius Grivault, une nouvelle fois sur le podium du XS (3\u00e8me), Antoine Ballet jamais bien loin (5\u00e8me), voulaient pr\u00e9parer les championnats de France de duathlon pour lesquels ils \u00e9taient qualifi\u00e9s. Une belle course de nos deux comp\u00e8res sous la pluie battante et malheureusement plus de France DU \u00e0 Noyon, annul\u00e9s par la Covid 19 !<\/p>\n<p>El\u00e9a B\u00e9rardan sur la plus haute marche du\u00a0 podium de la course jeunes en pupilles F et Paul Cillo\u00a0 tr\u00e8s pr\u00e8s du podium \u00e9galement en pupilles G (4\u00e8me ) auront su tirer leur \u00e9pingle du jeu !<\/p>\n<p>Bravo \u00e0 ces jeunes courageux !<\/p>\n<p>les r\u00e9sultats complets ici : <a href=\"http:\/\/montceautriathlon.com\/blog\/wp-content\/uploads\/2020\/09\/jeunes-Chenove.xlsx\" target=\"_blank\" rel=\"noopener\">jeunes Chenove<\/a>\u00a0\u00a0\u00a0\u00a0\u00a0\u00a0 <a href=\"http:\/\/montceautriathlon.com\/blog\/wp-content\/uploads\/2020\/09\/XS-Chenove.xlsx\" target=\"_blank\" rel=\"noopener\">XS Chenove<\/a><\/p>\n","protected":false},"excerpt":{"rendered":"<p>Marius Grivault, une nouvelle fois sur le podium du XS (3\u00e8me), Antoine Ballet jamais bien loin (5\u00e8me), voulaient pr\u00e9parer les championnats de France de duathlon pour lesquels ils \u00e9taient qualifi\u00e9s. Une belle course de nos deux comp\u00e8res sous la pluie battante et malheureusement plus de France DU \u00e0 Noyon, annul\u00e9s par la Covid 19 ! [&hellip;]<\/p>\n","protected":false},"author":5,"featured_media":0,"comment_status":"open","ping_status":"open","sticky":false,"template":"","format":"standard","meta":{"spay_email":"","jetpack_publicize_message":"","jetpack_is_tweetstorm":false},"categories":[1],"tags":[],"jetpack_featured_media_url":"","jetpack_publicize_connections":[],"jetpack_sharing_enabled":true,"jetpack_shortlink":"https:\/\/wp.me\/p8bwIy-10H","jetpack-related-posts":[{"id":4606,"url":"https:\/\/www.montceautriathlon.com\/blog\/2021\/10\/03\/cross-duathlon-de-chenove-4-jeunes-4-podiums\/","url_meta":{"origin":3887,"position":0},"title":"Cross duathlon de Chen\u00f4ve : 4 jeunes, 4 podiums !","date":"3 octobre 2021","format":false,"excerpt":"Le cross duathlon de Chen\u00f4ve \u00e9tait support des championnats de Bourgogne Franche Comt\u00e9 de duathlon et les deux fratries engag\u00e9es ne se seront pas d\u00e9plac\u00e9es pour rien ! Sur le XS Jeanne s'impose chez les f\u00e9minines et devient championne de Bourgogne, Marine 2\u00e8me et premi\u00e8re cadette. Un beau doubl\u00e9 pour\u2026","rel":"","context":"Dans &quot;Non class\u00e9&quot;","img":{"alt_text":"","src":"https:\/\/i0.wp.com\/www.montceautriathlon.com\/blog\/wp-content\/uploads\/2021\/10\/cross-du-4.jpg?resize=350%2C200&ssl=1","width":350,"height":200},"classes":[]},{"id":5317,"url":"https:\/\/www.montceautriathlon.com\/blog\/2022\/10\/04\/florilege-de-competitions-depuis-septembre-le-club-visible-un-peu-partout-et-deja-a-hawai\/","url_meta":{"origin":3887,"position":1},"title":"floril\u00e8ge de comp\u00e9titions depuis septembre : le club visible un peu partout et d\u00e9j\u00e0 \u00e0 Hawa\u00ef !","date":"4 octobre 2022","format":false,"excerpt":"Depuis le d\u00e9but de l'automne, les triathl\u00e8tes montcelliens se sont retrouv\u00e9s sur diff\u00e9rentes \u00e9preuves. le 11 septembre, Claude Monnet a rejoint Olivier Grivaut sur le triathlon 99.9 de Leucate pr\u00e8s de Narbonne et monte sur la 3\u00e8me marche du podium masters ! Le 17 septembre, Fabienne et Eric Vaudelin s'alignent\u2026","rel":"","context":"Dans &quot;Non class\u00e9&quot;","img":{"alt_text":"","src":"https:\/\/i0.wp.com\/www.montceautriathlon.com\/blog\/wp-content\/uploads\/2022\/10\/IMG-20221004-WA0002.jpg?resize=350%2C200&ssl=1","width":350,"height":200},"classes":[]},{"id":8216,"url":"https:\/\/www.montceautriathlon.com\/blog\/2025\/09\/28\/dimanche-28-septembre-les-triathletes-courent-en-saone-et-loire-et-en-cote-dor\/","url_meta":{"origin":3887,"position":2},"title":"Dimanche 28 septembre: les triathl\u00e8tes courent en Sa\u00f4ne et Loire et en Cote d&rsquo;Or","date":"28 septembre 2025","format":false,"excerpt":"Ce dimanche avait lieu le cross duathlon de Chen\u00f4ve. Seuls 2 jeunes ont fait le d\u00e9placement et ont pu courir sous le soleil. Jules Vendramini termine 34e au scratch de la course 10\/13 ans et se classe 9e pupille. Simon Devoille monte sur la 3e marche du podium sur la\u2026","rel":"","context":"Dans &quot;Non class\u00e9&quot;","img":{"alt_text":"","src":"https:\/\/i0.wp.com\/www.montceautriathlon.com\/blog\/wp-content\/uploads\/2025\/09\/7478946659318170698.jpg?resize=350%2C200&ssl=1","width":350,"height":200},"classes":[]},{"id":7273,"url":"https:\/\/www.montceautriathlon.com\/blog\/2025\/01\/12\/bike-and-run-de-chenove-et-corrida-de-buxy\/","url_meta":{"origin":3887,"position":3},"title":"Bike and run  de Chenove et corrida de Buxy","date":"12 janvier 2025","format":false,"excerpt":"Par ce week end tr\u00e8s frais, certains licenci\u00e9s courraient \u00e0 Buxy alors que d'autres \u00e9taient \u00e0 Chenove pour le bike and run. BIKE AND RUN DE CHENOVE C'est sous un beau soleil hivernal que la journ\u00e9e s'est termin\u00e9e. Les jeunes et moins jeunes \u00e9taient pr\u00e9sents \u00e0 Chenove pour le premier\u2026","rel":"","context":"Dans &quot;Non class\u00e9&quot;","img":{"alt_text":"","src":"https:\/\/i0.wp.com\/www.montceautriathlon.com\/blog\/wp-content\/uploads\/2025\/01\/897126307000611409.jpg?resize=350%2C200&ssl=1","width":350,"height":200},"classes":[]},{"id":2663,"url":"https:\/\/www.montceautriathlon.com\/blog\/2019\/03\/26\/24-03-19-duathlon-de-macon-debut-de-saison-et-plein-demotions\/","url_meta":{"origin":3887,"position":4},"title":"24\/03\/19, Duathlon de M\u00e2con : d\u00e9but de saison et plein d&rsquo;\u00e9motions !","date":"26 mars 2019","format":false,"excerpt":"M\u00e2con \u00e9tait ce dimanche lieu des Championnats de Bourgogne Franche Comt\u00e9 de Duathlon toutes cat\u00e9gories et \u00e9preuve s\u00e9lective au Championnat de France de Duathlon Jeunes,\u00a0 \u00e0 la Coupe de France des clubs et \u00e0 la demi-finale des championnats de France de D2 f\u00e9minine et D3 masculine. Le printemps et son\u2026","rel":"","context":"Dans &quot;Non class\u00e9&quot;","img":{"alt_text":"","src":"https:\/\/i0.wp.com\/montceautriathlon.com\/blog\/wp-content\/uploads\/2019\/03\/Duathlon-Macon-03-19-38-300x225.jpg?resize=350%2C200","width":350,"height":200},"classes":[]},{"id":3394,"url":"https:\/\/www.montceautriathlon.com\/blog\/2020\/01\/13\/12-01-2020-bike-run-chenove-2020-et-non-2000vain-ca-commence-bien\/","url_meta":{"origin":3887,"position":5},"title":"12\/01\/2020, Bike &#038; run Chen\u00f4ve : 2020 et non 2000vain! \u00e7a commence bien !!","date":"13 janvier 2020","format":false,"excerpt":"Neuf \u00e9quipes du club ont fait le d\u00e9placement ce dimanche \u00e0 Chen\u00f4ve. Quatre adultes et cinq jeunes avec de bons r\u00e9sultats \u00e0 la clef. en J1, nos Triranausores(L\u00e9a et Titouan) ont toujours les crocs et\u00a0 continuent leur moisson de podiums en gagnant \u00e0 nouveau leur \u00e9preuve. Les Licornes(Axelle et Sarah)\u2026","rel":"","context":"Dans &quot;Non class\u00e9&quot;","img":{"alt_text":"","src":"","width":0,"height":0},"classes":[]}],"_links":{"self":[{"href":"https:\/\/www.montceautriathlon.com\/blog\/wp-json\/wp\/v2\/posts\/3887"}],"collection":[{"href":"https:\/\/www.montceautriathlon.com\/blog\/wp-json\/wp\/v2\/posts"}],"about":[{"href":"https:\/\/www.montceautriathlon.com\/blog\/wp-json\/wp\/v2\/types\/post"}],"author":[{"embeddable":true,"href":"https:\/\/www.montceautriathlon.com\/blog\/wp-json\/wp\/v2\/users\/5"}],"replies":[{"embeddable":true,"href":"https:\/\/www.montceautriathlon.com\/blog\/wp-json\/wp\/v2\/comments?post=3887"}],"version-history":[{"count":3,"href":"https:\/\/www.montceautriathlon.com\/blog\/wp-json\/wp\/v2\/posts\/3887\/revisions"}],"predecessor-version":[{"id":3894,"href":"https:\/\/www.montceautriathlon.com\/blog\/wp-json\/wp\/v2\/posts\/3887\/revisions\/3894"}],"wp:attachment":[{"href":"https:\/\/www.montceautriathlon.com\/blog\/wp-json\/wp\/v2\/media?parent=3887"}],"wp:term":[{"taxonomy":"category","embeddable":true,"href":"https:\/\/www.montceautriathlon.com\/blog\/wp-json\/wp\/v2\/categories?post=3887"},{"taxonomy":"post_tag","embeddable":true,"href":"https:\/\/www.montceautriathlon.com\/blog\/wp-json\/wp\/v2\/tags?post=3887"}],"curies":[{"name":"wp","href":"https:\/\/api.w.org\/{rel}","templated":true}]}}