{"id":3885,"date":"2020-09-29T14:03:13","date_gmt":"2020-09-29T13:03:13","guid":{"rendered":"http:\/\/montceautriathlon.com\/blog\/?p=3885"},"modified":"2020-09-29T14:03:13","modified_gmt":"2020-09-29T13:03:13","slug":"29-09-2020-annulation-du-cross-duathlon-de-la-pyramide","status":"publish","type":"post","link":"https:\/\/www.montceautriathlon.com\/blog\/2020\/09\/29\/29-09-2020-annulation-du-cross-duathlon-de-la-pyramide\/","title":{"rendered":"29 \/09\/ 2020 \/ Annulation du Cross Duathlon de la Pyramide"},"content":{"rendered":"<p>Le Cross Duathlon de la Pyramide du 18 octobre, en raison de nouvelles incertitudes li\u00e9es aux \u00e9ventuelles mesures par rapport aux rassemblements sur la voie publique, n&rsquo;aura pas lieu. D\u00e9cision prise par le Comit\u00e9 Directeur du club ce lundi 28 septembre. Le manque de visibilit\u00e9 sur cette p\u00e9riode annonc\u00e9e critique ne nous a pas incit\u00e9 \u00e0 poursuivre dans son organisation.<\/p>\n","protected":false},"excerpt":{"rendered":"<p>Le Cross Duathlon de la Pyramide du 18 octobre, en raison de nouvelles incertitudes li\u00e9es aux \u00e9ventuelles mesures par rapport aux rassemblements sur la voie publique, n&rsquo;aura pas lieu. D\u00e9cision prise par le Comit\u00e9 Directeur du club ce lundi 28 septembre. Le manque de visibilit\u00e9 sur cette p\u00e9riode annonc\u00e9e critique ne nous a pas incit\u00e9 [&hellip;]<\/p>\n","protected":false},"author":5,"featured_media":0,"comment_status":"open","ping_status":"open","sticky":false,"template":"","format":"standard","meta":{"spay_email":"","jetpack_publicize_message":"","jetpack_is_tweetstorm":false},"categories":[1],"tags":[],"jetpack_featured_media_url":"","jetpack_publicize_connections":[],"jetpack_sharing_enabled":true,"jetpack_shortlink":"https:\/\/wp.me\/p8bwIy-10F","jetpack-related-posts":[{"id":4633,"url":"https:\/\/www.montceautriathlon.com\/blog\/2021\/10\/17\/cross-duathlon-de-la-pyramide-du-soleil-et-des-sourires\/","url_meta":{"origin":3885,"position":0},"title":"Cross duathlon de la Pyramide : du soleil et des sourires !","date":"17 octobre 2021","format":false,"excerpt":"Trois courses au programme de cette matin\u00e9e pour terminer la saison 2021 ! Malgr\u00e9 un petit d\u00e9tour \u00e0 l'entame de la course XS sur la CAP bien rattrap\u00e9 qui a un peu allong\u00e9 la distance initiale, l'ensemble des courses s'est dans l'ensemble bien d\u00e9roul\u00e9 . Une forte d\u00e9l\u00e9gation m\u00e2connaise et\u2026","rel":"","context":"Dans &quot;Non class\u00e9&quot;","img":{"alt_text":"","src":"https:\/\/i2.wp.com\/www.montceautriathlon.com\/blog\/wp-content\/uploads\/2021\/10\/AM-JKLW9cxompte0_rJp8pSB70gULt-fGQKvTw3Dk0KJUrsfupsZTIHXSOqvlAK11BpPido6qnKIqyr9OBOA8_7TYWmfbSNwxjlb8Q44rmsmDjjIP-yJCuEpd36PLaagub0AfwKMSBnijGrNewNENAV1xpSBgww1249-h832-no.jpg?resize=350%2C200&ssl=1","width":350,"height":200},"classes":[]},{"id":4606,"url":"https:\/\/www.montceautriathlon.com\/blog\/2021\/10\/03\/cross-duathlon-de-chenove-4-jeunes-4-podiums\/","url_meta":{"origin":3885,"position":1},"title":"Cross duathlon de Chen\u00f4ve : 4 jeunes, 4 podiums !","date":"3 octobre 2021","format":false,"excerpt":"Le cross duathlon de Chen\u00f4ve \u00e9tait support des championnats de Bourgogne Franche Comt\u00e9 de duathlon et les deux fratries engag\u00e9es ne se seront pas d\u00e9plac\u00e9es pour rien ! Sur le XS Jeanne s'impose chez les f\u00e9minines et devient championne de Bourgogne, Marine 2\u00e8me et premi\u00e8re cadette. Un beau doubl\u00e9 pour\u2026","rel":"","context":"Dans &quot;Non class\u00e9&quot;","img":{"alt_text":"","src":"https:\/\/i0.wp.com\/www.montceautriathlon.com\/blog\/wp-content\/uploads\/2021\/10\/cross-du-4.jpg?resize=350%2C200&ssl=1","width":350,"height":200},"classes":[]},{"id":3887,"url":"https:\/\/www.montceautriathlon.com\/blog\/2020\/09\/30\/27-09-2020-cross-duathlon-de-chenove-motives-ces-jeunes\/","url_meta":{"origin":3885,"position":2},"title":"27\/09\/2020, cross duathlon de Chen\u00f4ve : motiv\u00e9s ces jeunes !","date":"30 septembre 2020","format":false,"excerpt":"Marius Grivault, une nouvelle fois sur le podium du XS (3\u00e8me), Antoine Ballet jamais bien loin (5\u00e8me), voulaient pr\u00e9parer les championnats de France de duathlon pour lesquels ils \u00e9taient qualifi\u00e9s. Une belle course de nos deux comp\u00e8res sous la pluie battante et malheureusement plus de France DU \u00e0 Noyon, annul\u00e9s\u2026","rel":"","context":"Dans &quot;Non class\u00e9&quot;","img":{"alt_text":"","src":"","width":0,"height":0},"classes":[]},{"id":3267,"url":"https:\/\/www.montceautriathlon.com\/blog\/2019\/10\/16\/entrainements-vacances-de-toussaint-et-dates-a-retenir\/","url_meta":{"origin":3885,"position":3},"title":"entra\u00eenements vacances de Toussaint et dates \u00e0 retenir","date":"16 octobre 2019","format":false,"excerpt":"1\u00e8re semaine des vacances (du 21 au 27 octobre): Les jeunes (mini poussin \u00e0 benjamin): pas d'entrainement Les ados (minimes \u00e0 juniors): mardi : cap de 18h30 \u00e0 19h30 \u00a0 \u00a0 \u00a0 \u00a0 \u00a0 \u00a0 \u00a0 \u00a0 \u00a0 \u00a0 \u00a0 \u00a0 \u00a0 \u00a0 \u00a0 \u00a0 \u00a0 \u00a0 \u00a0 \u00a0 \u00a0\u2026","rel":"","context":"Dans &quot;Non class\u00e9&quot;","img":{"alt_text":"","src":"","width":0,"height":0},"classes":[]},{"id":3717,"url":"https:\/\/www.montceautriathlon.com\/blog\/2020\/07\/28\/26-juilletweek-end-aux-grands-parcs-succes-de-lanimation-duathlon\/","url_meta":{"origin":3885,"position":4},"title":"26 juillet,week-end aux Grands Parcs : succ\u00e8s de l&rsquo;animation duathlon","date":"28 juillet 2020","format":false,"excerpt":"Ce dimanche 26 juillet, le club a propos\u00e9 une initiation duathlon dans le cadre de l'animation propos\u00e9e par la municipalit\u00e9 de Montceau au beau milieu de la petite ferme. De nombreuses familles \u00e9taient pr\u00e9sentes sur site. Cette animation avec parcours de maniabilit\u00e9 du v\u00e9lo et mini encha\u00eenement duathlon a \u00e9t\u00e9\u2026","rel":"","context":"Dans &quot;Non class\u00e9&quot;","img":{"alt_text":"","src":"https:\/\/i1.wp.com\/montceautriathlon.com\/blog\/wp-content\/uploads\/2020\/07\/WE-GP-1-300x225.jpg?resize=350%2C200","width":350,"height":200},"classes":[]},{"id":872,"url":"https:\/\/www.montceautriathlon.com\/blog\/2016\/10\/05\/resultats-du-cross-duathlon-de-chenove-dimanche-02-septembre-2016\/","url_meta":{"origin":3885,"position":5},"title":"R\u00e9sultats du cross duathlon de Chen\u00f4ve (Dimanche 02 septembre 2016)","date":"5 octobre 2016","format":false,"excerpt":"Le cross duathlon de CHENOVE \u00e9tait\u00a0support des championnats de bourgogne de Cross duathlon 2016. Les titres ont \u00e9t\u00e9\u00a0d\u00e9cern\u00e9s pour les Minimes sur la course OPEN (format XS),\u00a0tandis que pour les cadets, juniors, seniors et Masters (v\u00e9t\u00e9ran toutes cat\u00e9gories) sur le distance S. Tous les r\u00e9sultats: S invividuel Baptiste GUEUGNEAU\u00a0: 23\/9SEM\/01:14:19\u2026","rel":"","context":"Dans &quot;Non class\u00e9&quot;","img":{"alt_text":"","src":"https:\/\/i2.wp.com\/montceautriathlon.com\/blog\/wp-content\/uploads\/2016\/10\/cross_duthlon_chenove_2016-212x300.jpg?resize=350%2C200","width":350,"height":200},"classes":[]}],"_links":{"self":[{"href":"https:\/\/www.montceautriathlon.com\/blog\/wp-json\/wp\/v2\/posts\/3885"}],"collection":[{"href":"https:\/\/www.montceautriathlon.com\/blog\/wp-json\/wp\/v2\/posts"}],"about":[{"href":"https:\/\/www.montceautriathlon.com\/blog\/wp-json\/wp\/v2\/types\/post"}],"author":[{"embeddable":true,"href":"https:\/\/www.montceautriathlon.com\/blog\/wp-json\/wp\/v2\/users\/5"}],"replies":[{"embeddable":true,"href":"https:\/\/www.montceautriathlon.com\/blog\/wp-json\/wp\/v2\/comments?post=3885"}],"version-history":[{"count":1,"href":"https:\/\/www.montceautriathlon.com\/blog\/wp-json\/wp\/v2\/posts\/3885\/revisions"}],"predecessor-version":[{"id":3886,"href":"https:\/\/www.montceautriathlon.com\/blog\/wp-json\/wp\/v2\/posts\/3885\/revisions\/3886"}],"wp:attachment":[{"href":"https:\/\/www.montceautriathlon.com\/blog\/wp-json\/wp\/v2\/media?parent=3885"}],"wp:term":[{"taxonomy":"category","embeddable":true,"href":"https:\/\/www.montceautriathlon.com\/blog\/wp-json\/wp\/v2\/categories?post=3885"},{"taxonomy":"post_tag","embeddable":true,"href":"https:\/\/www.montceautriathlon.com\/blog\/wp-json\/wp\/v2\/tags?post=3885"}],"curies":[{"name":"wp","href":"https:\/\/api.w.org\/{rel}","templated":true}]}}