{"id":3754,"date":"2020-08-25T08:41:13","date_gmt":"2020-08-25T07:41:13","guid":{"rendered":"http:\/\/montceautriathlon.com\/blog\/?p=3754"},"modified":"2020-08-25T08:41:13","modified_gmt":"2020-08-25T07:41:13","slug":"triathlon-des-settons-2020-sait-on-jamais","status":"publish","type":"post","link":"https:\/\/www.montceautriathlon.com\/blog\/2020\/08\/25\/triathlon-des-settons-2020-sait-on-jamais\/","title":{"rendered":"Triathlon des Settons 2020 : Sait-on jamais ?"},"content":{"rendered":"<p><a href=\"http:\/\/montceautriathlon.com\/blog\/wp-content\/uploads\/2020\/08\/settons-1.jpg\" target=\"_blank\" rel=\"noopener\"><img data-attachment-id=\"3758\" data-permalink=\"https:\/\/www.montceautriathlon.com\/blog\/2020\/08\/25\/triathlon-des-settons-2020-sait-on-jamais\/settons-1\/\" data-orig-file=\"https:\/\/www.montceautriathlon.com\/blog\/wp-content\/uploads\/2020\/08\/settons-1.jpg\" data-orig-size=\"949,633\" data-comments-opened=\"1\" data-image-meta=\"{&quot;aperture&quot;:&quot;0&quot;,&quot;credit&quot;:&quot;&quot;,&quot;camera&quot;:&quot;&quot;,&quot;caption&quot;:&quot;&quot;,&quot;created_timestamp&quot;:&quot;0&quot;,&quot;copyright&quot;:&quot;&quot;,&quot;focal_length&quot;:&quot;0&quot;,&quot;iso&quot;:&quot;0&quot;,&quot;shutter_speed&quot;:&quot;0&quot;,&quot;title&quot;:&quot;&quot;,&quot;orientation&quot;:&quot;0&quot;}\" data-image-title=\"settons 1\" data-image-description=\"\" data-image-caption=\"\" data-medium-file=\"https:\/\/www.montceautriathlon.com\/blog\/wp-content\/uploads\/2020\/08\/settons-1-300x200.jpg\" data-large-file=\"https:\/\/www.montceautriathlon.com\/blog\/wp-content\/uploads\/2020\/08\/settons-1.jpg\" loading=\"lazy\" class=\"alignleft wp-image-3758 size-medium\" src=\"http:\/\/montceautriathlon.com\/blog\/wp-content\/uploads\/2020\/08\/settons-1-300x200.jpg\" alt=\"\" width=\"300\" height=\"200\" srcset=\"https:\/\/www.montceautriathlon.com\/blog\/wp-content\/uploads\/2020\/08\/settons-1-300x200.jpg 300w, https:\/\/www.montceautriathlon.com\/blog\/wp-content\/uploads\/2020\/08\/settons-1-768x512.jpg 768w, https:\/\/www.montceautriathlon.com\/blog\/wp-content\/uploads\/2020\/08\/settons-1.jpg 949w\" sizes=\"(max-width: 300px) 100vw, 300px\" \/><\/a>Sentir l&rsquo;eau glisser sur la combi n\u00e9opr\u00e8ne, sentir le vent flotter sur le dossard de la\u00a0 trifonction. Voil\u00e0 ce qu&rsquo;esp\u00e9rait la trentaine de licenci\u00e9s du club qui s&rsquo;\u00e9tait inscrite sur ce triathlon encore au calendrier car il est vrai que\u00a0 l&rsquo;\u00e9t\u00e9 2020 n&rsquo;aura pas laiss\u00e9 beaucoup d&rsquo;occasions de gouter aux joies de la comp\u00e9tition. Bonne pioche ! Triathlon autoris\u00e9 avec protocole sanitaire bien entendu !<\/p>\n<p>La puce de l&rsquo;oreille \u00e0 la cheville, le masque jusqu&rsquo;au d\u00e9part dans l&rsquo;eau, la distanciation physique de cinq secondes pour se lancer dans l&rsquo;eau n&rsquo;auront pas d\u00e9courag\u00e9 jeunes et moins jeunes du club \u00e0 prendre le d\u00e9part. Attention toutefois \u00e0 ne pas confondre gel hydroalcoolique avec vaseline au moment d&rsquo;enfiler sa combinaison !!!<br \/>\nLa m\u00e9t\u00e9o un peu frisquette, les vagues sur le lac et le vent et le saut du Gouloux \u00e0 v\u00e9lo auront un peu \u00e9prouv\u00e9 le physique de chacun mais la chaleur des supporters et le cadre tr\u00e8s agr\u00e9able de ce triathlon auront quand m\u00eame s\u00e9duit les participants!<\/p>\n<p><strong>C\u00f4t\u00e9 r\u00e9sultats : <\/strong>belles performances une nouvelle fois de Marius Grivault, 3\u00e8me sur le XS, de Titouan Rondier et Paul Cillo respectivement 1er et 2\u00e8me sur l&rsquo;aquathlon jeunes pupilles, Axelle da Eira 1\u00e8re poussine sur l&rsquo;aquathlon et sa soeur Zo\u00e9 2\u00e8me en benjamine, Catherine Mauro, 3\u00e8me master f\u00e9minine sur le M et victoire du relai f\u00e9minin Sandrine Ghesqui\u00e8re et Maud Perron sur le S.<br \/>\n<em><strong>Tous les r\u00e9sultats en pdf ci-dessous.<\/strong><\/em><br \/>\nBravo \u00e0 tous et grand merci aux supporters qui avaient fait le d\u00e9placement.<br \/>\n<span style=\"color: #ff0000;\"><strong>Plein de belles photos de Christelle<\/strong><\/span> <a href=\"https:\/\/photos.app.goo.gl\/ZZcma29eh2URzV6b8\" target=\"_blank\" rel=\"noopener\">ICI<\/a><\/p>\n<p><a href=\"http:\/\/montceautriathlon.com\/blog\/wp-content\/uploads\/2020\/08\/settons-3.jpg\" target=\"_blank\" rel=\"noopener\"><img data-attachment-id=\"3760\" data-permalink=\"https:\/\/www.montceautriathlon.com\/blog\/2020\/08\/25\/triathlon-des-settons-2020-sait-on-jamais\/settons-3\/\" data-orig-file=\"https:\/\/www.montceautriathlon.com\/blog\/wp-content\/uploads\/2020\/08\/settons-3.jpg\" data-orig-size=\"949,633\" data-comments-opened=\"1\" data-image-meta=\"{&quot;aperture&quot;:&quot;0&quot;,&quot;credit&quot;:&quot;&quot;,&quot;camera&quot;:&quot;&quot;,&quot;caption&quot;:&quot;&quot;,&quot;created_timestamp&quot;:&quot;0&quot;,&quot;copyright&quot;:&quot;&quot;,&quot;focal_length&quot;:&quot;0&quot;,&quot;iso&quot;:&quot;0&quot;,&quot;shutter_speed&quot;:&quot;0&quot;,&quot;title&quot;:&quot;&quot;,&quot;orientation&quot;:&quot;0&quot;}\" data-image-title=\"settons 3\" data-image-description=\"\" data-image-caption=\"\" data-medium-file=\"https:\/\/www.montceautriathlon.com\/blog\/wp-content\/uploads\/2020\/08\/settons-3-300x200.jpg\" data-large-file=\"https:\/\/www.montceautriathlon.com\/blog\/wp-content\/uploads\/2020\/08\/settons-3.jpg\" loading=\"lazy\" class=\"alignleft wp-image-3760\" src=\"http:\/\/montceautriathlon.com\/blog\/wp-content\/uploads\/2020\/08\/settons-3-300x200.jpg\" alt=\"\" width=\"248\" height=\"165\" srcset=\"https:\/\/www.montceautriathlon.com\/blog\/wp-content\/uploads\/2020\/08\/settons-3-300x200.jpg 300w, https:\/\/www.montceautriathlon.com\/blog\/wp-content\/uploads\/2020\/08\/settons-3-768x512.jpg 768w, https:\/\/www.montceautriathlon.com\/blog\/wp-content\/uploads\/2020\/08\/settons-3.jpg 949w\" sizes=\"(max-width: 248px) 100vw, 248px\" \/><\/a><a href=\"http:\/\/montceautriathlon.com\/blog\/wp-content\/uploads\/2020\/08\/settons-2.jpg\">\u00a0<\/a><a href=\"http:\/\/montceautriathlon.com\/blog\/wp-content\/uploads\/2020\/08\/settons-2.jpg\" target=\"_blank\" rel=\"noopener\"><img data-attachment-id=\"3759\" data-permalink=\"https:\/\/www.montceautriathlon.com\/blog\/2020\/08\/25\/triathlon-des-settons-2020-sait-on-jamais\/settons-2\/\" data-orig-file=\"https:\/\/www.montceautriathlon.com\/blog\/wp-content\/uploads\/2020\/08\/settons-2.jpg\" data-orig-size=\"949,633\" data-comments-opened=\"1\" data-image-meta=\"{&quot;aperture&quot;:&quot;0&quot;,&quot;credit&quot;:&quot;&quot;,&quot;camera&quot;:&quot;&quot;,&quot;caption&quot;:&quot;&quot;,&quot;created_timestamp&quot;:&quot;0&quot;,&quot;copyright&quot;:&quot;&quot;,&quot;focal_length&quot;:&quot;0&quot;,&quot;iso&quot;:&quot;0&quot;,&quot;shutter_speed&quot;:&quot;0&quot;,&quot;title&quot;:&quot;&quot;,&quot;orientation&quot;:&quot;0&quot;}\" data-image-title=\"settons 2\" data-image-description=\"\" data-image-caption=\"\" data-medium-file=\"https:\/\/www.montceautriathlon.com\/blog\/wp-content\/uploads\/2020\/08\/settons-2-300x200.jpg\" data-large-file=\"https:\/\/www.montceautriathlon.com\/blog\/wp-content\/uploads\/2020\/08\/settons-2.jpg\" loading=\"lazy\" class=\"alignnone wp-image-3759\" src=\"http:\/\/montceautriathlon.com\/blog\/wp-content\/uploads\/2020\/08\/settons-2-300x200.jpg\" alt=\"\" width=\"254\" height=\"169\" srcset=\"https:\/\/www.montceautriathlon.com\/blog\/wp-content\/uploads\/2020\/08\/settons-2-300x200.jpg 300w, https:\/\/www.montceautriathlon.com\/blog\/wp-content\/uploads\/2020\/08\/settons-2-768x512.jpg 768w, https:\/\/www.montceautriathlon.com\/blog\/wp-content\/uploads\/2020\/08\/settons-2.jpg 949w\" sizes=\"(max-width: 254px) 100vw, 254px\" \/><\/a><a href=\"http:\/\/montceautriathlon.com\/blog\/wp-content\/uploads\/2020\/08\/IMG-20200822-WA0002.jpg\" target=\"_blank\" rel=\"noopener\"><img data-attachment-id=\"3757\" data-permalink=\"https:\/\/www.montceautriathlon.com\/blog\/2020\/08\/25\/triathlon-des-settons-2020-sait-on-jamais\/img-20200822-wa0002\/\" data-orig-file=\"https:\/\/www.montceautriathlon.com\/blog\/wp-content\/uploads\/2020\/08\/IMG-20200822-WA0002.jpg\" data-orig-size=\"1100,1599\" data-comments-opened=\"1\" data-image-meta=\"{&quot;aperture&quot;:&quot;0&quot;,&quot;credit&quot;:&quot;&quot;,&quot;camera&quot;:&quot;&quot;,&quot;caption&quot;:&quot;&quot;,&quot;created_timestamp&quot;:&quot;0&quot;,&quot;copyright&quot;:&quot;&quot;,&quot;focal_length&quot;:&quot;0&quot;,&quot;iso&quot;:&quot;0&quot;,&quot;shutter_speed&quot;:&quot;0&quot;,&quot;title&quot;:&quot;&quot;,&quot;orientation&quot;:&quot;0&quot;}\" data-image-title=\"IMG-20200822-WA0002\" data-image-description=\"\" data-image-caption=\"\" data-medium-file=\"https:\/\/www.montceautriathlon.com\/blog\/wp-content\/uploads\/2020\/08\/IMG-20200822-WA0002-206x300.jpg\" data-large-file=\"https:\/\/www.montceautriathlon.com\/blog\/wp-content\/uploads\/2020\/08\/IMG-20200822-WA0002-704x1024.jpg\" loading=\"lazy\" class=\"alignright wp-image-3757\" src=\"http:\/\/montceautriathlon.com\/blog\/wp-content\/uploads\/2020\/08\/IMG-20200822-WA0002-206x300.jpg\" alt=\"\" width=\"172\" height=\"250\" srcset=\"https:\/\/www.montceautriathlon.com\/blog\/wp-content\/uploads\/2020\/08\/IMG-20200822-WA0002-206x300.jpg 206w, https:\/\/www.montceautriathlon.com\/blog\/wp-content\/uploads\/2020\/08\/IMG-20200822-WA0002-768x1116.jpg 768w, https:\/\/www.montceautriathlon.com\/blog\/wp-content\/uploads\/2020\/08\/IMG-20200822-WA0002-704x1024.jpg 704w, https:\/\/www.montceautriathlon.com\/blog\/wp-content\/uploads\/2020\/08\/IMG-20200822-WA0002.jpg 1100w\" sizes=\"(max-width: 172px) 100vw, 172px\" \/><\/a><\/p>\n<p><a href=\"http:\/\/montceautriathlon.com\/blog\/wp-content\/uploads\/2020\/08\/settons-5.jpg\" target=\"_blank\" rel=\"noopener\"><img data-attachment-id=\"3762\" data-permalink=\"https:\/\/www.montceautriathlon.com\/blog\/2020\/08\/25\/triathlon-des-settons-2020-sait-on-jamais\/settons-5\/\" data-orig-file=\"https:\/\/www.montceautriathlon.com\/blog\/wp-content\/uploads\/2020\/08\/settons-5.jpg\" data-orig-size=\"949,633\" data-comments-opened=\"1\" data-image-meta=\"{&quot;aperture&quot;:&quot;0&quot;,&quot;credit&quot;:&quot;&quot;,&quot;camera&quot;:&quot;&quot;,&quot;caption&quot;:&quot;&quot;,&quot;created_timestamp&quot;:&quot;0&quot;,&quot;copyright&quot;:&quot;&quot;,&quot;focal_length&quot;:&quot;0&quot;,&quot;iso&quot;:&quot;0&quot;,&quot;shutter_speed&quot;:&quot;0&quot;,&quot;title&quot;:&quot;&quot;,&quot;orientation&quot;:&quot;0&quot;}\" data-image-title=\"settons 5\" data-image-description=\"\" data-image-caption=\"\" data-medium-file=\"https:\/\/www.montceautriathlon.com\/blog\/wp-content\/uploads\/2020\/08\/settons-5-300x200.jpg\" data-large-file=\"https:\/\/www.montceautriathlon.com\/blog\/wp-content\/uploads\/2020\/08\/settons-5.jpg\" loading=\"lazy\" class=\"alignnone wp-image-3762 size-medium\" src=\"http:\/\/montceautriathlon.com\/blog\/wp-content\/uploads\/2020\/08\/settons-5-300x200.jpg\" alt=\"\" width=\"300\" height=\"200\" srcset=\"https:\/\/www.montceautriathlon.com\/blog\/wp-content\/uploads\/2020\/08\/settons-5-300x200.jpg 300w, https:\/\/www.montceautriathlon.com\/blog\/wp-content\/uploads\/2020\/08\/settons-5-768x512.jpg 768w, https:\/\/www.montceautriathlon.com\/blog\/wp-content\/uploads\/2020\/08\/settons-5.jpg 949w\" sizes=\"(max-width: 300px) 100vw, 300px\" \/><\/a> <a href=\"http:\/\/montceautriathlon.com\/blog\/wp-content\/uploads\/2020\/08\/settons-4.jpg\" target=\"_blank\" rel=\"noopener\"><img data-attachment-id=\"3761\" data-permalink=\"https:\/\/www.montceautriathlon.com\/blog\/2020\/08\/25\/triathlon-des-settons-2020-sait-on-jamais\/settons-4\/\" data-orig-file=\"https:\/\/www.montceautriathlon.com\/blog\/wp-content\/uploads\/2020\/08\/settons-4.jpg\" data-orig-size=\"949,633\" data-comments-opened=\"1\" data-image-meta=\"{&quot;aperture&quot;:&quot;0&quot;,&quot;credit&quot;:&quot;&quot;,&quot;camera&quot;:&quot;&quot;,&quot;caption&quot;:&quot;&quot;,&quot;created_timestamp&quot;:&quot;0&quot;,&quot;copyright&quot;:&quot;&quot;,&quot;focal_length&quot;:&quot;0&quot;,&quot;iso&quot;:&quot;0&quot;,&quot;shutter_speed&quot;:&quot;0&quot;,&quot;title&quot;:&quot;&quot;,&quot;orientation&quot;:&quot;0&quot;}\" data-image-title=\"settons 4\" data-image-description=\"\" data-image-caption=\"\" data-medium-file=\"https:\/\/www.montceautriathlon.com\/blog\/wp-content\/uploads\/2020\/08\/settons-4-300x200.jpg\" data-large-file=\"https:\/\/www.montceautriathlon.com\/blog\/wp-content\/uploads\/2020\/08\/settons-4.jpg\" loading=\"lazy\" class=\"alignnone wp-image-3761 size-medium\" src=\"http:\/\/montceautriathlon.com\/blog\/wp-content\/uploads\/2020\/08\/settons-4-300x200.jpg\" alt=\"\" width=\"300\" height=\"200\" srcset=\"https:\/\/www.montceautriathlon.com\/blog\/wp-content\/uploads\/2020\/08\/settons-4-300x200.jpg 300w, https:\/\/www.montceautriathlon.com\/blog\/wp-content\/uploads\/2020\/08\/settons-4-768x512.jpg 768w, https:\/\/www.montceautriathlon.com\/blog\/wp-content\/uploads\/2020\/08\/settons-4.jpg 949w\" sizes=\"(max-width: 300px) 100vw, 300px\" \/><\/a><\/p>\n<p><a href=\"http:\/\/montceautriathlon.com\/blog\/wp-content\/uploads\/2020\/08\/R\u00e9sultats-Aquathlon.pdf\" target=\"_blank\" rel=\"noopener\">R\u00e9sultats Aquathlon <\/a>\u00a0 \u00a0 <a href=\"http:\/\/montceautriathlon.com\/blog\/wp-content\/uploads\/2020\/08\/R\u00e9sultats-M-les-Settons-2020.pdf\" target=\"_blank\" rel=\"noopener\">R\u00e9sultats M les Settons 2020<\/a> \u00a0 \u00a0 <a href=\"http:\/\/montceautriathlon.com\/blog\/wp-content\/uploads\/2020\/08\/R\u00e9sultats-S.pdf\" target=\"_blank\" rel=\"noopener\">R\u00e9sultats S<\/a>\u00a0\u00a0\u00a0\u00a0 <a href=\"http:\/\/montceautriathlon.com\/blog\/wp-content\/uploads\/2020\/08\/R\u00e9sultats-XS-les-Settons-2020.pdf\" target=\"_blank\" rel=\"noopener\">R\u00e9sultats XS les Settons 2020<\/a><\/p>\n","protected":false},"excerpt":{"rendered":"<p>Sentir l&rsquo;eau glisser sur la combi n\u00e9opr\u00e8ne, sentir le vent flotter sur le dossard de la\u00a0 trifonction. Voil\u00e0 ce qu&rsquo;esp\u00e9rait la trentaine de licenci\u00e9s du club qui s&rsquo;\u00e9tait inscrite sur ce triathlon encore au calendrier car il est vrai que\u00a0 l&rsquo;\u00e9t\u00e9 2020 n&rsquo;aura pas laiss\u00e9 beaucoup d&rsquo;occasions de gouter aux joies de la comp\u00e9tition. Bonne [&hellip;]<\/p>\n","protected":false},"author":5,"featured_media":0,"comment_status":"open","ping_status":"open","sticky":false,"template":"","format":"standard","meta":{"spay_email":"","jetpack_publicize_message":"","jetpack_is_tweetstorm":false},"categories":[1],"tags":[],"jetpack_featured_media_url":"","jetpack_publicize_connections":[],"jetpack_sharing_enabled":true,"jetpack_shortlink":"https:\/\/wp.me\/p8bwIy-Yy","jetpack-related-posts":[{"id":665,"url":"https:\/\/www.montceautriathlon.com\/blog\/2016\/06\/14\/triathlon-dautun-vu-par-marylene-12-juin-2016\/","url_meta":{"origin":3754,"position":0},"title":"Triathlon d&rsquo;Autun vu par Maryl\u00e8ne (12 juin 2016)","date":"14 juin 2016","format":false,"excerpt":"Ce dimanche avait lieu le triathlon d'Autun support des championnat de bourgogne: cadet\/junior sur le S et senior\/v\u00e9t\u00e9rans sur le M. En ce qui concerne le S le d\u00e9part \u00e9tait diff\u00e9r\u00e9 de 3 minutes pour les f\u00e9minines. Maryl\u00e8ne LEQUIN sort en t\u00eate de l'eau devant sa s\u0153ur 4\u00e8me apr\u00e8s une\u2026","rel":"","context":"Dans &quot;slide show&quot;","img":{"alt_text":"","src":"https:\/\/i1.wp.com\/www.montceautriathlon.com\/blog\/wp-content\/uploads\/2016\/06\/20160612_185224.jpg?resize=350%2C200&ssl=1","width":350,"height":200},"classes":[]},{"id":2814,"url":"https:\/\/www.montceautriathlon.com\/blog\/2019\/05\/17\/12-mai-2019-triathlon-dautun-matin-chagrin\/","url_meta":{"origin":3754,"position":1},"title":"12 mai 2019, Triathlon d&rsquo;Autun : matin chagrin !","date":"17 mai 2019","format":false,"excerpt":"L'eau du plan d'eau du Vallon \u00e0 Autun \u00e9tait particuli\u00e8rement fraiche pour ne pas dire froide(proche des 10\u00b0 !) avec pour cons\u00e9quence la transformation du triathlon S en duathlon et de\u00a0 la premi\u00e8re \u00e9preuve (benjamines et minimes F)\u00a0 des demi-finales jeunes de triathlon zone grand Est qualificatives pour les Championnats\u2026","rel":"","context":"Dans &quot;Non class\u00e9&quot;","img":{"alt_text":"","src":"https:\/\/i1.wp.com\/montceautriathlon.com\/blog\/wp-content\/uploads\/2019\/05\/Autun-12-mai-300x225.jpg?resize=350%2C200","width":350,"height":200},"classes":[]},{"id":3271,"url":"https:\/\/www.montceautriathlon.com\/blog\/2019\/10\/18\/coupe-de-france-a-montlucon-le-club-bien-represente\/","url_meta":{"origin":3754,"position":2},"title":"Coupe de France \u00e0 Montlu\u00e7on : le club bien repr\u00e9sent\u00e9","date":"18 octobre 2019","format":false,"excerpt":"La Coupe de France, on connait bien, grosse organisation et manifestation la plus importante de la f\u00e9d\u00e9ration qui marque la fin de la saison. La belle r\u00e9ussite de cette \u00e9preuve \u00e0 Montceau l'ann\u00e9e derni\u00e8re explique certainement le nombre d'\u00e9quipes engag\u00e9es sur le triathlon cette ann\u00e9e. Ce sont donc 5 \u00e9quipes\u2026","rel":"","context":"Dans &quot;Non class\u00e9&quot;","img":{"alt_text":"","src":"https:\/\/i2.wp.com\/montceautriathlon.com\/blog\/wp-content\/uploads\/2019\/10\/montlu\u00c3\u00a7on-1-300x231.jpg?resize=350%2C200","width":350,"height":200},"classes":[]},{"id":1543,"url":"https:\/\/www.montceautriathlon.com\/blog\/2017\/10\/01\/coupe-de-france-de-triathlon-a-laiguillon-sur-mer-samedi-30-septembre-2017\/","url_meta":{"origin":3754,"position":3},"title":"Coupe de France de Triathlon \u00e0 l&rsquo;Aiguillon-sur-Mer (Samedi 30 septembre 2017)","date":"1 octobre 2017","format":false,"excerpt":"Ce week-end avait lieu la coupe de France des Clubs de Triathlon \u00e0 l'Aiguillon-sur-Mer. Avec la pr\u00e9sence d'une \u00e9quipe f\u00e9minine et d'une \u00e9quipe masculine, les triathl\u00e8tes de Montceau ont repr\u00e9sent\u00e9 avec panache, les couleurs du club. Bravo \u00e0 vous tou(te)s ! Vu de l'int\u00e9rieur par Maryl\u00e8ne. \"Apr\u00e8s 6h30 de route,\u2026","rel":"","context":"Dans &quot;Non class\u00e9&quot;","img":{"alt_text":"","src":"https:\/\/i0.wp.com\/www.montceautriathlon.com\/blog\/wp-content\/uploads\/2017\/10\/Image-5.png.jpeg?resize=350%2C200&ssl=1","width":350,"height":200},"classes":[]},{"id":5108,"url":"https:\/\/www.montceautriathlon.com\/blog\/2022\/06\/08\/france-unss-de-triathlon-trois-jeunes-du-club-presents\/","url_meta":{"origin":3754,"position":4},"title":"France UNSS de triathlon : trois jeunes du club pr\u00e9sents !","date":"8 juin 2022","format":false,"excerpt":"Les Championnats de France UNSS de Triathlon ont eu lieu les 31 mai et 1er juin \u00e0 Ch\u00e2teauroux. Trois jeunes de Montceau Triathlon \u00e9taient pr\u00e9sents:\u00b0 Zo\u00e9 Da Eira\u00a0 avec ses 3 partenaires non licenci\u00e9s: Eug\u00e9nie, Maxime et Simon repr\u00e9sentant le coll\u00e8ge Jean Moulin de Montceau les Mines. Ils \u00e9taient accompagn\u00e9s\u2026","rel":"","context":"Dans &quot;Non class\u00e9&quot;","img":{"alt_text":"","src":"https:\/\/i1.wp.com\/www.montceautriathlon.com\/blog\/wp-content\/uploads\/2022\/06\/IMG_7417.jpg?resize=350%2C200&ssl=1","width":350,"height":200},"classes":[]},{"id":7750,"url":"https:\/\/www.montceautriathlon.com\/blog\/2025\/05\/25\/24-25-mai-les-triathletes-montcelliens-sur-tous-les-fronts\/","url_meta":{"origin":3754,"position":5},"title":"24\/25 mai: les triathl\u00e8tes montcelliens sur tous les fronts (1\/2)","date":"25 mai 2025","format":false,"excerpt":"Ce week end, il \u00e9tait possible de voir les triathl\u00e8tes montcelliens dans diverses courses de triathlon, swim run, cyclo, trail. Le club de Dijon Triathlon organisait son traditionnel triathlon. Le samedi, David Michel a \u00e9t\u00e9 le premier \u00e0 se jeter dans une eau plutot frisquette (15\u00b0) pour parcourir les 1500m\u2026","rel":"","context":"Dans &quot;Non class\u00e9&quot;","img":{"alt_text":"","src":"https:\/\/i1.wp.com\/www.montceautriathlon.com\/blog\/wp-content\/uploads\/2025\/05\/IMG-20250525-WA0012.jpg?resize=350%2C200&ssl=1","width":350,"height":200},"classes":[]}],"_links":{"self":[{"href":"https:\/\/www.montceautriathlon.com\/blog\/wp-json\/wp\/v2\/posts\/3754"}],"collection":[{"href":"https:\/\/www.montceautriathlon.com\/blog\/wp-json\/wp\/v2\/posts"}],"about":[{"href":"https:\/\/www.montceautriathlon.com\/blog\/wp-json\/wp\/v2\/types\/post"}],"author":[{"embeddable":true,"href":"https:\/\/www.montceautriathlon.com\/blog\/wp-json\/wp\/v2\/users\/5"}],"replies":[{"embeddable":true,"href":"https:\/\/www.montceautriathlon.com\/blog\/wp-json\/wp\/v2\/comments?post=3754"}],"version-history":[{"count":11,"href":"https:\/\/www.montceautriathlon.com\/blog\/wp-json\/wp\/v2\/posts\/3754\/revisions"}],"predecessor-version":[{"id":3775,"href":"https:\/\/www.montceautriathlon.com\/blog\/wp-json\/wp\/v2\/posts\/3754\/revisions\/3775"}],"wp:attachment":[{"href":"https:\/\/www.montceautriathlon.com\/blog\/wp-json\/wp\/v2\/media?parent=3754"}],"wp:term":[{"taxonomy":"category","embeddable":true,"href":"https:\/\/www.montceautriathlon.com\/blog\/wp-json\/wp\/v2\/categories?post=3754"},{"taxonomy":"post_tag","embeddable":true,"href":"https:\/\/www.montceautriathlon.com\/blog\/wp-json\/wp\/v2\/tags?post=3754"}],"curies":[{"name":"wp","href":"https:\/\/api.w.org\/{rel}","templated":true}]}}