{"id":3717,"date":"2020-07-28T14:31:42","date_gmt":"2020-07-28T13:31:42","guid":{"rendered":"http:\/\/montceautriathlon.com\/blog\/?p=3717"},"modified":"2020-07-28T14:32:16","modified_gmt":"2020-07-28T13:32:16","slug":"26-juilletweek-end-aux-grands-parcs-succes-de-lanimation-duathlon","status":"publish","type":"post","link":"https:\/\/www.montceautriathlon.com\/blog\/2020\/07\/28\/26-juilletweek-end-aux-grands-parcs-succes-de-lanimation-duathlon\/","title":{"rendered":"26 juillet,week-end aux Grands Parcs : succ\u00e8s de l&rsquo;animation duathlon"},"content":{"rendered":"<p><a href=\"http:\/\/montceautriathlon.com\/blog\/wp-content\/uploads\/2020\/07\/WE-GP-1.jpg\"><img data-attachment-id=\"3718\" data-permalink=\"https:\/\/www.montceautriathlon.com\/blog\/2020\/07\/28\/26-juilletweek-end-aux-grands-parcs-succes-de-lanimation-duathlon\/we-gp-1\/\" data-orig-file=\"https:\/\/www.montceautriathlon.com\/blog\/wp-content\/uploads\/2020\/07\/WE-GP-1.jpg\" data-orig-size=\"320,240\" data-comments-opened=\"1\" data-image-meta=\"{&quot;aperture&quot;:&quot;0&quot;,&quot;credit&quot;:&quot;&quot;,&quot;camera&quot;:&quot;&quot;,&quot;caption&quot;:&quot;&quot;,&quot;created_timestamp&quot;:&quot;0&quot;,&quot;copyright&quot;:&quot;&quot;,&quot;focal_length&quot;:&quot;0&quot;,&quot;iso&quot;:&quot;0&quot;,&quot;shutter_speed&quot;:&quot;0&quot;,&quot;title&quot;:&quot;&quot;,&quot;orientation&quot;:&quot;0&quot;}\" data-image-title=\"WE GP 1\" data-image-description=\"\" data-image-caption=\"\" data-medium-file=\"https:\/\/www.montceautriathlon.com\/blog\/wp-content\/uploads\/2020\/07\/WE-GP-1-300x225.jpg\" data-large-file=\"https:\/\/www.montceautriathlon.com\/blog\/wp-content\/uploads\/2020\/07\/WE-GP-1.jpg\" loading=\"lazy\" class=\"alignleft wp-image-3718 size-medium\" src=\"http:\/\/montceautriathlon.com\/blog\/wp-content\/uploads\/2020\/07\/WE-GP-1-300x225.jpg\" alt=\"\" width=\"300\" height=\"225\" srcset=\"https:\/\/www.montceautriathlon.com\/blog\/wp-content\/uploads\/2020\/07\/WE-GP-1-300x225.jpg 300w, https:\/\/www.montceautriathlon.com\/blog\/wp-content\/uploads\/2020\/07\/WE-GP-1.jpg 320w\" sizes=\"(max-width: 300px) 100vw, 300px\" \/><\/a>Ce dimanche 26 juillet, le club a propos\u00e9 une initiation duathlon dans le cadre de l&rsquo;animation propos\u00e9e par la municipalit\u00e9 de Montceau au beau milieu de la petite ferme. De nombreuses familles \u00e9taient pr\u00e9sentes sur site.<\/p>\n<p>Cette animation avec parcours de maniabilit\u00e9 du v\u00e9lo et mini encha\u00eenement duathlon a \u00e9t\u00e9 une belle r\u00e9ussite avec 35 \u00e0 40 jeunes et plus jeunes\u00a0 pr\u00e9sents entre 14h30 et 17h30. Cette r\u00e9ussite, on la doit beaucoup \u00e0 nos jeunes ados qui ont pris en charge ce jeune public sous l&rsquo;oeil attentif de Sophie et Jean, b\u00e9n\u00e9voles courageux du dimanche apr\u00e8s-midi !<\/p>\n<p>Alors f\u00e9licitations \u00e0 Louis, Marine, No\u00e9mie et Zo\u00e9 pour leur engagement. Ils ont su g\u00e9rer l&rsquo;apr\u00e8s midi comme des chefs (animation des ateliers, nettoyage et d\u00e9sinfection du mat\u00e9riel).<\/p>\n<p>Merci aussi \u00e0 la ville pour le pr\u00eat de mat\u00e9riel, casques et vtt en particulier.<\/p>\n<p>&nbsp;<\/p>\n<p><a href=\"http:\/\/montceautriathlon.com\/blog\/wp-content\/uploads\/2020\/07\/WE-GP-5-1.jpg\"><img data-attachment-id=\"3725\" data-permalink=\"https:\/\/www.montceautriathlon.com\/blog\/2020\/07\/28\/26-juilletweek-end-aux-grands-parcs-succes-de-lanimation-duathlon\/we-gp-5-2\/\" data-orig-file=\"https:\/\/www.montceautriathlon.com\/blog\/wp-content\/uploads\/2020\/07\/WE-GP-5-1.jpg\" data-orig-size=\"700,653\" data-comments-opened=\"1\" data-image-meta=\"{&quot;aperture&quot;:&quot;0&quot;,&quot;credit&quot;:&quot;&quot;,&quot;camera&quot;:&quot;&quot;,&quot;caption&quot;:&quot;&quot;,&quot;created_timestamp&quot;:&quot;0&quot;,&quot;copyright&quot;:&quot;&quot;,&quot;focal_length&quot;:&quot;0&quot;,&quot;iso&quot;:&quot;0&quot;,&quot;shutter_speed&quot;:&quot;0&quot;,&quot;title&quot;:&quot;&quot;,&quot;orientation&quot;:&quot;1&quot;}\" data-image-title=\"WE GP 5\" data-image-description=\"\" data-image-caption=\"\" data-medium-file=\"https:\/\/www.montceautriathlon.com\/blog\/wp-content\/uploads\/2020\/07\/WE-GP-5-1-300x280.jpg\" data-large-file=\"https:\/\/www.montceautriathlon.com\/blog\/wp-content\/uploads\/2020\/07\/WE-GP-5-1.jpg\" loading=\"lazy\" class=\"alignnone wp-image-3725 size-medium\" src=\"http:\/\/montceautriathlon.com\/blog\/wp-content\/uploads\/2020\/07\/WE-GP-5-1-300x280.jpg\" alt=\"\" width=\"300\" height=\"280\" srcset=\"https:\/\/www.montceautriathlon.com\/blog\/wp-content\/uploads\/2020\/07\/WE-GP-5-1-300x280.jpg 300w, https:\/\/www.montceautriathlon.com\/blog\/wp-content\/uploads\/2020\/07\/WE-GP-5-1.jpg 700w\" sizes=\"(max-width: 300px) 100vw, 300px\" \/><\/a> <a href=\"http:\/\/montceautriathlon.com\/blog\/wp-content\/uploads\/2020\/07\/WE-GP-2.jpg\"><img data-attachment-id=\"3719\" data-permalink=\"https:\/\/www.montceautriathlon.com\/blog\/2020\/07\/28\/26-juilletweek-end-aux-grands-parcs-succes-de-lanimation-duathlon\/we-gp-2\/\" data-orig-file=\"https:\/\/www.montceautriathlon.com\/blog\/wp-content\/uploads\/2020\/07\/WE-GP-2.jpg\" data-orig-size=\"1920,1440\" data-comments-opened=\"1\" data-image-meta=\"{&quot;aperture&quot;:&quot;0&quot;,&quot;credit&quot;:&quot;&quot;,&quot;camera&quot;:&quot;&quot;,&quot;caption&quot;:&quot;&quot;,&quot;created_timestamp&quot;:&quot;0&quot;,&quot;copyright&quot;:&quot;&quot;,&quot;focal_length&quot;:&quot;0&quot;,&quot;iso&quot;:&quot;0&quot;,&quot;shutter_speed&quot;:&quot;0&quot;,&quot;title&quot;:&quot;&quot;,&quot;orientation&quot;:&quot;0&quot;}\" data-image-title=\"WE GP 2\" data-image-description=\"\" data-image-caption=\"\" data-medium-file=\"https:\/\/www.montceautriathlon.com\/blog\/wp-content\/uploads\/2020\/07\/WE-GP-2-300x225.jpg\" data-large-file=\"https:\/\/www.montceautriathlon.com\/blog\/wp-content\/uploads\/2020\/07\/WE-GP-2-1024x768.jpg\" loading=\"lazy\" class=\"alignnone size-medium wp-image-3719\" src=\"http:\/\/montceautriathlon.com\/blog\/wp-content\/uploads\/2020\/07\/WE-GP-2-300x225.jpg\" alt=\"\" width=\"300\" height=\"225\" srcset=\"https:\/\/www.montceautriathlon.com\/blog\/wp-content\/uploads\/2020\/07\/WE-GP-2-300x225.jpg 300w, https:\/\/www.montceautriathlon.com\/blog\/wp-content\/uploads\/2020\/07\/WE-GP-2-768x576.jpg 768w, https:\/\/www.montceautriathlon.com\/blog\/wp-content\/uploads\/2020\/07\/WE-GP-2-1024x768.jpg 1024w, https:\/\/www.montceautriathlon.com\/blog\/wp-content\/uploads\/2020\/07\/WE-GP-2.jpg 1920w\" sizes=\"(max-width: 300px) 100vw, 300px\" \/><\/a> <a href=\"http:\/\/montceautriathlon.com\/blog\/wp-content\/uploads\/2020\/07\/WE-GP-4-1.jpg\"><img data-attachment-id=\"3724\" data-permalink=\"https:\/\/www.montceautriathlon.com\/blog\/2020\/07\/28\/26-juilletweek-end-aux-grands-parcs-succes-de-lanimation-duathlon\/we-gp-4-2\/\" data-orig-file=\"https:\/\/www.montceautriathlon.com\/blog\/wp-content\/uploads\/2020\/07\/WE-GP-4-1.jpg\" data-orig-size=\"696,504\" data-comments-opened=\"1\" data-image-meta=\"{&quot;aperture&quot;:&quot;0&quot;,&quot;credit&quot;:&quot;&quot;,&quot;camera&quot;:&quot;&quot;,&quot;caption&quot;:&quot;&quot;,&quot;created_timestamp&quot;:&quot;0&quot;,&quot;copyright&quot;:&quot;&quot;,&quot;focal_length&quot;:&quot;0&quot;,&quot;iso&quot;:&quot;0&quot;,&quot;shutter_speed&quot;:&quot;0&quot;,&quot;title&quot;:&quot;&quot;,&quot;orientation&quot;:&quot;1&quot;}\" data-image-title=\"WE GP 4\" data-image-description=\"\" data-image-caption=\"\" data-medium-file=\"https:\/\/www.montceautriathlon.com\/blog\/wp-content\/uploads\/2020\/07\/WE-GP-4-1-300x217.jpg\" data-large-file=\"https:\/\/www.montceautriathlon.com\/blog\/wp-content\/uploads\/2020\/07\/WE-GP-4-1.jpg\" loading=\"lazy\" class=\"alignnone wp-image-3724 size-medium\" src=\"http:\/\/montceautriathlon.com\/blog\/wp-content\/uploads\/2020\/07\/WE-GP-4-1-300x217.jpg\" alt=\"\" width=\"300\" height=\"217\" srcset=\"https:\/\/www.montceautriathlon.com\/blog\/wp-content\/uploads\/2020\/07\/WE-GP-4-1-300x217.jpg 300w, https:\/\/www.montceautriathlon.com\/blog\/wp-content\/uploads\/2020\/07\/WE-GP-4-1.jpg 696w\" sizes=\"(max-width: 300px) 100vw, 300px\" \/><\/a><\/p>\n","protected":false},"excerpt":{"rendered":"<p>Ce dimanche 26 juillet, le club a propos\u00e9 une initiation duathlon dans le cadre de l&rsquo;animation propos\u00e9e par la municipalit\u00e9 de Montceau au beau milieu de la petite ferme. De nombreuses familles \u00e9taient pr\u00e9sentes sur site. Cette animation avec parcours de maniabilit\u00e9 du v\u00e9lo et mini encha\u00eenement duathlon a \u00e9t\u00e9 une belle r\u00e9ussite avec 35 [&hellip;]<\/p>\n","protected":false},"author":5,"featured_media":0,"comment_status":"open","ping_status":"open","sticky":false,"template":"","format":"standard","meta":{"spay_email":"","jetpack_publicize_message":"","jetpack_is_tweetstorm":false},"categories":[1],"tags":[],"jetpack_featured_media_url":"","jetpack_publicize_connections":[],"jetpack_sharing_enabled":true,"jetpack_shortlink":"https:\/\/wp.me\/p8bwIy-XX","jetpack-related-posts":[{"id":4300,"url":"https:\/\/www.montceautriathlon.com\/blog\/2021\/07\/05\/montceau-triathlon-sur-tous-les-fronts\/","url_meta":{"origin":3717,"position":0},"title":"Montceau Triathlon sur tous les fronts !","date":"5 juillet 2021","format":false,"excerpt":"Ce week-end du 4 juillet, les couleurs du club auront brill\u00e9 de Xonrupt, \u00e0 M\u00e2con en passant par Gu\u00e9ret et les Sable d'Olonne. Des jeunes, des relais, du half Iron man, de l'Xterra, du swimrun, du duathlon, du CLM par \u00e9quipe. Toute la diversit\u00e9 des disciplines encha\u00een\u00e9es port\u00e9e par nos\u2026","rel":"","context":"Dans &quot;Non class\u00e9&quot;","img":{"alt_text":"","src":"https:\/\/i2.wp.com\/www.montceautriathlon.com\/blog\/wp-content\/uploads\/2021\/07\/IMG-20210703-WA0010.jpg?resize=350%2C200&ssl=1","width":350,"height":200},"classes":[]},{"id":5017,"url":"https:\/\/www.montceautriathlon.com\/blog\/2022\/04\/15\/sensibilisation-arbitrage-les-jeunes-de-lecole-ont-bien-repondu\/","url_meta":{"origin":3717,"position":1},"title":"Sensibilisation arbitrage : les jeunes de l&rsquo;\u00e9cole ont bien r\u00e9pondu !","date":"15 avril 2022","format":false,"excerpt":"Plusieurs fois report\u00e9e, cette sensibilisation a pu finalement se tenir ce mercredi soir en l'absence d'entra\u00eenement de natation due \u00e0 la fermeture de la piscine... Jean Da Eira formateur des arbitres au sein de la Ligue , accompagn\u00e9 de Nicole Lukowitz nouvelle arbitre du club et des \u00e9ducateurs : Sophie,\u2026","rel":"","context":"Dans &quot;Non class\u00e9&quot;","img":{"alt_text":"","src":"https:\/\/i0.wp.com\/www.montceautriathlon.com\/blog\/wp-content\/uploads\/2022\/04\/arbitrage-4-scaled.jpg?resize=350%2C200&ssl=1","width":350,"height":200},"classes":[]},{"id":2663,"url":"https:\/\/www.montceautriathlon.com\/blog\/2019\/03\/26\/24-03-19-duathlon-de-macon-debut-de-saison-et-plein-demotions\/","url_meta":{"origin":3717,"position":2},"title":"24\/03\/19, Duathlon de M\u00e2con : d\u00e9but de saison et plein d&rsquo;\u00e9motions !","date":"26 mars 2019","format":false,"excerpt":"M\u00e2con \u00e9tait ce dimanche lieu des Championnats de Bourgogne Franche Comt\u00e9 de Duathlon toutes cat\u00e9gories et \u00e9preuve s\u00e9lective au Championnat de France de Duathlon Jeunes,\u00a0 \u00e0 la Coupe de France des clubs et \u00e0 la demi-finale des championnats de France de D2 f\u00e9minine et D3 masculine. Le printemps et son\u2026","rel":"","context":"Dans &quot;Non class\u00e9&quot;","img":{"alt_text":"","src":"https:\/\/i0.wp.com\/montceautriathlon.com\/blog\/wp-content\/uploads\/2019\/03\/Duathlon-Macon-03-19-38-300x225.jpg?resize=350%2C200","width":350,"height":200},"classes":[]},{"id":906,"url":"https:\/\/www.montceautriathlon.com\/blog\/2016\/10\/12\/coupe-de-france-de-triathlon-et-duathlon-a-la-roche-sur-yon-0809-octobre-2016\/","url_meta":{"origin":3717,"position":3},"title":"Coupe de France de Triathlon et Duathlon \u00e0 La Roche-sur-Yon (08&#038;09 octobre 2016)","date":"12 octobre 2016","format":false,"excerpt":"La coupe de France des clubs s'est d\u00e9roul\u00e9e cette ann\u00e9e \u00e0 la Roche-sur-Yon. 3 \u00e9quipes ont fait le d\u00e9placement. Une \u00e9quipe de Triathlon f\u00e9minin, une \u00e9quipe de Duathlon f\u00e9minin et une \u00e9quipe jeune. L'\u00e9quipe de Triathlon compos\u00e9e de Nicole Lukowitz, Sophie Rousseau, Fabienne Vaudelin et H\u00e9l\u00e8ne Touillon a ouvert le\u2026","rel":"","context":"Dans &quot;Non class\u00e9&quot;","img":{"alt_text":"","src":"","width":0,"height":0},"classes":[]},{"id":4573,"url":"https:\/\/www.montceautriathlon.com\/blog\/2021\/09\/27\/championnat-de-france-de-duathlon-une-premiere-pour-jeanne-rondier\/","url_meta":{"origin":3717,"position":4},"title":"Championnat de France de Duathlon : Une premi\u00e8re pour Jeanne Rondier.","date":"27 septembre 2021","format":false,"excerpt":"Apr\u00e8s Zo\u00e9 Da Eira qualifi\u00e9e pour la premi\u00e8re fois aux Championnats de France d'aquathlon, ce fut le tour de Jeanne Rondier de porter haut les couleurs du club \u00e0 Noyon dans l'Oise ce dimanche matin en duathlon. Une premi\u00e8re aussi ! 72\u00e8me sur 115 participantes. Une belle exp\u00e9rience ! F\u00e9licitations\u2026","rel":"","context":"Dans &quot;Non class\u00e9&quot;","img":{"alt_text":"","src":"https:\/\/i2.wp.com\/www.montceautriathlon.com\/blog\/wp-content\/uploads\/2021\/09\/jeanne-CDF-Noyon.jpg?resize=350%2C200&ssl=1","width":350,"height":200},"classes":[]},{"id":2814,"url":"https:\/\/www.montceautriathlon.com\/blog\/2019\/05\/17\/12-mai-2019-triathlon-dautun-matin-chagrin\/","url_meta":{"origin":3717,"position":5},"title":"12 mai 2019, Triathlon d&rsquo;Autun : matin chagrin !","date":"17 mai 2019","format":false,"excerpt":"L'eau du plan d'eau du Vallon \u00e0 Autun \u00e9tait particuli\u00e8rement fraiche pour ne pas dire froide(proche des 10\u00b0 !) avec pour cons\u00e9quence la transformation du triathlon S en duathlon et de\u00a0 la premi\u00e8re \u00e9preuve (benjamines et minimes F)\u00a0 des demi-finales jeunes de triathlon zone grand Est qualificatives pour les Championnats\u2026","rel":"","context":"Dans &quot;Non class\u00e9&quot;","img":{"alt_text":"","src":"https:\/\/i1.wp.com\/montceautriathlon.com\/blog\/wp-content\/uploads\/2019\/05\/Autun-12-mai-300x225.jpg?resize=350%2C200","width":350,"height":200},"classes":[]}],"_links":{"self":[{"href":"https:\/\/www.montceautriathlon.com\/blog\/wp-json\/wp\/v2\/posts\/3717"}],"collection":[{"href":"https:\/\/www.montceautriathlon.com\/blog\/wp-json\/wp\/v2\/posts"}],"about":[{"href":"https:\/\/www.montceautriathlon.com\/blog\/wp-json\/wp\/v2\/types\/post"}],"author":[{"embeddable":true,"href":"https:\/\/www.montceautriathlon.com\/blog\/wp-json\/wp\/v2\/users\/5"}],"replies":[{"embeddable":true,"href":"https:\/\/www.montceautriathlon.com\/blog\/wp-json\/wp\/v2\/comments?post=3717"}],"version-history":[{"count":2,"href":"https:\/\/www.montceautriathlon.com\/blog\/wp-json\/wp\/v2\/posts\/3717\/revisions"}],"predecessor-version":[{"id":3727,"href":"https:\/\/www.montceautriathlon.com\/blog\/wp-json\/wp\/v2\/posts\/3717\/revisions\/3727"}],"wp:attachment":[{"href":"https:\/\/www.montceautriathlon.com\/blog\/wp-json\/wp\/v2\/media?parent=3717"}],"wp:term":[{"taxonomy":"category","embeddable":true,"href":"https:\/\/www.montceautriathlon.com\/blog\/wp-json\/wp\/v2\/categories?post=3717"},{"taxonomy":"post_tag","embeddable":true,"href":"https:\/\/www.montceautriathlon.com\/blog\/wp-json\/wp\/v2\/tags?post=3717"}],"curies":[{"name":"wp","href":"https:\/\/api.w.org\/{rel}","templated":true}]}}