{"id":3703,"date":"2020-07-23T09:24:40","date_gmt":"2020-07-23T08:24:40","guid":{"rendered":"http:\/\/montceautriathlon.com\/blog\/?p=3703"},"modified":"2020-07-23T09:24:40","modified_gmt":"2020-07-23T08:24:40","slug":"le-club-present-au-week-end-aux-grands-parcs-ce-dimanche-26-juillet","status":"publish","type":"post","link":"https:\/\/www.montceautriathlon.com\/blog\/2020\/07\/23\/le-club-present-au-week-end-aux-grands-parcs-ce-dimanche-26-juillet\/","title":{"rendered":"Le club pr\u00e9sent au Week-End aux Grands Parcs ce dimanche 26 juillet"},"content":{"rendered":"<p><a href=\"http:\/\/montceautriathlon.com\/blog\/wp-content\/uploads\/2020\/07\/20200722-1126-actualites-fete_de_la_musique_au_Peupliers-grands-parcs-26.jpg\" target=\"_blank\" rel=\"noopener\"><img data-attachment-id=\"3705\" data-permalink=\"https:\/\/www.montceautriathlon.com\/blog\/2020\/07\/23\/le-club-present-au-week-end-aux-grands-parcs-ce-dimanche-26-juillet\/20200722-1126-actualites-fete_de_la_musique_au_peupliers-grands-parcs-26\/\" data-orig-file=\"https:\/\/www.montceautriathlon.com\/blog\/wp-content\/uploads\/2020\/07\/20200722-1126-actualites-fete_de_la_musique_au_Peupliers-grands-parcs-26.jpg\" data-orig-size=\"1024,723\" data-comments-opened=\"1\" data-image-meta=\"{&quot;aperture&quot;:&quot;0&quot;,&quot;credit&quot;:&quot;&quot;,&quot;camera&quot;:&quot;&quot;,&quot;caption&quot;:&quot;&quot;,&quot;created_timestamp&quot;:&quot;0&quot;,&quot;copyright&quot;:&quot;&quot;,&quot;focal_length&quot;:&quot;0&quot;,&quot;iso&quot;:&quot;0&quot;,&quot;shutter_speed&quot;:&quot;0&quot;,&quot;title&quot;:&quot;&quot;,&quot;orientation&quot;:&quot;0&quot;}\" data-image-title=\"20200722-1126&#8211;actualites-fete_de_la_musique_au_Peupliers-grands-parcs-26\" data-image-description=\"\" data-image-caption=\"\" data-medium-file=\"https:\/\/www.montceautriathlon.com\/blog\/wp-content\/uploads\/2020\/07\/20200722-1126-actualites-fete_de_la_musique_au_Peupliers-grands-parcs-26-300x212.jpg\" data-large-file=\"https:\/\/www.montceautriathlon.com\/blog\/wp-content\/uploads\/2020\/07\/20200722-1126-actualites-fete_de_la_musique_au_Peupliers-grands-parcs-26-1024x723.jpg\" loading=\"lazy\" class=\"alignleft wp-image-3705 size-medium\" src=\"http:\/\/montceautriathlon.com\/blog\/wp-content\/uploads\/2020\/07\/20200722-1126-actualites-fete_de_la_musique_au_Peupliers-grands-parcs-26-300x212.jpg\" alt=\"\" width=\"300\" height=\"212\" srcset=\"https:\/\/www.montceautriathlon.com\/blog\/wp-content\/uploads\/2020\/07\/20200722-1126-actualites-fete_de_la_musique_au_Peupliers-grands-parcs-26-300x212.jpg 300w, https:\/\/www.montceautriathlon.com\/blog\/wp-content\/uploads\/2020\/07\/20200722-1126-actualites-fete_de_la_musique_au_Peupliers-grands-parcs-26-768x542.jpg 768w, https:\/\/www.montceautriathlon.com\/blog\/wp-content\/uploads\/2020\/07\/20200722-1126-actualites-fete_de_la_musique_au_Peupliers-grands-parcs-26.jpg 1024w\" sizes=\"(max-width: 300px) 100vw, 300px\" \/><\/a> <a href=\"http:\/\/montceautriathlon.com\/blog\/wp-content\/uploads\/2020\/07\/20200722-1127-actualites-fete_de_la_musique_au_Peupliers-grands-parcs-25.jpg\"><img data-attachment-id=\"3706\" data-permalink=\"https:\/\/www.montceautriathlon.com\/blog\/2020\/07\/23\/le-club-present-au-week-end-aux-grands-parcs-ce-dimanche-26-juillet\/20200722-1127-actualites-fete_de_la_musique_au_peupliers-grands-parcs-25\/\" data-orig-file=\"https:\/\/www.montceautriathlon.com\/blog\/wp-content\/uploads\/2020\/07\/20200722-1127-actualites-fete_de_la_musique_au_Peupliers-grands-parcs-25.jpg\" data-orig-size=\"1024,723\" data-comments-opened=\"1\" data-image-meta=\"{&quot;aperture&quot;:&quot;0&quot;,&quot;credit&quot;:&quot;&quot;,&quot;camera&quot;:&quot;&quot;,&quot;caption&quot;:&quot;&quot;,&quot;created_timestamp&quot;:&quot;0&quot;,&quot;copyright&quot;:&quot;&quot;,&quot;focal_length&quot;:&quot;0&quot;,&quot;iso&quot;:&quot;0&quot;,&quot;shutter_speed&quot;:&quot;0&quot;,&quot;title&quot;:&quot;&quot;,&quot;orientation&quot;:&quot;0&quot;}\" data-image-title=\"20200722-1127&#8211;actualites-fete_de_la_musique_au_Peupliers-grands-parcs-25\" data-image-description=\"\" data-image-caption=\"\" data-medium-file=\"https:\/\/www.montceautriathlon.com\/blog\/wp-content\/uploads\/2020\/07\/20200722-1127-actualites-fete_de_la_musique_au_Peupliers-grands-parcs-25-300x212.jpg\" data-large-file=\"https:\/\/www.montceautriathlon.com\/blog\/wp-content\/uploads\/2020\/07\/20200722-1127-actualites-fete_de_la_musique_au_Peupliers-grands-parcs-25-1024x723.jpg\" loading=\"lazy\" class=\" wp-image-3706 alignright\" src=\"http:\/\/montceautriathlon.com\/blog\/wp-content\/uploads\/2020\/07\/20200722-1127-actualites-fete_de_la_musique_au_Peupliers-grands-parcs-25-300x212.jpg\" alt=\"\" width=\"275\" height=\"195\" srcset=\"https:\/\/www.montceautriathlon.com\/blog\/wp-content\/uploads\/2020\/07\/20200722-1127-actualites-fete_de_la_musique_au_Peupliers-grands-parcs-25-300x212.jpg 300w, https:\/\/www.montceautriathlon.com\/blog\/wp-content\/uploads\/2020\/07\/20200722-1127-actualites-fete_de_la_musique_au_Peupliers-grands-parcs-25-768x542.jpg 768w, https:\/\/www.montceautriathlon.com\/blog\/wp-content\/uploads\/2020\/07\/20200722-1127-actualites-fete_de_la_musique_au_Peupliers-grands-parcs-25.jpg 1024w\" sizes=\"(max-width: 275px) 100vw, 275px\" \/><\/a><\/p>\n<p>&nbsp;<\/p>\n<p>&nbsp;<\/p>\n<p>&nbsp;<\/p>\n<p>&nbsp;<\/p>\n<p>&nbsp;<\/p>\n<p>&nbsp;<\/p>\n<p>&nbsp;<\/p>\n<p><strong><span style=\"color: #ff0000;\">Le club sera pr\u00e9sent ce dimanche 26 juillet \u00e0 la ferme animali\u00e8re\u00a0 entre 14h30 et 17h30<\/span><\/strong> dans le cadre du \u00ab\u00a0WEEK-END aux Grands Parcs\u00a0\u00bb initi\u00e9 par la municipalit\u00e9.<\/p>\n<p>Diff\u00e9rents clubs sportifs\u00a0 de la ville proposeront des animations ou des initiations. Ce sera le cas pour nous avec pr\u00e9sentation et initiation au Duathlon .<\/p>\n<p>L&rsquo;occasion de se retrouver et de faire connaitre le club et qui sait ?..de recruter pour la saison prochaine !<\/p>\n<p>Les nouveaux seront les bienvenus !<\/p>\n<p>A ce propos, la reprise des entra\u00eenements est pr\u00e9vue pour le 17 ao\u00fbt prochain si Mme Covid nous le permet !\u00a0\u00a0 Nous vous tiendrons inform\u00e9s du d\u00e9tail\u00a0 des cr\u00e9neaux et horaires prochainement.<\/p>\n<p>Passez de bonnes vacances pour les chanceux\u00a0 qui le peuvent et bonnes \u00ab\u00a0comp\u00e8ts\u00a0\u00bb d&rsquo;ici l\u00e0 pour ceux qui auront pu s&rsquo;inscrire sur le peu d&rsquo;\u00e9preuves maintenues !<\/p>\n","protected":false},"excerpt":{"rendered":"<p>&nbsp; &nbsp; &nbsp; &nbsp; &nbsp; &nbsp; &nbsp; Le club sera pr\u00e9sent ce dimanche 26 juillet \u00e0 la ferme animali\u00e8re\u00a0 entre 14h30 et 17h30 dans le cadre du \u00ab\u00a0WEEK-END aux Grands Parcs\u00a0\u00bb initi\u00e9 par la municipalit\u00e9. Diff\u00e9rents clubs sportifs\u00a0 de la ville proposeront des animations ou des initiations. Ce sera le cas pour nous avec pr\u00e9sentation [&hellip;]<\/p>\n","protected":false},"author":5,"featured_media":0,"comment_status":"open","ping_status":"open","sticky":false,"template":"","format":"standard","meta":{"spay_email":"","jetpack_publicize_message":"","jetpack_is_tweetstorm":false},"categories":[1],"tags":[],"jetpack_featured_media_url":"","jetpack_publicize_connections":[],"jetpack_sharing_enabled":true,"jetpack_shortlink":"https:\/\/wp.me\/p8bwIy-XJ","jetpack-related-posts":[{"id":3717,"url":"https:\/\/www.montceautriathlon.com\/blog\/2020\/07\/28\/26-juilletweek-end-aux-grands-parcs-succes-de-lanimation-duathlon\/","url_meta":{"origin":3703,"position":0},"title":"26 juillet,week-end aux Grands Parcs : succ\u00e8s de l&rsquo;animation duathlon","date":"28 juillet 2020","format":false,"excerpt":"Ce dimanche 26 juillet, le club a propos\u00e9 une initiation duathlon dans le cadre de l'animation propos\u00e9e par la municipalit\u00e9 de Montceau au beau milieu de la petite ferme. De nombreuses familles \u00e9taient pr\u00e9sentes sur site. Cette animation avec parcours de maniabilit\u00e9 du v\u00e9lo et mini encha\u00eenement duathlon a \u00e9t\u00e9\u2026","rel":"","context":"Dans &quot;Non class\u00e9&quot;","img":{"alt_text":"","src":"https:\/\/i1.wp.com\/montceautriathlon.com\/blog\/wp-content\/uploads\/2020\/07\/WE-GP-1-300x225.jpg?resize=350%2C200","width":350,"height":200},"classes":[]},{"id":5451,"url":"https:\/\/www.montceautriathlon.com\/blog\/2022\/11\/07\/1er-bike-run-aux-grands-parcs-une-belle-reussite\/","url_meta":{"origin":3703,"position":1},"title":"1er Bike &#038; Run aux grands parcs : une belle r\u00e9ussite.","date":"7 novembre 2022","format":false,"excerpt":"Ce dimanche 6 novembre, le club organisait pour le premi\u00e8re fois un bike and run aux Grands Parcs. 99 bin\u00f4mes sont venus s'affronter dans le cadre du challenge hivernal bike and run de la ligue BFC de triathlon. De nombreux clubs ont r\u00e9pondu pr\u00e9sents et en nombre pour certains avec\u2026","rel":"","context":"Dans &quot;Non class\u00e9&quot;","img":{"alt_text":"","src":"https:\/\/i1.wp.com\/www.montceautriathlon.com\/blog\/wp-content\/uploads\/2022\/11\/IMG_7502.jpg?resize=350%2C200&ssl=1","width":350,"height":200},"classes":[]},{"id":6297,"url":"https:\/\/www.montceautriathlon.com\/blog\/2023\/10\/11\/bike-run-aux-grands-parcs-cest-bientot\/","url_meta":{"origin":3703,"position":2},"title":"Bike &#038; run aux Grands Parcs, c&rsquo;est bient\u00f4t !","date":"11 octobre 2023","format":false,"excerpt":"Montceau Triathlon organise son 3\u00e8me Bike & Run le dimanche 5 novembre aux Grands Parcs \u00e0 Montceau les Mines avec une nouveaut\u00e9 cette ann\u00e9e !\u00a0\u00a0 En plus des trois courses comptant pour le challenge hivernal B&R de la Ligue de Bourgogne\/Franche Comt\u00e9 de triathlon et ouvertes \u00e0 toutes et \u00e0\u2026","rel":"","context":"Dans &quot;Non class\u00e9&quot;","img":{"alt_text":"","src":"https:\/\/i0.wp.com\/www.montceautriathlon.com\/blog\/wp-content\/uploads\/2023\/10\/flyer-recto.png?resize=350%2C200&ssl=1","width":350,"height":200},"classes":[]},{"id":6374,"url":"https:\/\/www.montceautriathlon.com\/blog\/2023\/10\/21\/bike-run-aux-grands-parcs-cest-dans-15-jours\/","url_meta":{"origin":3703,"position":3},"title":"Bike &#038; run aux Grands Parcs c&rsquo;est dans 15 jours !","date":"21 octobre 2023","format":false,"excerpt":"Bike & Run dimanche 5 novembre aux Grands Parcs \u00e0 Montceau les Mines avec une nouveaut\u00e9 cette ann\u00e9e !\u00a0\u00a0 En plus des trois courses comptant pour le challenge hivernal B&R de la Ligue de Bourgogne\/Franche Comt\u00e9 de triathlon et ouvertes \u00e0 toutes et \u00e0 tous, un challenge entreprises est propos\u00e9\u2026","rel":"","context":"Dans &quot;Non class\u00e9&quot;","img":{"alt_text":"","src":"https:\/\/i1.wp.com\/www.montceautriathlon.com\/blog\/wp-content\/uploads\/2023\/10\/flyer-site.jpg?resize=350%2C200&ssl=1","width":350,"height":200},"classes":[]},{"id":7200,"url":"https:\/\/www.montceautriathlon.com\/blog\/2024\/12\/08\/17-novembre-bike-and-run-de-montceau\/","url_meta":{"origin":3703,"position":4},"title":"17 novembre: Bike and run de Montceau","date":"8 d\u00e9cembre 2024","format":false,"excerpt":"De nombreux montcelliens, petits et grands, \u00e9taient pr\u00e9sents au Grands Parcs ce dimanche sur les diff\u00e9rents parcours de notre bike and run. F\u00e9licitations \u00e0 toutes et tous pour votre participation et un grand merci aux b\u00e9n\u00e9voles. Voici tous les r\u00e9sultats: Course jeune 1 (2 km): Course jeune 2 (4 km):\u2026","rel":"","context":"Dans &quot;Non class\u00e9&quot;","img":{"alt_text":"","src":"https:\/\/i1.wp.com\/www.montceautriathlon.com\/blog\/wp-content\/uploads\/2024\/12\/vtparc-181124161035.webp?resize=350%2C200&ssl=1","width":350,"height":200},"classes":[]},{"id":6440,"url":"https:\/\/www.montceautriathlon.com\/blog\/2023\/11\/11\/cest-officiel-bike-run-reporte-au-3-decembre-prochain\/","url_meta":{"origin":3703,"position":5},"title":"C&rsquo;est officiel : Bike &#038; Run report\u00e9 au 3 d\u00e9cembre prochain !","date":"11 novembre 2023","format":false,"excerpt":"Notre Bike & Run se tiendra donc bien le dimanche 3 d\u00e9cembre aux Grands Parcs \u00e0 Montceau les Mines. R\u00e9servez bien cette date ! Attention : quelques modifications d'horaires. Bien les prendre en compte. Nous vous esp\u00e9rons nombreux et nombreuses et vous pr\u00e9sentons \u00e0 nouveau nos excuses pour ce report.","rel":"","context":"Dans &quot;Non class\u00e9&quot;","img":{"alt_text":"","src":"https:\/\/i0.wp.com\/www.montceautriathlon.com\/blog\/wp-content\/uploads\/2023\/11\/2.jpg?resize=350%2C200&ssl=1","width":350,"height":200},"classes":[]}],"_links":{"self":[{"href":"https:\/\/www.montceautriathlon.com\/blog\/wp-json\/wp\/v2\/posts\/3703"}],"collection":[{"href":"https:\/\/www.montceautriathlon.com\/blog\/wp-json\/wp\/v2\/posts"}],"about":[{"href":"https:\/\/www.montceautriathlon.com\/blog\/wp-json\/wp\/v2\/types\/post"}],"author":[{"embeddable":true,"href":"https:\/\/www.montceautriathlon.com\/blog\/wp-json\/wp\/v2\/users\/5"}],"replies":[{"embeddable":true,"href":"https:\/\/www.montceautriathlon.com\/blog\/wp-json\/wp\/v2\/comments?post=3703"}],"version-history":[{"count":11,"href":"https:\/\/www.montceautriathlon.com\/blog\/wp-json\/wp\/v2\/posts\/3703\/revisions"}],"predecessor-version":[{"id":3716,"href":"https:\/\/www.montceautriathlon.com\/blog\/wp-json\/wp\/v2\/posts\/3703\/revisions\/3716"}],"wp:attachment":[{"href":"https:\/\/www.montceautriathlon.com\/blog\/wp-json\/wp\/v2\/media?parent=3703"}],"wp:term":[{"taxonomy":"category","embeddable":true,"href":"https:\/\/www.montceautriathlon.com\/blog\/wp-json\/wp\/v2\/categories?post=3703"},{"taxonomy":"post_tag","embeddable":true,"href":"https:\/\/www.montceautriathlon.com\/blog\/wp-json\/wp\/v2\/tags?post=3703"}],"curies":[{"name":"wp","href":"https:\/\/api.w.org\/{rel}","templated":true}]}}