{"id":3655,"date":"2020-06-28T20:38:26","date_gmt":"2020-06-28T19:38:26","guid":{"rendered":"http:\/\/montceautriathlon.com\/blog\/?p=3655"},"modified":"2020-06-28T20:40:40","modified_gmt":"2020-06-28T19:40:40","slug":"3655","status":"publish","type":"post","link":"https:\/\/www.montceautriathlon.com\/blog\/2020\/06\/28\/3655\/","title":{"rendered":"Montceau Terre de jeux 2024 : petite photo de soutien"},"content":{"rendered":"<p><span id=\"fbPhotoSnowliftCaption\" class=\"fbPhotosPhotoCaption\" tabindex=\"0\" aria-live=\"polite\" data-ft=\"{&quot;tn&quot;:&quot;K&quot;}\"><span class=\"hasCaption\"><a href=\"http:\/\/montceautriathlon.com\/blog\/wp-content\/uploads\/2020\/06\/105578662_3224084424316143_83473585430799903_n.png\" target=\"_blank\" rel=\"noopener\"><img data-attachment-id=\"3656\" data-permalink=\"https:\/\/www.montceautriathlon.com\/blog\/2020\/06\/28\/3655\/105578662_3224084424316143_83473585430799903_n\/\" data-orig-file=\"https:\/\/www.montceautriathlon.com\/blog\/wp-content\/uploads\/2020\/06\/105578662_3224084424316143_83473585430799903_n.png\" data-orig-size=\"524,393\" data-comments-opened=\"1\" data-image-meta=\"{&quot;aperture&quot;:&quot;0&quot;,&quot;credit&quot;:&quot;&quot;,&quot;camera&quot;:&quot;&quot;,&quot;caption&quot;:&quot;&quot;,&quot;created_timestamp&quot;:&quot;0&quot;,&quot;copyright&quot;:&quot;&quot;,&quot;focal_length&quot;:&quot;0&quot;,&quot;iso&quot;:&quot;0&quot;,&quot;shutter_speed&quot;:&quot;0&quot;,&quot;title&quot;:&quot;&quot;,&quot;orientation&quot;:&quot;0&quot;}\" data-image-title=\"Montceau 2024\" data-image-description=\"\" data-image-caption=\"\" data-medium-file=\"https:\/\/www.montceautriathlon.com\/blog\/wp-content\/uploads\/2020\/06\/105578662_3224084424316143_83473585430799903_n-300x225.png\" data-large-file=\"https:\/\/www.montceautriathlon.com\/blog\/wp-content\/uploads\/2020\/06\/105578662_3224084424316143_83473585430799903_n.png\" loading=\"lazy\" class=\"alignleft wp-image-3656 size-medium\" src=\"http:\/\/montceautriathlon.com\/blog\/wp-content\/uploads\/2020\/06\/105578662_3224084424316143_83473585430799903_n-300x225.png\" alt=\"\" width=\"300\" height=\"225\" srcset=\"https:\/\/www.montceautriathlon.com\/blog\/wp-content\/uploads\/2020\/06\/105578662_3224084424316143_83473585430799903_n-300x225.png 300w, https:\/\/www.montceautriathlon.com\/blog\/wp-content\/uploads\/2020\/06\/105578662_3224084424316143_83473585430799903_n.png 524w\" sizes=\"(max-width: 300px) 100vw, 300px\" \/><\/a><\/span><\/span><span id=\"fbPhotoSnowliftCaption\" class=\"fbPhotosPhotoCaption\" tabindex=\"0\" aria-live=\"polite\" data-ft=\"{&quot;tn&quot;:&quot;K&quot;}\"><span class=\"hasCaption\">\u00ab\u00a0Montceau Olympique Natation, Lutte et Forme et <strong>Montceau Triathlon<\/strong> soutiennent la ville de Montceau les mines d\u00e9j\u00e0 Terre de Jeux 2024 pour \u00eatre Centre de Pr\u00e9paration Olympique !\u00a0\u00bb<\/span><\/span><\/p>\n<p>Notre petite contribution avec nos jeunes \u00ab\u00a0d\u00e9confin\u00e9s\u00a0\u00bb<\/p>\n<p>A voir sur le site FB de la municipalit\u00e9.<\/p>\n<p>Photo faite lors de la journ\u00e9e Olympique.<\/p>\n<div class=\"fb-post\" data-href=\"https:\/\/www.facebook.com\/VilleDeMontceau\/photos\/pcb.3224086067649312\/3224084420982810\/?type=3&#038;theater\" data-width=\"552\"><\/div>\n<div class=\"fb-post\" data-href=\"https:\/\/www.facebook.com\/VilleDeMontceau\/photos\/pcb.3224086067649312\/3224084420982810\/?type=3&#038;theater\" data-width=\"552\"><\/div>\n","protected":false},"excerpt":{"rendered":"<p>\u00ab\u00a0Montceau Olympique Natation, Lutte et Forme et Montceau Triathlon soutiennent la ville de Montceau les mines d\u00e9j\u00e0 Terre de Jeux 2024 pour \u00eatre Centre de Pr\u00e9paration Olympique !\u00a0\u00bb Notre petite contribution avec nos jeunes \u00ab\u00a0d\u00e9confin\u00e9s\u00a0\u00bb A voir sur le site FB de la municipalit\u00e9. Photo faite lors de la journ\u00e9e Olympique.<\/p>\n","protected":false},"author":5,"featured_media":0,"comment_status":"open","ping_status":"open","sticky":false,"template":"","format":"standard","meta":{"spay_email":"","jetpack_publicize_message":"","jetpack_is_tweetstorm":false},"categories":[1],"tags":[],"jetpack_featured_media_url":"","jetpack_publicize_connections":[],"jetpack_sharing_enabled":true,"jetpack_shortlink":"https:\/\/wp.me\/s8bwIy-3655","jetpack-related-posts":[{"id":3856,"url":"https:\/\/www.montceautriathlon.com\/blog\/2020\/09\/21\/championnats-de-france-des-liens-des-photos-des-articles\/","url_meta":{"origin":3655,"position":0},"title":"Championnats de France : des liens, des photos, des articles !","date":"21 septembre 2020","format":false,"excerpt":"A vous tous triathl\u00e8tes venus de toute la France, jeunes et moins jeunes, champions ou anonymes, ces photos des diff\u00e9rentes courses du week-end vous sont d\u00e9di\u00e9es . Encore mille mercis pour la confiance que vous nous avez accord\u00e9e par votre venue \u00e0 Montceau en ces temps compliqu\u00e9s. Bravo \u00e0 tous\u2026","rel":"","context":"Dans &quot;Non class\u00e9&quot;","img":{"alt_text":"","src":"https:\/\/i1.wp.com\/www.montceautriathlon.com\/blog\/wp-content\/uploads\/2020\/09\/IMG_7280.jpg?resize=350%2C200&ssl=1","width":350,"height":200},"classes":[]},{"id":5048,"url":"https:\/\/www.montceautriathlon.com\/blog\/2022\/05\/19\/aquathlon-de-montceau-pour-toi-patrick\/","url_meta":{"origin":3655,"position":1},"title":"Aquathlon de Montceau  : Pour toi Patrick.","date":"19 mai 2022","format":false,"excerpt":"Toi qui as organis\u00e9 tant d'aquathlons les premi\u00e8res ann\u00e9es du club, pris tant de responsabilit\u00e9s dans les organisations pr\u00e9c\u00e9dentes, toujours fid\u00e8le, toujours pr\u00e9sent, disponible et jovial et encore dimanche... Tu nous as brutalement quitt\u00e9 mardi soir victime d'un foudroyant arr\u00eat cardiaque. L'aquathlon, le club te doivent tant. C'est gr\u00e2ce \u00e0\u2026","rel":"","context":"Dans &quot;Non class\u00e9&quot;","img":{"alt_text":"","src":"https:\/\/i0.wp.com\/www.montceautriathlon.com\/blog\/wp-content\/uploads\/2022\/05\/P3.jpg?resize=350%2C200&ssl=1","width":350,"height":200},"classes":[]},{"id":8515,"url":"https:\/\/www.montceautriathlon.com\/blog\/2025\/12\/05\/relevez-le-defi\/","url_meta":{"origin":3655,"position":2},"title":"Relevez le d\u00e9fi!","date":"5 d\u00e9cembre 2025","format":false,"excerpt":"Montceau Triathlon vous lance un challenge : 24 heures de v\u00e9lo sur home-trainer, pour parcourir un maximum de kilom\u00e8tres au profit du T\u00e9l\u00e9thon ! Que vous soyez licenci\u00e9 du club, passionn\u00e9 de sport, simple curieux ou juste quelqu\u2019un qui souhaite faire une bonne action, vous \u00eates les bienvenus! Pas besoin\u2026","rel":"","context":"Dans &quot;Non class\u00e9&quot;","img":{"alt_text":"","src":"https:\/\/i0.wp.com\/www.montceautriathlon.com\/blog\/wp-content\/uploads\/2025\/12\/telethon.jpg?resize=350%2C200&ssl=1","width":350,"height":200},"classes":[]},{"id":7200,"url":"https:\/\/www.montceautriathlon.com\/blog\/2024\/12\/08\/17-novembre-bike-and-run-de-montceau\/","url_meta":{"origin":3655,"position":3},"title":"17 novembre: Bike and run de Montceau","date":"8 d\u00e9cembre 2024","format":false,"excerpt":"De nombreux montcelliens, petits et grands, \u00e9taient pr\u00e9sents au Grands Parcs ce dimanche sur les diff\u00e9rents parcours de notre bike and run. F\u00e9licitations \u00e0 toutes et tous pour votre participation et un grand merci aux b\u00e9n\u00e9voles. Voici tous les r\u00e9sultats: Course jeune 1 (2 km): Course jeune 2 (4 km):\u2026","rel":"","context":"Dans &quot;Non class\u00e9&quot;","img":{"alt_text":"","src":"https:\/\/i1.wp.com\/www.montceautriathlon.com\/blog\/wp-content\/uploads\/2024\/12\/vtparc-181124161035.webp?resize=350%2C200&ssl=1","width":350,"height":200},"classes":[]},{"id":6356,"url":"https:\/\/www.montceautriathlon.com\/blog\/2023\/10\/18\/meeting-de-saone-et-loire\/","url_meta":{"origin":3655,"position":4},"title":"Meeting de Sa\u00f4ne et Loire","date":"18 octobre 2023","format":false,"excerpt":"Les triathl\u00e8tes de Sa\u00f4ne et Loire se sont retrouv\u00e9s \u00e0 Autun ce dimanche 15 octobre pour le meeting d\u00e9partemental organis\u00e9 par le comit\u00e9 d\u00e9partemental de triathlon. Le but: parcourir la plus grande distance en course \u00e0 pied le matin et en natation l'apr\u00e8s midi, pendant une heure pour chaque \u00e9preuve,\u2026","rel":"","context":"Dans &quot;Non class\u00e9&quot;","img":{"alt_text":"","src":"https:\/\/i0.wp.com\/www.montceautriathlon.com\/blog\/wp-content\/uploads\/2023\/10\/20231015_115135.jpg?resize=350%2C200&ssl=1","width":350,"height":200},"classes":[]},{"id":2436,"url":"https:\/\/www.montceautriathlon.com\/blog\/2018\/10\/17\/et-dans-la-presse-aussi\/","url_meta":{"origin":3655,"position":5},"title":"Et dans la presse aussi !","date":"17 octobre 2018","format":false,"excerpt":"FR3 : JT 19\/20 . Choisir le journal du 14\/10\/18 sous\u00a0 la vid\u00e9o du jour \u00e0 7'24\" du commencement. C'est le \u00a0 fil rouge de la page sports, plusieurs passages entre les diff\u00e9rentes rubriques . Correct ! https:\/\/france3-regions.francetvinfo.fr\/bourgogne-franche-comte\/emissions\/jt-1920-bourgogne Montceau News : Montceau-les-Mines : Coupe de France des clubs Master La\u2026","rel":"","context":"Dans &quot;Non class\u00e9&quot;","img":{"alt_text":"","src":"","width":0,"height":0},"classes":[]}],"_links":{"self":[{"href":"https:\/\/www.montceautriathlon.com\/blog\/wp-json\/wp\/v2\/posts\/3655"}],"collection":[{"href":"https:\/\/www.montceautriathlon.com\/blog\/wp-json\/wp\/v2\/posts"}],"about":[{"href":"https:\/\/www.montceautriathlon.com\/blog\/wp-json\/wp\/v2\/types\/post"}],"author":[{"embeddable":true,"href":"https:\/\/www.montceautriathlon.com\/blog\/wp-json\/wp\/v2\/users\/5"}],"replies":[{"embeddable":true,"href":"https:\/\/www.montceautriathlon.com\/blog\/wp-json\/wp\/v2\/comments?post=3655"}],"version-history":[{"count":6,"href":"https:\/\/www.montceautriathlon.com\/blog\/wp-json\/wp\/v2\/posts\/3655\/revisions"}],"predecessor-version":[{"id":3662,"href":"https:\/\/www.montceautriathlon.com\/blog\/wp-json\/wp\/v2\/posts\/3655\/revisions\/3662"}],"wp:attachment":[{"href":"https:\/\/www.montceautriathlon.com\/blog\/wp-json\/wp\/v2\/media?parent=3655"}],"wp:term":[{"taxonomy":"category","embeddable":true,"href":"https:\/\/www.montceautriathlon.com\/blog\/wp-json\/wp\/v2\/categories?post=3655"},{"taxonomy":"post_tag","embeddable":true,"href":"https:\/\/www.montceautriathlon.com\/blog\/wp-json\/wp\/v2\/tags?post=3655"}],"curies":[{"name":"wp","href":"https:\/\/api.w.org\/{rel}","templated":true}]}}