{"id":3595,"date":"2020-04-26T20:59:47","date_gmt":"2020-04-26T19:59:47","guid":{"rendered":"http:\/\/montceautriathlon.com\/blog\/?p=3595"},"modified":"2020-04-26T20:59:47","modified_gmt":"2020-04-26T19:59:47","slug":"ecole-de-triathlon-quand-le-confinement-rappelle-de-bons-souvenirs","status":"publish","type":"post","link":"https:\/\/www.montceautriathlon.com\/blog\/2020\/04\/26\/ecole-de-triathlon-quand-le-confinement-rappelle-de-bons-souvenirs\/","title":{"rendered":"\u00e9cole de triathlon : quand le confinement rappelle de bons souvenirs."},"content":{"rendered":"<p>Un beau travail de Sophie et de Marine qui nous proposent un petit montage sympathique sur notre\u00a0 \u00e9cole de triathlon. Une puis deux \u00e9toiles que beaucoup de nos jeunes ont fait briller depuis quelques ann\u00e9es !<\/p>\n<p><a href=\"https:\/\/drive.google.com\/file\/d\/1djZFLRikIkJkEaakdDeqZb_AxCHoGMWK\/view\">https:\/\/drive.google.com\/file\/d\/1djZFLRikIkJkEaakdDeqZb_AxCHoGMWK\/view<\/a><\/p>\n","protected":false},"excerpt":{"rendered":"<p>Un beau travail de Sophie et de Marine qui nous proposent un petit montage sympathique sur notre\u00a0 \u00e9cole de triathlon. Une puis deux \u00e9toiles que beaucoup de nos jeunes ont fait briller depuis quelques ann\u00e9es ! https:\/\/drive.google.com\/file\/d\/1djZFLRikIkJkEaakdDeqZb_AxCHoGMWK\/view<\/p>\n","protected":false},"author":5,"featured_media":0,"comment_status":"open","ping_status":"open","sticky":false,"template":"","format":"standard","meta":{"spay_email":"","jetpack_publicize_message":"","jetpack_is_tweetstorm":false},"categories":[1],"tags":[],"jetpack_featured_media_url":"","jetpack_publicize_connections":[],"jetpack_sharing_enabled":true,"jetpack_shortlink":"https:\/\/wp.me\/p8bwIy-VZ","jetpack-related-posts":[{"id":7985,"url":"https:\/\/www.montceautriathlon.com\/blog\/2025\/07\/11\/lecole-de-triathlon\/","url_meta":{"origin":3595,"position":0},"title":"L&rsquo;\u00e9cole de triathlon","date":"11 juillet 2025","format":false,"excerpt":"Ce samedi 5 juillet marque la fin des entrainements des jeunes de l'\u00e9cole. A cette occasion, les jeunes \u00e9taient convi\u00e9s \u00e0 un dernier entrainement ludique avec des jeux collectifs. A l'issue de celui ci, les bracelets EFT (\u00e9cole fran\u00e7aise de triathlon) ont \u00e9t\u00e9 remis aux jeunes. Cette remise a \u00e9t\u00e9\u2026","rel":"","context":"Dans &quot;Non class\u00e9&quot;","img":{"alt_text":"","src":"https:\/\/i1.wp.com\/www.montceautriathlon.com\/blog\/wp-content\/uploads\/2025\/07\/IMG-20250705-WA0004-1.jpg?resize=350%2C200&ssl=1","width":350,"height":200},"classes":[]},{"id":3463,"url":"https:\/\/www.montceautriathlon.com\/blog\/2020\/02\/16\/creneaux-dentrainements-vacances-du-24-fevrier-au-7-mars\/","url_meta":{"origin":3595,"position":1},"title":"cr\u00e9neaux d&rsquo;entrainements vacances du 24 f\u00e9vrier au 7 mars","date":"16 f\u00e9vrier 2020","format":false,"excerpt":"\u00a0 \u00a0Ecole de triathlon (jeunes) M25: cap: 18h30\/19h30 M26: natation: 18h\/19h V28: VTT (pr\u00e9paration duathlon): 10h30\/12h Pas d'entrainement la 2e semaine de vacances Ecole de triathlon (ados) L24: natation: 18h\/19h M25: cap: 18h30\/19h30 M26: natation: 18h\/19h ou 19h\/20h30 J27: renforcement musculaire: 18h\/19h15 V28: V\u00e9lo (pr\u00e9paration duathlon): 14h\/15h30 M03: cap: 18h30\/19h30\u2026","rel":"","context":"Dans &quot;Non class\u00e9&quot;","img":{"alt_text":"","src":"https:\/\/i2.wp.com\/montceautriathlon.com\/blog\/wp-content\/uploads\/2020\/02\/vacances-300x300.jpg?resize=350%2C200","width":350,"height":200},"classes":[]},{"id":5591,"url":"https:\/\/www.montceautriathlon.com\/blog\/2023\/03\/06\/assemblee-generale-de-la-ligue\/","url_meta":{"origin":3595,"position":2},"title":"Assembl\u00e9e g\u00e9n\u00e9rale de la Ligue","date":"6 mars 2023","format":false,"excerpt":"Samedi 04\/03 a eu lieu l'assembl\u00e9e g\u00e9n\u00e9rale de la ligue Bourgogne Franche Comt\u00e9 de triathlon o\u00f9 Christian, notre pr\u00e9sident s'est rendu. A la fin de l'AG a eu lieu les r\u00e9compenses du challenge r\u00e9gional jeune des \u00e9coles (Montceau Triathlon est 3e \u00e9cole derri\u00e8re M\u00e2con et Dole) et le challenge r\u00e9gional\u2026","rel":"","context":"Dans &quot;Non class\u00e9&quot;","img":{"alt_text":"","src":"https:\/\/i2.wp.com\/www.montceautriathlon.com\/blog\/wp-content\/uploads\/2023\/03\/IMG-20230304-WA0002-1.jpg?resize=350%2C200&ssl=1","width":350,"height":200},"classes":[]},{"id":2900,"url":"https:\/\/www.montceautriathlon.com\/blog\/2019\/06\/06\/2-juin-2019-france-jeunes-de-triathlon-a-grignon-pas-de-quoi-etre-grognon\/","url_meta":{"origin":3595,"position":3},"title":"2 juin 2019, France Jeunes de Triathlon \u00e0 Grignon : Pas de quoi \u00eatre grognon !","date":"6 juin 2019","format":false,"excerpt":"Ce week-end avaient lieu les Championnats de France de triathlon jeunes(que Montceau avait organis\u00e9s il y a trois ans ) de minimes \u00e0 Junior(e)s \u00e0 Grignon tout pr\u00e8s d'Alberville en Savoie,en pleine\u00a0 Tarentaise autour d'un lac le long de l'Is\u00e8re. Un endroit id\u00e9al pour le triathlon surtout que le ciel\u2026","rel":"","context":"Dans &quot;Non class\u00e9&quot;","img":{"alt_text":"","src":"https:\/\/i0.wp.com\/montceautriathlon.com\/blog\/wp-content\/uploads\/2019\/06\/grignan-6-300x169.jpg?resize=350%2C200","width":350,"height":200},"classes":[]},{"id":3856,"url":"https:\/\/www.montceautriathlon.com\/blog\/2020\/09\/21\/championnats-de-france-des-liens-des-photos-des-articles\/","url_meta":{"origin":3595,"position":4},"title":"Championnats de France : des liens, des photos, des articles !","date":"21 septembre 2020","format":false,"excerpt":"A vous tous triathl\u00e8tes venus de toute la France, jeunes et moins jeunes, champions ou anonymes, ces photos des diff\u00e9rentes courses du week-end vous sont d\u00e9di\u00e9es . Encore mille mercis pour la confiance que vous nous avez accord\u00e9e par votre venue \u00e0 Montceau en ces temps compliqu\u00e9s. Bravo \u00e0 tous\u2026","rel":"","context":"Dans &quot;Non class\u00e9&quot;","img":{"alt_text":"","src":"https:\/\/i1.wp.com\/www.montceautriathlon.com\/blog\/wp-content\/uploads\/2020\/09\/IMG_7280.jpg?resize=350%2C200&ssl=1","width":350,"height":200},"classes":[]},{"id":4300,"url":"https:\/\/www.montceautriathlon.com\/blog\/2021\/07\/05\/montceau-triathlon-sur-tous-les-fronts\/","url_meta":{"origin":3595,"position":5},"title":"Montceau Triathlon sur tous les fronts !","date":"5 juillet 2021","format":false,"excerpt":"Ce week-end du 4 juillet, les couleurs du club auront brill\u00e9 de Xonrupt, \u00e0 M\u00e2con en passant par Gu\u00e9ret et les Sable d'Olonne. Des jeunes, des relais, du half Iron man, de l'Xterra, du swimrun, du duathlon, du CLM par \u00e9quipe. Toute la diversit\u00e9 des disciplines encha\u00een\u00e9es port\u00e9e par nos\u2026","rel":"","context":"Dans &quot;Non class\u00e9&quot;","img":{"alt_text":"","src":"https:\/\/i2.wp.com\/www.montceautriathlon.com\/blog\/wp-content\/uploads\/2021\/07\/IMG-20210703-WA0010.jpg?resize=350%2C200&ssl=1","width":350,"height":200},"classes":[]}],"_links":{"self":[{"href":"https:\/\/www.montceautriathlon.com\/blog\/wp-json\/wp\/v2\/posts\/3595"}],"collection":[{"href":"https:\/\/www.montceautriathlon.com\/blog\/wp-json\/wp\/v2\/posts"}],"about":[{"href":"https:\/\/www.montceautriathlon.com\/blog\/wp-json\/wp\/v2\/types\/post"}],"author":[{"embeddable":true,"href":"https:\/\/www.montceautriathlon.com\/blog\/wp-json\/wp\/v2\/users\/5"}],"replies":[{"embeddable":true,"href":"https:\/\/www.montceautriathlon.com\/blog\/wp-json\/wp\/v2\/comments?post=3595"}],"version-history":[{"count":1,"href":"https:\/\/www.montceautriathlon.com\/blog\/wp-json\/wp\/v2\/posts\/3595\/revisions"}],"predecessor-version":[{"id":3596,"href":"https:\/\/www.montceautriathlon.com\/blog\/wp-json\/wp\/v2\/posts\/3595\/revisions\/3596"}],"wp:attachment":[{"href":"https:\/\/www.montceautriathlon.com\/blog\/wp-json\/wp\/v2\/media?parent=3595"}],"wp:term":[{"taxonomy":"category","embeddable":true,"href":"https:\/\/www.montceautriathlon.com\/blog\/wp-json\/wp\/v2\/categories?post=3595"},{"taxonomy":"post_tag","embeddable":true,"href":"https:\/\/www.montceautriathlon.com\/blog\/wp-json\/wp\/v2\/tags?post=3595"}],"curies":[{"name":"wp","href":"https:\/\/api.w.org\/{rel}","templated":true}]}}