{"id":3582,"date":"2020-04-11T15:09:56","date_gmt":"2020-04-11T14:09:56","guid":{"rendered":"http:\/\/montceautriathlon.com\/blog\/?p=3582"},"modified":"2020-04-11T15:09:56","modified_gmt":"2020-04-11T14:09:56","slug":"resultats-challenge-bikerun-regional-bon-pour-le-moral","status":"publish","type":"post","link":"https:\/\/www.montceautriathlon.com\/blog\/2020\/04\/11\/resultats-challenge-bikerun-regional-bon-pour-le-moral\/","title":{"rendered":"r\u00e9sultats challenge Bike&#038;Run r\u00e9gional : Bon pour le moral !"},"content":{"rendered":"<p><a href=\"http:\/\/montceautriathlon.com\/blog\/wp-content\/uploads\/2020\/04\/15650166230.jpg\"><img data-attachment-id=\"3580\" data-permalink=\"https:\/\/www.montceautriathlon.com\/blog\/2020\/04\/11\/resultats-challenge-bikerun-regional-bon-pour-le-moral\/attachment\/15650166230\/\" data-orig-file=\"https:\/\/www.montceautriathlon.com\/blog\/wp-content\/uploads\/2020\/04\/15650166230.jpg\" data-orig-size=\"426,600\" data-comments-opened=\"1\" data-image-meta=\"{&quot;aperture&quot;:&quot;0&quot;,&quot;credit&quot;:&quot;&quot;,&quot;camera&quot;:&quot;&quot;,&quot;caption&quot;:&quot;&quot;,&quot;created_timestamp&quot;:&quot;0&quot;,&quot;copyright&quot;:&quot;&quot;,&quot;focal_length&quot;:&quot;0&quot;,&quot;iso&quot;:&quot;0&quot;,&quot;shutter_speed&quot;:&quot;0&quot;,&quot;title&quot;:&quot;&quot;,&quot;orientation&quot;:&quot;0&quot;}\" data-image-title=\"15650166230\" data-image-description=\"\" data-image-caption=\"\" data-medium-file=\"https:\/\/www.montceautriathlon.com\/blog\/wp-content\/uploads\/2020\/04\/15650166230-213x300.jpg\" data-large-file=\"https:\/\/www.montceautriathlon.com\/blog\/wp-content\/uploads\/2020\/04\/15650166230.jpg\" loading=\"lazy\" class=\"size-medium wp-image-3580 alignleft\" src=\"http:\/\/montceautriathlon.com\/blog\/wp-content\/uploads\/2020\/04\/15650166230-213x300.jpg\" alt=\"\" width=\"213\" height=\"300\" srcset=\"https:\/\/www.montceautriathlon.com\/blog\/wp-content\/uploads\/2020\/04\/15650166230-213x300.jpg 213w, https:\/\/www.montceautriathlon.com\/blog\/wp-content\/uploads\/2020\/04\/15650166230.jpg 426w\" sizes=\"(max-width: 213px) 100vw, 213px\" \/><\/a>A l&rsquo;heure o\u00f9 les comp\u00e9titions sont \u00e0 l&rsquo;arr\u00eat, o\u00f9 l&rsquo;avenir de l&rsquo;ensemble de nos comp\u00e9titions \u00e0 venir ( \u00e0 proche et moyen terme pour \u00eatre optimiste) semble compromis, les r\u00e9sultats du Challenge R\u00e9gional Bourgogne\/Franche Comt\u00e9 toutes cat\u00e9gories sont tomb\u00e9s.<strong> Et ils font chaud au coeur <\/strong>avec notamment les victoire au scratch et en mixte en J1 et J2 de deux de nos \u00e9quipes jeunes.<\/p>\n<p><strong>El\u00e9a B\u00e9rardan et Titouan Rondier<\/strong> gagnent le challenge au scratch et en mixte en J1 ainsi que <strong>Marine Da Eira et Marius Grivault<\/strong> en J2 au scratch et en mixte \u00e9galement ! bravo \u00e0 eux !<\/p>\n<p>Axelle da Eira et Sarah Thierry loupent de peu le podium en J1 f\u00e9minin ainsi que Zo\u00e9 Da Eira et Garance Bey en J2 f\u00e9minine. chacune de ces deux \u00e9quipes finissant 4\u00e8me.<\/p>\n<p><strong>Honneur aux plus jeunes bien entendu ! Mais les v\u00e9t\u00e9rans et v\u00e9t\u00e9ranes ne sont pas en reste sur le challenge XS ! l<\/strong><\/p>\n<p><strong>Sophie Rousseau associ\u00e9e \u00e0 H\u00e9l\u00e8ne Touillon l&#8217;emportent en VF.<\/strong><\/p>\n<p><strong>Olivier Grivault et Jean Da Eira l&#8217;emportent en VH,<\/strong> Laurent Magnien et Micka\u00ebl Verdu \u00e0 la troisi\u00e8me place en VH ! La m\u00e9daille en chocolat pour Arnaud Rondier et Beno\u00eet Thierry !<\/p>\n<p>De beaux r\u00e9sultats pour le club des plus jeunes aux moins jeunes !<\/p>\n<p>les r\u00e9sultats complets du challenge : <a href=\"http:\/\/montceautriathlon.com\/blog\/wp-content\/uploads\/2020\/04\/Classement_du_Challenge_hivernal_BFC_2020_ETAPE_2.xls\" target=\"_blank\" rel=\"noopener\">ICI<\/a><\/p>\n<p>&nbsp;<\/p>\n","protected":false},"excerpt":{"rendered":"<p>A l&rsquo;heure o\u00f9 les comp\u00e9titions sont \u00e0 l&rsquo;arr\u00eat, o\u00f9 l&rsquo;avenir de l&rsquo;ensemble de nos comp\u00e9titions \u00e0 venir ( \u00e0 proche et moyen terme pour \u00eatre optimiste) semble compromis, les r\u00e9sultats du Challenge R\u00e9gional Bourgogne\/Franche Comt\u00e9 toutes cat\u00e9gories sont tomb\u00e9s. Et ils font chaud au coeur avec notamment les victoire au scratch et en mixte en [&hellip;]<\/p>\n","protected":false},"author":5,"featured_media":0,"comment_status":"open","ping_status":"open","sticky":false,"template":"","format":"standard","meta":{"spay_email":"","jetpack_publicize_message":"","jetpack_is_tweetstorm":false},"categories":[1],"tags":[],"jetpack_featured_media_url":"","jetpack_publicize_connections":[],"jetpack_sharing_enabled":true,"jetpack_shortlink":"https:\/\/wp.me\/p8bwIy-VM","jetpack-related-posts":[{"id":3329,"url":"https:\/\/www.montceautriathlon.com\/blog\/2019\/11\/07\/3-11-19-bike-run-chalon-et-cest-reparti-pour-cette-nouvelle-saison\/","url_meta":{"origin":3582,"position":0},"title":"3\/11\/19, Bike &#038; Run Chalon : Et c&rsquo;est reparti pour cette nouvelle saison !","date":"7 novembre 2019","format":false,"excerpt":"La saison de bike an run est lanc\u00e9e. La premi\u00e8re \u00e9tape avait lieu \u00e0 Chalon sous la pluie qui n'a pas d\u00e9courag\u00e9 la quinzaine d'\u00e9quipages montceliens. Les plus jeunes ont bien tir\u00e9 leur \u00e9pingle du jeu avec deux victoires au scratch. Titouan et El\u00e9a en J1 et Marine et Marius\u2026","rel":"","context":"Dans &quot;Non class\u00e9&quot;","img":{"alt_text":"","src":"","width":0,"height":0},"classes":[]},{"id":1860,"url":"https:\/\/www.montceautriathlon.com\/blog\/2018\/04\/03\/bikerun-chenove-1er-avril-2018\/","url_meta":{"origin":3582,"position":1},"title":"Bike&#038;Run Chen\u00f4ve 1er avril 2018","date":"3 avril 2018","format":false,"excerpt":"Avant derni\u00e8re \u00e9tape du Challenge contrairement \u00e0 ce qu'annonce cette affiche, M\u00e2con ayant \u00e9t\u00e9 report\u00e9e au 8 avril prochain. Nos trois \u00e9quipes v\u00e9t\u00e9ranes qui jouent les podiums ont donc fait le d\u00e9placement pour engranger des points et bien entendu, toutes nos \u00e9quipes engag\u00e9es ont\u00a0 gagn\u00e9 dans leur cat\u00e9gorie, s'offrant m\u00eame\u2026","rel":"","context":"Dans &quot;Non class\u00e9&quot;","img":{"alt_text":"","src":"","width":0,"height":0},"classes":[]},{"id":1874,"url":"https:\/\/www.montceautriathlon.com\/blog\/2018\/04\/10\/bike-run-macon-8-avril-2018\/","url_meta":{"origin":3582,"position":2},"title":"Bike &#038;Run M\u00e2con 8 avril 2018","date":"10 avril 2018","format":false,"excerpt":"Alea jacta est !\u00a0 Fin du Challenge r\u00e9gional Bike & Run. La derni\u00e8re \u00e9tape s'est tenue \u00e0 M\u00e2con les pieds au sec(sans inondation !)\u00a0 et bien entendu quelques \u00e9quipes ont repr\u00e9sent\u00e9 le club.\u00a0 Peu de participants en g\u00e9n\u00e9ral sur cette course, probablement \u00e0 cause du\u00a0 d\u00e9but des vacances scolaires et\u2026","rel":"","context":"Dans &quot;Non class\u00e9&quot;","img":{"alt_text":"","src":"","width":0,"height":0},"classes":[]},{"id":1749,"url":"https:\/\/www.montceautriathlon.com\/blog\/2018\/02\/05\/bikerun-autun-4-fevrier-2018\/","url_meta":{"origin":3582,"position":3},"title":"BIKE&#038;RUN AUTUN    4 f\u00e9vrier 2018","date":"5 f\u00e9vrier 2018","format":false,"excerpt":"Une forte participation du club avec 14 \u00e9quipes adultes et 8 \u00e9quipes jeunes \u00e0 cette huiti\u00e8me \u00e9tape du circuit Bike&Run et de belles performances \u00e0 la cl\u00e9. les r\u00e9sultats ci-dessous : course XS : 49 \u00e9quipes au d\u00e9part BONGRAND Camille LECAT Jason 1\u00e8reSE \/Homme 00:46:41 2\u00e8me\/scratch LEQUIN Ludivine GALARATTI Nicolas\u2026","rel":"","context":"Dans &quot;Non class\u00e9&quot;","img":{"alt_text":"","src":"","width":0,"height":0},"classes":[]},{"id":2497,"url":"https:\/\/www.montceautriathlon.com\/blog\/2018\/11\/05\/4-11-18-bike-run-de-chalon-le-club-en-nombre\/","url_meta":{"origin":3582,"position":4},"title":"4\/11\/18 Bike &#038; Run de chalon : le club en nombre","date":"5 novembre 2018","format":false,"excerpt":"D\u00e9but de la saison hivernale\u00a0 bike and run ce dimanche \u00e0 Chalon et de nombreuses \u00e9quipes du club en course : 10 \u00e9quipes en J1 et J2 et 14 sur la course XS, soit\u00a0 48 triathl\u00e8tes montcelliens en selle dans la roseraie. Une belle entame\u00a0 de bonne augure pour le\u2026","rel":"","context":"Dans &quot;Non class\u00e9&quot;","img":{"alt_text":"","src":"https:\/\/i1.wp.com\/www.montceautriathlon.com\/blog\/wp-content\/uploads\/2018\/11\/club-chalon.jpg?resize=350%2C200&ssl=1","width":350,"height":200},"classes":[]},{"id":2600,"url":"https:\/\/www.montceautriathlon.com\/blog\/2019\/01\/22\/bike-run-bourbon-20-01-2019-avec-ou-sans-glace\/","url_meta":{"origin":3582,"position":5},"title":"Bike &#038; Run Bourbon 20\/01\/2019: Avec ou sans glace ?","date":"22 janvier 2019","format":false,"excerpt":"L'ann\u00e9e derni\u00e8re, le club s'\u00e9tait d\u00e9plac\u00e9 en masse. Cette ann\u00e9e, seules trois \u00e9quipes adultes ont fait le d\u00e9placement. Dommage ! Le froid, la crainte de routes verglac\u00e9es et la pr\u00e9sence de plusieurs triathl\u00e8tes sur l'Oxyrace expliquent peut-\u00eatre cette d\u00e9saffection. 25 \u00e9quipages ont pris le d\u00e9part.\u00a0 N\u00e9anmoins, victoire de l'\u00e9quipe f\u00e9minine\u2026","rel":"","context":"Dans &quot;Non class\u00e9&quot;","img":{"alt_text":"","src":"https:\/\/i1.wp.com\/montceautriathlon.com\/blog\/wp-content\/uploads\/2019\/01\/BR-Bourbon-213x300.jpg?resize=350%2C200","width":350,"height":200},"classes":[]}],"_links":{"self":[{"href":"https:\/\/www.montceautriathlon.com\/blog\/wp-json\/wp\/v2\/posts\/3582"}],"collection":[{"href":"https:\/\/www.montceautriathlon.com\/blog\/wp-json\/wp\/v2\/posts"}],"about":[{"href":"https:\/\/www.montceautriathlon.com\/blog\/wp-json\/wp\/v2\/types\/post"}],"author":[{"embeddable":true,"href":"https:\/\/www.montceautriathlon.com\/blog\/wp-json\/wp\/v2\/users\/5"}],"replies":[{"embeddable":true,"href":"https:\/\/www.montceautriathlon.com\/blog\/wp-json\/wp\/v2\/comments?post=3582"}],"version-history":[{"count":2,"href":"https:\/\/www.montceautriathlon.com\/blog\/wp-json\/wp\/v2\/posts\/3582\/revisions"}],"predecessor-version":[{"id":3584,"href":"https:\/\/www.montceautriathlon.com\/blog\/wp-json\/wp\/v2\/posts\/3582\/revisions\/3584"}],"wp:attachment":[{"href":"https:\/\/www.montceautriathlon.com\/blog\/wp-json\/wp\/v2\/media?parent=3582"}],"wp:term":[{"taxonomy":"category","embeddable":true,"href":"https:\/\/www.montceautriathlon.com\/blog\/wp-json\/wp\/v2\/categories?post=3582"},{"taxonomy":"post_tag","embeddable":true,"href":"https:\/\/www.montceautriathlon.com\/blog\/wp-json\/wp\/v2\/tags?post=3582"}],"curies":[{"name":"wp","href":"https:\/\/api.w.org\/{rel}","templated":true}]}}