{"id":3570,"date":"2020-03-13T18:16:52","date_gmt":"2020-03-13T17:16:52","guid":{"rendered":"http:\/\/montceautriathlon.com\/blog\/?p=3570"},"modified":"2020-03-13T18:16:52","modified_gmt":"2020-03-13T17:16:52","slug":"covid-19-annulation-des-entrainements","status":"publish","type":"post","link":"https:\/\/www.montceautriathlon.com\/blog\/2020\/03\/13\/covid-19-annulation-des-entrainements\/","title":{"rendered":"COVID 19 : annulation des entrainements"},"content":{"rendered":"<div><a href=\"http:\/\/montceautriathlon.com\/blog\/wp-content\/uploads\/2020\/03\/covid-19.jpg\"><img data-attachment-id=\"3572\" data-permalink=\"https:\/\/www.montceautriathlon.com\/blog\/2020\/03\/13\/covid-19-annulation-des-entrainements\/covid-19\/\" data-orig-file=\"https:\/\/www.montceautriathlon.com\/blog\/wp-content\/uploads\/2020\/03\/covid-19.jpg\" data-orig-size=\"570,380\" data-comments-opened=\"1\" data-image-meta=\"{&quot;aperture&quot;:&quot;0&quot;,&quot;credit&quot;:&quot;&quot;,&quot;camera&quot;:&quot;&quot;,&quot;caption&quot;:&quot;&quot;,&quot;created_timestamp&quot;:&quot;0&quot;,&quot;copyright&quot;:&quot;&quot;,&quot;focal_length&quot;:&quot;0&quot;,&quot;iso&quot;:&quot;0&quot;,&quot;shutter_speed&quot;:&quot;0&quot;,&quot;title&quot;:&quot;&quot;,&quot;orientation&quot;:&quot;1&quot;}\" data-image-title=\"covid 19\" data-image-description=\"\" data-image-caption=\"\" data-medium-file=\"https:\/\/www.montceautriathlon.com\/blog\/wp-content\/uploads\/2020\/03\/covid-19-300x200.jpg\" data-large-file=\"https:\/\/www.montceautriathlon.com\/blog\/wp-content\/uploads\/2020\/03\/covid-19.jpg\" loading=\"lazy\" class=\"size-medium wp-image-3572 aligncenter\" src=\"http:\/\/montceautriathlon.com\/blog\/wp-content\/uploads\/2020\/03\/covid-19-300x200.jpg\" alt=\"\" width=\"300\" height=\"200\" srcset=\"https:\/\/www.montceautriathlon.com\/blog\/wp-content\/uploads\/2020\/03\/covid-19-300x200.jpg 300w, https:\/\/www.montceautriathlon.com\/blog\/wp-content\/uploads\/2020\/03\/covid-19.jpg 570w\" sizes=\"(max-width: 300px) 100vw, 300px\" \/><\/a><\/div>\n<div>Bonsoir \u00e0 tous,<\/div>\n<div>comme vous vous en doutiez probablement suite \u00e0 l&rsquo;acc\u00e9l\u00e9ration des restrictions pour lutter contre le COVID 19,<\/div>\n<div>le bureau du club a pris la d\u00e9cision d&rsquo;annuler tous les entrainements (natation, CAP, cyclisme)<b> jusqu&rsquo;\u00e0 nouvel ordre<\/b> suivant ainsi les recommandations pour \u00e9viter tout regroupement.<\/div>\n<div><span style=\"color: #ff0000;\"><b>La piscine sera ferm\u00e9e d\u00e8s ce soir vendredi 13 mars 21h00 <\/b><\/span><u>pour une dur\u00e9e minimale de 15 jours ainsi que le stade.<br \/>\n<\/u><\/div>\n<div><span style=\"color: #ff0000;\"><u><b>Donc pas d&rsquo;entrainement demain samedi 14 mars.<\/b><\/u><\/span><\/div>\n<div>Nous vous tiendrons inform\u00e9s\u00a0 bien entendu de la suite des \u00e9v\u00e8nements si n\u00e9cessaire.<\/div>\n<div><em>le bureau du club<\/em><\/div>\n","protected":false},"excerpt":{"rendered":"<p>Bonsoir \u00e0 tous, comme vous vous en doutiez probablement suite \u00e0 l&rsquo;acc\u00e9l\u00e9ration des restrictions pour lutter contre le COVID 19, le bureau du club a pris la d\u00e9cision d&rsquo;annuler tous les entrainements (natation, CAP, cyclisme) jusqu&rsquo;\u00e0 nouvel ordre suivant ainsi les recommandations pour \u00e9viter tout regroupement. La piscine sera ferm\u00e9e d\u00e8s ce soir vendredi 13 [&hellip;]<\/p>\n","protected":false},"author":5,"featured_media":0,"comment_status":"open","ping_status":"open","sticky":false,"template":"","format":"standard","meta":{"spay_email":"","jetpack_publicize_message":"","jetpack_is_tweetstorm":false},"categories":[1],"tags":[],"jetpack_featured_media_url":"","jetpack_publicize_connections":[],"jetpack_sharing_enabled":true,"jetpack_shortlink":"https:\/\/wp.me\/p8bwIy-VA","jetpack-related-posts":[{"id":5221,"url":"https:\/\/www.montceautriathlon.com\/blog\/2022\/09\/05\/cest-la-rentree-reprise-des-entrainements\/","url_meta":{"origin":3570,"position":0},"title":"C&rsquo;est la rentr\u00e9e !                                              reprise des entrainements !","date":"5 septembre 2022","format":false,"excerpt":"Reprise des entrainements CAP ce mardi 6 septembre \u00e0 18h30(horaire habituel) devant l'entr\u00e9e du stade Jean Bouveri c\u00f4t\u00e9 lac. Comme d'hab ! s'encha\u00eeneront v\u00e9lo et VTT ensuite en fin de semaine (voir ci-dessous) Pour les personnes int\u00e9ress\u00e9es par le triathlon et ses disciplines encha\u00een\u00e9es, c'est l'occasion de prendre contact avec\u2026","rel":"","context":"Dans &quot;Non class\u00e9&quot;","img":{"alt_text":"","src":"https:\/\/i1.wp.com\/www.montceautriathlon.com\/blog\/wp-content\/uploads\/2022\/09\/IMG-20220903-WA0002.jpg?resize=350%2C200&ssl=1","width":350,"height":200},"classes":[]},{"id":782,"url":"https:\/\/www.montceautriathlon.com\/blog\/2016\/09\/06\/cest-egalement-la-rentree-pour-le-club-de-montceau-triathlon\/","url_meta":{"origin":3570,"position":1},"title":"C&rsquo;est \u00e9galement la rentr\u00e9e pour le club de Montceau Triathlon","date":"6 septembre 2016","format":false,"excerpt":"Les entra\u00eenements pour les jeunes reprennent: CAP : mardi 06 septembre\u00a0 (d\u00e9but de l'entra\u00eenement \u00e0\u00a018h30 devant l'entr\u00e9e du stade c\u00f4t\u00e9 Lac) NATATION : mercredi 21 septembre\u00a0(RDVS 18h ou 19h selon les groupes d'\u00e2ge \u00e0 la piscine) VELO : samedi 10 septembre (RDVS 10h sur le parking de la piscine) Les\u2026","rel":"","context":"Dans &quot;Non class\u00e9&quot;","img":{"alt_text":"","src":"","width":0,"height":0},"classes":[]},{"id":3777,"url":"https:\/\/www.montceautriathlon.com\/blog\/2020\/09\/02\/reprise-des-entrainements-saison-2020-2021-a-partir-du-7-septembre\/","url_meta":{"origin":3570,"position":2},"title":"REPRISE DES ENTRAINEMENTS SAISON 2020\/2021 \u00e0 partir du 7 septembre","date":"2 septembre 2020","format":false,"excerpt":"Il faut bien reprendre !\u00a0 Avec les mesures sanitaires contre la Covid bien entendu ! Si vous \u00eates une personne int\u00e9ress\u00e9e et qui d\u00e9couvrez cette page, vous pouvez nous rejoindre aux horaires indiqu\u00e9s pour une prise de contact. Vous pouvez nous contacter \u00e9galement\u00a0 et nous apporter un pass club pour\u2026","rel":"","context":"Dans &quot;Non class\u00e9&quot;","img":{"alt_text":"","src":"","width":0,"height":0},"classes":[]},{"id":8069,"url":"https:\/\/www.montceautriathlon.com\/blog\/2025\/08\/27\/montceau-triathlon-cest-la-rentree\/","url_meta":{"origin":3570,"position":3},"title":"Montceau triathlon: c&rsquo;est la rentr\u00e9e","date":"27 ao\u00fbt 2025","format":false,"excerpt":"Que vous soyez \u00e0 la recherche d'une activit\u00e9\u00a0ludique pour vos enfants, d'une pratique de loisir ou de comp\u00e9tition, notre club a une place pour chacun. Avec une seule licence, vous pouvez\u00a0pratiquer\u00a03 disciplines: la natation, le v\u00e9lo et la course\u00a0\u00e0 pied mais aussi le home trainer et le renforcement\u00a0musculaire. Les s\u00e9ances\u2026","rel":"","context":"Dans &quot;Non class\u00e9&quot;","img":{"alt_text":"","src":"https:\/\/i2.wp.com\/www.montceautriathlon.com\/blog\/wp-content\/uploads\/2025\/08\/20250826_171719-scaled.jpg?resize=350%2C200&ssl=1","width":350,"height":200},"classes":[]},{"id":3703,"url":"https:\/\/www.montceautriathlon.com\/blog\/2020\/07\/23\/le-club-present-au-week-end-aux-grands-parcs-ce-dimanche-26-juillet\/","url_meta":{"origin":3570,"position":4},"title":"Le club pr\u00e9sent au Week-End aux Grands Parcs ce dimanche 26 juillet","date":"23 juillet 2020","format":false,"excerpt":"\u00a0 \u00a0 \u00a0 \u00a0 \u00a0 \u00a0 \u00a0 Le club sera pr\u00e9sent ce dimanche 26 juillet \u00e0 la ferme animali\u00e8re\u00a0 entre 14h30 et 17h30 dans le cadre du \"WEEK-END aux Grands Parcs\" initi\u00e9 par la municipalit\u00e9. Diff\u00e9rents clubs sportifs\u00a0 de la ville proposeront des animations ou des initiations. Ce sera le\u2026","rel":"","context":"Dans &quot;Non class\u00e9&quot;","img":{"alt_text":"","src":"https:\/\/i1.wp.com\/montceautriathlon.com\/blog\/wp-content\/uploads\/2020\/07\/20200722-1126-actualites-fete_de_la_musique_au_Peupliers-grands-parcs-26-300x212.jpg?resize=350%2C200","width":350,"height":200},"classes":[]},{"id":2773,"url":"https:\/\/www.montceautriathlon.com\/blog\/2019\/04\/12\/info-club-les-entrainements-des-vacances\/","url_meta":{"origin":3570,"position":5},"title":"INFOS CLUB :     Les entra\u00eenements des vacances !","date":"12 avril 2019","format":false,"excerpt":"Les entrainements pour les vacances de printemps sont les suivants \u00a0\u00a0\u00a0\u00a0\u00a0\u00a0\u00a0\u00a0\u00a0\u00a0\u00a0\u00a0\u00a0\u00a0\u00a0\u00a0\u00a0\u00a0\u00a0\u00a0\u00a0\u00a0\u00a0\u00a0\u00a0\u00a0\u00a0\u00a0\u00a0\u00a0\u00a0\u00a0\u00a0\u00a0\u00a0\u00a0\u00a0\u00a0\u00a0\u00a0\u00a0\u00a0\u00a0\u00a0\u00a0\u00a0\u00a0\u00a0\u00a0\u00a0\u00a0\u00a0\u00a0\u00a0\u00a0\u00a0\u00a0\u00a0\u00a0 adultes:\u00a0\u00a0\u00a0\u00a0\u00a0\u00a0\u00a0\u00a0\u00a0\u00a0\u00a0\u00a0\u00a0\u00a0\u00a0\u00a0\u00a0\u00a0\u00a0\u00a0\u00a0\u00a0\u00a0\u00a0\u00a0\u00a0\u00a0\u00a0\u00a0\u00a0\u00a0\u00a0\u00a0\u00a0\u00a0\u00a0\u00a0\u00a0\u00a0\u00a0\u00a0\u00a0\u00a0\u00a0\u00a0\u00a0\u00a0\u00a0\u00a0\u00a0\u00a0\u00a0\u00a0\u00a0\u00a0\u00a0\u00a0\u00a0\u00a0\u00a0\u00a0\u00a0\u00a0\u00a0\u00a0\u00a0\u00a0\u00a0\u00a0\u00a0\u00a0\u00a0\u00a0\u00a0\u00a0\u00a0\u00a0\u00a0\u00a0\u00a0\u00a0\u00a0\u00a0\u00a0\u00a0\u00a0\u00a0\u00a0\u00a0\u00a0 \u00a0\u00a0\u00a0\u00a0\u00a0\u00a0\u00a0\u00a0\u00a0\u00a0\u00a0\u00a0\u00a0\u00a0\u00a0\u00a0\u00a0\u00a0 lundi 15 : \u00a0 \u00a0 \u00a0 natation (12h\/13h30) \u00a0\u00a0\u00a0\u00a0\u00a0\u00a0\u00a0\u00a0\u00a0\u00a0\u00a0\u00a0\u00a0\u00a0\u00a0\u00a0\u00a0\u00a0 mardi 16 : \u00a0 \u00a0\u00a0 cap\u00a0 (18h30\/19h30) \u00a0\u00a0\u00a0\u00a0\u00a0\u00a0\u00a0\u00a0\u00a0\u00a0\u00a0\u00a0\u00a0\u00a0\u00a0\u00a0\u00a0\u00a0 mercredi17 : \u00a0 natation\u00a0 (18h\/19h30\u00a0 cr\u00e9neau libre) \u00a0\u00a0\u00a0\u00a0\u00a0\u00a0\u00a0\u00a0\u00a0\u00a0\u00a0\u00a0\u00a0\u00a0\u00a0\u00a0\u00a0 samedi 20 :\u00a0\u00a0\u00a0\u00a0\u00a0 natation\u00a0 (10h\/11h30) \u00a0\u00a0\u00a0\u00a0\u00a0\u00a0\u00a0\u00a0\u00a0\u00a0\u00a0\u00a0\u00a0\u00a0\u00a0\u00a0\u00a0\u00a0\u00a0 mardi 23 :\u00a0\u00a0\u00a0\u00a0\u00a0\u00a0 cap(18h30\/19h30) mercredi 24\u2026","rel":"","context":"Dans &quot;Non class\u00e9&quot;","img":{"alt_text":"","src":"","width":0,"height":0},"classes":[]}],"_links":{"self":[{"href":"https:\/\/www.montceautriathlon.com\/blog\/wp-json\/wp\/v2\/posts\/3570"}],"collection":[{"href":"https:\/\/www.montceautriathlon.com\/blog\/wp-json\/wp\/v2\/posts"}],"about":[{"href":"https:\/\/www.montceautriathlon.com\/blog\/wp-json\/wp\/v2\/types\/post"}],"author":[{"embeddable":true,"href":"https:\/\/www.montceautriathlon.com\/blog\/wp-json\/wp\/v2\/users\/5"}],"replies":[{"embeddable":true,"href":"https:\/\/www.montceautriathlon.com\/blog\/wp-json\/wp\/v2\/comments?post=3570"}],"version-history":[{"count":1,"href":"https:\/\/www.montceautriathlon.com\/blog\/wp-json\/wp\/v2\/posts\/3570\/revisions"}],"predecessor-version":[{"id":3573,"href":"https:\/\/www.montceautriathlon.com\/blog\/wp-json\/wp\/v2\/posts\/3570\/revisions\/3573"}],"wp:attachment":[{"href":"https:\/\/www.montceautriathlon.com\/blog\/wp-json\/wp\/v2\/media?parent=3570"}],"wp:term":[{"taxonomy":"category","embeddable":true,"href":"https:\/\/www.montceautriathlon.com\/blog\/wp-json\/wp\/v2\/categories?post=3570"},{"taxonomy":"post_tag","embeddable":true,"href":"https:\/\/www.montceautriathlon.com\/blog\/wp-json\/wp\/v2\/tags?post=3570"}],"curies":[{"name":"wp","href":"https:\/\/api.w.org\/{rel}","templated":true}]}}