{"id":3557,"date":"2020-03-11T10:40:52","date_gmt":"2020-03-11T09:40:52","guid":{"rendered":"http:\/\/montceautriathlon.com\/blog\/?p=3557"},"modified":"2020-03-11T10:44:04","modified_gmt":"2020-03-11T09:44:04","slug":"8-mars-2020-bike-run-de-cosne-loire-marine-et-marius-encore-au-top-les-papas-navaient-pas-le-choix","status":"publish","type":"post","link":"https:\/\/www.montceautriathlon.com\/blog\/2020\/03\/11\/8-mars-2020-bike-run-de-cosne-loire-marine-et-marius-encore-au-top-les-papas-navaient-pas-le-choix\/","title":{"rendered":"8 mars 2020, Bike &#038; run de Cosne\/Loire : Marine et Marius encore au top ! les papas n&rsquo;avaient pas le choix !"},"content":{"rendered":"<p><a href=\"http:\/\/montceautriathlon.com\/blog\/wp-content\/uploads\/2020\/03\/cosne-1.jpg\"><img data-attachment-id=\"3552\" data-permalink=\"https:\/\/www.montceautriathlon.com\/blog\/2020\/03\/11\/8-mars-2020trail-des-trois-chateaux-un-chtiot-ou-un-smi\/cosne-1\/\" data-orig-file=\"https:\/\/www.montceautriathlon.com\/blog\/wp-content\/uploads\/2020\/03\/cosne-1.jpg\" data-orig-size=\"1200,768\" data-comments-opened=\"1\" data-image-meta=\"{&quot;aperture&quot;:&quot;0&quot;,&quot;credit&quot;:&quot;&quot;,&quot;camera&quot;:&quot;&quot;,&quot;caption&quot;:&quot;&quot;,&quot;created_timestamp&quot;:&quot;0&quot;,&quot;copyright&quot;:&quot;&quot;,&quot;focal_length&quot;:&quot;0&quot;,&quot;iso&quot;:&quot;0&quot;,&quot;shutter_speed&quot;:&quot;0&quot;,&quot;title&quot;:&quot;&quot;,&quot;orientation&quot;:&quot;0&quot;}\" data-image-title=\"cosne 1\" data-image-description=\"\" data-image-caption=\"\" data-medium-file=\"https:\/\/www.montceautriathlon.com\/blog\/wp-content\/uploads\/2020\/03\/cosne-1-300x192.jpg\" data-large-file=\"https:\/\/www.montceautriathlon.com\/blog\/wp-content\/uploads\/2020\/03\/cosne-1-1024x655.jpg\" loading=\"lazy\" class=\"wp-image-3552 alignleft\" src=\"http:\/\/montceautriathlon.com\/blog\/wp-content\/uploads\/2020\/03\/cosne-1-300x192.jpg\" alt=\"\" width=\"234\" height=\"150\" srcset=\"https:\/\/www.montceautriathlon.com\/blog\/wp-content\/uploads\/2020\/03\/cosne-1-300x192.jpg 300w, https:\/\/www.montceautriathlon.com\/blog\/wp-content\/uploads\/2020\/03\/cosne-1-768x492.jpg 768w, https:\/\/www.montceautriathlon.com\/blog\/wp-content\/uploads\/2020\/03\/cosne-1-1024x655.jpg 1024w, https:\/\/www.montceautriathlon.com\/blog\/wp-content\/uploads\/2020\/03\/cosne-1.jpg 1200w\" sizes=\"(max-width: 234px) 100vw, 234px\" \/><\/a> <a href=\"http:\/\/montceautriathlon.com\/blog\/wp-content\/uploads\/2020\/03\/cosne-2.jpg\"><img data-attachment-id=\"3553\" data-permalink=\"https:\/\/www.montceautriathlon.com\/blog\/2020\/03\/11\/8-mars-2020trail-des-trois-chateaux-un-chtiot-ou-un-smi\/cosne-2\/\" data-orig-file=\"https:\/\/www.montceautriathlon.com\/blog\/wp-content\/uploads\/2020\/03\/cosne-2.jpg\" data-orig-size=\"1200,766\" data-comments-opened=\"1\" data-image-meta=\"{&quot;aperture&quot;:&quot;0&quot;,&quot;credit&quot;:&quot;&quot;,&quot;camera&quot;:&quot;&quot;,&quot;caption&quot;:&quot;&quot;,&quot;created_timestamp&quot;:&quot;0&quot;,&quot;copyright&quot;:&quot;&quot;,&quot;focal_length&quot;:&quot;0&quot;,&quot;iso&quot;:&quot;0&quot;,&quot;shutter_speed&quot;:&quot;0&quot;,&quot;title&quot;:&quot;&quot;,&quot;orientation&quot;:&quot;0&quot;}\" data-image-title=\"cosne 2\" data-image-description=\"\" data-image-caption=\"\" data-medium-file=\"https:\/\/www.montceautriathlon.com\/blog\/wp-content\/uploads\/2020\/03\/cosne-2-300x192.jpg\" data-large-file=\"https:\/\/www.montceautriathlon.com\/blog\/wp-content\/uploads\/2020\/03\/cosne-2-1024x654.jpg\" loading=\"lazy\" class=\"wp-image-3553 alignright\" src=\"http:\/\/montceautriathlon.com\/blog\/wp-content\/uploads\/2020\/03\/cosne-2-300x192.jpg\" alt=\"\" width=\"226\" height=\"145\" srcset=\"https:\/\/www.montceautriathlon.com\/blog\/wp-content\/uploads\/2020\/03\/cosne-2-300x192.jpg 300w, https:\/\/www.montceautriathlon.com\/blog\/wp-content\/uploads\/2020\/03\/cosne-2-768x490.jpg 768w, https:\/\/www.montceautriathlon.com\/blog\/wp-content\/uploads\/2020\/03\/cosne-2-1024x654.jpg 1024w, https:\/\/www.montceautriathlon.com\/blog\/wp-content\/uploads\/2020\/03\/cosne-2.jpg 1200w\" sizes=\"(max-width: 226px) 100vw, 226px\" \/><\/a><\/p>\n<p>&nbsp;<\/p>\n<p>&nbsp;<\/p>\n<p>&nbsp;<\/p>\n<p>&nbsp;<\/p>\n<p>Ce dimanche 8 mars, entrain\u00e9s par leurs enfants, Olivier et Jean ,une fois de plus, n&rsquo;avaient pas le choix*. Il fallait courir et terminer \u00e0 la 24\u00e8me place du XS en 1h02&rsquo;24 mais 2\u00e8me \u00e9quipe VH (tout de m\u00eame !) sur 44 \u00e9quipes engag\u00e9es.<br \/>\nIls ont bien eu raison\u00a0 , car Marine et Marius, c&rsquo;est \u00ab\u00a0comme ils le veulent\u00a0\u00bb* et comme ils veulent gagner, ils gagnent une nouvelle fois la course J2 en mixte mais aussi au scratch en 17&rsquo;07&Prime;sur 18 \u00e9quipes engag\u00e9es. Le challenge r\u00e9gional leur tend donc les bras. F\u00e9licitations !<br \/>\n<em>*rappel : sur le challenge, Marius et Marine forment l&rsquo;\u00e9quipe \u00ab\u00a0comme tu veux\u00a0\u00bb et Jean et Olivier l&rsquo;\u00e9quipe \u00a0\u00bb pas le choix, faut courir\u00a0\u00bb<\/em><\/p>\n<p>les r\u00e9sultats du J2 : <a href=\"http:\/\/www.cosne-triathlon.fr\/page\/bike-and-run\/photos2020\/resultats\/R%C3%A9sultats%20J2%20Bike&amp;Run%20UCS%20Cosne%20Triathlon%202020.pdf\" target=\"_blank\" rel=\"noopener\">ici<\/a><\/p>\n<p>les r\u00e9sultats du XS\u00a0 :<a href=\"http:\/\/www.cosne-triathlon.fr\/page\/bike-and-run\/photos2020\/resultats\/R%C3%A9sultats%20XS%20Bike&amp;Run%20UCS%20Cosne%20Triathlon%202020.pdf\">ICI<\/a><\/p>\n<p>&nbsp;<\/p>\n","protected":false},"excerpt":{"rendered":"<p>&nbsp; &nbsp; &nbsp; &nbsp; Ce dimanche 8 mars, entrain\u00e9s par leurs enfants, Olivier et Jean ,une fois de plus, n&rsquo;avaient pas le choix*. Il fallait courir et terminer \u00e0 la 24\u00e8me place du XS en 1h02&rsquo;24 mais 2\u00e8me \u00e9quipe VH (tout de m\u00eame !) sur 44 \u00e9quipes engag\u00e9es. Ils ont bien eu raison\u00a0 , car [&hellip;]<\/p>\n","protected":false},"author":5,"featured_media":0,"comment_status":"open","ping_status":"open","sticky":false,"template":"","format":"standard","meta":{"spay_email":"","jetpack_publicize_message":"","jetpack_is_tweetstorm":false},"categories":[1],"tags":[],"jetpack_featured_media_url":"","jetpack_publicize_connections":[],"jetpack_sharing_enabled":true,"jetpack_shortlink":"https:\/\/wp.me\/p8bwIy-Vn","jetpack-related-posts":[{"id":3359,"url":"https:\/\/www.montceautriathlon.com\/blog\/2019\/11\/26\/24-11-19-bike-run-de-dole-ils-nont-pas-perdu-la-boussole\/","url_meta":{"origin":3557,"position":0},"title":"24\/11\/19, bike &#038; run de Dole : En mixte, on rigole !","date":"26 novembre 2019","format":false,"excerpt":"L'\u00e9quipe mixte des J1, sur la plus haute marche du podium\u00a0 ! Bravo El\u00e9a B\u00e9rardan et Titouan Rondier\u00a0 tyrannosaures\u00a0 de choc ! Marine Da Eira et Marius Grivault sur la deuxi\u00e8me marche du podium J2, presque comme ils le voulaient et Arnaud Rondier et Sophie Rousseau les fid\u00e8les accompagnateurs sur\u2026","rel":"","context":"Dans &quot;Non class\u00e9&quot;","img":{"alt_text":"","src":"","width":0,"height":0},"classes":[]},{"id":3271,"url":"https:\/\/www.montceautriathlon.com\/blog\/2019\/10\/18\/coupe-de-france-a-montlucon-le-club-bien-represente\/","url_meta":{"origin":3557,"position":1},"title":"Coupe de France \u00e0 Montlu\u00e7on : le club bien repr\u00e9sent\u00e9","date":"18 octobre 2019","format":false,"excerpt":"La Coupe de France, on connait bien, grosse organisation et manifestation la plus importante de la f\u00e9d\u00e9ration qui marque la fin de la saison. La belle r\u00e9ussite de cette \u00e9preuve \u00e0 Montceau l'ann\u00e9e derni\u00e8re explique certainement le nombre d'\u00e9quipes engag\u00e9es sur le triathlon cette ann\u00e9e. Ce sont donc 5 \u00e9quipes\u2026","rel":"","context":"Dans &quot;Non class\u00e9&quot;","img":{"alt_text":"","src":"https:\/\/i2.wp.com\/montceautriathlon.com\/blog\/wp-content\/uploads\/2019\/10\/montlu\u00c3\u00a7on-1-300x231.jpg?resize=350%2C200","width":350,"height":200},"classes":[]},{"id":3411,"url":"https:\/\/www.montceautriathlon.com\/blog\/2020\/01\/21\/19-01-2020-br-de-bourbon-nos-triranausores-toujours-aussi-gloutons\/","url_meta":{"origin":3557,"position":2},"title":"19\/01\/2020, B&#038;R de Bourbon : nos triranausores toujours aussi gloutons !","date":"21 janvier 2020","format":false,"excerpt":"Il faisait beau, l'air \u00e9tait frais et le trac\u00e9 pas trop compliqu\u00e9 malgr\u00e9 un passage herbeux plut\u00f4t boueux. Bref un temps\u00a0 et un parcours \"id\u00e9al\" pour cette discipline ! De quoi ouvrir l'app\u00e9tit de nos \u00e9quipes ! Qu'elles soient licornes, triranausores, tortues joyeuses ou bolides ! Silencieuses ou au carr\u00e9,\u2026","rel":"","context":"Dans &quot;Non class\u00e9&quot;","img":{"alt_text":"","src":"https:\/\/i2.wp.com\/www.montceautriathlon.com\/blog\/wp-content\/uploads\/2020\/01\/br-bourbon-1-1.jpg?resize=350%2C200&ssl=1","width":350,"height":200},"classes":[]},{"id":2600,"url":"https:\/\/www.montceautriathlon.com\/blog\/2019\/01\/22\/bike-run-bourbon-20-01-2019-avec-ou-sans-glace\/","url_meta":{"origin":3557,"position":3},"title":"Bike &#038; Run Bourbon 20\/01\/2019: Avec ou sans glace ?","date":"22 janvier 2019","format":false,"excerpt":"L'ann\u00e9e derni\u00e8re, le club s'\u00e9tait d\u00e9plac\u00e9 en masse. Cette ann\u00e9e, seules trois \u00e9quipes adultes ont fait le d\u00e9placement. Dommage ! Le froid, la crainte de routes verglac\u00e9es et la pr\u00e9sence de plusieurs triathl\u00e8tes sur l'Oxyrace expliquent peut-\u00eatre cette d\u00e9saffection. 25 \u00e9quipages ont pris le d\u00e9part.\u00a0 N\u00e9anmoins, victoire de l'\u00e9quipe f\u00e9minine\u2026","rel":"","context":"Dans &quot;Non class\u00e9&quot;","img":{"alt_text":"","src":"https:\/\/i1.wp.com\/montceautriathlon.com\/blog\/wp-content\/uploads\/2019\/01\/BR-Bourbon-213x300.jpg?resize=350%2C200","width":350,"height":200},"classes":[]},{"id":3394,"url":"https:\/\/www.montceautriathlon.com\/blog\/2020\/01\/13\/12-01-2020-bike-run-chenove-2020-et-non-2000vain-ca-commence-bien\/","url_meta":{"origin":3557,"position":4},"title":"12\/01\/2020, Bike &#038; run Chen\u00f4ve : 2020 et non 2000vain! \u00e7a commence bien !!","date":"13 janvier 2020","format":false,"excerpt":"Neuf \u00e9quipes du club ont fait le d\u00e9placement ce dimanche \u00e0 Chen\u00f4ve. Quatre adultes et cinq jeunes avec de bons r\u00e9sultats \u00e0 la clef. en J1, nos Triranausores(L\u00e9a et Titouan) ont toujours les crocs et\u00a0 continuent leur moisson de podiums en gagnant \u00e0 nouveau leur \u00e9preuve. Les Licornes(Axelle et Sarah)\u2026","rel":"","context":"Dans &quot;Non class\u00e9&quot;","img":{"alt_text":"","src":"","width":0,"height":0},"classes":[]},{"id":3385,"url":"https:\/\/www.montceautriathlon.com\/blog\/2019\/12\/18\/15-12-2019-bike-run-de-dijon-a-huy-la-boue-tarde-a-secher\/","url_meta":{"origin":3557,"position":5},"title":"15\/12\/2019, Bike &#038; Run de Dijon :  A Huy, la boue tarde \u00e0 s\u00e9cher !","date":"18 d\u00e9cembre 2019","format":false,"excerpt":"Ce dimanche, 5 \u00e9quipes adultes et 4 de l'\u00e9cole de triathlon ont fait le d\u00e9placement \u00e0 Dijon pour cette quatri\u00e8me \u00e9tape du challenge Bike & Run r\u00e9gional . Malgr\u00e9 la boue, nos tyrannosaures\u00a0 El\u00e9a et Titouan ont encore d\u00e9vor\u00e9 leurs adversaires en J1. Premiers !\u00a0 Sarah et Axelle ont aussi\u2026","rel":"","context":"Dans &quot;Non class\u00e9&quot;","img":{"alt_text":"","src":"","width":0,"height":0},"classes":[]}],"_links":{"self":[{"href":"https:\/\/www.montceautriathlon.com\/blog\/wp-json\/wp\/v2\/posts\/3557"}],"collection":[{"href":"https:\/\/www.montceautriathlon.com\/blog\/wp-json\/wp\/v2\/posts"}],"about":[{"href":"https:\/\/www.montceautriathlon.com\/blog\/wp-json\/wp\/v2\/types\/post"}],"author":[{"embeddable":true,"href":"https:\/\/www.montceautriathlon.com\/blog\/wp-json\/wp\/v2\/users\/5"}],"replies":[{"embeddable":true,"href":"https:\/\/www.montceautriathlon.com\/blog\/wp-json\/wp\/v2\/comments?post=3557"}],"version-history":[{"count":6,"href":"https:\/\/www.montceautriathlon.com\/blog\/wp-json\/wp\/v2\/posts\/3557\/revisions"}],"predecessor-version":[{"id":3563,"href":"https:\/\/www.montceautriathlon.com\/blog\/wp-json\/wp\/v2\/posts\/3557\/revisions\/3563"}],"wp:attachment":[{"href":"https:\/\/www.montceautriathlon.com\/blog\/wp-json\/wp\/v2\/media?parent=3557"}],"wp:term":[{"taxonomy":"category","embeddable":true,"href":"https:\/\/www.montceautriathlon.com\/blog\/wp-json\/wp\/v2\/categories?post=3557"},{"taxonomy":"post_tag","embeddable":true,"href":"https:\/\/www.montceautriathlon.com\/blog\/wp-json\/wp\/v2\/tags?post=3557"}],"curies":[{"name":"wp","href":"https:\/\/api.w.org\/{rel}","templated":true}]}}