{"id":3547,"date":"2020-03-11T10:08:24","date_gmt":"2020-03-11T09:08:24","guid":{"rendered":"http:\/\/montceautriathlon.com\/blog\/?p=3547"},"modified":"2020-03-11T10:08:24","modified_gmt":"2020-03-11T09:08:24","slug":"8-mars-2020trail-des-trois-chateaux-un-chtiot-ou-un-smi","status":"publish","type":"post","link":"https:\/\/www.montceautriathlon.com\/blog\/2020\/03\/11\/8-mars-2020trail-des-trois-chateaux-un-chtiot-ou-un-smi\/","title":{"rendered":"8 mars 2020,Trail des Trois Ch\u00e2teaux : un ch&rsquo;tiot ou un Smi&rsquo; ?"},"content":{"rendered":"<p><a href=\"http:\/\/montceautriathlon.com\/blog\/wp-content\/uploads\/2020\/03\/3-chateaux-1.jpg\" target=\"_blank\" rel=\"noopener\"><img data-attachment-id=\"3549\" data-permalink=\"https:\/\/www.montceautriathlon.com\/blog\/2020\/03\/11\/8-mars-2020trail-des-trois-chateaux-un-chtiot-ou-un-smi\/3-chateaux-1\/\" data-orig-file=\"https:\/\/www.montceautriathlon.com\/blog\/wp-content\/uploads\/2020\/03\/3-chateaux-1.jpg\" data-orig-size=\"863,797\" data-comments-opened=\"1\" data-image-meta=\"{&quot;aperture&quot;:&quot;0&quot;,&quot;credit&quot;:&quot;&quot;,&quot;camera&quot;:&quot;&quot;,&quot;caption&quot;:&quot;&quot;,&quot;created_timestamp&quot;:&quot;0&quot;,&quot;copyright&quot;:&quot;&quot;,&quot;focal_length&quot;:&quot;0&quot;,&quot;iso&quot;:&quot;0&quot;,&quot;shutter_speed&quot;:&quot;0&quot;,&quot;title&quot;:&quot;&quot;,&quot;orientation&quot;:&quot;1&quot;}\" data-image-title=\"3 chateaux 1\" data-image-description=\"\" data-image-caption=\"\" data-medium-file=\"https:\/\/www.montceautriathlon.com\/blog\/wp-content\/uploads\/2020\/03\/3-chateaux-1-300x277.jpg\" data-large-file=\"https:\/\/www.montceautriathlon.com\/blog\/wp-content\/uploads\/2020\/03\/3-chateaux-1.jpg\" loading=\"lazy\" class=\"alignleft wp-image-3549\" src=\"http:\/\/montceautriathlon.com\/blog\/wp-content\/uploads\/2020\/03\/3-chateaux-1-300x277.jpg\" alt=\"\" width=\"224\" height=\"207\" srcset=\"https:\/\/www.montceautriathlon.com\/blog\/wp-content\/uploads\/2020\/03\/3-chateaux-1-300x277.jpg 300w, https:\/\/www.montceautriathlon.com\/blog\/wp-content\/uploads\/2020\/03\/3-chateaux-1-768x709.jpg 768w, https:\/\/www.montceautriathlon.com\/blog\/wp-content\/uploads\/2020\/03\/3-chateaux-1.jpg 863w\" sizes=\"(max-width: 224px) 100vw, 224px\" \/><\/a> <a href=\"http:\/\/montceautriathlon.com\/blog\/wp-content\/uploads\/2020\/03\/3-chateaux-4.jpg\" target=\"_blank\" rel=\"noopener\"><img data-attachment-id=\"3551\" data-permalink=\"https:\/\/www.montceautriathlon.com\/blog\/2020\/03\/11\/8-mars-2020trail-des-trois-chateaux-un-chtiot-ou-un-smi\/3-chateaux-4\/\" data-orig-file=\"https:\/\/www.montceautriathlon.com\/blog\/wp-content\/uploads\/2020\/03\/3-chateaux-4.jpg\" data-orig-size=\"561,752\" data-comments-opened=\"1\" data-image-meta=\"{&quot;aperture&quot;:&quot;0&quot;,&quot;credit&quot;:&quot;&quot;,&quot;camera&quot;:&quot;&quot;,&quot;caption&quot;:&quot;&quot;,&quot;created_timestamp&quot;:&quot;0&quot;,&quot;copyright&quot;:&quot;&quot;,&quot;focal_length&quot;:&quot;0&quot;,&quot;iso&quot;:&quot;0&quot;,&quot;shutter_speed&quot;:&quot;0&quot;,&quot;title&quot;:&quot;&quot;,&quot;orientation&quot;:&quot;1&quot;}\" data-image-title=\"3 chateaux 4\" data-image-description=\"\" data-image-caption=\"\" data-medium-file=\"https:\/\/www.montceautriathlon.com\/blog\/wp-content\/uploads\/2020\/03\/3-chateaux-4-224x300.jpg\" data-large-file=\"https:\/\/www.montceautriathlon.com\/blog\/wp-content\/uploads\/2020\/03\/3-chateaux-4.jpg\" loading=\"lazy\" class=\"alignleft wp-image-3551\" src=\"http:\/\/montceautriathlon.com\/blog\/wp-content\/uploads\/2020\/03\/3-chateaux-4-224x300.jpg\" alt=\"\" width=\"159\" height=\"213\" srcset=\"https:\/\/www.montceautriathlon.com\/blog\/wp-content\/uploads\/2020\/03\/3-chateaux-4-224x300.jpg 224w, https:\/\/www.montceautriathlon.com\/blog\/wp-content\/uploads\/2020\/03\/3-chateaux-4.jpg 561w\" sizes=\"(max-width: 159px) 100vw, 159px\" \/><\/a>Quelques licenci\u00e9s se sont lanc\u00e9s comme tous les ans sur les parcours exigeants du trail des Trois Ch\u00e2teaux sous un beau soleil dans les <del>bois de Lajoux<\/del>, pardon dans les joies de la boue ! \u00ab\u00a0Un pur bonheur en pleine nature\u00a0\u00bb selon Sandrine.<\/p>\n<p>&nbsp;<\/p>\n<p><span style=\"color: #000080;\">sur le Ch&rsquo;tiot trail, 13km et 161 partants :<\/span><br \/>\n<strong>Tom Ghesqui\u00e8r<\/strong>e, 2\u00e8me junior en 1h15&prime; 53&Prime;\u00a0 36\u00e8me au scratch et\u00a0 <strong>papa Fred<\/strong> en 1h15&rsquo;09\u00a0\u00bb 5\u00e8me M2M et 27\u00e8me au scratch. de beaux progr\u00e8s pour Tom et de jolies performances pour la famille car ce n&rsquo;est pas fini !<\/p>\n<div id=\"attachment_3550\" style=\"width: 250px\" class=\"wp-caption alignleft\"><a href=\"http:\/\/montceautriathlon.com\/blog\/wp-content\/uploads\/2020\/03\/3-chateaux-3.jpg\" target=\"_blank\" rel=\"noopener\"><img aria-describedby=\"caption-attachment-3550\" data-attachment-id=\"3550\" data-permalink=\"https:\/\/www.montceautriathlon.com\/blog\/2020\/03\/11\/8-mars-2020trail-des-trois-chateaux-un-chtiot-ou-un-smi\/dav\/\" data-orig-file=\"https:\/\/www.montceautriathlon.com\/blog\/wp-content\/uploads\/2020\/03\/3-chateaux-3.jpg\" data-orig-size=\"3373,2967\" data-comments-opened=\"1\" data-image-meta=\"{&quot;aperture&quot;:&quot;1.8&quot;,&quot;credit&quot;:&quot;&quot;,&quot;camera&quot;:&quot;HRY-LX1&quot;,&quot;caption&quot;:&quot;dav&quot;,&quot;created_timestamp&quot;:&quot;1583674544&quot;,&quot;copyright&quot;:&quot;&quot;,&quot;focal_length&quot;:&quot;3.6&quot;,&quot;iso&quot;:&quot;400&quot;,&quot;shutter_speed&quot;:&quot;0.04&quot;,&quot;title&quot;:&quot;dav&quot;,&quot;orientation&quot;:&quot;1&quot;}\" data-image-title=\"dav\" data-image-description=\"\" data-image-caption=\"&lt;p&gt;dav&lt;\/p&gt;\n\" data-medium-file=\"https:\/\/www.montceautriathlon.com\/blog\/wp-content\/uploads\/2020\/03\/3-chateaux-3-300x264.jpg\" data-large-file=\"https:\/\/www.montceautriathlon.com\/blog\/wp-content\/uploads\/2020\/03\/3-chateaux-3-1024x901.jpg\" loading=\"lazy\" class=\"wp-image-3550\" src=\"http:\/\/montceautriathlon.com\/blog\/wp-content\/uploads\/2020\/03\/3-chateaux-3-300x264.jpg\" alt=\"\" width=\"240\" height=\"211\" srcset=\"https:\/\/www.montceautriathlon.com\/blog\/wp-content\/uploads\/2020\/03\/3-chateaux-3-300x264.jpg 300w, https:\/\/www.montceautriathlon.com\/blog\/wp-content\/uploads\/2020\/03\/3-chateaux-3-768x676.jpg 768w, https:\/\/www.montceautriathlon.com\/blog\/wp-content\/uploads\/2020\/03\/3-chateaux-3-1024x901.jpg 1024w\" sizes=\"(max-width: 240px) 100vw, 240px\" \/><\/a><p id=\"caption-attachment-3550\" class=\"wp-caption-text\">\u00a0<\/p><\/div>\n<p>&nbsp;<\/p>\n<p><span style=\"color: #000080;\">Sur le Smi&rsquo;trail, 21km sur 173 partants :<\/span><br \/>\n<strong>Maman Sandrine<\/strong> en 2h11&prime;, 1\u00e8re M2F, 10\u00e8me F\/41 et 90\u00e8me au scratch, <strong>Jo\u00ebl Fran\u00e7ois<\/strong>\u00a0 en 2h03&prime;, 1er M5M et 48\u00e8me au scratch et <strong>Kevin Dorkel<\/strong> en 2h15&prime;, 22\u00e8me SEM, 109\u00e8me au scratch.<\/p>\n<p>les r\u00e9sultats complets en suivant le lien : <a href=\"https:\/\/bases.athle.fr\/asp.net\/liste.aspx?frmbase=resultats&amp;frmmode=1&amp;frmespace=0&amp;frmcompetition=231972\" target=\"_blank\" rel=\"noopener\">ici<\/a><\/p>\n","protected":false},"excerpt":{"rendered":"<p>Quelques licenci\u00e9s se sont lanc\u00e9s comme tous les ans sur les parcours exigeants du trail des Trois Ch\u00e2teaux sous un beau soleil dans les bois de Lajoux, pardon dans les joies de la boue ! \u00ab\u00a0Un pur bonheur en pleine nature\u00a0\u00bb selon Sandrine. &nbsp; sur le Ch&rsquo;tiot trail, 13km et 161 partants : Tom Ghesqui\u00e8re, [&hellip;]<\/p>\n","protected":false},"author":5,"featured_media":0,"comment_status":"open","ping_status":"open","sticky":false,"template":"","format":"standard","meta":{"spay_email":"","jetpack_publicize_message":"","jetpack_is_tweetstorm":false},"categories":[1],"tags":[],"jetpack_featured_media_url":"","jetpack_publicize_connections":[],"jetpack_sharing_enabled":true,"jetpack_shortlink":"https:\/\/wp.me\/p8bwIy-Vd","jetpack-related-posts":[{"id":2635,"url":"https:\/\/www.montceautriathlon.com\/blog\/2019\/03\/11\/9-et-10-03-19-trail-des-trois-chateaux-ce-netait-pas-du-gateau\/","url_meta":{"origin":3547,"position":0},"title":"9 et 10\/03\/19, Trail des trois Ch\u00e2teaux : ce n&rsquo;\u00e9tait pas du g\u00e2teau !","date":"11 mars 2019","format":false,"excerpt":"Apr\u00e8s le caviar de Montbeliard, le g\u00e2teau des Trois Ch\u00e2teaux ! Et l\u00e0 aussi, le vent en rafales et la pluie ont oblig\u00e9 les quelques trailers du clubs \u00e0 sortir les biscotos pour un effort pas si mod\u00e9rato que \u00e7\u00e0 ! Bref une nouvelle fois une mention particuli\u00e8re \u00e0 Cyrille\u2026","rel":"","context":"Dans &quot;Non class\u00e9&quot;","img":{"alt_text":"","src":"","width":0,"height":0},"classes":[]},{"id":1773,"url":"https:\/\/www.montceautriathlon.com\/blog\/2018\/03\/05\/trail-des-trois-chateaux-le-creusot-3-et-4-mars-2018\/","url_meta":{"origin":3547,"position":1},"title":"Trail des trois Ch\u00e2teaux le Creusot 3 et 4 mars 2018","date":"5 mars 2018","format":false,"excerpt":"Belle participation du club aux diff\u00e9rentes \u00e9preuves de ce week-end Creusotin. Mention sp\u00e9ciale aux f\u00e9minines avec la 1\u00e8re place de Sandrine Ghesqui\u00e8re sur le combin\u00e9(18+30KM) et la seconde de Sandrine Marchand en V1 F. Belle premi\u00e8re place aussi pour Catherine Mauro en V1F sur la nocturne du 18km.(3\u00e8me f\u00e9minine) Podium\u2026","rel":"","context":"Dans &quot;Non class\u00e9&quot;","img":{"alt_text":"","src":"","width":0,"height":0},"classes":[]},{"id":6612,"url":"https:\/\/www.montceautriathlon.com\/blog\/2024\/03\/19\/trail-des-3-chateaux-et-course-des-lacs\/","url_meta":{"origin":3547,"position":2},"title":"Trail des 3 ch\u00e2teaux et course des lacs","date":"19 mars 2024","format":false,"excerpt":"Samedi 9 mars 2024, certains de nos triathl\u00e8tes se sont attel\u00e9s \u00e0 la mythique course des 3 ch\u00e2teaux : Sur le 27km : Sandrine Marchand , avec un chrono de 3h19\u201951 prend une belle 134e place au scratch ce qui la place en 23e position f\u00e9minine , et a une\u2026","rel":"","context":"Dans &quot;Non class\u00e9&quot;","img":{"alt_text":"","src":"https:\/\/i0.wp.com\/www.montceautriathlon.com\/blog\/wp-content\/uploads\/2024\/03\/course-lac-9.jpg?resize=350%2C200&ssl=1","width":350,"height":200},"classes":[]},{"id":5595,"url":"https:\/\/www.montceautriathlon.com\/blog\/2023\/03\/06\/trail-des-3-chateaux\/","url_meta":{"origin":3547,"position":3},"title":"Trail des 3 ch\u00e2teaux","date":"6 mars 2023","format":false,"excerpt":"Les plus courageux ce sont r\u00e9unis ce week end du 4\/5 mars sur le trail des 3 ch\u00e2teaux au Creusot sur 4 parcours diff\u00e9rents. Pour le S'MI TRAIL (22KM) nous retrouvons Berthier Lionel qui termine 74e et 4e de sa cat\u00e9gorie (M4M). Pour le Maxi Comb' Combin\u00e9 qui se d\u00e9roulait\u2026","rel":"","context":"Dans &quot;Non class\u00e9&quot;","img":{"alt_text":"","src":"https:\/\/i1.wp.com\/www.montceautriathlon.com\/blog\/wp-content\/uploads\/2023\/03\/IMG-20230304-WA0003.jpg?resize=350%2C200&ssl=1","width":350,"height":200},"classes":[]},{"id":1796,"url":"https:\/\/www.montceautriathlon.com\/blog\/2018\/03\/01\/la-mornaisienne-25-02-2018\/","url_meta":{"origin":3547,"position":4},"title":"La Mornaisienne 25\/02\/2018","date":"1 mars 2018","format":false,"excerpt":"Lancement de la saison pour nos para-triathl\u00e8tes avec ces 10km de Mornay, une des premi\u00e8res courses de la saison avant d'autres ( le Trail des Trois Ch\u00e2teaux est au programme dans 15 jours). Quatre autres licenci\u00e9s ont aussi montr\u00e9 les couleurs du club. les r\u00e9sultats ci-dessous : \u00a0 Herv\u00e9 pluchot\u00a0\u00a0\u00a0\u00a0\u00a0\u00a0\u00a0\u2026","rel":"","context":"Dans &quot;Non class\u00e9&quot;","img":{"alt_text":"","src":"","width":0,"height":0},"classes":[]},{"id":1137,"url":"https:\/\/www.montceautriathlon.com\/blog\/2017\/03\/29\/trail-des-3-chateaux-1112-mars-2017\/","url_meta":{"origin":3547,"position":5},"title":"Trail des 3 ch\u00e2teaux (11&#038;12 mars 2017)","date":"29 mars 2017","format":false,"excerpt":"Tous les r\u00e9sultats: Course nocturne: Fr\u00e9d\u00e9ric GHESQUIERE : 74\u00b0 scratch\/26\u00b0 V1H\/02:02:28 Sandrine GHESQUIERE : 83\u00b0\/4\u00b0 V1F\/02:05:05 Pascal JUSSEAU : 124\u00b0\/44V1H\/02:22:06 Course 22km: Alexis VAUDELIN : 1\u00b0 scratch\/1\u00b0 SEH\/01:47:46 Jean Baptiste CLEMENT : 83\u00b0\/36\u00b0 SEH\/02:29:50 Sophie BOYER : 152\u00b0\/6\u00b0 V1F\/02:52:46 Lucie REYNIER : 188\u00b0\/12\u00b0 SEF\/03:05:18","rel":"","context":"Dans &quot;Non class\u00e9&quot;","img":{"alt_text":"","src":"","width":0,"height":0},"classes":[]}],"_links":{"self":[{"href":"https:\/\/www.montceautriathlon.com\/blog\/wp-json\/wp\/v2\/posts\/3547"}],"collection":[{"href":"https:\/\/www.montceautriathlon.com\/blog\/wp-json\/wp\/v2\/posts"}],"about":[{"href":"https:\/\/www.montceautriathlon.com\/blog\/wp-json\/wp\/v2\/types\/post"}],"author":[{"embeddable":true,"href":"https:\/\/www.montceautriathlon.com\/blog\/wp-json\/wp\/v2\/users\/5"}],"replies":[{"embeddable":true,"href":"https:\/\/www.montceautriathlon.com\/blog\/wp-json\/wp\/v2\/comments?post=3547"}],"version-history":[{"count":3,"href":"https:\/\/www.montceautriathlon.com\/blog\/wp-json\/wp\/v2\/posts\/3547\/revisions"}],"predecessor-version":[{"id":3556,"href":"https:\/\/www.montceautriathlon.com\/blog\/wp-json\/wp\/v2\/posts\/3547\/revisions\/3556"}],"wp:attachment":[{"href":"https:\/\/www.montceautriathlon.com\/blog\/wp-json\/wp\/v2\/media?parent=3547"}],"wp:term":[{"taxonomy":"category","embeddable":true,"href":"https:\/\/www.montceautriathlon.com\/blog\/wp-json\/wp\/v2\/categories?post=3547"},{"taxonomy":"post_tag","embeddable":true,"href":"https:\/\/www.montceautriathlon.com\/blog\/wp-json\/wp\/v2\/tags?post=3547"}],"curies":[{"name":"wp","href":"https:\/\/api.w.org\/{rel}","templated":true}]}}