{"id":3342,"date":"2019-11-18T16:58:34","date_gmt":"2019-11-18T15:58:34","guid":{"rendered":"http:\/\/montceautriathlon.com\/blog\/?p=3342"},"modified":"2019-11-18T18:44:49","modified_gmt":"2019-11-18T17:44:49","slug":"au-menu-ce-week-end-une-escapade-charolaise-avec-une-cote-de-beaune","status":"publish","type":"post","link":"https:\/\/www.montceautriathlon.com\/blog\/2019\/11\/18\/au-menu-ce-week-end-une-escapade-charolaise-avec-une-cote-de-beaune\/","title":{"rendered":"Au menu ce week-end : une escapade charolaise  avec une c\u00f4te de Beaune"},"content":{"rendered":"<p>Samedi, c&rsquo;\u00e9tait le semi-marathon de Beaune et huit licenci\u00e9s avaient d\u00e9cid\u00e9 de se m\u00ealer \u00e0 la foule. 2140 coureurs sur la ligne de d\u00e9part !<\/p>\n<p>les r\u00e9sultats :<a href=\"http:\/\/montceautriathlon.com\/blog\/wp-content\/uploads\/2019\/11\/Beaunes-1.jpg\"><img data-attachment-id=\"3345\" data-permalink=\"https:\/\/www.montceautriathlon.com\/blog\/2019\/11\/18\/au-menu-ce-week-end-une-escapade-charolaise-avec-une-cote-de-beaune\/beaunes-1\/\" data-orig-file=\"https:\/\/www.montceautriathlon.com\/blog\/wp-content\/uploads\/2019\/11\/Beaunes-1.jpg\" data-orig-size=\"1000,500\" data-comments-opened=\"1\" data-image-meta=\"{&quot;aperture&quot;:&quot;0&quot;,&quot;credit&quot;:&quot;&quot;,&quot;camera&quot;:&quot;&quot;,&quot;caption&quot;:&quot;&quot;,&quot;created_timestamp&quot;:&quot;0&quot;,&quot;copyright&quot;:&quot;&quot;,&quot;focal_length&quot;:&quot;0&quot;,&quot;iso&quot;:&quot;0&quot;,&quot;shutter_speed&quot;:&quot;0&quot;,&quot;title&quot;:&quot;&quot;,&quot;orientation&quot;:&quot;0&quot;}\" data-image-title=\"Beaunes 1\" data-image-description=\"\" data-image-caption=\"\" data-medium-file=\"https:\/\/www.montceautriathlon.com\/blog\/wp-content\/uploads\/2019\/11\/Beaunes-1-300x150.jpg\" data-large-file=\"https:\/\/www.montceautriathlon.com\/blog\/wp-content\/uploads\/2019\/11\/Beaunes-1.jpg\" loading=\"lazy\" class=\" wp-image-3345 alignright\" src=\"http:\/\/montceautriathlon.com\/blog\/wp-content\/uploads\/2019\/11\/Beaunes-1-300x150.jpg\" alt=\"\" width=\"318\" height=\"159\" srcset=\"https:\/\/www.montceautriathlon.com\/blog\/wp-content\/uploads\/2019\/11\/Beaunes-1-300x150.jpg 300w, https:\/\/www.montceautriathlon.com\/blog\/wp-content\/uploads\/2019\/11\/Beaunes-1-768x384.jpg 768w, https:\/\/www.montceautriathlon.com\/blog\/wp-content\/uploads\/2019\/11\/Beaunes-1.jpg 1000w\" sizes=\"(max-width: 318px) 100vw, 318px\" \/><\/a><\/p>\n<ul>\n<li>Olivier Grivault\u00a0\u00a0\u00a0\u00a0 1h45&rsquo;00\u00a0\u00a0\u00a0 545\u00e8me scratch<\/li>\n<li>Arnaud Rondier \u00a0\u00a0 1h45&rsquo;02\u00a0\u00a0 546\u00e8me scratch<\/li>\n<li>Laurent Magnien\u00a0 1h45&rsquo;02\u00a0\u00a0\u00a0 547\u00e8me scratch<\/li>\n<li>Bertrand De Sars\u00a0 1h51&rsquo;28\u00a0\u00a0\u00a0 828\u00e8me scratch<\/li>\n<li>Maud Perron\u00a0\u00a0\u00a0\u00a0\u00a0\u00a0\u00a0 2h02&rsquo;34\u00a0\u00a0\u00a0 1415\u00e8me scratch<\/li>\n<li>Laurence De Sars\u00a0 2h06&rsquo;08 \u00a0 1572\u00e8me scratch<\/li>\n<li>Anne Lamborot\u00a0\u00a0\u00a0 2h08&rsquo;33\u00a0\u00a0\u00a0 1636\u00e8me scratch<\/li>\n<li>M-Agn\u00e8s Pelin\u00a0\u00a0\u00a0 \u00a0 2h09&rsquo;44\u00a0\u00a0 1677\u00e8me scratch<\/li>\n<\/ul>\n<p>Et dimanche matin, dans la fra\u00eecheur matinale charolaise, le brouillard et les pieds sur les chemins gras , ils \u00e9taient neuf licenci\u00e9s\u00a0 parmi les 277 class\u00e9s !<\/p>\n<p>les r\u00e9sultats : sur le 10Km<a href=\"http:\/\/montceautriathlon.com\/blog\/wp-content\/uploads\/2019\/11\/8974_ffcb5d476bff7bf601da583c04f857ec.jpg\"><img data-attachment-id=\"3346\" data-permalink=\"https:\/\/www.montceautriathlon.com\/blog\/2019\/11\/18\/au-menu-ce-week-end-une-escapade-charolaise-avec-une-cote-de-beaune\/8974_ffcb5d476bff7bf601da583c04f857ec\/\" data-orig-file=\"https:\/\/www.montceautriathlon.com\/blog\/wp-content\/uploads\/2019\/11\/8974_ffcb5d476bff7bf601da583c04f857ec.jpg\" data-orig-size=\"300,422\" data-comments-opened=\"1\" data-image-meta=\"{&quot;aperture&quot;:&quot;0&quot;,&quot;credit&quot;:&quot;&quot;,&quot;camera&quot;:&quot;&quot;,&quot;caption&quot;:&quot;&quot;,&quot;created_timestamp&quot;:&quot;0&quot;,&quot;copyright&quot;:&quot;&quot;,&quot;focal_length&quot;:&quot;0&quot;,&quot;iso&quot;:&quot;0&quot;,&quot;shutter_speed&quot;:&quot;0&quot;,&quot;title&quot;:&quot;&quot;,&quot;orientation&quot;:&quot;0&quot;}\" data-image-title=\"8974_ffcb5d476bff7bf601da583c04f857ec\" data-image-description=\"\" data-image-caption=\"\" data-medium-file=\"https:\/\/www.montceautriathlon.com\/blog\/wp-content\/uploads\/2019\/11\/8974_ffcb5d476bff7bf601da583c04f857ec-213x300.jpg\" data-large-file=\"https:\/\/www.montceautriathlon.com\/blog\/wp-content\/uploads\/2019\/11\/8974_ffcb5d476bff7bf601da583c04f857ec.jpg\" loading=\"lazy\" class=\" wp-image-3346 alignright\" src=\"http:\/\/montceautriathlon.com\/blog\/wp-content\/uploads\/2019\/11\/8974_ffcb5d476bff7bf601da583c04f857ec-213x300.jpg\" alt=\"\" width=\"160\" height=\"225\" srcset=\"https:\/\/www.montceautriathlon.com\/blog\/wp-content\/uploads\/2019\/11\/8974_ffcb5d476bff7bf601da583c04f857ec-213x300.jpg 213w, https:\/\/www.montceautriathlon.com\/blog\/wp-content\/uploads\/2019\/11\/8974_ffcb5d476bff7bf601da583c04f857ec.jpg 300w\" sizes=\"(max-width: 160px) 100vw, 160px\" \/><\/a><\/p>\n<ul>\n<li>Pascal Vaury\u00a0\u00a0\u00a0\u00a0\u00a0\u00a0\u00a0\u00a0\u00a0\u00a0\u00a0\u00a0 44&rsquo;01 et 21\u00e8me scratch<\/li>\n<li>David Michel\u00a0\u00a0\u00a0\u00a0\u00a0\u00a0\u00a0\u00a0\u00a0\u00a0\u00a0 53&rsquo;29 \u00a0 99\u00e8me scratch<\/li>\n<li>Philippe Bongrand\u00a0\u00a0 55&rsquo;00\u00a0 111\u00e8me scratch<\/li>\n<li>Pierre Perrin\u00a0\u00a0\u00a0\u00a0\u00a0\u00a0\u00a0\u00a0\u00a0\u00a0\u00a0 58&rsquo;40\u00a0\u00a0 140\u00e8me scratch<\/li>\n<li>Laure Rochaix\u00a0\u00a0\u00a0\u00a0\u00a0\u00a0\u00a0\u00a0\u00a0 58&rsquo;41\u00a0\u00a0 142\u00e8me scratch<\/li>\n<li>Emile Fichet\u00a0\u00a0\u00a0\u00a0\u00a0\u00a0\u00a0\u00a0\u00a0\u00a0\u00a0\u00a0 59&rsquo;47\u00a0 159\u00e8me scratch<\/li>\n<li>Nadine Dorme \u00a0 \u00a0 \u00a0 1h01&rsquo;12\u00a0 168\u00e8me scratch<\/li>\n<li>Isabelle Vaury\u00a0\u00a0\u00a0\u00a0\u00a0\u00a0 \u00a0 1h02&rsquo;25\u00a0 182\u00e8me scratch<\/li>\n<li>Ir\u00e8ne Vulin\u00a0\u00a0\u00a0\u00a0\u00a0\u00a0\u00a0\u00a0\u00a0\u00a0\u00a0 \u00a0 1h03&rsquo;56\u00a0 193\u00e8me scratch<\/li>\n<\/ul>\n<p>et sur le 21 Km :<\/p>\n<ul>\n<li>Pierre Alexandre Bouillon\u00a0 1h52&rsquo;32\u00a0 67\u00e8me scratch<\/li>\n<li>Lionel Berthier\u00a0\u00a0\u00a0\u00a0\u00a0\u00a0\u00a0\u00a0\u00a0\u00a0\u00a0\u00a0\u00a0\u00a0\u00a0\u00a0\u00a0\u00a0\u00a0\u00a0 1h54&rsquo;00 70\u00e8me scratch<\/li>\n<\/ul>\n<p>&nbsp;<\/p>\n<p>&nbsp;<\/p>\n","protected":false},"excerpt":{"rendered":"<p>Samedi, c&rsquo;\u00e9tait le semi-marathon de Beaune et huit licenci\u00e9s avaient d\u00e9cid\u00e9 de se m\u00ealer \u00e0 la foule. 2140 coureurs sur la ligne de d\u00e9part ! les r\u00e9sultats : Olivier Grivault\u00a0\u00a0\u00a0\u00a0 1h45&rsquo;00\u00a0\u00a0\u00a0 545\u00e8me scratch Arnaud Rondier \u00a0\u00a0 1h45&rsquo;02\u00a0\u00a0 546\u00e8me scratch Laurent Magnien\u00a0 1h45&rsquo;02\u00a0\u00a0\u00a0 547\u00e8me scratch Bertrand De Sars\u00a0 1h51&rsquo;28\u00a0\u00a0\u00a0 828\u00e8me scratch Maud Perron\u00a0\u00a0\u00a0\u00a0\u00a0\u00a0\u00a0 2h02&rsquo;34\u00a0\u00a0\u00a0 1415\u00e8me scratch [&hellip;]<\/p>\n","protected":false},"author":5,"featured_media":0,"comment_status":"open","ping_status":"open","sticky":false,"template":"","format":"standard","meta":{"spay_email":"","jetpack_publicize_message":"","jetpack_is_tweetstorm":false},"categories":[1],"tags":[],"jetpack_featured_media_url":"","jetpack_publicize_connections":[],"jetpack_sharing_enabled":true,"jetpack_shortlink":"https:\/\/wp.me\/p8bwIy-RU","jetpack-related-posts":[{"id":4712,"url":"https:\/\/www.montceautriathlon.com\/blog\/2021\/11\/15\/une-corrida-une-charolaise-et-un-bike-run-en-dessert-de-ce-week-end-charge\/","url_meta":{"origin":3342,"position":0},"title":"Une corrida, une charolaise et un bike &#038; run en dessert de ce week-end charg\u00e9 !","date":"15 novembre 2021","format":false,"excerpt":"C'est le mois de novembre, le temps des courses a pied, corrida et autres marathons ! Derni\u00e8rement, plusieurs licenci\u00e9s s'\u00e9taient align\u00e9s sur de belles courses, trial du lac d'Annecy, marathon du Charolais et roc d'Aluze avec de belles performances \u00e0 la cl\u00e9 ! Ce week-end nos licenci\u00e9s se sont align\u00e9s\u2026","rel":"","context":"Dans &quot;Non class\u00e9&quot;","img":{"alt_text":"","src":"https:\/\/i1.wp.com\/www.montceautriathlon.com\/blog\/wp-content\/uploads\/2021\/11\/beaune-4.jpg?resize=350%2C200&ssl=1","width":350,"height":200},"classes":[]},{"id":2522,"url":"https:\/\/www.montceautriathlon.com\/blog\/2018\/11\/19\/18-11-18-a-laise-la-charolaise-tous-balaises\/","url_meta":{"origin":3342,"position":1},"title":"18\/11\/18 :  a l&rsquo;aise la Charolaise, tous balaises !","date":"19 novembre 2018","format":false,"excerpt":"r\u00e9sultats du semi: 123 class\u00e9s et un podium pour Aude 3\u00e8me f\u00e9minine ! Aude Demorti\u00e8re\u00a0\u00a0\u00a0 50\u00e8me scratch\u00a0 1h46'21 Bertrand de sars\u00a0\u00a0\u00a0\u00a0\u00a0\u00a0 53\u00e8me scratch 1h47'29 Charline Berthier \u00a0 \u00a0 \u00a0 65\u00e8me scratch 1h51'00 Kamel Boukhitine\u00a0\u00a0\u00a0\u00a0 87\u00e8me scratch 1h59'18 Laurence De Sars\u00a0\u00a0 102\u00e8me scratch\u00a0 2h05'08 M-Pierre Berthier\u00a0\u00a0\u00a0 106\u00e8me scratch\u00a0 2h06'58 Anne Lamborot\u00a0\u00a0\u00a0\u00a0\u00a0\u00a0\u00a0\u2026","rel":"","context":"Dans &quot;Non class\u00e9&quot;","img":{"alt_text":"","src":"https:\/\/i0.wp.com\/montceautriathlon.com\/blog\/wp-content\/uploads\/2018\/11\/podium-Aude-300x211.jpg?resize=350%2C200","width":350,"height":200},"classes":[]},{"id":8458,"url":"https:\/\/www.montceautriathlon.com\/blog\/2025\/11\/10\/09-11-bike-and-run-de-beaune\/","url_meta":{"origin":3342,"position":2},"title":"09\/11: bike and run de Beaune","date":"10 novembre 2025","format":false,"excerpt":"Rougoet Beaune Triathlon a organis\u00e9 son bike and run ce dimanche, sous un beau soleil, aux Etangs d'Or. Une d\u00e9l\u00e9gation montcelienne avait fait le d\u00e9placement. Voici les r\u00e9sultats: Dans la course jeunes 1, Come Pradier et Tim\u00e9o Kleingaertner, pour sa 1e participation, se classent 10e au scratch et 7e \u00e9quipe\u2026","rel":"","context":"Dans &quot;Non class\u00e9&quot;","img":{"alt_text":"","src":"https:\/\/i0.wp.com\/www.montceautriathlon.com\/blog\/wp-content\/uploads\/2025\/11\/IMG_7042.jpg?resize=350%2C200&ssl=1","width":350,"height":200},"classes":[]},{"id":2487,"url":"https:\/\/www.montceautriathlon.com\/blog\/2018\/11\/04\/3-11-18-semi-marathon-du-charolais-une-douzaine-de-licencies-au-top-depart\/","url_meta":{"origin":3342,"position":3},"title":"3\/11\/18  semi marathon du Charolais : une douzaine de licenci\u00e9s au top d\u00e9part !","date":"4 novembre 2018","format":false,"excerpt":"\u00a0 \u00a0 \u00a0 \u00a0 \u00a0 250 class\u00e9s\u00a0 dont onze triathl\u00e8tes du club et une nouvelle belle perf de Laurent de Souza avec sa 7\u00e8me place au scratch et 1er v\u00e9t\u00e9ran et jolie 6\u00e8me place en VEF pour C\u00e9line sa douce et tendre.\u00a0 Bravo \u00e0 tous les participants ! Sur le\u2026","rel":"","context":"Dans &quot;Non class\u00e9&quot;","img":{"alt_text":"","src":"","width":0,"height":0},"classes":[]},{"id":4754,"url":"https:\/\/www.montceautriathlon.com\/blog\/2021\/11\/22\/des-cuisses-des-cotesde-beaune-et-du-beaujolais-il-ny-avait-pas-que-du-bike-run-ce-week-end\/","url_meta":{"origin":3342,"position":4},"title":"Des cuisses, des c\u00f4tes(de Beaune) et du beaujolais ! Il n&rsquo;y avait pas que du bike &#038; run ce week-end !","date":"22 novembre 2021","format":false,"excerpt":"Il n'y avait pas que du Bike &run \u00e0 Montcenis ce week-end, les licenci\u00e9s sont all\u00e9s tester le beaujolais nouveau, les c\u00f4tes de Beaune sur les semi marathons, ils ont couru de nuit \u00e0 Ecuisses le samedi soir et roul\u00e9 dans le brouillard dans la m\u00eame localit\u00e9 le dimanche matin.\u2026","rel":"","context":"Dans &quot;Non class\u00e9&quot;","img":{"alt_text":"","src":"https:\/\/i2.wp.com\/www.montceautriathlon.com\/blog\/wp-content\/uploads\/2021\/11\/IMG-20211121-WA0000.jpg?resize=350%2C200&ssl=1","width":350,"height":200},"classes":[]},{"id":7151,"url":"https:\/\/www.montceautriathlon.com\/blog\/2024\/12\/04\/10-novembre-2024-bike-and-run-de-beaune\/","url_meta":{"origin":3342,"position":5},"title":"10 novembre 2024: bike and run de Beaune","date":"4 d\u00e9cembre 2024","format":false,"excerpt":"Rougeot Beaune Triathlon organisait ce week end leur bike and run des Etangs d'Or. Les montcelliens ont fait le d\u00e9placement: Course jeune 1: les fr\u00e8res Jules et Louis Vinck montent sur la 2e marche du podium (2e \u00e9quipe masculine et 4e \u00e9quipe au scratch) Course jeune 2: Titouan Rondier avec\u2026","rel":"","context":"Dans &quot;Non class\u00e9&quot;","img":{"alt_text":"","src":"https:\/\/i2.wp.com\/www.montceautriathlon.com\/blog\/wp-content\/uploads\/2024\/12\/beaune.jpg?resize=350%2C200&ssl=1","width":350,"height":200},"classes":[]}],"_links":{"self":[{"href":"https:\/\/www.montceautriathlon.com\/blog\/wp-json\/wp\/v2\/posts\/3342"}],"collection":[{"href":"https:\/\/www.montceautriathlon.com\/blog\/wp-json\/wp\/v2\/posts"}],"about":[{"href":"https:\/\/www.montceautriathlon.com\/blog\/wp-json\/wp\/v2\/types\/post"}],"author":[{"embeddable":true,"href":"https:\/\/www.montceautriathlon.com\/blog\/wp-json\/wp\/v2\/users\/5"}],"replies":[{"embeddable":true,"href":"https:\/\/www.montceautriathlon.com\/blog\/wp-json\/wp\/v2\/comments?post=3342"}],"version-history":[{"count":8,"href":"https:\/\/www.montceautriathlon.com\/blog\/wp-json\/wp\/v2\/posts\/3342\/revisions"}],"predecessor-version":[{"id":3354,"href":"https:\/\/www.montceautriathlon.com\/blog\/wp-json\/wp\/v2\/posts\/3342\/revisions\/3354"}],"wp:attachment":[{"href":"https:\/\/www.montceautriathlon.com\/blog\/wp-json\/wp\/v2\/media?parent=3342"}],"wp:term":[{"taxonomy":"category","embeddable":true,"href":"https:\/\/www.montceautriathlon.com\/blog\/wp-json\/wp\/v2\/categories?post=3342"},{"taxonomy":"post_tag","embeddable":true,"href":"https:\/\/www.montceautriathlon.com\/blog\/wp-json\/wp\/v2\/tags?post=3342"}],"curies":[{"name":"wp","href":"https:\/\/api.w.org\/{rel}","templated":true}]}}