{"id":3206,"date":"2019-09-24T14:32:06","date_gmt":"2019-09-24T13:32:06","guid":{"rendered":"http:\/\/montceautriathlon.com\/blog\/?p=3206"},"modified":"2019-09-24T14:32:06","modified_gmt":"2019-09-24T13:32:06","slug":"21-09-19-triathlon-de-paladru-jamais-decus-encore-convaincus","status":"publish","type":"post","link":"https:\/\/www.montceautriathlon.com\/blog\/2019\/09\/24\/21-09-19-triathlon-de-paladru-jamais-decus-encore-convaincus\/","title":{"rendered":"21\/09\/ 19, Triathlon de Paladru : Jamais d\u00e9\u00e7us, encore convaincus !"},"content":{"rendered":"<p>Paladru a encore convaincu ! Si certains ne comptent plus leur nombre de participation \u00e0 ce magnifique triathlon L par \u00e9quipe, les nouvelles recrues qui pour certains gouttaient \u00e0 leur premier longue distance, ne sont pas repartis d\u00e9\u00e7us.<\/p>\n<p>Joli parcours, lac avec une eau limpide, m\u00e9t\u00e9o nickel, convivialit\u00e9 et super ambiance\u00a0 \u00e9taient au rendez-vous comme d&rsquo;habitude !<\/p>\n<p>Les moustiques n&rsquo;ont pas pris de claque, les f\u00e9es\u00a0 \u00e0 la baguette ont \u00e9t\u00e9 ph\u00e9nom\u00e9nales et les quinquas\u00a0 bien requinqu\u00e9s\u00a0 !<\/p>\n<p><strong><em>les r\u00e9sultats de nos trois \u00e9quipes v\u00e9t\u00e9ranes\u00a0 sur 148 engag\u00e9es :<\/em><\/strong><\/p>\n<ul>\n<li>Claque les moustiques avec H\u00e9l\u00e8ne Touillon, Sophie Rousseau, Bertrand De Sars , David Michel et Philippe Renard en 6h02&rsquo;49<\/li>\n<li>Les f\u00e9es no men avec Sandrine Ghesqui\u00e8re, Sandrine Marchand, Laure Rochaix, Nadine Delblouwe et Elisabeth Noseda en 6h21&rsquo;24<\/li>\n<li>Les quinquas avec Ir\u00e8ne Vulin, Isabelle Vaury, Pierre Perrin et Jean-Jacques Boulay en 6h35&rsquo;58<\/li>\n<\/ul>\n","protected":false},"excerpt":{"rendered":"<p>Paladru a encore convaincu ! Si certains ne comptent plus leur nombre de participation \u00e0 ce magnifique triathlon L par \u00e9quipe, les nouvelles recrues qui pour certains gouttaient \u00e0 leur premier longue distance, ne sont pas repartis d\u00e9\u00e7us. Joli parcours, lac avec une eau limpide, m\u00e9t\u00e9o nickel, convivialit\u00e9 et super ambiance\u00a0 \u00e9taient au rendez-vous comme [&hellip;]<\/p>\n","protected":false},"author":5,"featured_media":0,"comment_status":"open","ping_status":"open","sticky":false,"template":"","format":"standard","meta":{"spay_email":"","jetpack_publicize_message":"","jetpack_is_tweetstorm":false},"categories":[1],"tags":[],"jetpack_featured_media_url":"","jetpack_publicize_connections":[],"jetpack_sharing_enabled":true,"jetpack_shortlink":"https:\/\/wp.me\/p8bwIy-PI","jetpack-related-posts":[{"id":7138,"url":"https:\/\/www.montceautriathlon.com\/blog\/2024\/12\/01\/triathlon-de-paladru-21-septembre-2024\/","url_meta":{"origin":3206,"position":0},"title":"Triathlon de Paladru (21 septembre 2024)","date":"1 d\u00e9cembre 2024","format":false,"excerpt":"Deux \u00e9quipes de Montceay ont fait le d\u00e9placement \u00e0 Paladru pour le triathlon L par \u00e9quipes. La Belle et les b\u00eates ( Sandrine Marchand, Arnaud Rondier, Sammy Marc, Frederic Ghesquiere et Philippe Bongrand) termine en 5h33 (99e au scratch et 33e \u00e9quipe mixte) Les Piplettes du Montceau ( Sophie Boyer,\u2026","rel":"","context":"Dans &quot;Non class\u00e9&quot;","img":{"alt_text":"","src":"https:\/\/i1.wp.com\/www.montceautriathlon.com\/blog\/wp-content\/uploads\/2024\/12\/paladru-3.jpg?resize=350%2C200&ssl=1","width":350,"height":200},"classes":[]},{"id":6192,"url":"https:\/\/www.montceautriathlon.com\/blog\/2023\/09\/27\/triathlon-de-paladru\/","url_meta":{"origin":3206,"position":1},"title":"Triathlon de Paladru","date":"27 septembre 2023","format":false,"excerpt":"Une importante d\u00e9l\u00e9gation de Montceau Triathlon s'est retrouv\u00e9e \u00e0 Paladru (Is\u00e8re) pour le triathlon en \u00e9quipe. Les 32 triathl\u00e8tes, composant 7 \u00e9quipes, se sont engag\u00e9es sur un triathlon distance L. Avec une m\u00e9t\u00e9o favorable, tous et toutes ont aval\u00e9s les 1700m de natation, 80 km de v\u00e9lo et 17km de\u2026","rel":"","context":"Dans &quot;Non class\u00e9&quot;","img":{"alt_text":"","src":"https:\/\/i2.wp.com\/www.montceautriathlon.com\/blog\/wp-content\/uploads\/2023\/09\/IMG-20230923-WA00021-1.jpg?resize=350%2C200&ssl=1","width":350,"height":200},"classes":[]},{"id":1541,"url":"https:\/\/www.montceautriathlon.com\/blog\/2017\/09\/24\/triathlon-de-paladru-samedi-23-septembre-2017\/","url_meta":{"origin":3206,"position":2},"title":"Triathlon de Paladru (Samedi 23 septembre 2017)","date":"24 septembre 2017","format":false,"excerpt":"Avec 4 \u00e9quipes propos\u00e9es sur 150 \u00e9quipes engag\u00e9es, notre club a une nouvelle fois particip\u00e9 en nombre au Triathlon de Paladru\u00a0qui, pour ceux qui ne se situent pas, est entre Bourgoin-Jailleu et Voiron, proche\u00a0de Grenoble. Le soleil \u00e9tait une nouvelle fois au rendez-vous ainsi que la joie et la bonne\u2026","rel":"","context":"Dans &quot;Non class\u00e9&quot;","img":{"alt_text":"","src":"","width":0,"height":0},"classes":[]},{"id":8207,"url":"https:\/\/www.montceautriathlon.com\/blog\/2025\/09\/28\/20-septembre-10-km-de-digoin-et-triathlon-de-paladru\/","url_meta":{"origin":3206,"position":3},"title":"20 Septembre: 10 km de Digoin et triathlon de Paladru","date":"28 septembre 2025","format":false,"excerpt":"Ce samedi 20 septembre avait lieu les 10km de Digoin en soir\u00e9e et le triathlon par \u00e9quipe de Paladru. Nos athl\u00e8tes Montcelliens Laurent, Alice et Manon ont eu chaud \u00e0 Digoin. Laurent Magnien franchit la ligne apr\u00e8s 47\u201944 d\u2019effort le classant 49e au scratch et 5e M2. Manon Vaury termine\u2026","rel":"","context":"Dans &quot;Non class\u00e9&quot;","img":{"alt_text":"","src":"https:\/\/i0.wp.com\/www.montceautriathlon.com\/blog\/wp-content\/uploads\/2025\/09\/552373338_1462736178100435_5327505072818221935_n.jpg?resize=350%2C200&ssl=1","width":350,"height":200},"classes":[]},{"id":3895,"url":"https:\/\/www.montceautriathlon.com\/blog\/2020\/09\/30\/26-09-2020-cl-equipes-de-paladru-dru-dru-dru-but-not-dry\/","url_meta":{"origin":3206,"position":4},"title":"26\/09\/2020, CL\/\u00e9quipes de Paladru : dru dru dru, but not dry !","date":"30 septembre 2020","format":false,"excerpt":"Comme tous les ans, plusieurs \u00e9quipes du club sont all\u00e9es se d\u00e9fier en contre la montre sur le magnifique site du lac de Paladru.\u00a0 Un beau triathlon maintenu\u00a0 ! Des souvenirs plein la t\u00eate des \u00e9ditions pr\u00e9c\u00e9dentes. La f\u00eate devait \u00eatre belle ! Et de nouveaux beaux souvenirs \u00e0 la\u2026","rel":"","context":"Dans &quot;Non class\u00e9&quot;","img":{"alt_text":"","src":"https:\/\/i1.wp.com\/www.montceautriathlon.com\/blog\/wp-content\/uploads\/2020\/09\/IMG-20200926-WA0021.jpg?resize=350%2C200&ssl=1","width":350,"height":200},"classes":[]},{"id":2309,"url":"https:\/\/www.montceautriathlon.com\/blog\/2018\/10\/06\/emmene-moi-au-pays-paladru-22-09-18\/","url_meta":{"origin":3206,"position":5},"title":"Emm\u00e8ne- moi au pays&#8230; Paladru 22\/09\/18","date":"6 octobre 2018","format":false,"excerpt":"\"Viens je t'emm\u00e8ne\" .... \u00e0 Paladru!\u00a0 (Merci Isabelle !) Cette ann\u00e9e, une seule \u00e9quipe montcelienne compos\u00e9e de Charline, Sophie, Pierre, Cyril et Isabelle prenait le d\u00e9part de ce sympathique triathlon de fin de saison. Le cadre magnifique, l' organisation, les b\u00e9n\u00e9voles toujours au top et des parcours superbes...voil\u00e0 des ingr\u00e9dients\u2026","rel":"","context":"Dans &quot;Non class\u00e9&quot;","img":{"alt_text":"","src":"https:\/\/i2.wp.com\/montceautriathlon.com\/blog\/wp-content\/uploads\/2018\/10\/Paladru-300x225.jpg?resize=350%2C200","width":350,"height":200},"classes":[]}],"_links":{"self":[{"href":"https:\/\/www.montceautriathlon.com\/blog\/wp-json\/wp\/v2\/posts\/3206"}],"collection":[{"href":"https:\/\/www.montceautriathlon.com\/blog\/wp-json\/wp\/v2\/posts"}],"about":[{"href":"https:\/\/www.montceautriathlon.com\/blog\/wp-json\/wp\/v2\/types\/post"}],"author":[{"embeddable":true,"href":"https:\/\/www.montceautriathlon.com\/blog\/wp-json\/wp\/v2\/users\/5"}],"replies":[{"embeddable":true,"href":"https:\/\/www.montceautriathlon.com\/blog\/wp-json\/wp\/v2\/comments?post=3206"}],"version-history":[{"count":1,"href":"https:\/\/www.montceautriathlon.com\/blog\/wp-json\/wp\/v2\/posts\/3206\/revisions"}],"predecessor-version":[{"id":3207,"href":"https:\/\/www.montceautriathlon.com\/blog\/wp-json\/wp\/v2\/posts\/3206\/revisions\/3207"}],"wp:attachment":[{"href":"https:\/\/www.montceautriathlon.com\/blog\/wp-json\/wp\/v2\/media?parent=3206"}],"wp:term":[{"taxonomy":"category","embeddable":true,"href":"https:\/\/www.montceautriathlon.com\/blog\/wp-json\/wp\/v2\/categories?post=3206"},{"taxonomy":"post_tag","embeddable":true,"href":"https:\/\/www.montceautriathlon.com\/blog\/wp-json\/wp\/v2\/tags?post=3206"}],"curies":[{"name":"wp","href":"https:\/\/api.w.org\/{rel}","templated":true}]}}